{"id":74777,"date":"2021-06-02T13:31:39","date_gmt":"2021-06-02T18:31:39","guid":{"rendered":"http:\/\/www.lospoliticosveracruz.com.mx\/?p=74777"},"modified":"2021-06-02T13:31:53","modified_gmt":"2021-06-02T18:31:53","slug":"los-amenazan-con-retirarles-apoyos-vicho","status":"publish","type":"post","link":"https:\/\/lospoliticosveracruz.com\/?p=74777","title":{"rendered":"Los amenazan con retirarles apoyos: Vicho"},"content":{"rendered":"\n<p><\/p>\n\n\n\n<p><strong>Xalapa<\/strong><br>En el \u00faltimo d\u00eda de actividades proselitistas rumbo a la presidencia municipal de Xalapa, David Velasco Chedraui asegur\u00f3 que realiz\u00f3 una campa\u00f1a intensa, de mucha cercan\u00eda con las y los xalape\u00f1os, quienes le dieron su respaldo, decepcionados del mal gobierno de Morena en la ciudad.<br>El candidato de la alianza \u00abVeracruz Va\u00bb coment\u00f3 que la gente ve con muy buenos ojos la coalici\u00f3n PAN, PRI, PRD, \u00abporque ven que realmente somos el cambio que requiere Xalapa; la gente se sigue quejando de la actual administraci\u00f3n y los que hab\u00edan confiado en Morena, dicen que de todo lo que les ofrecieron nada se cumpli\u00f3 y ahora estamos peor que antes en la ciudad\u00bb.<br>A\u00f1adi\u00f3 que los ciudadanos saben que David Velasco Chedraui tiene experiencia y un proyecto serio y viable para resolver los problemas de Xalapa. El candidato se reuni\u00f3 esta ma\u00f1ana con l\u00edderes de taxistas, con la Federaci\u00f3n Aut\u00f3noma de Obreros y Campesinos del Estado de Veracruz que preside Francisco Morales y con integrantes del Colegio de Arquitectos. Por la tarde visitar\u00e1 la colonia Lomas de Chapultepec y la Unidad Agua Santa 2.<br>\u00abMe siento muy contento. La gente nos recibi\u00f3 muy bien durante este mes de campa\u00f1a. Las simpat\u00edas han ido creciendo y estamos seguros que este domingo recibiremos el respaldo de las y los xalape\u00f1os y obtendremos el triunfo\u00bb, destac\u00f3.<br>Coment\u00f3 que en estos \u00faltimos d\u00edas ha recibido quejas de que el Movimiento de Regeneraci\u00f3n Nacional (Morena) condiciona el voto, amenazando a ciudadanas y ciudadanos con retirarles los apoyos de los programas sociales. \u00abMuchos lo est\u00e1n utilizando para meterles miedo, de que si no votan por Morena se los van a quitar. Los programas sociales no se los pueden quitar, son federales, adem\u00e1s de que est\u00e1n incluso en la Constituci\u00f3n, no son nuevos, les han ido cambiando nombres, pero al final de cuenta son programas que no se pueden quitar\u00bb.<br>El exalcalde de Xalapa enfatiz\u00f3 que la coacci\u00f3n del voto se ha detectado en distintas zonas de la capital del estado, como un \u00abarma\u00bb que ocupa Morena para tratar de ganar la elecci\u00f3n. \u00abEs un arma que est\u00e1 ocupando Morena para tratar de ganar, como lo han hecho en las marchas que, a trav\u00e9s de amenazas los mandan a marchar. En nuestro caso la marcha del domingo pasado que fue muy buena, no fue ning\u00fan acarreado, todos fueron por su convicci\u00f3n, no se les dio absolutamente nada\u00bb.<br>El tambi\u00e9n exdiputado local hizo un llamado a la poblaci\u00f3n para que salga a votar el pr\u00f3ximo domingo y elija a sus pr\u00f3ximos gobernantes de manera libre y consciente.<\/p>\n","protected":false},"excerpt":{"rendered":"<p>XalapaEn el \u00faltimo d\u00eda de actividades proselitistas rumbo a la presidencia municipal de Xalapa, David Velasco Chedraui asegur\u00f3 que realiz\u00f3 una campa\u00f1a intensa, de mucha cercan\u00eda con las y los xalape\u00f1os, quienes le dieron su respaldo, decepcionados del mal gobierno de Morena en la ciudad.El candidato de la alianza \u00abVeracruz Va\u00bb coment\u00f3 que la gente [&hellip;]<\/p>\n","protected":false},"author":2,"featured_media":0,"comment_status":"closed","ping_status":"closed","sticky":false,"template":"","format":"standard","meta":{"tdm_status":"","tdm_grid_status":"","footnotes":""},"categories":[73],"tags":[1026,266,107,251,25692,96],"class_list":{"0":"post-74777","1":"post","2":"type-post","3":"status-publish","4":"format-standard","6":"category-de-boleto","7":"tag-morena","8":"tag-pan","9":"tag-prd","10":"tag-pri","11":"tag-veracruz-va","12":"tag-xalapa"},"yoast_head":"<!-- This site is optimized with the Yoast SEO plugin v27.4 - https:\/\/yoast.com\/product\/yoast-seo-wordpress\/ -->\n<title>Los amenazan con retirarles apoyos: Vicho - Los pol\u00edticos Veracruz<\/title>\n<meta name=\"robots\" content=\"index, follow, max-snippet:-1, max-image-preview:large, max-video-preview:-1\" \/>\n<link rel=\"canonical\" href=\"https:\/\/lospoliticosveracruz.com\/?p=74777\" \/>\n<meta property=\"og:locale\" content=\"es_ES\" \/>\n<meta property=\"og:type\" content=\"article\" \/>\n<meta property=\"og:title\" content=\"Los amenazan con retirarles apoyos: Vicho - Los pol\u00edticos Veracruz\" \/>\n<meta property=\"og:description\" content=\"XalapaEn el \u00faltimo d\u00eda de actividades proselitistas rumbo a la presidencia municipal de Xalapa, David Velasco Chedraui asegur\u00f3 que realiz\u00f3 una campa\u00f1a intensa, de mucha cercan\u00eda con las y los xalape\u00f1os, quienes le dieron su respaldo, decepcionados del mal gobierno de Morena en la ciudad.El candidato de la alianza \u00abVeracruz Va\u00bb coment\u00f3 que la gente [&hellip;]\" \/>\n<meta property=\"og:url\" content=\"https:\/\/lospoliticosveracruz.com\/?p=74777\" \/>\n<meta property=\"og:site_name\" content=\"Los pol\u00edticos Veracruz\" \/>\n<meta property=\"article:publisher\" content=\"https:\/\/www.facebook.com\/people\/Notimemes-de-los-Polticos\/61565672886568\/\" \/>\n<meta property=\"article:published_time\" content=\"2021-06-02T18:31:39+00:00\" \/>\n<meta property=\"article:modified_time\" content=\"2021-06-02T18:31:53+00:00\" \/>\n<meta property=\"og:image\" content=\"https:\/\/lospoliticosveracruz.com\/wp-content\/uploads\/2016\/07\/Logo-Dor.jpg\" \/>\n\t<meta property=\"og:image:width\" content=\"200\" \/>\n\t<meta property=\"og:image:height\" content=\"200\" \/>\n\t<meta property=\"og:image:type\" content=\"image\/jpeg\" \/>\n<meta name=\"author\" content=\"Lo viste en Los Pol\u00edticos\" \/>\n<meta name=\"twitter:card\" content=\"summary_large_image\" \/>\n<meta name=\"twitter:creator\" content=\"@LosPoliticosVer\" \/>\n<meta name=\"twitter:site\" content=\"@LosPoliticosVer\" \/>\n<meta name=\"twitter:label1\" content=\"Escrito por\" \/>\n\t<meta name=\"twitter:data1\" content=\"Lo viste en Los Pol\u00edticos\" \/>\n\t<meta name=\"twitter:label2\" content=\"Tiempo de lectura\" \/>\n\t<meta name=\"twitter:data2\" content=\"2 minutos\" \/>\n<script type=\"application\/ld+json\" class=\"yoast-schema-graph\">{\"@context\":\"https:\\\/\\\/schema.org\",\"@graph\":[{\"@type\":\"Article\",\"@id\":\"https:\\\/\\\/lospoliticosveracruz.com\\\/?p=74777#article\",\"isPartOf\":{\"@id\":\"https:\\\/\\\/lospoliticosveracruz.com\\\/?p=74777\"},\"author\":{\"name\":\"Lo viste en Los Pol\u00edticos\",\"@id\":\"https:\\\/\\\/lospoliticosveracruz.com\\\/#\\\/schema\\\/person\\\/b8702bb0e538456e6efd07080bf2a4a2\"},\"headline\":\"Los amenazan con retirarles apoyos: Vicho\",\"datePublished\":\"2021-06-02T18:31:39+00:00\",\"dateModified\":\"2021-06-02T18:31:53+00:00\",\"mainEntityOfPage\":{\"@id\":\"https:\\\/\\\/lospoliticosveracruz.com\\\/?p=74777\"},\"wordCount\":464,\"publisher\":{\"@id\":\"https:\\\/\\\/lospoliticosveracruz.com\\\/#organization\"},\"keywords\":[\"Morena\",\"PAN\",\"PRD\",\"PRI\",\"Veracruz Va\",\"Xalapa\"],\"articleSection\":[\"De Boleto\"],\"inLanguage\":\"es\"},{\"@type\":\"WebPage\",\"@id\":\"https:\\\/\\\/lospoliticosveracruz.com\\\/?p=74777\",\"url\":\"https:\\\/\\\/lospoliticosveracruz.com\\\/?p=74777\",\"name\":\"Los amenazan con retirarles apoyos: Vicho - Los pol\u00edticos Veracruz\",\"isPartOf\":{\"@id\":\"https:\\\/\\\/lospoliticosveracruz.com\\\/#website\"},\"datePublished\":\"2021-06-02T18:31:39+00:00\",\"dateModified\":\"2021-06-02T18:31:53+00:00\",\"breadcrumb\":{\"@id\":\"https:\\\/\\\/lospoliticosveracruz.com\\\/?p=74777#breadcrumb\"},\"inLanguage\":\"es\",\"potentialAction\":[{\"@type\":\"ReadAction\",\"target\":[\"https:\\\/\\\/lospoliticosveracruz.com\\\/?p=74777\"]}]},{\"@type\":\"BreadcrumbList\",\"@id\":\"https:\\\/\\\/lospoliticosveracruz.com\\\/?p=74777#breadcrumb\",\"itemListElement\":[{\"@type\":\"ListItem\",\"position\":1,\"name\":\"Portada\",\"item\":\"https:\\\/\\\/lospoliticosveracruz.com\\\/\"},{\"@type\":\"ListItem\",\"position\":2,\"name\":\"Los amenazan con retirarles apoyos: Vicho\"}]},{\"@type\":\"WebSite\",\"@id\":\"https:\\\/\\\/lospoliticosveracruz.com\\\/#website\",\"url\":\"https:\\\/\\\/lospoliticosveracruz.com\\\/\",\"name\":\"Los pol\u00edticos Veracruz\",\"description\":\"\",\"publisher\":{\"@id\":\"https:\\\/\\\/lospoliticosveracruz.com\\\/#organization\"},\"potentialAction\":[{\"@type\":\"SearchAction\",\"target\":{\"@type\":\"EntryPoint\",\"urlTemplate\":\"https:\\\/\\\/lospoliticosveracruz.com\\\/?s={search_term_string}\"},\"query-input\":{\"@type\":\"PropertyValueSpecification\",\"valueRequired\":true,\"valueName\":\"search_term_string\"}}],\"inLanguage\":\"es\"},{\"@type\":\"Organization\",\"@id\":\"https:\\\/\\\/lospoliticosveracruz.com\\\/#organization\",\"name\":\"Los pol\u00edticos Veracruz\",\"url\":\"https:\\\/\\\/lospoliticosveracruz.com\\\/\",\"logo\":{\"@type\":\"ImageObject\",\"inLanguage\":\"es\",\"@id\":\"https:\\\/\\\/lospoliticosveracruz.com\\\/#\\\/schema\\\/logo\\\/image\\\/\",\"url\":\"https:\\\/\\\/lospoliticosveracruz.com\\\/wp-content\\\/uploads\\\/2025\\\/12\\\/Logo-Nuevo-LOS-POLITICOS-1.jpg\",\"contentUrl\":\"https:\\\/\\\/lospoliticosveracruz.com\\\/wp-content\\\/uploads\\\/2025\\\/12\\\/Logo-Nuevo-LOS-POLITICOS-1.jpg\",\"width\":260,\"height\":70,\"caption\":\"Los pol\u00edticos Veracruz\"},\"image\":{\"@id\":\"https:\\\/\\\/lospoliticosveracruz.com\\\/#\\\/schema\\\/logo\\\/image\\\/\"},\"sameAs\":[\"https:\\\/\\\/www.facebook.com\\\/people\\\/Notimemes-de-los-Polticos\\\/61565672886568\\\/\",\"https:\\\/\\\/x.com\\\/LosPoliticosVer\"]},{\"@type\":\"Person\",\"@id\":\"https:\\\/\\\/lospoliticosveracruz.com\\\/#\\\/schema\\\/person\\\/b8702bb0e538456e6efd07080bf2a4a2\",\"name\":\"Lo viste en Los Pol\u00edticos\",\"image\":{\"@type\":\"ImageObject\",\"inLanguage\":\"es\",\"@id\":\"https:\\\/\\\/secure.gravatar.com\\\/avatar\\\/3a8de04a2656d44082be478bd6c086daa447c4651605818287b9532d3d0bd435?s=96&d=mm&r=g\",\"url\":\"https:\\\/\\\/secure.gravatar.com\\\/avatar\\\/3a8de04a2656d44082be478bd6c086daa447c4651605818287b9532d3d0bd435?s=96&d=mm&r=g\",\"contentUrl\":\"https:\\\/\\\/secure.gravatar.com\\\/avatar\\\/3a8de04a2656d44082be478bd6c086daa447c4651605818287b9532d3d0bd435?s=96&d=mm&r=g\",\"caption\":\"Lo viste en Los Pol\u00edticos\"},\"url\":\"https:\\\/\\\/lospoliticosveracruz.com\\\/?author=2\"}]}<\/script>\n<!-- \/ Yoast SEO plugin. -->","yoast_head_json":{"title":"Los amenazan con retirarles apoyos: Vicho - Los pol\u00edticos Veracruz","robots":{"index":"index","follow":"follow","max-snippet":"max-snippet:-1","max-image-preview":"max-image-preview:large","max-video-preview":"max-video-preview:-1"},"canonical":"https:\/\/lospoliticosveracruz.com\/?p=74777","og_locale":"es_ES","og_type":"article","og_title":"Los amenazan con retirarles apoyos: Vicho - Los pol\u00edticos Veracruz","og_description":"XalapaEn el \u00faltimo d\u00eda de actividades proselitistas rumbo a la presidencia municipal de Xalapa, David Velasco Chedraui asegur\u00f3 que realiz\u00f3 una campa\u00f1a intensa, de mucha cercan\u00eda con las y los xalape\u00f1os, quienes le dieron su respaldo, decepcionados del mal gobierno de Morena en la ciudad.El candidato de la alianza \u00abVeracruz Va\u00bb coment\u00f3 que la gente [&hellip;]","og_url":"https:\/\/lospoliticosveracruz.com\/?p=74777","og_site_name":"Los pol\u00edticos Veracruz","article_publisher":"https:\/\/www.facebook.com\/people\/Notimemes-de-los-Polticos\/61565672886568\/","article_published_time":"2021-06-02T18:31:39+00:00","article_modified_time":"2021-06-02T18:31:53+00:00","og_image":[{"width":200,"height":200,"url":"https:\/\/lospoliticosveracruz.com\/wp-content\/uploads\/2016\/07\/Logo-Dor.jpg","type":"image\/jpeg"}],"author":"Lo viste en Los Pol\u00edticos","twitter_card":"summary_large_image","twitter_creator":"@LosPoliticosVer","twitter_site":"@LosPoliticosVer","twitter_misc":{"Escrito por":"Lo viste en Los Pol\u00edticos","Tiempo de lectura":"2 minutos"},"schema":{"@context":"https:\/\/schema.org","@graph":[{"@type":"Article","@id":"https:\/\/lospoliticosveracruz.com\/?p=74777#article","isPartOf":{"@id":"https:\/\/lospoliticosveracruz.com\/?p=74777"},"author":{"name":"Lo viste en Los Pol\u00edticos","@id":"https:\/\/lospoliticosveracruz.com\/#\/schema\/person\/b8702bb0e538456e6efd07080bf2a4a2"},"headline":"Los amenazan con retirarles apoyos: Vicho","datePublished":"2021-06-02T18:31:39+00:00","dateModified":"2021-06-02T18:31:53+00:00","mainEntityOfPage":{"@id":"https:\/\/lospoliticosveracruz.com\/?p=74777"},"wordCount":464,"publisher":{"@id":"https:\/\/lospoliticosveracruz.com\/#organization"},"keywords":["Morena","PAN","PRD","PRI","Veracruz Va","Xalapa"],"articleSection":["De Boleto"],"inLanguage":"es"},{"@type":"WebPage","@id":"https:\/\/lospoliticosveracruz.com\/?p=74777","url":"https:\/\/lospoliticosveracruz.com\/?p=74777","name":"Los amenazan con retirarles apoyos: Vicho - Los pol\u00edticos Veracruz","isPartOf":{"@id":"https:\/\/lospoliticosveracruz.com\/#website"},"datePublished":"2021-06-02T18:31:39+00:00","dateModified":"2021-06-02T18:31:53+00:00","breadcrumb":{"@id":"https:\/\/lospoliticosveracruz.com\/?p=74777#breadcrumb"},"inLanguage":"es","potentialAction":[{"@type":"ReadAction","target":["https:\/\/lospoliticosveracruz.com\/?p=74777"]}]},{"@type":"BreadcrumbList","@id":"https:\/\/lospoliticosveracruz.com\/?p=74777#breadcrumb","itemListElement":[{"@type":"ListItem","position":1,"name":"Portada","item":"https:\/\/lospoliticosveracruz.com\/"},{"@type":"ListItem","position":2,"name":"Los amenazan con retirarles apoyos: Vicho"}]},{"@type":"WebSite","@id":"https:\/\/lospoliticosveracruz.com\/#website","url":"https:\/\/lospoliticosveracruz.com\/","name":"Los pol\u00edticos Veracruz","description":"","publisher":{"@id":"https:\/\/lospoliticosveracruz.com\/#organization"},"potentialAction":[{"@type":"SearchAction","target":{"@type":"EntryPoint","urlTemplate":"https:\/\/lospoliticosveracruz.com\/?s={search_term_string}"},"query-input":{"@type":"PropertyValueSpecification","valueRequired":true,"valueName":"search_term_string"}}],"inLanguage":"es"},{"@type":"Organization","@id":"https:\/\/lospoliticosveracruz.com\/#organization","name":"Los pol\u00edticos Veracruz","url":"https:\/\/lospoliticosveracruz.com\/","logo":{"@type":"ImageObject","inLanguage":"es","@id":"https:\/\/lospoliticosveracruz.com\/#\/schema\/logo\/image\/","url":"https:\/\/lospoliticosveracruz.com\/wp-content\/uploads\/2025\/12\/Logo-Nuevo-LOS-POLITICOS-1.jpg","contentUrl":"https:\/\/lospoliticosveracruz.com\/wp-content\/uploads\/2025\/12\/Logo-Nuevo-LOS-POLITICOS-1.jpg","width":260,"height":70,"caption":"Los pol\u00edticos Veracruz"},"image":{"@id":"https:\/\/lospoliticosveracruz.com\/#\/schema\/logo\/image\/"},"sameAs":["https:\/\/www.facebook.com\/people\/Notimemes-de-los-Polticos\/61565672886568\/","https:\/\/x.com\/LosPoliticosVer"]},{"@type":"Person","@id":"https:\/\/lospoliticosveracruz.com\/#\/schema\/person\/b8702bb0e538456e6efd07080bf2a4a2","name":"Lo viste en Los Pol\u00edticos","image":{"@type":"ImageObject","inLanguage":"es","@id":"https:\/\/secure.gravatar.com\/avatar\/3a8de04a2656d44082be478bd6c086daa447c4651605818287b9532d3d0bd435?s=96&d=mm&r=g","url":"https:\/\/secure.gravatar.com\/avatar\/3a8de04a2656d44082be478bd6c086daa447c4651605818287b9532d3d0bd435?s=96&d=mm&r=g","contentUrl":"https:\/\/secure.gravatar.com\/avatar\/3a8de04a2656d44082be478bd6c086daa447c4651605818287b9532d3d0bd435?s=96&d=mm&r=g","caption":"Lo viste en Los Pol\u00edticos"},"url":"https:\/\/lospoliticosveracruz.com\/?author=2"}]}},"_links":{"self":[{"href":"https:\/\/lospoliticosveracruz.com\/index.php?rest_route=\/wp\/v2\/posts\/74777","targetHints":{"allow":["GET"]}}],"collection":[{"href":"https:\/\/lospoliticosveracruz.com\/index.php?rest_route=\/wp\/v2\/posts"}],"about":[{"href":"https:\/\/lospoliticosveracruz.com\/index.php?rest_route=\/wp\/v2\/types\/post"}],"author":[{"embeddable":true,"href":"https:\/\/lospoliticosveracruz.com\/index.php?rest_route=\/wp\/v2\/users\/2"}],"replies":[{"embeddable":true,"href":"https:\/\/lospoliticosveracruz.com\/index.php?rest_route=%2Fwp%2Fv2%2Fcomments&post=74777"}],"version-history":[{"count":1,"href":"https:\/\/lospoliticosveracruz.com\/index.php?rest_route=\/wp\/v2\/posts\/74777\/revisions"}],"predecessor-version":[{"id":74780,"href":"https:\/\/lospoliticosveracruz.com\/index.php?rest_route=\/wp\/v2\/posts\/74777\/revisions\/74780"}],"wp:attachment":[{"href":"https:\/\/lospoliticosveracruz.com\/index.php?rest_route=%2Fwp%2Fv2%2Fmedia&parent=74777"}],"wp:term":[{"taxonomy":"category","embeddable":true,"href":"https:\/\/lospoliticosveracruz.com\/index.php?rest_route=%2Fwp%2Fv2%2Fcategories&post=74777"},{"taxonomy":"post_tag","embeddable":true,"href":"https:\/\/lospoliticosveracruz.com\/index.php?rest_route=%2Fwp%2Fv2%2Ftags&post=74777"}],"curies":[{"name":"wp","href":"https:\/\/api.w.org\/{rel}","templated":true}]}}