{"id":74794,"date":"2021-06-02T14:34:21","date_gmt":"2021-06-02T19:34:21","guid":{"rendered":"http:\/\/www.lospoliticosveracruz.com.mx\/?p=74794"},"modified":"2021-06-02T14:34:25","modified_gmt":"2021-06-02T19:34:25","slug":"a-cubrir-de-naranja-a-jalcomulco-ruth","status":"publish","type":"post","link":"https:\/\/lospoliticosveracruz.com\/?p=74794","title":{"rendered":"A cubrir de naranja a Jalcomulco: Ruth"},"content":{"rendered":"\n<p><strong>Emiliano Zapata<br><\/strong>La candidata a la diputaci\u00f3n local por Emiliano Zapata por Movimiento Ciudadano (MC), Ruth Callejas Rold\u00e1n conmin\u00f3 a los ciudadanos de Jalcomulco a votar por la ola naranja y as\u00ed gobernar juntos y sin divisiones.<br>La candidata cubri\u00f3 a Jalcomulco con la ola naranja, recorrido que hizo a lado de los candidatos a la alcald\u00eda de esa cabecera, David Meza y del candidato a la diputaci\u00f3n federal por Xalapa Rural, Miguel Castillo.<br>Ante decenas de jalcomulquenses, la maestra Ruth Callejas los exhort\u00f3 a votar por los tres candidatos de MC, pues juntos crear\u00e1n sinergias legislativas y pol\u00edticas p\u00fablicas en favor de las comunidades de los nueve municipios que integran el Distrito XIII.<br>\u201cPara lograr mejores cosas debemos permanecer unidos y gobernar de la mano de la ciudadan\u00eda, sin divisiones\u201d, expres\u00f3 de manera contundente.<br>Jalcomulco, cuyas actividades son la producci\u00f3n de mango, ca\u00f1a de az\u00facar, el ecoturismo y su comida especializada en pescados y mariscos, Callejas Rold\u00e1n asegur\u00f3 que legislar\u00e1 para incentivar el turismo y mejores condiciones para los productores agr\u00edcolas.<br>\u201cSe debe aprovechar el corredor tur\u00edstico-paisaj\u00edstico, para que los nueve municipios colindantes detonen sus econom\u00edas; tambi\u00e9n legislar\u00e9 para que los productores vendan a mejor precio sus cosechas\u201d, expres\u00f3.<br>Tambi\u00e9n propuso la creaci\u00f3n de cr\u00e9ditos para aquellos j\u00f3venes y madres solteras que quieran emprender alg\u00fan negocio y as\u00ed poder sacar a su familia e hijos adelante.<br>Al lado de la ola naranja magisterial, quien la acompa\u00f1\u00f3 en cada caminata y visita casa por casa, en una campa\u00f1a austera, pero con propuestas serias y viables, Ruth Callejas, manifest\u00f3 que las y los ciudadanos requieren de realidades y por ello los exhort\u00f3 a que este 6 de junio crucen la boleta en favor de Movimiento Ciudadano.<\/p>\n","protected":false},"excerpt":{"rendered":"<p>Emiliano ZapataLa candidata a la diputaci\u00f3n local por Emiliano Zapata por Movimiento Ciudadano (MC), Ruth Callejas Rold\u00e1n conmin\u00f3 a los ciudadanos de Jalcomulco a votar por la ola naranja y as\u00ed gobernar juntos y sin divisiones.La candidata cubri\u00f3 a Jalcomulco con la ola naranja, recorrido que hizo a lado de los candidatos a la alcald\u00eda [&hellip;]<\/p>\n","protected":false},"author":2,"featured_media":0,"comment_status":"closed","ping_status":"closed","sticky":false,"template":"","format":"standard","meta":{"tdm_status":"","tdm_grid_status":"","footnotes":""},"categories":[73],"tags":[469,22356,2327,28587,10559],"class_list":{"0":"post-74794","1":"post","2":"type-post","3":"status-publish","4":"format-standard","6":"category-de-boleto","7":"tag-emiliano-zapata","8":"tag-miguel-castillo","9":"tag-movimiento-ciudadano","10":"tag-ola-naranja","11":"tag-ruth-callejas-roldan"},"yoast_head":"<!-- This site is optimized with the Yoast SEO plugin v27.4 - https:\/\/yoast.com\/product\/yoast-seo-wordpress\/ -->\n<title>A cubrir de naranja a Jalcomulco: Ruth - Los pol\u00edticos Veracruz<\/title>\n<meta name=\"robots\" content=\"index, follow, max-snippet:-1, max-image-preview:large, max-video-preview:-1\" \/>\n<link rel=\"canonical\" href=\"https:\/\/lospoliticosveracruz.com\/?p=74794\" \/>\n<meta property=\"og:locale\" content=\"es_ES\" \/>\n<meta property=\"og:type\" content=\"article\" \/>\n<meta property=\"og:title\" content=\"A cubrir de naranja a Jalcomulco: Ruth - Los pol\u00edticos Veracruz\" \/>\n<meta property=\"og:description\" content=\"Emiliano ZapataLa candidata a la diputaci\u00f3n local por Emiliano Zapata por Movimiento Ciudadano (MC), Ruth Callejas Rold\u00e1n conmin\u00f3 a los ciudadanos de Jalcomulco a votar por la ola naranja y as\u00ed gobernar juntos y sin divisiones.La candidata cubri\u00f3 a Jalcomulco con la ola naranja, recorrido que hizo a lado de los candidatos a la alcald\u00eda [&hellip;]\" \/>\n<meta property=\"og:url\" content=\"https:\/\/lospoliticosveracruz.com\/?p=74794\" \/>\n<meta property=\"og:site_name\" content=\"Los pol\u00edticos Veracruz\" \/>\n<meta property=\"article:publisher\" content=\"https:\/\/www.facebook.com\/people\/Notimemes-de-los-Polticos\/61565672886568\/\" \/>\n<meta property=\"article:published_time\" content=\"2021-06-02T19:34:21+00:00\" \/>\n<meta property=\"article:modified_time\" content=\"2021-06-02T19:34:25+00:00\" \/>\n<meta property=\"og:image\" content=\"https:\/\/lospoliticosveracruz.com\/wp-content\/uploads\/2016\/07\/Logo-Dor.jpg\" \/>\n\t<meta property=\"og:image:width\" content=\"200\" \/>\n\t<meta property=\"og:image:height\" content=\"200\" \/>\n\t<meta property=\"og:image:type\" content=\"image\/jpeg\" \/>\n<meta name=\"author\" content=\"Lo viste en Los Pol\u00edticos\" \/>\n<meta name=\"twitter:card\" content=\"summary_large_image\" \/>\n<meta name=\"twitter:creator\" content=\"@LosPoliticosVer\" \/>\n<meta name=\"twitter:site\" content=\"@LosPoliticosVer\" \/>\n<meta name=\"twitter:label1\" content=\"Escrito por\" \/>\n\t<meta name=\"twitter:data1\" content=\"Lo viste en Los Pol\u00edticos\" \/>\n\t<meta name=\"twitter:label2\" content=\"Tiempo de lectura\" \/>\n\t<meta name=\"twitter:data2\" content=\"2 minutos\" \/>\n<script type=\"application\/ld+json\" class=\"yoast-schema-graph\">{\"@context\":\"https:\\\/\\\/schema.org\",\"@graph\":[{\"@type\":\"Article\",\"@id\":\"https:\\\/\\\/lospoliticosveracruz.com\\\/?p=74794#article\",\"isPartOf\":{\"@id\":\"https:\\\/\\\/lospoliticosveracruz.com\\\/?p=74794\"},\"author\":{\"name\":\"Lo viste en Los Pol\u00edticos\",\"@id\":\"https:\\\/\\\/lospoliticosveracruz.com\\\/#\\\/schema\\\/person\\\/b8702bb0e538456e6efd07080bf2a4a2\"},\"headline\":\"A cubrir de naranja a Jalcomulco: Ruth\",\"datePublished\":\"2021-06-02T19:34:21+00:00\",\"dateModified\":\"2021-06-02T19:34:25+00:00\",\"mainEntityOfPage\":{\"@id\":\"https:\\\/\\\/lospoliticosveracruz.com\\\/?p=74794\"},\"wordCount\":314,\"publisher\":{\"@id\":\"https:\\\/\\\/lospoliticosveracruz.com\\\/#organization\"},\"keywords\":[\"Emiliano Zapata\",\"Miguel Castillo\",\"Movimiento Ciudadano\",\"ola naranja\",\"Ruth Callejas Rold\u00e1n\"],\"articleSection\":[\"De Boleto\"],\"inLanguage\":\"es\"},{\"@type\":\"WebPage\",\"@id\":\"https:\\\/\\\/lospoliticosveracruz.com\\\/?p=74794\",\"url\":\"https:\\\/\\\/lospoliticosveracruz.com\\\/?p=74794\",\"name\":\"A cubrir de naranja a Jalcomulco: Ruth - Los pol\u00edticos Veracruz\",\"isPartOf\":{\"@id\":\"https:\\\/\\\/lospoliticosveracruz.com\\\/#website\"},\"datePublished\":\"2021-06-02T19:34:21+00:00\",\"dateModified\":\"2021-06-02T19:34:25+00:00\",\"breadcrumb\":{\"@id\":\"https:\\\/\\\/lospoliticosveracruz.com\\\/?p=74794#breadcrumb\"},\"inLanguage\":\"es\",\"potentialAction\":[{\"@type\":\"ReadAction\",\"target\":[\"https:\\\/\\\/lospoliticosveracruz.com\\\/?p=74794\"]}]},{\"@type\":\"BreadcrumbList\",\"@id\":\"https:\\\/\\\/lospoliticosveracruz.com\\\/?p=74794#breadcrumb\",\"itemListElement\":[{\"@type\":\"ListItem\",\"position\":1,\"name\":\"Portada\",\"item\":\"https:\\\/\\\/lospoliticosveracruz.com\\\/\"},{\"@type\":\"ListItem\",\"position\":2,\"name\":\"A cubrir de naranja a Jalcomulco: Ruth\"}]},{\"@type\":\"WebSite\",\"@id\":\"https:\\\/\\\/lospoliticosveracruz.com\\\/#website\",\"url\":\"https:\\\/\\\/lospoliticosveracruz.com\\\/\",\"name\":\"Los pol\u00edticos Veracruz\",\"description\":\"\",\"publisher\":{\"@id\":\"https:\\\/\\\/lospoliticosveracruz.com\\\/#organization\"},\"potentialAction\":[{\"@type\":\"SearchAction\",\"target\":{\"@type\":\"EntryPoint\",\"urlTemplate\":\"https:\\\/\\\/lospoliticosveracruz.com\\\/?s={search_term_string}\"},\"query-input\":{\"@type\":\"PropertyValueSpecification\",\"valueRequired\":true,\"valueName\":\"search_term_string\"}}],\"inLanguage\":\"es\"},{\"@type\":\"Organization\",\"@id\":\"https:\\\/\\\/lospoliticosveracruz.com\\\/#organization\",\"name\":\"Los pol\u00edticos Veracruz\",\"url\":\"https:\\\/\\\/lospoliticosveracruz.com\\\/\",\"logo\":{\"@type\":\"ImageObject\",\"inLanguage\":\"es\",\"@id\":\"https:\\\/\\\/lospoliticosveracruz.com\\\/#\\\/schema\\\/logo\\\/image\\\/\",\"url\":\"https:\\\/\\\/lospoliticosveracruz.com\\\/wp-content\\\/uploads\\\/2025\\\/12\\\/Logo-Nuevo-LOS-POLITICOS-1.jpg\",\"contentUrl\":\"https:\\\/\\\/lospoliticosveracruz.com\\\/wp-content\\\/uploads\\\/2025\\\/12\\\/Logo-Nuevo-LOS-POLITICOS-1.jpg\",\"width\":260,\"height\":70,\"caption\":\"Los pol\u00edticos Veracruz\"},\"image\":{\"@id\":\"https:\\\/\\\/lospoliticosveracruz.com\\\/#\\\/schema\\\/logo\\\/image\\\/\"},\"sameAs\":[\"https:\\\/\\\/www.facebook.com\\\/people\\\/Notimemes-de-los-Polticos\\\/61565672886568\\\/\",\"https:\\\/\\\/x.com\\\/LosPoliticosVer\"]},{\"@type\":\"Person\",\"@id\":\"https:\\\/\\\/lospoliticosveracruz.com\\\/#\\\/schema\\\/person\\\/b8702bb0e538456e6efd07080bf2a4a2\",\"name\":\"Lo viste en Los Pol\u00edticos\",\"image\":{\"@type\":\"ImageObject\",\"inLanguage\":\"es\",\"@id\":\"https:\\\/\\\/secure.gravatar.com\\\/avatar\\\/3a8de04a2656d44082be478bd6c086daa447c4651605818287b9532d3d0bd435?s=96&d=mm&r=g\",\"url\":\"https:\\\/\\\/secure.gravatar.com\\\/avatar\\\/3a8de04a2656d44082be478bd6c086daa447c4651605818287b9532d3d0bd435?s=96&d=mm&r=g\",\"contentUrl\":\"https:\\\/\\\/secure.gravatar.com\\\/avatar\\\/3a8de04a2656d44082be478bd6c086daa447c4651605818287b9532d3d0bd435?s=96&d=mm&r=g\",\"caption\":\"Lo viste en Los Pol\u00edticos\"},\"url\":\"https:\\\/\\\/lospoliticosveracruz.com\\\/?author=2\"}]}<\/script>\n<!-- \/ Yoast SEO plugin. -->","yoast_head_json":{"title":"A cubrir de naranja a Jalcomulco: Ruth - Los pol\u00edticos Veracruz","robots":{"index":"index","follow":"follow","max-snippet":"max-snippet:-1","max-image-preview":"max-image-preview:large","max-video-preview":"max-video-preview:-1"},"canonical":"https:\/\/lospoliticosveracruz.com\/?p=74794","og_locale":"es_ES","og_type":"article","og_title":"A cubrir de naranja a Jalcomulco: Ruth - Los pol\u00edticos Veracruz","og_description":"Emiliano ZapataLa candidata a la diputaci\u00f3n local por Emiliano Zapata por Movimiento Ciudadano (MC), Ruth Callejas Rold\u00e1n conmin\u00f3 a los ciudadanos de Jalcomulco a votar por la ola naranja y as\u00ed gobernar juntos y sin divisiones.La candidata cubri\u00f3 a Jalcomulco con la ola naranja, recorrido que hizo a lado de los candidatos a la alcald\u00eda [&hellip;]","og_url":"https:\/\/lospoliticosveracruz.com\/?p=74794","og_site_name":"Los pol\u00edticos Veracruz","article_publisher":"https:\/\/www.facebook.com\/people\/Notimemes-de-los-Polticos\/61565672886568\/","article_published_time":"2021-06-02T19:34:21+00:00","article_modified_time":"2021-06-02T19:34:25+00:00","og_image":[{"width":200,"height":200,"url":"https:\/\/lospoliticosveracruz.com\/wp-content\/uploads\/2016\/07\/Logo-Dor.jpg","type":"image\/jpeg"}],"author":"Lo viste en Los Pol\u00edticos","twitter_card":"summary_large_image","twitter_creator":"@LosPoliticosVer","twitter_site":"@LosPoliticosVer","twitter_misc":{"Escrito por":"Lo viste en Los Pol\u00edticos","Tiempo de lectura":"2 minutos"},"schema":{"@context":"https:\/\/schema.org","@graph":[{"@type":"Article","@id":"https:\/\/lospoliticosveracruz.com\/?p=74794#article","isPartOf":{"@id":"https:\/\/lospoliticosveracruz.com\/?p=74794"},"author":{"name":"Lo viste en Los Pol\u00edticos","@id":"https:\/\/lospoliticosveracruz.com\/#\/schema\/person\/b8702bb0e538456e6efd07080bf2a4a2"},"headline":"A cubrir de naranja a Jalcomulco: Ruth","datePublished":"2021-06-02T19:34:21+00:00","dateModified":"2021-06-02T19:34:25+00:00","mainEntityOfPage":{"@id":"https:\/\/lospoliticosveracruz.com\/?p=74794"},"wordCount":314,"publisher":{"@id":"https:\/\/lospoliticosveracruz.com\/#organization"},"keywords":["Emiliano Zapata","Miguel Castillo","Movimiento Ciudadano","ola naranja","Ruth Callejas Rold\u00e1n"],"articleSection":["De Boleto"],"inLanguage":"es"},{"@type":"WebPage","@id":"https:\/\/lospoliticosveracruz.com\/?p=74794","url":"https:\/\/lospoliticosveracruz.com\/?p=74794","name":"A cubrir de naranja a Jalcomulco: Ruth - Los pol\u00edticos Veracruz","isPartOf":{"@id":"https:\/\/lospoliticosveracruz.com\/#website"},"datePublished":"2021-06-02T19:34:21+00:00","dateModified":"2021-06-02T19:34:25+00:00","breadcrumb":{"@id":"https:\/\/lospoliticosveracruz.com\/?p=74794#breadcrumb"},"inLanguage":"es","potentialAction":[{"@type":"ReadAction","target":["https:\/\/lospoliticosveracruz.com\/?p=74794"]}]},{"@type":"BreadcrumbList","@id":"https:\/\/lospoliticosveracruz.com\/?p=74794#breadcrumb","itemListElement":[{"@type":"ListItem","position":1,"name":"Portada","item":"https:\/\/lospoliticosveracruz.com\/"},{"@type":"ListItem","position":2,"name":"A cubrir de naranja a Jalcomulco: Ruth"}]},{"@type":"WebSite","@id":"https:\/\/lospoliticosveracruz.com\/#website","url":"https:\/\/lospoliticosveracruz.com\/","name":"Los pol\u00edticos Veracruz","description":"","publisher":{"@id":"https:\/\/lospoliticosveracruz.com\/#organization"},"potentialAction":[{"@type":"SearchAction","target":{"@type":"EntryPoint","urlTemplate":"https:\/\/lospoliticosveracruz.com\/?s={search_term_string}"},"query-input":{"@type":"PropertyValueSpecification","valueRequired":true,"valueName":"search_term_string"}}],"inLanguage":"es"},{"@type":"Organization","@id":"https:\/\/lospoliticosveracruz.com\/#organization","name":"Los pol\u00edticos Veracruz","url":"https:\/\/lospoliticosveracruz.com\/","logo":{"@type":"ImageObject","inLanguage":"es","@id":"https:\/\/lospoliticosveracruz.com\/#\/schema\/logo\/image\/","url":"https:\/\/lospoliticosveracruz.com\/wp-content\/uploads\/2025\/12\/Logo-Nuevo-LOS-POLITICOS-1.jpg","contentUrl":"https:\/\/lospoliticosveracruz.com\/wp-content\/uploads\/2025\/12\/Logo-Nuevo-LOS-POLITICOS-1.jpg","width":260,"height":70,"caption":"Los pol\u00edticos Veracruz"},"image":{"@id":"https:\/\/lospoliticosveracruz.com\/#\/schema\/logo\/image\/"},"sameAs":["https:\/\/www.facebook.com\/people\/Notimemes-de-los-Polticos\/61565672886568\/","https:\/\/x.com\/LosPoliticosVer"]},{"@type":"Person","@id":"https:\/\/lospoliticosveracruz.com\/#\/schema\/person\/b8702bb0e538456e6efd07080bf2a4a2","name":"Lo viste en Los Pol\u00edticos","image":{"@type":"ImageObject","inLanguage":"es","@id":"https:\/\/secure.gravatar.com\/avatar\/3a8de04a2656d44082be478bd6c086daa447c4651605818287b9532d3d0bd435?s=96&d=mm&r=g","url":"https:\/\/secure.gravatar.com\/avatar\/3a8de04a2656d44082be478bd6c086daa447c4651605818287b9532d3d0bd435?s=96&d=mm&r=g","contentUrl":"https:\/\/secure.gravatar.com\/avatar\/3a8de04a2656d44082be478bd6c086daa447c4651605818287b9532d3d0bd435?s=96&d=mm&r=g","caption":"Lo viste en Los Pol\u00edticos"},"url":"https:\/\/lospoliticosveracruz.com\/?author=2"}]}},"_links":{"self":[{"href":"https:\/\/lospoliticosveracruz.com\/index.php?rest_route=\/wp\/v2\/posts\/74794","targetHints":{"allow":["GET"]}}],"collection":[{"href":"https:\/\/lospoliticosveracruz.com\/index.php?rest_route=\/wp\/v2\/posts"}],"about":[{"href":"https:\/\/lospoliticosveracruz.com\/index.php?rest_route=\/wp\/v2\/types\/post"}],"author":[{"embeddable":true,"href":"https:\/\/lospoliticosveracruz.com\/index.php?rest_route=\/wp\/v2\/users\/2"}],"replies":[{"embeddable":true,"href":"https:\/\/lospoliticosveracruz.com\/index.php?rest_route=%2Fwp%2Fv2%2Fcomments&post=74794"}],"version-history":[{"count":1,"href":"https:\/\/lospoliticosveracruz.com\/index.php?rest_route=\/wp\/v2\/posts\/74794\/revisions"}],"predecessor-version":[{"id":74796,"href":"https:\/\/lospoliticosveracruz.com\/index.php?rest_route=\/wp\/v2\/posts\/74794\/revisions\/74796"}],"wp:attachment":[{"href":"https:\/\/lospoliticosveracruz.com\/index.php?rest_route=%2Fwp%2Fv2%2Fmedia&parent=74794"}],"wp:term":[{"taxonomy":"category","embeddable":true,"href":"https:\/\/lospoliticosveracruz.com\/index.php?rest_route=%2Fwp%2Fv2%2Fcategories&post=74794"},{"taxonomy":"post_tag","embeddable":true,"href":"https:\/\/lospoliticosveracruz.com\/index.php?rest_route=%2Fwp%2Fv2%2Ftags&post=74794"}],"curies":[{"name":"wp","href":"https:\/\/api.w.org\/{rel}","templated":true}]}}