{"id":74833,"date":"2021-06-02T19:55:04","date_gmt":"2021-06-03T00:55:04","guid":{"rendered":"http:\/\/www.lospoliticosveracruz.com.mx\/?p=74833"},"modified":"2021-06-02T19:55:08","modified_gmt":"2021-06-03T00:55:08","slug":"voy-a-ganar-mi-lucha-es-contra-el-abuso-de-poder-deschamps","status":"publish","type":"post","link":"https:\/\/lospoliticosveracruz.com\/?p=74833","title":{"rendered":"Voy a ganar; mi lucha es contra el abuso de poder: Deschamps"},"content":{"rendered":"\n<p><\/p>\n\n\n\n<p><strong>Boca del R\u00edo<br><\/strong>\u00c1ngel Deschamps candidato a la alcald\u00eda de Boca del R\u00edo por el partido Movimiento Ciudadano, estuvo acompa\u00f1ado de Dante Delgado Rannauro, l\u00edder moral en evento de empresarios de la zona conurbada, donde recibi\u00f3 el aval del senador quien lo reconoci\u00f3 como un hombre \u00edntegro que ya trabaj\u00f3 por el municipio, que ganar\u00e1 Boca del R\u00edo porque lucha contra el abuso de poder y porque hay proyecto a futuro.<br>En sus propias palabras el candidato de Movimiento Ciudadano destaco: \u201chemos hecho varias campa\u00f1as como ustedes saben, pero yo creo que esta ha sido la mejor y me llevo en el coraz\u00f3n much\u00edsimas alegr\u00edas y much\u00edsima motivaci\u00f3n y saber que hay demasiada gente que nos acompa\u00f1a y que espera mucho de nosotros por lo tanto no podemos por ning\u00fan motivo aflojar porque la democracia es constante, la democracia es d\u00eda a d\u00eda, tenemos que luchar para conseguirla\u201d.<br>\u00c1ngel Deschamps se refiri\u00f3 al partido que lo invit\u00f3 a vivir esta elecci\u00f3n, enfatizando que est\u00e1 seguro del triunfo de la mano de Movimiento Ciudadano porque \u201ces el \u00fanico partido que va solo, porque tenemos identidad, qu\u00e9 identidad pueden tener los otros partidos, han perdido toda su esencia, esto no se trata de ganar el poder por el poder sino, tener identidad, tener valores bien fijos, por los cuales luchar y por cuales buscar una mejor\u00eda para la gente\u201d.<br>En el evento se dieron cita m\u00e1s de trescientos empresarios de la zona conurbada, que se sumaron al Movimiento de los Ciudadanos, desde donde se apuesta ganar el poder, para servir a la gente al contrario de los actuales gobiernos que quieren el poder por el poder.<br>El candidato de Movimiento Ciudadano a la alcald\u00eda de Boca del R\u00edo expres\u00f3 \u201cque est\u00e1 realmente contento en Movimiento Ciudadano y especialmente en est\u00e1 ocasi\u00f3n acompa\u00f1ado por nuestro l\u00edder moral, el senador Dante Delgado Rannauro, me siento muy agradecido por su invitaci\u00f3n\u201d<\/p>\n","protected":false},"excerpt":{"rendered":"<p>Boca del R\u00edo\u00c1ngel Deschamps candidato a la alcald\u00eda de Boca del R\u00edo por el partido Movimiento Ciudadano, estuvo acompa\u00f1ado de Dante Delgado Rannauro, l\u00edder moral en evento de empresarios de la zona conurbada, donde recibi\u00f3 el aval del senador quien lo reconoci\u00f3 como un hombre \u00edntegro que ya trabaj\u00f3 por el municipio, que ganar\u00e1 Boca [&hellip;]<\/p>\n","protected":false},"author":2,"featured_media":0,"comment_status":"closed","ping_status":"closed","sticky":false,"template":"","format":"standard","meta":{"tdm_status":"","tdm_grid_status":"","footnotes":""},"categories":[73],"tags":[27700,1006,2327],"class_list":{"0":"post-74833","1":"post","2":"type-post","3":"status-publish","4":"format-standard","6":"category-de-boleto","7":"tag-angel-deschamps","8":"tag-dante-delgado-rannauro","9":"tag-movimiento-ciudadano"},"yoast_head":"<!-- This site is optimized with the Yoast SEO plugin v27.4 - https:\/\/yoast.com\/product\/yoast-seo-wordpress\/ -->\n<title>Voy a ganar; mi lucha es contra el abuso de poder: Deschamps - Los pol\u00edticos Veracruz<\/title>\n<meta name=\"robots\" content=\"index, follow, max-snippet:-1, max-image-preview:large, max-video-preview:-1\" \/>\n<link rel=\"canonical\" href=\"https:\/\/lospoliticosveracruz.com\/?p=74833\" \/>\n<meta property=\"og:locale\" content=\"es_ES\" \/>\n<meta property=\"og:type\" content=\"article\" \/>\n<meta property=\"og:title\" content=\"Voy a ganar; mi lucha es contra el abuso de poder: Deschamps - Los pol\u00edticos Veracruz\" \/>\n<meta property=\"og:description\" content=\"Boca del R\u00edo\u00c1ngel Deschamps candidato a la alcald\u00eda de Boca del R\u00edo por el partido Movimiento Ciudadano, estuvo acompa\u00f1ado de Dante Delgado Rannauro, l\u00edder moral en evento de empresarios de la zona conurbada, donde recibi\u00f3 el aval del senador quien lo reconoci\u00f3 como un hombre \u00edntegro que ya trabaj\u00f3 por el municipio, que ganar\u00e1 Boca [&hellip;]\" \/>\n<meta property=\"og:url\" content=\"https:\/\/lospoliticosveracruz.com\/?p=74833\" \/>\n<meta property=\"og:site_name\" content=\"Los pol\u00edticos Veracruz\" \/>\n<meta property=\"article:publisher\" content=\"https:\/\/www.facebook.com\/people\/Notimemes-de-los-Polticos\/61565672886568\/\" \/>\n<meta property=\"article:published_time\" content=\"2021-06-03T00:55:04+00:00\" \/>\n<meta property=\"article:modified_time\" content=\"2021-06-03T00:55:08+00:00\" \/>\n<meta property=\"og:image\" content=\"https:\/\/lospoliticosveracruz.com\/wp-content\/uploads\/2016\/07\/Logo-Dor.jpg\" \/>\n\t<meta property=\"og:image:width\" content=\"200\" \/>\n\t<meta property=\"og:image:height\" content=\"200\" \/>\n\t<meta property=\"og:image:type\" content=\"image\/jpeg\" \/>\n<meta name=\"author\" content=\"Lo viste en Los Pol\u00edticos\" \/>\n<meta name=\"twitter:card\" content=\"summary_large_image\" \/>\n<meta name=\"twitter:creator\" content=\"@LosPoliticosVer\" \/>\n<meta name=\"twitter:site\" content=\"@LosPoliticosVer\" \/>\n<meta name=\"twitter:label1\" content=\"Escrito por\" \/>\n\t<meta name=\"twitter:data1\" content=\"Lo viste en Los Pol\u00edticos\" \/>\n\t<meta name=\"twitter:label2\" content=\"Tiempo de lectura\" \/>\n\t<meta name=\"twitter:data2\" content=\"2 minutos\" \/>\n<script type=\"application\/ld+json\" class=\"yoast-schema-graph\">{\"@context\":\"https:\\\/\\\/schema.org\",\"@graph\":[{\"@type\":\"Article\",\"@id\":\"https:\\\/\\\/lospoliticosveracruz.com\\\/?p=74833#article\",\"isPartOf\":{\"@id\":\"https:\\\/\\\/lospoliticosveracruz.com\\\/?p=74833\"},\"author\":{\"name\":\"Lo viste en Los Pol\u00edticos\",\"@id\":\"https:\\\/\\\/lospoliticosveracruz.com\\\/#\\\/schema\\\/person\\\/b8702bb0e538456e6efd07080bf2a4a2\"},\"headline\":\"Voy a ganar; mi lucha es contra el abuso de poder: Deschamps\",\"datePublished\":\"2021-06-03T00:55:04+00:00\",\"dateModified\":\"2021-06-03T00:55:08+00:00\",\"mainEntityOfPage\":{\"@id\":\"https:\\\/\\\/lospoliticosveracruz.com\\\/?p=74833\"},\"wordCount\":353,\"publisher\":{\"@id\":\"https:\\\/\\\/lospoliticosveracruz.com\\\/#organization\"},\"keywords\":[\"\u00c1ngel Deschamps\",\"Dante Delgado Rannauro\",\"Movimiento Ciudadano\"],\"articleSection\":[\"De Boleto\"],\"inLanguage\":\"es\"},{\"@type\":\"WebPage\",\"@id\":\"https:\\\/\\\/lospoliticosveracruz.com\\\/?p=74833\",\"url\":\"https:\\\/\\\/lospoliticosveracruz.com\\\/?p=74833\",\"name\":\"Voy a ganar; mi lucha es contra el abuso de poder: Deschamps - Los pol\u00edticos Veracruz\",\"isPartOf\":{\"@id\":\"https:\\\/\\\/lospoliticosveracruz.com\\\/#website\"},\"datePublished\":\"2021-06-03T00:55:04+00:00\",\"dateModified\":\"2021-06-03T00:55:08+00:00\",\"breadcrumb\":{\"@id\":\"https:\\\/\\\/lospoliticosveracruz.com\\\/?p=74833#breadcrumb\"},\"inLanguage\":\"es\",\"potentialAction\":[{\"@type\":\"ReadAction\",\"target\":[\"https:\\\/\\\/lospoliticosveracruz.com\\\/?p=74833\"]}]},{\"@type\":\"BreadcrumbList\",\"@id\":\"https:\\\/\\\/lospoliticosveracruz.com\\\/?p=74833#breadcrumb\",\"itemListElement\":[{\"@type\":\"ListItem\",\"position\":1,\"name\":\"Portada\",\"item\":\"https:\\\/\\\/lospoliticosveracruz.com\\\/\"},{\"@type\":\"ListItem\",\"position\":2,\"name\":\"Voy a ganar; mi lucha es contra el abuso de poder: Deschamps\"}]},{\"@type\":\"WebSite\",\"@id\":\"https:\\\/\\\/lospoliticosveracruz.com\\\/#website\",\"url\":\"https:\\\/\\\/lospoliticosveracruz.com\\\/\",\"name\":\"Los pol\u00edticos Veracruz\",\"description\":\"\",\"publisher\":{\"@id\":\"https:\\\/\\\/lospoliticosveracruz.com\\\/#organization\"},\"potentialAction\":[{\"@type\":\"SearchAction\",\"target\":{\"@type\":\"EntryPoint\",\"urlTemplate\":\"https:\\\/\\\/lospoliticosveracruz.com\\\/?s={search_term_string}\"},\"query-input\":{\"@type\":\"PropertyValueSpecification\",\"valueRequired\":true,\"valueName\":\"search_term_string\"}}],\"inLanguage\":\"es\"},{\"@type\":\"Organization\",\"@id\":\"https:\\\/\\\/lospoliticosveracruz.com\\\/#organization\",\"name\":\"Los pol\u00edticos Veracruz\",\"url\":\"https:\\\/\\\/lospoliticosveracruz.com\\\/\",\"logo\":{\"@type\":\"ImageObject\",\"inLanguage\":\"es\",\"@id\":\"https:\\\/\\\/lospoliticosveracruz.com\\\/#\\\/schema\\\/logo\\\/image\\\/\",\"url\":\"https:\\\/\\\/lospoliticosveracruz.com\\\/wp-content\\\/uploads\\\/2025\\\/12\\\/Logo-Nuevo-LOS-POLITICOS-1.jpg\",\"contentUrl\":\"https:\\\/\\\/lospoliticosveracruz.com\\\/wp-content\\\/uploads\\\/2025\\\/12\\\/Logo-Nuevo-LOS-POLITICOS-1.jpg\",\"width\":260,\"height\":70,\"caption\":\"Los pol\u00edticos Veracruz\"},\"image\":{\"@id\":\"https:\\\/\\\/lospoliticosveracruz.com\\\/#\\\/schema\\\/logo\\\/image\\\/\"},\"sameAs\":[\"https:\\\/\\\/www.facebook.com\\\/people\\\/Notimemes-de-los-Polticos\\\/61565672886568\\\/\",\"https:\\\/\\\/x.com\\\/LosPoliticosVer\"]},{\"@type\":\"Person\",\"@id\":\"https:\\\/\\\/lospoliticosveracruz.com\\\/#\\\/schema\\\/person\\\/b8702bb0e538456e6efd07080bf2a4a2\",\"name\":\"Lo viste en Los Pol\u00edticos\",\"image\":{\"@type\":\"ImageObject\",\"inLanguage\":\"es\",\"@id\":\"https:\\\/\\\/secure.gravatar.com\\\/avatar\\\/3a8de04a2656d44082be478bd6c086daa447c4651605818287b9532d3d0bd435?s=96&d=mm&r=g\",\"url\":\"https:\\\/\\\/secure.gravatar.com\\\/avatar\\\/3a8de04a2656d44082be478bd6c086daa447c4651605818287b9532d3d0bd435?s=96&d=mm&r=g\",\"contentUrl\":\"https:\\\/\\\/secure.gravatar.com\\\/avatar\\\/3a8de04a2656d44082be478bd6c086daa447c4651605818287b9532d3d0bd435?s=96&d=mm&r=g\",\"caption\":\"Lo viste en Los Pol\u00edticos\"},\"url\":\"https:\\\/\\\/lospoliticosveracruz.com\\\/?author=2\"}]}<\/script>\n<!-- \/ Yoast SEO plugin. -->","yoast_head_json":{"title":"Voy a ganar; mi lucha es contra el abuso de poder: Deschamps - Los pol\u00edticos Veracruz","robots":{"index":"index","follow":"follow","max-snippet":"max-snippet:-1","max-image-preview":"max-image-preview:large","max-video-preview":"max-video-preview:-1"},"canonical":"https:\/\/lospoliticosveracruz.com\/?p=74833","og_locale":"es_ES","og_type":"article","og_title":"Voy a ganar; mi lucha es contra el abuso de poder: Deschamps - Los pol\u00edticos Veracruz","og_description":"Boca del R\u00edo\u00c1ngel Deschamps candidato a la alcald\u00eda de Boca del R\u00edo por el partido Movimiento Ciudadano, estuvo acompa\u00f1ado de Dante Delgado Rannauro, l\u00edder moral en evento de empresarios de la zona conurbada, donde recibi\u00f3 el aval del senador quien lo reconoci\u00f3 como un hombre \u00edntegro que ya trabaj\u00f3 por el municipio, que ganar\u00e1 Boca [&hellip;]","og_url":"https:\/\/lospoliticosveracruz.com\/?p=74833","og_site_name":"Los pol\u00edticos Veracruz","article_publisher":"https:\/\/www.facebook.com\/people\/Notimemes-de-los-Polticos\/61565672886568\/","article_published_time":"2021-06-03T00:55:04+00:00","article_modified_time":"2021-06-03T00:55:08+00:00","og_image":[{"width":200,"height":200,"url":"https:\/\/lospoliticosveracruz.com\/wp-content\/uploads\/2016\/07\/Logo-Dor.jpg","type":"image\/jpeg"}],"author":"Lo viste en Los Pol\u00edticos","twitter_card":"summary_large_image","twitter_creator":"@LosPoliticosVer","twitter_site":"@LosPoliticosVer","twitter_misc":{"Escrito por":"Lo viste en Los Pol\u00edticos","Tiempo de lectura":"2 minutos"},"schema":{"@context":"https:\/\/schema.org","@graph":[{"@type":"Article","@id":"https:\/\/lospoliticosveracruz.com\/?p=74833#article","isPartOf":{"@id":"https:\/\/lospoliticosveracruz.com\/?p=74833"},"author":{"name":"Lo viste en Los Pol\u00edticos","@id":"https:\/\/lospoliticosveracruz.com\/#\/schema\/person\/b8702bb0e538456e6efd07080bf2a4a2"},"headline":"Voy a ganar; mi lucha es contra el abuso de poder: Deschamps","datePublished":"2021-06-03T00:55:04+00:00","dateModified":"2021-06-03T00:55:08+00:00","mainEntityOfPage":{"@id":"https:\/\/lospoliticosveracruz.com\/?p=74833"},"wordCount":353,"publisher":{"@id":"https:\/\/lospoliticosveracruz.com\/#organization"},"keywords":["\u00c1ngel Deschamps","Dante Delgado Rannauro","Movimiento Ciudadano"],"articleSection":["De Boleto"],"inLanguage":"es"},{"@type":"WebPage","@id":"https:\/\/lospoliticosveracruz.com\/?p=74833","url":"https:\/\/lospoliticosveracruz.com\/?p=74833","name":"Voy a ganar; mi lucha es contra el abuso de poder: Deschamps - Los pol\u00edticos Veracruz","isPartOf":{"@id":"https:\/\/lospoliticosveracruz.com\/#website"},"datePublished":"2021-06-03T00:55:04+00:00","dateModified":"2021-06-03T00:55:08+00:00","breadcrumb":{"@id":"https:\/\/lospoliticosveracruz.com\/?p=74833#breadcrumb"},"inLanguage":"es","potentialAction":[{"@type":"ReadAction","target":["https:\/\/lospoliticosveracruz.com\/?p=74833"]}]},{"@type":"BreadcrumbList","@id":"https:\/\/lospoliticosveracruz.com\/?p=74833#breadcrumb","itemListElement":[{"@type":"ListItem","position":1,"name":"Portada","item":"https:\/\/lospoliticosveracruz.com\/"},{"@type":"ListItem","position":2,"name":"Voy a ganar; mi lucha es contra el abuso de poder: Deschamps"}]},{"@type":"WebSite","@id":"https:\/\/lospoliticosveracruz.com\/#website","url":"https:\/\/lospoliticosveracruz.com\/","name":"Los pol\u00edticos Veracruz","description":"","publisher":{"@id":"https:\/\/lospoliticosveracruz.com\/#organization"},"potentialAction":[{"@type":"SearchAction","target":{"@type":"EntryPoint","urlTemplate":"https:\/\/lospoliticosveracruz.com\/?s={search_term_string}"},"query-input":{"@type":"PropertyValueSpecification","valueRequired":true,"valueName":"search_term_string"}}],"inLanguage":"es"},{"@type":"Organization","@id":"https:\/\/lospoliticosveracruz.com\/#organization","name":"Los pol\u00edticos Veracruz","url":"https:\/\/lospoliticosveracruz.com\/","logo":{"@type":"ImageObject","inLanguage":"es","@id":"https:\/\/lospoliticosveracruz.com\/#\/schema\/logo\/image\/","url":"https:\/\/lospoliticosveracruz.com\/wp-content\/uploads\/2025\/12\/Logo-Nuevo-LOS-POLITICOS-1.jpg","contentUrl":"https:\/\/lospoliticosveracruz.com\/wp-content\/uploads\/2025\/12\/Logo-Nuevo-LOS-POLITICOS-1.jpg","width":260,"height":70,"caption":"Los pol\u00edticos Veracruz"},"image":{"@id":"https:\/\/lospoliticosveracruz.com\/#\/schema\/logo\/image\/"},"sameAs":["https:\/\/www.facebook.com\/people\/Notimemes-de-los-Polticos\/61565672886568\/","https:\/\/x.com\/LosPoliticosVer"]},{"@type":"Person","@id":"https:\/\/lospoliticosveracruz.com\/#\/schema\/person\/b8702bb0e538456e6efd07080bf2a4a2","name":"Lo viste en Los Pol\u00edticos","image":{"@type":"ImageObject","inLanguage":"es","@id":"https:\/\/secure.gravatar.com\/avatar\/3a8de04a2656d44082be478bd6c086daa447c4651605818287b9532d3d0bd435?s=96&d=mm&r=g","url":"https:\/\/secure.gravatar.com\/avatar\/3a8de04a2656d44082be478bd6c086daa447c4651605818287b9532d3d0bd435?s=96&d=mm&r=g","contentUrl":"https:\/\/secure.gravatar.com\/avatar\/3a8de04a2656d44082be478bd6c086daa447c4651605818287b9532d3d0bd435?s=96&d=mm&r=g","caption":"Lo viste en Los Pol\u00edticos"},"url":"https:\/\/lospoliticosveracruz.com\/?author=2"}]}},"_links":{"self":[{"href":"https:\/\/lospoliticosveracruz.com\/index.php?rest_route=\/wp\/v2\/posts\/74833","targetHints":{"allow":["GET"]}}],"collection":[{"href":"https:\/\/lospoliticosveracruz.com\/index.php?rest_route=\/wp\/v2\/posts"}],"about":[{"href":"https:\/\/lospoliticosveracruz.com\/index.php?rest_route=\/wp\/v2\/types\/post"}],"author":[{"embeddable":true,"href":"https:\/\/lospoliticosveracruz.com\/index.php?rest_route=\/wp\/v2\/users\/2"}],"replies":[{"embeddable":true,"href":"https:\/\/lospoliticosveracruz.com\/index.php?rest_route=%2Fwp%2Fv2%2Fcomments&post=74833"}],"version-history":[{"count":1,"href":"https:\/\/lospoliticosveracruz.com\/index.php?rest_route=\/wp\/v2\/posts\/74833\/revisions"}],"predecessor-version":[{"id":74835,"href":"https:\/\/lospoliticosveracruz.com\/index.php?rest_route=\/wp\/v2\/posts\/74833\/revisions\/74835"}],"wp:attachment":[{"href":"https:\/\/lospoliticosveracruz.com\/index.php?rest_route=%2Fwp%2Fv2%2Fmedia&parent=74833"}],"wp:term":[{"taxonomy":"category","embeddable":true,"href":"https:\/\/lospoliticosveracruz.com\/index.php?rest_route=%2Fwp%2Fv2%2Fcategories&post=74833"},{"taxonomy":"post_tag","embeddable":true,"href":"https:\/\/lospoliticosveracruz.com\/index.php?rest_route=%2Fwp%2Fv2%2Ftags&post=74833"}],"curies":[{"name":"wp","href":"https:\/\/api.w.org\/{rel}","templated":true}]}}