{"id":74878,"date":"2021-06-03T08:25:39","date_gmt":"2021-06-03T13:25:39","guid":{"rendered":"http:\/\/www.lospoliticosveracruz.com.mx\/?p=74878"},"modified":"2021-06-03T08:25:43","modified_gmt":"2021-06-03T13:25:43","slug":"mario-delgado-tendiendo-la-cama-a-cuic","status":"publish","type":"post","link":"https:\/\/lospoliticosveracruz.com\/?p=74878","title":{"rendered":"Mario Delgado, \u00bftendiendo la cama a Cuic?"},"content":{"rendered":"\n<p><strong>Ricardo Ch\u00faa<br><\/strong><em>Sale y Vale<\/em><\/p>\n\n\n\n<p>Hay un grupo de poder de MORENA en Veracruz, muy ligado con Palacio Nacional, pero que no pertenecen a Cuitl\u00e1huac Garc\u00eda, ni Manuel Huerta\u2026 Que le han insistido al poderoso personaje que cohabita con el Presidente, Andr\u00e9s Manuel L\u00f3pez Obrador, casi todos los d\u00edas\u2026 El por qu\u00e9 s\u00f3lo vino una vez a Veracruz apoyar s\u00f3lo a un candidato\u2026 Mientras que a Jalisco fue en m\u00e1s de 2 ocasiones y a Tamaulipas fue 3 veces\u2026 Dicen que la respuesta ha sido por diferencias de campa\u00f1a\u2026<\/p>\n\n\n\n<p>Y lo raro\u2026 Delgado s\u00f3lo vino al puerto con Ricardo Exsome\u2026 No al sur o norte de Veracruz\u2026 Cuando el sureste es basti\u00f3n de MORENA con Rocio Nahle\u2026 El interlocutor que cont\u00f3 la historia, comenta que el dirigente nacional de Los Morenos se ha dado cuenta de los PACTOS DE PALACIO DE GOBIERNO en Veracruz con la OPOSICI\u00d3N en distritos y municipios del norte de la entidad\u2026 P\u00e1nuco y Tantoyuca\u2026 Pareciera que altos funcionarios del gobierno estatal traen un \u00abjuego\u00bb distinto al de Esteban Ram\u00edrez Zepeta\u2026 Lo van a traicionar\u2026<\/p>\n\n\n\n<p>Por eso, este poderoso grupo de MORENA veracruzano, le coment\u00f3 al interlocutor, que esto s\u00f3lo abona m\u00e1s a la desconfianza y las disputas de los Morenos, que viene Mario Delgado solamente a Veracruz puerto\u2026 Y, no fue a Xalapa, donde est\u00e1n los poderes y gobierna su partido.. Tampoco fue a Minatitl\u00e1n, Coatzacoalcos y Poza Rica\u2026Adem\u00e1s de que se dan cuenta que Manuel Huerta trae otro \u00abjuego\u00bb aparte\u2026 Qu\u00e9 por eso, quiz\u00e1s, no vino y todo ya inform\u00f3 a YA SABEN QUI\u00c9N\u2026 Para ver los resultados de la elecci\u00f3n y tomar \u00abcartas\u00bb en el asunto\u2026<\/p>\n\n\n\n<p>Algunos se\u00f1alaron al interlocutor, que a lo mejor desde Palacio de Gobierno y esferas federales, traen un \u00abjuego muy perverso\u00bb de EMPINAR a Cuitl\u00e1huac Garc\u00eda para que PIERDA Esteban Ram\u00edrez Zepeta\u2026 Ya que despu\u00e9s de la elecci\u00f3n, se viene el proceso de refrendo de la dirigencia nacional y estatal en Veracruz\u2026 Y el otro a\u00f1o, se viene si el gobernador se queda o se va con la Revocaci\u00f3n de Mandato\u2026 \u00bfLe est\u00e1n tendiendo la cama a Cuitl\u00e1huac?\u2026 \u00bfMario Delgado lo vio y lo dej\u00f3 pasar?\u2026 \u00bfPor eso no vendr\u00e1?\u2026 \u00bfAcaso para no embarrarse?\u2026 Es la duda\u2026<\/p>\n\n\n\n<p>Y la duda, se vuelve m\u00e1s patente sobre estos presuntos PACTOS entre funcionarios Morenos y algunos opositores\u2026En el sentido, de que NO se vio LA MANO DURA en los municipios del norte del Estado con estos personajes\u2026 Tal como lo hicieron con Juan Manuel D\u00edez, en Orizaba\u2026 Los Yunes, en C\u00f3rdoba\u2026 As\u00ed como en otros sitios\u2026 El por qu\u00e9 no se ven estas acciones en el sur y norte\u2026 Para someter a sus adversarios y desmantelarlos\u2026 TA CA\u00d1\u00d3N\u2026 Acaso Mario Delgado no quiso complicidades\u2026 PASE LO QUE PASE.. CONSUMATUM EST\u2026<\/p>\n\n\n\n<p>ANAYA EN VERACRUZ\u2026 Hablando de ex dirigentes nacionales de partido\u2026 El que reapareci\u00f3 en Veracruz en sus redes sociales fue Ricardo Anaya, quien por este mismo sitio, pidi\u00f3 el apoyo para el candidato de la alianza \u00abVa por Veracruz\u00bb a la diputaci\u00f3n local por el distrito XV, Miguel Hermida Copado, que es la demarcaci\u00f3n conocida en este puerto como \u00abVeracruz Rural\u00bb\u2026 Vaya refrendo que Anaya, quien tuvo buenos n\u00fameros en su elecci\u00f3n presidencial del 2018 en este distrito, haya solicitado esa ayuda para Hermida\u2026 Eso fortalece\u2026<\/p>\n\n\n\n<p>Cuentan que el propio Anaya coment\u00f3 en privado con Hermida, el cual llam\u00f3 para agradecerle el gesto pol\u00edtico hacia su persona, que era muy probable que estuviera en Veracruz, la pr\u00f3xima semana para saludarlo a \u00e9l y a los dem\u00e1s candidatos panistas ganadores de la alianza\u2026 Y con ello, refrendar el llamado que hizo a los electores para que este domingo votaran por \u00e9l\u2026 Hermida y Anaya son amigos cercanos desde hace algunos a\u00f1os\u2026 Desde los tiempos de las juventudes panistas\u2026 San Ricardo, ya le dio su bendici\u00f3n\u2026 AM\u00c9N\u2026<\/p>\n\n\n\n<p>LOS YUNES Y ARGUDIN\u2026Vaya sorpresa suced\u00eda en el cierre de campa\u00f1a de Paty Lobeira ayer por la tarde, que en su \u00faltimo recorrido, ella y su esposo, Miguel \u00c1ngel Yunes M\u00e1rquez, subieron en su \u00abplancha\u00bb y se tomaron un v\u00eddeo con el aspirante a diputado local por el distrito XIV del puerto de Veracruz por el partido \u00abPODEMOS\u00bb, Antonio del R\u00edo Argud\u00edn, dejando a muchos panistas at\u00f3nitos\u2026 Y Carolina Gudi\u00f1o\u2026 \u00bfQu\u00e9 pas\u00f3?\u2026 M\u00e1s que Argud\u00edn dijo p\u00fablicamente que \u00e9l apoyaba a Paty Lobeira como candidata a la alcald\u00eda porte\u00f1a..<\/p>\n\n\n\n<p>Adem\u00e1s le ofreci\u00f3 a Yunes M\u00e1rquez que sus votos de su militancia ir\u00eda a favor de la coalici\u00f3n \u00abVa por Veracruz\u00bb\u2026 Lo cual, reforzar\u00eda alrededor de 15 mil votos que trae Argud\u00edn, al PAN en su carrera a la alcald\u00eda\u2026 As\u00ed que fuera \u00abm\u00e1scaras\u00bb\u2026 Argudin les prometi\u00f3 votos y los Yunes le dieron \u00abcalor\u00bb junto con el PAN.. Argudin, al final de cuentas, ha sido un defensor de los Yunes cuando Fernando aplica un programa de gobierno y es criticado por el gobierno estatal\u2026Tiene hasta se\u00f1alado a la familia del gobernador, Cuitl\u00e1huac Garc\u00eda\u2026<\/p>\n\n\n\n<p>El candidato de PODEMOS ha sido tambi\u00e9n, el que ha encarado a diputados federales de MORENA y candidatos locales en Veracruz.. As\u00ed que al \u00abbuen entendedor pocas palabras\u00bb\u2026 Los Yunes le agradecieron su apoyo y lo invitaron a sumarse a su proyecto\u2026 Hasta el micr\u00f3fono le prestaron, al final del evento del \u00faltimo recorrido de campa\u00f1a de Paty Lobeira\u2026 Este patentiz\u00f3 el apoyo a la candidata y estos volvieron agradecer\u2026 OJO\u2026 En pol\u00edtica, las casualidades no existen\u2026 Todo lo que suma, no resta.. Argud\u00edn va con los Yunes.. AMEN..<\/p>\n\n\n\n<p>LA CANDIDATA DE LA UV\u2026 Todo parece indicar que una aspirante a diputada local por el distrito XIV por el partido \u00abTodos por Veracruz\u00bb, Antonia Barranca Enr\u00edquez\u2026 PRESUNTAMENTE ser\u00e1 denunciada ante organismos electorales de Veracruz\u2026 Ya que como docente e investigadora de la Universidad Veracruzana\u2026 Al parecer, utiliz\u00f3 las instalaciones de la UV para promocionarse como candidata, en los d\u00edas que se aplicaron las dosis contra el COVID en pleno mes de mayo, porque ella estuvo ah\u00ed\u2026 Hay testigos que podr\u00edan denunciar el hecho\u2026<\/p>\n\n\n\n<p>Todo indica que el propio vicerrector de la UV zona Veracruz-Boca del R\u00edo, Alfonso Gerardo P\u00e9rez Morales, podr\u00eda estar involucrado en el hecho\u2026 Ya que permiti\u00f3 la asistencia de Barranca Enr\u00edquez a las instalaciones cuando era ya candidata a este lugar, que se estaba llevando a cabo un evento del gobierno federal\u2026 Antonia Barranca ostenta el cargo de directora de Servicios de Estudios y Centro de Salud de esta casa de estudios\u2026 Nos dicen que la Contralor\u00eda Interna de la UV tomar\u00e1 cartas en el asunto y obvio tambi\u00e9n los tribunales electorales locales.. PA ESC\u00c1NDALO\u2026<\/p>\n","protected":false},"excerpt":{"rendered":"<p>Ricardo Ch\u00faaSale y Vale Hay un grupo de poder de MORENA en Veracruz, muy ligado con Palacio Nacional, pero que no pertenecen a Cuitl\u00e1huac Garc\u00eda, ni Manuel Huerta\u2026 Que le han insistido al poderoso personaje que cohabita con el Presidente, Andr\u00e9s Manuel L\u00f3pez Obrador, casi todos los d\u00edas\u2026 El por qu\u00e9 s\u00f3lo vino una vez [&hellip;]<\/p>\n","protected":false},"author":2,"featured_media":0,"comment_status":"closed","ping_status":"closed","sticky":false,"template":"","format":"standard","meta":{"tdm_status":"","tdm_grid_status":"","footnotes":""},"categories":[70],"tags":[618,1681,17053,28608,1850,28430,1026,14721,26717,195],"class_list":{"0":"post-74878","1":"post","2":"type-post","3":"status-publish","4":"format-standard","6":"category-de-opinion","7":"tag-andres-manuel-lopez-obrador","8":"tag-cuitlahuac-garcia","9":"tag-esteban-ramirez-zepeta","10":"tag-juan-manuel-diez-2","11":"tag-manuel-huerta-ladron-de-guevara","12":"tag-miguel-hermida-copado","13":"tag-morena","14":"tag-ricardo-exsome","15":"tag-rocio-nahle-2","16":"tag-veracruz"},"yoast_head":"<!-- This site is optimized with the Yoast SEO plugin v27.4 - https:\/\/yoast.com\/product\/yoast-seo-wordpress\/ -->\n<title>Mario Delgado, \u00bftendiendo la cama a Cuic? - Los pol\u00edticos Veracruz<\/title>\n<meta name=\"robots\" content=\"index, follow, max-snippet:-1, max-image-preview:large, max-video-preview:-1\" \/>\n<link rel=\"canonical\" href=\"https:\/\/lospoliticosveracruz.com\/?p=74878\" \/>\n<meta property=\"og:locale\" content=\"es_ES\" \/>\n<meta property=\"og:type\" content=\"article\" \/>\n<meta property=\"og:title\" content=\"Mario Delgado, \u00bftendiendo la cama a Cuic? - Los pol\u00edticos Veracruz\" \/>\n<meta property=\"og:description\" content=\"Ricardo Ch\u00faaSale y Vale Hay un grupo de poder de MORENA en Veracruz, muy ligado con Palacio Nacional, pero que no pertenecen a Cuitl\u00e1huac Garc\u00eda, ni Manuel Huerta\u2026 Que le han insistido al poderoso personaje que cohabita con el Presidente, Andr\u00e9s Manuel L\u00f3pez Obrador, casi todos los d\u00edas\u2026 El por qu\u00e9 s\u00f3lo vino una vez [&hellip;]\" \/>\n<meta property=\"og:url\" content=\"https:\/\/lospoliticosveracruz.com\/?p=74878\" \/>\n<meta property=\"og:site_name\" content=\"Los pol\u00edticos Veracruz\" \/>\n<meta property=\"article:publisher\" content=\"https:\/\/www.facebook.com\/people\/Notimemes-de-los-Polticos\/61565672886568\/\" \/>\n<meta property=\"article:published_time\" content=\"2021-06-03T13:25:39+00:00\" \/>\n<meta property=\"article:modified_time\" content=\"2021-06-03T13:25:43+00:00\" \/>\n<meta property=\"og:image\" content=\"https:\/\/lospoliticosveracruz.com\/wp-content\/uploads\/2016\/07\/Logo-Dor.jpg\" \/>\n\t<meta property=\"og:image:width\" content=\"200\" \/>\n\t<meta property=\"og:image:height\" content=\"200\" \/>\n\t<meta property=\"og:image:type\" content=\"image\/jpeg\" \/>\n<meta name=\"author\" content=\"Lo viste en Los Pol\u00edticos\" \/>\n<meta name=\"twitter:card\" content=\"summary_large_image\" \/>\n<meta name=\"twitter:creator\" content=\"@LosPoliticosVer\" \/>\n<meta name=\"twitter:site\" content=\"@LosPoliticosVer\" \/>\n<meta name=\"twitter:label1\" content=\"Escrito por\" \/>\n\t<meta name=\"twitter:data1\" content=\"Lo viste en Los Pol\u00edticos\" \/>\n\t<meta name=\"twitter:label2\" content=\"Tiempo de lectura\" \/>\n\t<meta name=\"twitter:data2\" content=\"6 minutos\" \/>\n<script type=\"application\/ld+json\" class=\"yoast-schema-graph\">{\"@context\":\"https:\\\/\\\/schema.org\",\"@graph\":[{\"@type\":\"Article\",\"@id\":\"https:\\\/\\\/lospoliticosveracruz.com\\\/?p=74878#article\",\"isPartOf\":{\"@id\":\"https:\\\/\\\/lospoliticosveracruz.com\\\/?p=74878\"},\"author\":{\"name\":\"Lo viste en Los Pol\u00edticos\",\"@id\":\"https:\\\/\\\/lospoliticosveracruz.com\\\/#\\\/schema\\\/person\\\/b8702bb0e538456e6efd07080bf2a4a2\"},\"headline\":\"Mario Delgado, \u00bftendiendo la cama a Cuic?\",\"datePublished\":\"2021-06-03T13:25:39+00:00\",\"dateModified\":\"2021-06-03T13:25:43+00:00\",\"mainEntityOfPage\":{\"@id\":\"https:\\\/\\\/lospoliticosveracruz.com\\\/?p=74878\"},\"wordCount\":1177,\"publisher\":{\"@id\":\"https:\\\/\\\/lospoliticosveracruz.com\\\/#organization\"},\"keywords\":[\"Andr\u00e9s Manuel L\u00f3pez Obrador\",\"Cuitl\u00e1huac Garc\u00eda\",\"Esteban Ram\u00edrez Zepeta\",\"Juan Manuel D\u00edez\",\"Manuel Huerta Ladr\u00f3n de Guevara\",\"Miguel Hermida Copado\",\"Morena\",\"Ricardo Exsome\",\"Rocio Nahle\",\"Veracruz\"],\"articleSection\":[\"De Opini\u00f3n\"],\"inLanguage\":\"es\"},{\"@type\":\"WebPage\",\"@id\":\"https:\\\/\\\/lospoliticosveracruz.com\\\/?p=74878\",\"url\":\"https:\\\/\\\/lospoliticosveracruz.com\\\/?p=74878\",\"name\":\"Mario Delgado, \u00bftendiendo la cama a Cuic? - Los pol\u00edticos Veracruz\",\"isPartOf\":{\"@id\":\"https:\\\/\\\/lospoliticosveracruz.com\\\/#website\"},\"datePublished\":\"2021-06-03T13:25:39+00:00\",\"dateModified\":\"2021-06-03T13:25:43+00:00\",\"breadcrumb\":{\"@id\":\"https:\\\/\\\/lospoliticosveracruz.com\\\/?p=74878#breadcrumb\"},\"inLanguage\":\"es\",\"potentialAction\":[{\"@type\":\"ReadAction\",\"target\":[\"https:\\\/\\\/lospoliticosveracruz.com\\\/?p=74878\"]}]},{\"@type\":\"BreadcrumbList\",\"@id\":\"https:\\\/\\\/lospoliticosveracruz.com\\\/?p=74878#breadcrumb\",\"itemListElement\":[{\"@type\":\"ListItem\",\"position\":1,\"name\":\"Portada\",\"item\":\"https:\\\/\\\/lospoliticosveracruz.com\\\/\"},{\"@type\":\"ListItem\",\"position\":2,\"name\":\"Mario Delgado, \u00bftendiendo la cama a Cuic?\"}]},{\"@type\":\"WebSite\",\"@id\":\"https:\\\/\\\/lospoliticosveracruz.com\\\/#website\",\"url\":\"https:\\\/\\\/lospoliticosveracruz.com\\\/\",\"name\":\"Los pol\u00edticos Veracruz\",\"description\":\"\",\"publisher\":{\"@id\":\"https:\\\/\\\/lospoliticosveracruz.com\\\/#organization\"},\"potentialAction\":[{\"@type\":\"SearchAction\",\"target\":{\"@type\":\"EntryPoint\",\"urlTemplate\":\"https:\\\/\\\/lospoliticosveracruz.com\\\/?s={search_term_string}\"},\"query-input\":{\"@type\":\"PropertyValueSpecification\",\"valueRequired\":true,\"valueName\":\"search_term_string\"}}],\"inLanguage\":\"es\"},{\"@type\":\"Organization\",\"@id\":\"https:\\\/\\\/lospoliticosveracruz.com\\\/#organization\",\"name\":\"Los pol\u00edticos Veracruz\",\"url\":\"https:\\\/\\\/lospoliticosveracruz.com\\\/\",\"logo\":{\"@type\":\"ImageObject\",\"inLanguage\":\"es\",\"@id\":\"https:\\\/\\\/lospoliticosveracruz.com\\\/#\\\/schema\\\/logo\\\/image\\\/\",\"url\":\"https:\\\/\\\/lospoliticosveracruz.com\\\/wp-content\\\/uploads\\\/2025\\\/12\\\/Logo-Nuevo-LOS-POLITICOS-1.jpg\",\"contentUrl\":\"https:\\\/\\\/lospoliticosveracruz.com\\\/wp-content\\\/uploads\\\/2025\\\/12\\\/Logo-Nuevo-LOS-POLITICOS-1.jpg\",\"width\":260,\"height\":70,\"caption\":\"Los pol\u00edticos Veracruz\"},\"image\":{\"@id\":\"https:\\\/\\\/lospoliticosveracruz.com\\\/#\\\/schema\\\/logo\\\/image\\\/\"},\"sameAs\":[\"https:\\\/\\\/www.facebook.com\\\/people\\\/Notimemes-de-los-Polticos\\\/61565672886568\\\/\",\"https:\\\/\\\/x.com\\\/LosPoliticosVer\"]},{\"@type\":\"Person\",\"@id\":\"https:\\\/\\\/lospoliticosveracruz.com\\\/#\\\/schema\\\/person\\\/b8702bb0e538456e6efd07080bf2a4a2\",\"name\":\"Lo viste en Los Pol\u00edticos\",\"image\":{\"@type\":\"ImageObject\",\"inLanguage\":\"es\",\"@id\":\"https:\\\/\\\/secure.gravatar.com\\\/avatar\\\/3a8de04a2656d44082be478bd6c086daa447c4651605818287b9532d3d0bd435?s=96&d=mm&r=g\",\"url\":\"https:\\\/\\\/secure.gravatar.com\\\/avatar\\\/3a8de04a2656d44082be478bd6c086daa447c4651605818287b9532d3d0bd435?s=96&d=mm&r=g\",\"contentUrl\":\"https:\\\/\\\/secure.gravatar.com\\\/avatar\\\/3a8de04a2656d44082be478bd6c086daa447c4651605818287b9532d3d0bd435?s=96&d=mm&r=g\",\"caption\":\"Lo viste en Los Pol\u00edticos\"},\"url\":\"https:\\\/\\\/lospoliticosveracruz.com\\\/?author=2\"}]}<\/script>\n<!-- \/ Yoast SEO plugin. -->","yoast_head_json":{"title":"Mario Delgado, \u00bftendiendo la cama a Cuic? - Los pol\u00edticos Veracruz","robots":{"index":"index","follow":"follow","max-snippet":"max-snippet:-1","max-image-preview":"max-image-preview:large","max-video-preview":"max-video-preview:-1"},"canonical":"https:\/\/lospoliticosveracruz.com\/?p=74878","og_locale":"es_ES","og_type":"article","og_title":"Mario Delgado, \u00bftendiendo la cama a Cuic? - Los pol\u00edticos Veracruz","og_description":"Ricardo Ch\u00faaSale y Vale Hay un grupo de poder de MORENA en Veracruz, muy ligado con Palacio Nacional, pero que no pertenecen a Cuitl\u00e1huac Garc\u00eda, ni Manuel Huerta\u2026 Que le han insistido al poderoso personaje que cohabita con el Presidente, Andr\u00e9s Manuel L\u00f3pez Obrador, casi todos los d\u00edas\u2026 El por qu\u00e9 s\u00f3lo vino una vez [&hellip;]","og_url":"https:\/\/lospoliticosveracruz.com\/?p=74878","og_site_name":"Los pol\u00edticos Veracruz","article_publisher":"https:\/\/www.facebook.com\/people\/Notimemes-de-los-Polticos\/61565672886568\/","article_published_time":"2021-06-03T13:25:39+00:00","article_modified_time":"2021-06-03T13:25:43+00:00","og_image":[{"width":200,"height":200,"url":"https:\/\/lospoliticosveracruz.com\/wp-content\/uploads\/2016\/07\/Logo-Dor.jpg","type":"image\/jpeg"}],"author":"Lo viste en Los Pol\u00edticos","twitter_card":"summary_large_image","twitter_creator":"@LosPoliticosVer","twitter_site":"@LosPoliticosVer","twitter_misc":{"Escrito por":"Lo viste en Los Pol\u00edticos","Tiempo de lectura":"6 minutos"},"schema":{"@context":"https:\/\/schema.org","@graph":[{"@type":"Article","@id":"https:\/\/lospoliticosveracruz.com\/?p=74878#article","isPartOf":{"@id":"https:\/\/lospoliticosveracruz.com\/?p=74878"},"author":{"name":"Lo viste en Los Pol\u00edticos","@id":"https:\/\/lospoliticosveracruz.com\/#\/schema\/person\/b8702bb0e538456e6efd07080bf2a4a2"},"headline":"Mario Delgado, \u00bftendiendo la cama a Cuic?","datePublished":"2021-06-03T13:25:39+00:00","dateModified":"2021-06-03T13:25:43+00:00","mainEntityOfPage":{"@id":"https:\/\/lospoliticosveracruz.com\/?p=74878"},"wordCount":1177,"publisher":{"@id":"https:\/\/lospoliticosveracruz.com\/#organization"},"keywords":["Andr\u00e9s Manuel L\u00f3pez Obrador","Cuitl\u00e1huac Garc\u00eda","Esteban Ram\u00edrez Zepeta","Juan Manuel D\u00edez","Manuel Huerta Ladr\u00f3n de Guevara","Miguel Hermida Copado","Morena","Ricardo Exsome","Rocio Nahle","Veracruz"],"articleSection":["De Opini\u00f3n"],"inLanguage":"es"},{"@type":"WebPage","@id":"https:\/\/lospoliticosveracruz.com\/?p=74878","url":"https:\/\/lospoliticosveracruz.com\/?p=74878","name":"Mario Delgado, \u00bftendiendo la cama a Cuic? - Los pol\u00edticos Veracruz","isPartOf":{"@id":"https:\/\/lospoliticosveracruz.com\/#website"},"datePublished":"2021-06-03T13:25:39+00:00","dateModified":"2021-06-03T13:25:43+00:00","breadcrumb":{"@id":"https:\/\/lospoliticosveracruz.com\/?p=74878#breadcrumb"},"inLanguage":"es","potentialAction":[{"@type":"ReadAction","target":["https:\/\/lospoliticosveracruz.com\/?p=74878"]}]},{"@type":"BreadcrumbList","@id":"https:\/\/lospoliticosveracruz.com\/?p=74878#breadcrumb","itemListElement":[{"@type":"ListItem","position":1,"name":"Portada","item":"https:\/\/lospoliticosveracruz.com\/"},{"@type":"ListItem","position":2,"name":"Mario Delgado, \u00bftendiendo la cama a Cuic?"}]},{"@type":"WebSite","@id":"https:\/\/lospoliticosveracruz.com\/#website","url":"https:\/\/lospoliticosveracruz.com\/","name":"Los pol\u00edticos Veracruz","description":"","publisher":{"@id":"https:\/\/lospoliticosveracruz.com\/#organization"},"potentialAction":[{"@type":"SearchAction","target":{"@type":"EntryPoint","urlTemplate":"https:\/\/lospoliticosveracruz.com\/?s={search_term_string}"},"query-input":{"@type":"PropertyValueSpecification","valueRequired":true,"valueName":"search_term_string"}}],"inLanguage":"es"},{"@type":"Organization","@id":"https:\/\/lospoliticosveracruz.com\/#organization","name":"Los pol\u00edticos Veracruz","url":"https:\/\/lospoliticosveracruz.com\/","logo":{"@type":"ImageObject","inLanguage":"es","@id":"https:\/\/lospoliticosveracruz.com\/#\/schema\/logo\/image\/","url":"https:\/\/lospoliticosveracruz.com\/wp-content\/uploads\/2025\/12\/Logo-Nuevo-LOS-POLITICOS-1.jpg","contentUrl":"https:\/\/lospoliticosveracruz.com\/wp-content\/uploads\/2025\/12\/Logo-Nuevo-LOS-POLITICOS-1.jpg","width":260,"height":70,"caption":"Los pol\u00edticos Veracruz"},"image":{"@id":"https:\/\/lospoliticosveracruz.com\/#\/schema\/logo\/image\/"},"sameAs":["https:\/\/www.facebook.com\/people\/Notimemes-de-los-Polticos\/61565672886568\/","https:\/\/x.com\/LosPoliticosVer"]},{"@type":"Person","@id":"https:\/\/lospoliticosveracruz.com\/#\/schema\/person\/b8702bb0e538456e6efd07080bf2a4a2","name":"Lo viste en Los Pol\u00edticos","image":{"@type":"ImageObject","inLanguage":"es","@id":"https:\/\/secure.gravatar.com\/avatar\/3a8de04a2656d44082be478bd6c086daa447c4651605818287b9532d3d0bd435?s=96&d=mm&r=g","url":"https:\/\/secure.gravatar.com\/avatar\/3a8de04a2656d44082be478bd6c086daa447c4651605818287b9532d3d0bd435?s=96&d=mm&r=g","contentUrl":"https:\/\/secure.gravatar.com\/avatar\/3a8de04a2656d44082be478bd6c086daa447c4651605818287b9532d3d0bd435?s=96&d=mm&r=g","caption":"Lo viste en Los Pol\u00edticos"},"url":"https:\/\/lospoliticosveracruz.com\/?author=2"}]}},"_links":{"self":[{"href":"https:\/\/lospoliticosveracruz.com\/index.php?rest_route=\/wp\/v2\/posts\/74878","targetHints":{"allow":["GET"]}}],"collection":[{"href":"https:\/\/lospoliticosveracruz.com\/index.php?rest_route=\/wp\/v2\/posts"}],"about":[{"href":"https:\/\/lospoliticosveracruz.com\/index.php?rest_route=\/wp\/v2\/types\/post"}],"author":[{"embeddable":true,"href":"https:\/\/lospoliticosveracruz.com\/index.php?rest_route=\/wp\/v2\/users\/2"}],"replies":[{"embeddable":true,"href":"https:\/\/lospoliticosveracruz.com\/index.php?rest_route=%2Fwp%2Fv2%2Fcomments&post=74878"}],"version-history":[{"count":1,"href":"https:\/\/lospoliticosveracruz.com\/index.php?rest_route=\/wp\/v2\/posts\/74878\/revisions"}],"predecessor-version":[{"id":74879,"href":"https:\/\/lospoliticosveracruz.com\/index.php?rest_route=\/wp\/v2\/posts\/74878\/revisions\/74879"}],"wp:attachment":[{"href":"https:\/\/lospoliticosveracruz.com\/index.php?rest_route=%2Fwp%2Fv2%2Fmedia&parent=74878"}],"wp:term":[{"taxonomy":"category","embeddable":true,"href":"https:\/\/lospoliticosveracruz.com\/index.php?rest_route=%2Fwp%2Fv2%2Fcategories&post=74878"},{"taxonomy":"post_tag","embeddable":true,"href":"https:\/\/lospoliticosveracruz.com\/index.php?rest_route=%2Fwp%2Fv2%2Ftags&post=74878"}],"curies":[{"name":"wp","href":"https:\/\/api.w.org\/{rel}","templated":true}]}}