{"id":75144,"date":"2021-06-08T21:58:31","date_gmt":"2021-06-09T02:58:31","guid":{"rendered":"http:\/\/www.lospoliticosveracruz.com.mx\/?p=75144"},"modified":"2021-06-08T21:58:35","modified_gmt":"2021-06-09T02:58:35","slug":"cruella","status":"publish","type":"post","link":"https:\/\/lospoliticosveracruz.com\/?p=75144","title":{"rendered":"Cruella"},"content":{"rendered":"\n<p><strong>Maricarmen Garc\u00eda El\u00edas<\/strong><\/p>\n\n\n\n<p><em>Animalia<\/em><br><br>La semana pasada Disney en su plataforma de streaming estren\u00f3 la versi\u00f3n m\u00e1s moderna de la pel\u00edcula Cruella, este es un filme cl\u00e1sico que en su formato original de mediados de los 90\u00b4s se llam\u00f3 Los 101 D\u00e1lmatas en ella una villana amante del uso de pieles en nombre de la moda se obsesiona con unos cachorros de la raza d\u00e1lmata luego de que su asistente dise\u00f1adora le muestra un abrigo con los colores de estos perros, a partir de ah\u00ed Cruella har\u00e1 todo por atrapar los perros que sean necesarios para confeccionar su codiciada prenda.<br>En el filme cl\u00e1sico protagonizado por Glenn Close, una de las mejores actrices de Hollywood que en reiteradas ocasiones ha apoyado campa\u00f1as contra el maltrato animal, se muestra c\u00f3mo los cazadores, taxidermistas y personas fr\u00edvolas como la protagonista dan muerte a un le\u00f3n y a otros animales s\u00f3lo por gusto, es esta una de las primeras pel\u00edculas donde Disney echa una mirada al sufrimiento de los animales que son empleados por las casas de modas y laboratorios y lo expone en una forma transparente y sutil pero lo suficientemente claro para que los ni\u00f1os de la \u00e9poca entendieran que el uso de pieles no es correcto, al final la pareja de enamorados due\u00f1os de los cachorros adoptan a m\u00e1s de cien de estos animalitos que fueron rescatados de la loca de Cruella, yo considerar\u00eda esta pel\u00edcula la m\u00e1s animalista que Disney ha hecho en todos los tiempos.<br>La nueva adaptaci\u00f3n de Los 101 D\u00e1lmatas (Cruella) protagonizada por la joven Emma Stone ha recibido cr\u00edticas tanto positivas como negativas a diferencia de su hom\u00f3loga noventera que hasta el d\u00eda de hoy sigue recibiendo elogios, pero m\u00e1s all\u00e1 de las comparaciones y las cr\u00edticas sobre las actuaciones de los personajes principales, el tema es el mismo, una loca obsesionada con matar animales solo para vestirse y sentirse hermosa pues carga en sus hombros unos traumas y complejos desde su infancia que no ha resuelto y que la llevan a esconder esa inferioridad autoimpuesta en el uso de pieles, marcas costosas y lujos exc\u00e9ntricos.<br>La infancia es la principal etapa de todo ser humano donde se siente y se sabe lo valioso que eres como persona y lo valioso que eres para los dem\u00e1s a partir de ah\u00ed se forma el car\u00e1cter, la educaci\u00f3n, seguridad emocional y los valores terminan por moldear a una persona que ser\u00e1 en los sucesivo exitosa en todas las \u00e1reas de su vida, en el caso contrario, si en la infancia no se recibi\u00f3 el amor, la seguridad y la val\u00eda necesaria como persona inevitablemente llegaran los traumas y complejos que acompa\u00f1aran al ser humano por el resto de su vida si no trabaja en ellos, esos complejos no superados llevan a las personas a ser antip\u00e1ticas, ego\u00edstas, superficiales, hambrientas de poder, a creer que su val\u00eda est\u00e1 \u00fanicamente en los objetos materiales y el dinero o poder que poseen y en casos graves a cometer cr\u00edmenes , como se puede observar en Cruella de Vil que en el fondo alberga a\u00fan sentimientos buenos.<br>Este nuevo remake y live action de Disney contin\u00faa en la l\u00ednea de protecci\u00f3n animal pues no hay escenas donde se violente a los animales y a diferencia del cl\u00e1sico original donde hubo una moda por comprar d\u00e1lmatas, en esta nueva pel\u00edcula y ante la recomendaci\u00f3n de peta (Personas por el Trato \u00c9tico hacia los Animales), los cr\u00e9ditos al final de la cinta incorporan el mensaje de adopci\u00f3n responsable, record\u00e1ndole acertadamente a la audiencia que todos los perros merecen un hogar amoroso y alienta a los espectadores interesados en dar la bienvenida a un animal de compa\u00f1\u00eda en su familia a brindarles a los perros de refugios una vida feliz para siempre, una pel\u00edcula cien por ciento recomendada para ver en familia que trasmite a los ni\u00f1os muchos mensajes positivos.<\/p>\n","protected":false},"excerpt":{"rendered":"<p>Maricarmen Garc\u00eda El\u00edas Animalia La semana pasada Disney en su plataforma de streaming estren\u00f3 la versi\u00f3n m\u00e1s moderna de la pel\u00edcula Cruella, este es un filme cl\u00e1sico que en su formato original de mediados de los 90\u00b4s se llam\u00f3 Los 101 D\u00e1lmatas en ella una villana amante del uso de pieles en nombre de la [&hellip;]<\/p>\n","protected":false},"author":2,"featured_media":0,"comment_status":"closed","ping_status":"closed","sticky":false,"template":"","format":"standard","meta":{"tdm_status":"","tdm_grid_status":"","footnotes":""},"categories":[6451],"tags":[28629,28716,28715,16828,28714],"class_list":{"0":"post-75144","1":"post","2":"type-post","3":"status-publish","4":"format-standard","6":"category-historias_de_amigos","7":"tag-cruella","8":"tag-dalmata","9":"tag-los-101-dalmatas","10":"tag-maricarmen-garcia-elias","11":"tag-pelicula-cruella"},"yoast_head":"<!-- This site is optimized with the Yoast SEO plugin v27.4 - https:\/\/yoast.com\/product\/yoast-seo-wordpress\/ -->\n<title>Cruella - Los pol\u00edticos Veracruz<\/title>\n<meta name=\"robots\" content=\"index, follow, max-snippet:-1, max-image-preview:large, max-video-preview:-1\" \/>\n<link rel=\"canonical\" href=\"https:\/\/lospoliticosveracruz.com\/?p=75144\" \/>\n<meta property=\"og:locale\" content=\"es_ES\" \/>\n<meta property=\"og:type\" content=\"article\" \/>\n<meta property=\"og:title\" content=\"Cruella - Los pol\u00edticos Veracruz\" \/>\n<meta property=\"og:description\" content=\"Maricarmen Garc\u00eda El\u00edas Animalia La semana pasada Disney en su plataforma de streaming estren\u00f3 la versi\u00f3n m\u00e1s moderna de la pel\u00edcula Cruella, este es un filme cl\u00e1sico que en su formato original de mediados de los 90\u00b4s se llam\u00f3 Los 101 D\u00e1lmatas en ella una villana amante del uso de pieles en nombre de la [&hellip;]\" \/>\n<meta property=\"og:url\" content=\"https:\/\/lospoliticosveracruz.com\/?p=75144\" \/>\n<meta property=\"og:site_name\" content=\"Los pol\u00edticos Veracruz\" \/>\n<meta property=\"article:publisher\" content=\"https:\/\/www.facebook.com\/people\/Notimemes-de-los-Polticos\/61565672886568\/\" \/>\n<meta property=\"article:published_time\" content=\"2021-06-09T02:58:31+00:00\" \/>\n<meta property=\"article:modified_time\" content=\"2021-06-09T02:58:35+00:00\" \/>\n<meta property=\"og:image\" content=\"https:\/\/lospoliticosveracruz.com\/wp-content\/uploads\/2016\/07\/Logo-Dor.jpg\" \/>\n\t<meta property=\"og:image:width\" content=\"200\" \/>\n\t<meta property=\"og:image:height\" content=\"200\" \/>\n\t<meta property=\"og:image:type\" content=\"image\/jpeg\" \/>\n<meta name=\"author\" content=\"Lo viste en Los Pol\u00edticos\" \/>\n<meta name=\"twitter:card\" content=\"summary_large_image\" \/>\n<meta name=\"twitter:creator\" content=\"@LosPoliticosVer\" \/>\n<meta name=\"twitter:site\" content=\"@LosPoliticosVer\" \/>\n<meta name=\"twitter:label1\" content=\"Escrito por\" \/>\n\t<meta name=\"twitter:data1\" content=\"Lo viste en Los Pol\u00edticos\" \/>\n\t<meta name=\"twitter:label2\" content=\"Tiempo de lectura\" \/>\n\t<meta name=\"twitter:data2\" content=\"3 minutos\" \/>\n<script type=\"application\/ld+json\" class=\"yoast-schema-graph\">{\"@context\":\"https:\\\/\\\/schema.org\",\"@graph\":[{\"@type\":\"Article\",\"@id\":\"https:\\\/\\\/lospoliticosveracruz.com\\\/?p=75144#article\",\"isPartOf\":{\"@id\":\"https:\\\/\\\/lospoliticosveracruz.com\\\/?p=75144\"},\"author\":{\"name\":\"Lo viste en Los Pol\u00edticos\",\"@id\":\"https:\\\/\\\/lospoliticosveracruz.com\\\/#\\\/schema\\\/person\\\/b8702bb0e538456e6efd07080bf2a4a2\"},\"headline\":\"Cruella\",\"datePublished\":\"2021-06-09T02:58:31+00:00\",\"dateModified\":\"2021-06-09T02:58:35+00:00\",\"mainEntityOfPage\":{\"@id\":\"https:\\\/\\\/lospoliticosveracruz.com\\\/?p=75144\"},\"wordCount\":697,\"publisher\":{\"@id\":\"https:\\\/\\\/lospoliticosveracruz.com\\\/#organization\"},\"keywords\":[\"Cruella\",\"d\u00e1lmata\",\"Los 101 D\u00e1lmatas\",\"Maricarmen Garc\u00eda El\u00edas\",\"pel\u00edcula Cruella\"],\"articleSection\":[\"Historias de Amigos\"],\"inLanguage\":\"es\"},{\"@type\":\"WebPage\",\"@id\":\"https:\\\/\\\/lospoliticosveracruz.com\\\/?p=75144\",\"url\":\"https:\\\/\\\/lospoliticosveracruz.com\\\/?p=75144\",\"name\":\"Cruella - Los pol\u00edticos Veracruz\",\"isPartOf\":{\"@id\":\"https:\\\/\\\/lospoliticosveracruz.com\\\/#website\"},\"datePublished\":\"2021-06-09T02:58:31+00:00\",\"dateModified\":\"2021-06-09T02:58:35+00:00\",\"breadcrumb\":{\"@id\":\"https:\\\/\\\/lospoliticosveracruz.com\\\/?p=75144#breadcrumb\"},\"inLanguage\":\"es\",\"potentialAction\":[{\"@type\":\"ReadAction\",\"target\":[\"https:\\\/\\\/lospoliticosveracruz.com\\\/?p=75144\"]}]},{\"@type\":\"BreadcrumbList\",\"@id\":\"https:\\\/\\\/lospoliticosveracruz.com\\\/?p=75144#breadcrumb\",\"itemListElement\":[{\"@type\":\"ListItem\",\"position\":1,\"name\":\"Portada\",\"item\":\"https:\\\/\\\/lospoliticosveracruz.com\\\/\"},{\"@type\":\"ListItem\",\"position\":2,\"name\":\"Cruella\"}]},{\"@type\":\"WebSite\",\"@id\":\"https:\\\/\\\/lospoliticosveracruz.com\\\/#website\",\"url\":\"https:\\\/\\\/lospoliticosveracruz.com\\\/\",\"name\":\"Los pol\u00edticos Veracruz\",\"description\":\"\",\"publisher\":{\"@id\":\"https:\\\/\\\/lospoliticosveracruz.com\\\/#organization\"},\"potentialAction\":[{\"@type\":\"SearchAction\",\"target\":{\"@type\":\"EntryPoint\",\"urlTemplate\":\"https:\\\/\\\/lospoliticosveracruz.com\\\/?s={search_term_string}\"},\"query-input\":{\"@type\":\"PropertyValueSpecification\",\"valueRequired\":true,\"valueName\":\"search_term_string\"}}],\"inLanguage\":\"es\"},{\"@type\":\"Organization\",\"@id\":\"https:\\\/\\\/lospoliticosveracruz.com\\\/#organization\",\"name\":\"Los pol\u00edticos Veracruz\",\"url\":\"https:\\\/\\\/lospoliticosveracruz.com\\\/\",\"logo\":{\"@type\":\"ImageObject\",\"inLanguage\":\"es\",\"@id\":\"https:\\\/\\\/lospoliticosveracruz.com\\\/#\\\/schema\\\/logo\\\/image\\\/\",\"url\":\"https:\\\/\\\/lospoliticosveracruz.com\\\/wp-content\\\/uploads\\\/2025\\\/12\\\/Logo-Nuevo-LOS-POLITICOS-1.jpg\",\"contentUrl\":\"https:\\\/\\\/lospoliticosveracruz.com\\\/wp-content\\\/uploads\\\/2025\\\/12\\\/Logo-Nuevo-LOS-POLITICOS-1.jpg\",\"width\":260,\"height\":70,\"caption\":\"Los pol\u00edticos Veracruz\"},\"image\":{\"@id\":\"https:\\\/\\\/lospoliticosveracruz.com\\\/#\\\/schema\\\/logo\\\/image\\\/\"},\"sameAs\":[\"https:\\\/\\\/www.facebook.com\\\/people\\\/Notimemes-de-los-Polticos\\\/61565672886568\\\/\",\"https:\\\/\\\/x.com\\\/LosPoliticosVer\"]},{\"@type\":\"Person\",\"@id\":\"https:\\\/\\\/lospoliticosveracruz.com\\\/#\\\/schema\\\/person\\\/b8702bb0e538456e6efd07080bf2a4a2\",\"name\":\"Lo viste en Los Pol\u00edticos\",\"image\":{\"@type\":\"ImageObject\",\"inLanguage\":\"es\",\"@id\":\"https:\\\/\\\/secure.gravatar.com\\\/avatar\\\/3a8de04a2656d44082be478bd6c086daa447c4651605818287b9532d3d0bd435?s=96&d=mm&r=g\",\"url\":\"https:\\\/\\\/secure.gravatar.com\\\/avatar\\\/3a8de04a2656d44082be478bd6c086daa447c4651605818287b9532d3d0bd435?s=96&d=mm&r=g\",\"contentUrl\":\"https:\\\/\\\/secure.gravatar.com\\\/avatar\\\/3a8de04a2656d44082be478bd6c086daa447c4651605818287b9532d3d0bd435?s=96&d=mm&r=g\",\"caption\":\"Lo viste en Los Pol\u00edticos\"},\"url\":\"https:\\\/\\\/lospoliticosveracruz.com\\\/?author=2\"}]}<\/script>\n<!-- \/ Yoast SEO plugin. -->","yoast_head_json":{"title":"Cruella - Los pol\u00edticos Veracruz","robots":{"index":"index","follow":"follow","max-snippet":"max-snippet:-1","max-image-preview":"max-image-preview:large","max-video-preview":"max-video-preview:-1"},"canonical":"https:\/\/lospoliticosveracruz.com\/?p=75144","og_locale":"es_ES","og_type":"article","og_title":"Cruella - Los pol\u00edticos Veracruz","og_description":"Maricarmen Garc\u00eda El\u00edas Animalia La semana pasada Disney en su plataforma de streaming estren\u00f3 la versi\u00f3n m\u00e1s moderna de la pel\u00edcula Cruella, este es un filme cl\u00e1sico que en su formato original de mediados de los 90\u00b4s se llam\u00f3 Los 101 D\u00e1lmatas en ella una villana amante del uso de pieles en nombre de la [&hellip;]","og_url":"https:\/\/lospoliticosveracruz.com\/?p=75144","og_site_name":"Los pol\u00edticos Veracruz","article_publisher":"https:\/\/www.facebook.com\/people\/Notimemes-de-los-Polticos\/61565672886568\/","article_published_time":"2021-06-09T02:58:31+00:00","article_modified_time":"2021-06-09T02:58:35+00:00","og_image":[{"width":200,"height":200,"url":"https:\/\/lospoliticosveracruz.com\/wp-content\/uploads\/2016\/07\/Logo-Dor.jpg","type":"image\/jpeg"}],"author":"Lo viste en Los Pol\u00edticos","twitter_card":"summary_large_image","twitter_creator":"@LosPoliticosVer","twitter_site":"@LosPoliticosVer","twitter_misc":{"Escrito por":"Lo viste en Los Pol\u00edticos","Tiempo de lectura":"3 minutos"},"schema":{"@context":"https:\/\/schema.org","@graph":[{"@type":"Article","@id":"https:\/\/lospoliticosveracruz.com\/?p=75144#article","isPartOf":{"@id":"https:\/\/lospoliticosveracruz.com\/?p=75144"},"author":{"name":"Lo viste en Los Pol\u00edticos","@id":"https:\/\/lospoliticosveracruz.com\/#\/schema\/person\/b8702bb0e538456e6efd07080bf2a4a2"},"headline":"Cruella","datePublished":"2021-06-09T02:58:31+00:00","dateModified":"2021-06-09T02:58:35+00:00","mainEntityOfPage":{"@id":"https:\/\/lospoliticosveracruz.com\/?p=75144"},"wordCount":697,"publisher":{"@id":"https:\/\/lospoliticosveracruz.com\/#organization"},"keywords":["Cruella","d\u00e1lmata","Los 101 D\u00e1lmatas","Maricarmen Garc\u00eda El\u00edas","pel\u00edcula Cruella"],"articleSection":["Historias de Amigos"],"inLanguage":"es"},{"@type":"WebPage","@id":"https:\/\/lospoliticosveracruz.com\/?p=75144","url":"https:\/\/lospoliticosveracruz.com\/?p=75144","name":"Cruella - Los pol\u00edticos Veracruz","isPartOf":{"@id":"https:\/\/lospoliticosveracruz.com\/#website"},"datePublished":"2021-06-09T02:58:31+00:00","dateModified":"2021-06-09T02:58:35+00:00","breadcrumb":{"@id":"https:\/\/lospoliticosveracruz.com\/?p=75144#breadcrumb"},"inLanguage":"es","potentialAction":[{"@type":"ReadAction","target":["https:\/\/lospoliticosveracruz.com\/?p=75144"]}]},{"@type":"BreadcrumbList","@id":"https:\/\/lospoliticosveracruz.com\/?p=75144#breadcrumb","itemListElement":[{"@type":"ListItem","position":1,"name":"Portada","item":"https:\/\/lospoliticosveracruz.com\/"},{"@type":"ListItem","position":2,"name":"Cruella"}]},{"@type":"WebSite","@id":"https:\/\/lospoliticosveracruz.com\/#website","url":"https:\/\/lospoliticosveracruz.com\/","name":"Los pol\u00edticos Veracruz","description":"","publisher":{"@id":"https:\/\/lospoliticosveracruz.com\/#organization"},"potentialAction":[{"@type":"SearchAction","target":{"@type":"EntryPoint","urlTemplate":"https:\/\/lospoliticosveracruz.com\/?s={search_term_string}"},"query-input":{"@type":"PropertyValueSpecification","valueRequired":true,"valueName":"search_term_string"}}],"inLanguage":"es"},{"@type":"Organization","@id":"https:\/\/lospoliticosveracruz.com\/#organization","name":"Los pol\u00edticos Veracruz","url":"https:\/\/lospoliticosveracruz.com\/","logo":{"@type":"ImageObject","inLanguage":"es","@id":"https:\/\/lospoliticosveracruz.com\/#\/schema\/logo\/image\/","url":"https:\/\/lospoliticosveracruz.com\/wp-content\/uploads\/2025\/12\/Logo-Nuevo-LOS-POLITICOS-1.jpg","contentUrl":"https:\/\/lospoliticosveracruz.com\/wp-content\/uploads\/2025\/12\/Logo-Nuevo-LOS-POLITICOS-1.jpg","width":260,"height":70,"caption":"Los pol\u00edticos Veracruz"},"image":{"@id":"https:\/\/lospoliticosveracruz.com\/#\/schema\/logo\/image\/"},"sameAs":["https:\/\/www.facebook.com\/people\/Notimemes-de-los-Polticos\/61565672886568\/","https:\/\/x.com\/LosPoliticosVer"]},{"@type":"Person","@id":"https:\/\/lospoliticosveracruz.com\/#\/schema\/person\/b8702bb0e538456e6efd07080bf2a4a2","name":"Lo viste en Los Pol\u00edticos","image":{"@type":"ImageObject","inLanguage":"es","@id":"https:\/\/secure.gravatar.com\/avatar\/3a8de04a2656d44082be478bd6c086daa447c4651605818287b9532d3d0bd435?s=96&d=mm&r=g","url":"https:\/\/secure.gravatar.com\/avatar\/3a8de04a2656d44082be478bd6c086daa447c4651605818287b9532d3d0bd435?s=96&d=mm&r=g","contentUrl":"https:\/\/secure.gravatar.com\/avatar\/3a8de04a2656d44082be478bd6c086daa447c4651605818287b9532d3d0bd435?s=96&d=mm&r=g","caption":"Lo viste en Los Pol\u00edticos"},"url":"https:\/\/lospoliticosveracruz.com\/?author=2"}]}},"_links":{"self":[{"href":"https:\/\/lospoliticosveracruz.com\/index.php?rest_route=\/wp\/v2\/posts\/75144","targetHints":{"allow":["GET"]}}],"collection":[{"href":"https:\/\/lospoliticosveracruz.com\/index.php?rest_route=\/wp\/v2\/posts"}],"about":[{"href":"https:\/\/lospoliticosveracruz.com\/index.php?rest_route=\/wp\/v2\/types\/post"}],"author":[{"embeddable":true,"href":"https:\/\/lospoliticosveracruz.com\/index.php?rest_route=\/wp\/v2\/users\/2"}],"replies":[{"embeddable":true,"href":"https:\/\/lospoliticosveracruz.com\/index.php?rest_route=%2Fwp%2Fv2%2Fcomments&post=75144"}],"version-history":[{"count":1,"href":"https:\/\/lospoliticosveracruz.com\/index.php?rest_route=\/wp\/v2\/posts\/75144\/revisions"}],"predecessor-version":[{"id":75146,"href":"https:\/\/lospoliticosveracruz.com\/index.php?rest_route=\/wp\/v2\/posts\/75144\/revisions\/75146"}],"wp:attachment":[{"href":"https:\/\/lospoliticosveracruz.com\/index.php?rest_route=%2Fwp%2Fv2%2Fmedia&parent=75144"}],"wp:term":[{"taxonomy":"category","embeddable":true,"href":"https:\/\/lospoliticosveracruz.com\/index.php?rest_route=%2Fwp%2Fv2%2Fcategories&post=75144"},{"taxonomy":"post_tag","embeddable":true,"href":"https:\/\/lospoliticosveracruz.com\/index.php?rest_route=%2Fwp%2Fv2%2Ftags&post=75144"}],"curies":[{"name":"wp","href":"https:\/\/api.w.org\/{rel}","templated":true}]}}