{"id":75147,"date":"2021-06-09T08:41:36","date_gmt":"2021-06-09T13:41:36","guid":{"rendered":"http:\/\/www.lospoliticosveracruz.com.mx\/?p=75147"},"modified":"2021-06-09T08:43:37","modified_gmt":"2021-06-09T13:43:37","slug":"mc-la-sorpresa","status":"publish","type":"post","link":"https:\/\/lospoliticosveracruz.com\/?p=75147","title":{"rendered":"MC, la sorpresa!"},"content":{"rendered":"\n<p><\/p>\n\n\n\n<p><strong>Ricardo Ch\u00faa<br><\/strong><em>Sale y Vale<\/em><\/p>\n\n\n\n<p>Si otra cosa no sucede en las pr\u00f3ximas horas cuando se hagan oficiales los resultados en el OPLE de como quedar\u00e1 conformado el pr\u00f3ximo Congreso del Estado\u2026 Es muy probable que Movimiento Ciudadano logre de manera directa dos curules de manera plurinominal, que ser\u00edan para Adr\u00edan \u00abEl Chino\u00bb Avila Estrada y Maribel Ram\u00edrez Topete\u2026 Pero como la sobrerrepresentaci\u00f3n de MORENA en el n\u00famero de diputados locales es evidente\u2026 Es probable que MC alcance una curul m\u00e1s\u2026<br>Pero el tema trascendental para el partido \u00abnaranja\u00bb en Veracruz\u2026 Es primero que nada, que alcanzan el registro estatal como partido pol\u00edtico\u2026 Creciendo casi el 200 por ciento, en comparaci\u00f3n con la elecci\u00f3n local del 2018\u2026 De esa manera, se convierten en la fuerza pol\u00edtica de MAYOR crecimiento en Veracruz y en el pa\u00eds\u2026 Y para \u00abel colmo\u00bb el MC en \u00abjarochilandia\u00bb est\u00e1n por encima de la votaci\u00f3n nacional obtenida en otros estados\u2026 Es decir, la estrategia de Dante de ir solos\u2026 Le funcion\u00f3 en la entidad\u2026. Ya tienen un sitio asegurado en el OPLE\u2026<br>Hasta el momento, salvo que por la tarde el OPLE diga lo contrario con el 100 por ciento de las actas contabilizadas, MC gobernar\u00e1 en 18 municipios de la entidad\u2026 Tienen casi el 8 por ciento de la votaci\u00f3n total en Veracruz\u2026 Por eso, alcanzan el registro como partido pol\u00edtico en el Estado\u2026 Y si por esa votaci\u00f3n logran alcanzar un diputado local m\u00e1s\u2026 Tendr\u00edan entonces los necesarios para formar su \u00abmini\u00bb bancada\u2026 Mejor imposible para Sergio Gil y compa\u00f1\u00eda\u2026. Y muchos pensaban que no iba a lograr ni el 3 por ciento de la votaci\u00f3n\u2026 AMEN\u2026.<\/p>\n\n\n\n<p>\u00bfQUI\u00c9N TRAICION\u00d3 A CAROLINA?\u2026 Uno de los enigmas que m\u00e1s han dado vuelta, entre propios y extra\u00f1os, dentro de la elecci\u00f3n a diputados locales en Veracruz, sobre todo en el distrito XIV, que se conoce como Veracruz Urbano\u2026 Es saber en d\u00f3nde est\u00e1n esos 8 mil votos que le faltan a Carolina Gudi\u00f1o Corro, candidata de la alianza PAN-PRI-PRD a este cargo de elecci\u00f3n popular\u2026. Y que con esa votaci\u00f3n le hubiera ganado a Fernando Artega Aponte, de MORENA-PVEM-PT\u2026 Esa elecci\u00f3n, donde est\u00e9 triunfa por 7 mil votos de diferencia..<\/p>\n\n\n\n<p>Y la duda es porque en los n\u00fameros de la elecci\u00f3n\u2026 Los votos que obtiene Patricia Lobeira como candidata a la alcald\u00eda por el puerto de Veracruz, tan s\u00f3lo de ese distrito\u2026 Carolina tiene 8 mil votos menos que Paty\u2026. \u00bfQu\u00e9 pas\u00f3 ah\u00ed?\u2026 Y s\u00f3lo hubo alrededor de 2 mil 400 votos nulos.. As\u00ed que las cifras no cuadran entre la votaci\u00f3n obtenida en el distrito 14 entre la panista y la priista\u2026 Si ambas iban en la misma alianza\u2026 Distinto caso en el distrito 15 donde Miguel Hermida, s\u00ed tuvo el mismo porcentaje que obtuvo Paty Lobeira en esa demarcaci\u00f3n..<\/p>\n\n\n\n<p>Por eso, la duda es d\u00f3nde quedaron los votos\u2026 Ser\u00e1 que los panistas no quisieron votar por Carolina y lo hicieron por MORENA\u2026 Poco cre\u00edble\u2026. Con voto cruzado pierde Paty\u2026 Que soltaron esa elecci\u00f3n para abocarse a la municipal, previendo el conflicto con MORENA\u2026 Es probable o quiz\u00e1s los operadores del tricolor, s\u00f3lo pidieron el voto para el PAN\u2026 Si fue as\u00ed\u2026 La abandonaron\u2026 Por eso, el resultado en su distrito y gracias a los 8 mil votos del PRI, es que mantienen en su poder la alcald\u00eda\u2026 Esos 4 puntos son la \u00abgloria\u00bb para el PAN\u2026 AMEN\u2026<\/p>\n\n\n\n<p>GANA TAVO\u2026 Dif\u00edcilmente la candidata del PVEM-MORENA-PT en Alvarado, le empresaria, Lizzette Alvarez, le podr\u00e1 dar la vuelta al virtual ganador de la elecci\u00f3n a la alcald\u00eda de este municipio, Octavo Ruiz Barroso, de la coalici\u00f3n \u00abVeracruz Va\u00bb, del PAN-PRI-PRD\u2026 A pesar de que la diferencia entre el ganador y el vencido hayan sido por s\u00f3lo 22 votos\u2026 El motivo legal es muy sencillo\u2026 No podr\u00e1n abrir los paquetes electorales de la elecci\u00f3n del pasado domingo porque las urnas impugnadas estuvieron por m\u00e1s de 30 minutos sin representantes de casilla\u2026<\/p>\n\n\n\n<p>La situaci\u00f3n ocurrida en Alvarado para que ocurriera esa acci\u00f3n de dejar las urnas abandonadas por un tiempo determinado\u2026 Fue PRESUNTAMENTE por un hecho de inseguridad\u2026 Lo cual invalida ante cualquier tribunal electoral en el Estado o federal, que esa casilla sea tomada en cuenta para el conteo de los votos que ah\u00ed se dispongan porque no se garantiza, de que las mismas, tengan votos dentro de la urna de manera legal\u2026 Por esa raz\u00f3n, quedar\u00eda sin efecto legal, el pedir que se abra el paquete electoral\u2026<\/p>\n\n\n\n<p>De esa manera, Octavio Ruiz Barroso se convierte de nuevo en alcalde electo de Alvarado\u2026 Despu\u00e9s de una contienda muy cerrada con Lizzette Alvarez, que tuvo a s\u00f3lo 20 votos de arrebatarle el triunfo en este municipio\u2026 As\u00ed que si no sucede otra cosa y no hay otro tipo de denuncia electoral para evitar que el OPLE le otorgue el triunfo a Tavo \u00abRuin\u00bb\u2026 Es muy probable que en el transcurso de unas horas, se le entregue su constancia de mayor\u00eda por parte de este organismo\u2026 CONSUMATUM EST\u2026<\/p>\n\n\n\n<p>MEDELL\u00cdN, EL FACTOR SOFIA\u2026 Si a alguien le debe su derrota como candidato a diputado local por el distrito 17 de Medell\u00edn de Bravo, Hip\u00f3lito Deschamps, del PAN-PRI-PRD\u2026 NO es a Maleno Rosales, qui\u00e9n gan\u00f3 este proceso electoral por m\u00e1s de 10 mil votos a Polo, tampoco est\u00e1 perdida se la debe a MORENA\u2026 NOOOO\u2026 Esta ca\u00edda en la demarcaci\u00f3n tiene nombre, apellido y marca: Sof\u00eda Yunes Gamboa de Movimiento Ciudadano\u2026 Este partido y la candidata obtuvieron m\u00e1s de 17 mil votos en esta elecci\u00f3n\u2026 Votos que eran, quiz\u00e1s, de Polo\u2026<\/p>\n\n\n\n<p>Sofia Yunes creci\u00f3 pol\u00edticamente\u2026 En un distrito donde MC no exist\u00eda\u2026No ten\u00eda una presencia fuerte\u2026 Ya que si bien es cierto desde el 2013 manten\u00eda un f\u00e9rreo control el PAN\u2026 Este mito se acab\u00f3\u2026 Y no por fue Maleno, que gan\u00f3 la elecci\u00f3n en 2018, pero con tanto negativo que ten\u00eda en contra y por la imposici\u00f3n en su candidatura hecha por Manuel Huerta, el delegado del gobierno federal en Veracruz\u2026 Fue que los electores del distrito voltearon no hac\u00eda al PAN para derrotar a Maleno sino a Movimiento Ciudadano como opci\u00f3n\u2026 Ah\u00ed fue donde Polo perdi\u00f3\u2026<\/p>\n\n\n\n<p>Yunes le quit\u00f3 pr\u00e1cticamente con esos 17 mil votos que obtuvo, la oportunidad a Polo Deschamps, de regresar de nuevo al Congreso Local\u2026 Ganando la elecci\u00f3n como lo hizo en 2016.. Pero como ella, no cont\u00f3 con la estructura y recursos necesarios\u2026 No logr\u00f3 acercarse a Los Morenos y a Maleno\u2026 Pero con los sufragios obtenidos fueron suficientes para hacer perder a Polo\u2026 Pero sin lugar a dudas, Sofia Yunes se convierte en el activo pol\u00edtico de MC m\u00e1s importante del distrito de Medell\u00edn de Bravo\u2026 Ella hizo crecer al partido de Dante\u2026 AMEN<\/p>\n","protected":false},"excerpt":{"rendered":"<p>Ricardo Ch\u00faaSale y Vale Si otra cosa no sucede en las pr\u00f3ximas horas cuando se hagan oficiales los resultados en el OPLE de como quedar\u00e1 conformado el pr\u00f3ximo Congreso del Estado\u2026 Es muy probable que Movimiento Ciudadano logre de manera directa dos curules de manera plurinominal, que ser\u00edan para Adr\u00edan \u00abEl Chino\u00bb Avila Estrada y [&hellip;]<\/p>\n","protected":false},"author":2,"featured_media":0,"comment_status":"closed","ping_status":"closed","sticky":false,"template":"","format":"standard","meta":{"tdm_status":"","tdm_grid_status":"","footnotes":""},"categories":[70],"tags":[28718,17175,28095,13812,10808,1420,1026,2327,28508,28719,3272,11382],"class_list":{"0":"post-75147","1":"post","2":"type-post","3":"status-publish","4":"format-standard","6":"category-de-opinion","7":"tag-fernando-artega-aponte","8":"tag-hipolito-deschamps","9":"tag-lizzette-alvarez","10":"tag-maleno-rosales","11":"tag-maribel-ramirez-topete","12":"tag-medellin-de-bravo","13":"tag-morena","14":"tag-movimiento-ciudadano","15":"tag-movimiento-ciudano","16":"tag-octavo-ruiz-barroso","17":"tag-ople","18":"tag-sergio-gil"},"yoast_head":"<!-- This site is optimized with the Yoast SEO plugin v27.4 - https:\/\/yoast.com\/product\/yoast-seo-wordpress\/ -->\n<title>MC, la sorpresa! - Los pol\u00edticos Veracruz<\/title>\n<meta name=\"robots\" content=\"index, follow, max-snippet:-1, max-image-preview:large, max-video-preview:-1\" \/>\n<link rel=\"canonical\" href=\"https:\/\/lospoliticosveracruz.com\/?p=75147\" \/>\n<meta property=\"og:locale\" content=\"es_ES\" \/>\n<meta property=\"og:type\" content=\"article\" \/>\n<meta property=\"og:title\" content=\"MC, la sorpresa! - Los pol\u00edticos Veracruz\" \/>\n<meta property=\"og:description\" content=\"Ricardo Ch\u00faaSale y Vale Si otra cosa no sucede en las pr\u00f3ximas horas cuando se hagan oficiales los resultados en el OPLE de como quedar\u00e1 conformado el pr\u00f3ximo Congreso del Estado\u2026 Es muy probable que Movimiento Ciudadano logre de manera directa dos curules de manera plurinominal, que ser\u00edan para Adr\u00edan \u00abEl Chino\u00bb Avila Estrada y [&hellip;]\" \/>\n<meta property=\"og:url\" content=\"https:\/\/lospoliticosveracruz.com\/?p=75147\" \/>\n<meta property=\"og:site_name\" content=\"Los pol\u00edticos Veracruz\" \/>\n<meta property=\"article:publisher\" content=\"https:\/\/www.facebook.com\/people\/Notimemes-de-los-Polticos\/61565672886568\/\" \/>\n<meta property=\"article:published_time\" content=\"2021-06-09T13:41:36+00:00\" \/>\n<meta property=\"article:modified_time\" content=\"2021-06-09T13:43:37+00:00\" \/>\n<meta property=\"og:image\" content=\"https:\/\/lospoliticosveracruz.com\/wp-content\/uploads\/2016\/07\/Logo-Dor.jpg\" \/>\n\t<meta property=\"og:image:width\" content=\"200\" \/>\n\t<meta property=\"og:image:height\" content=\"200\" \/>\n\t<meta property=\"og:image:type\" content=\"image\/jpeg\" \/>\n<meta name=\"author\" content=\"Lo viste en Los Pol\u00edticos\" \/>\n<meta name=\"twitter:card\" content=\"summary_large_image\" \/>\n<meta name=\"twitter:creator\" content=\"@LosPoliticosVer\" \/>\n<meta name=\"twitter:site\" content=\"@LosPoliticosVer\" \/>\n<meta name=\"twitter:label1\" content=\"Escrito por\" \/>\n\t<meta name=\"twitter:data1\" content=\"Lo viste en Los Pol\u00edticos\" \/>\n\t<meta name=\"twitter:label2\" content=\"Tiempo de lectura\" \/>\n\t<meta name=\"twitter:data2\" content=\"6 minutos\" \/>\n<script type=\"application\/ld+json\" class=\"yoast-schema-graph\">{\"@context\":\"https:\\\/\\\/schema.org\",\"@graph\":[{\"@type\":\"Article\",\"@id\":\"https:\\\/\\\/lospoliticosveracruz.com\\\/?p=75147#article\",\"isPartOf\":{\"@id\":\"https:\\\/\\\/lospoliticosveracruz.com\\\/?p=75147\"},\"author\":{\"name\":\"Lo viste en Los Pol\u00edticos\",\"@id\":\"https:\\\/\\\/lospoliticosveracruz.com\\\/#\\\/schema\\\/person\\\/b8702bb0e538456e6efd07080bf2a4a2\"},\"headline\":\"MC, la sorpresa!\",\"datePublished\":\"2021-06-09T13:41:36+00:00\",\"dateModified\":\"2021-06-09T13:43:37+00:00\",\"mainEntityOfPage\":{\"@id\":\"https:\\\/\\\/lospoliticosveracruz.com\\\/?p=75147\"},\"wordCount\":1175,\"publisher\":{\"@id\":\"https:\\\/\\\/lospoliticosveracruz.com\\\/#organization\"},\"keywords\":[\"Fernando Artega Aponte\",\"Hip\u00f3lito Deschamps\",\"Lizzette Alvarez\",\"Maleno Rosales\",\"Maribel Ram\u00edrez Topete\",\"Medell\u00edn de Bravo\",\"Morena\",\"Movimiento Ciudadano\",\"Movimiento Ciudano\",\"Octavo Ruiz Barroso\",\"OPLE\",\"Sergio Gil\"],\"articleSection\":[\"De Opini\u00f3n\"],\"inLanguage\":\"es\"},{\"@type\":\"WebPage\",\"@id\":\"https:\\\/\\\/lospoliticosveracruz.com\\\/?p=75147\",\"url\":\"https:\\\/\\\/lospoliticosveracruz.com\\\/?p=75147\",\"name\":\"MC, la sorpresa! - Los pol\u00edticos Veracruz\",\"isPartOf\":{\"@id\":\"https:\\\/\\\/lospoliticosveracruz.com\\\/#website\"},\"datePublished\":\"2021-06-09T13:41:36+00:00\",\"dateModified\":\"2021-06-09T13:43:37+00:00\",\"breadcrumb\":{\"@id\":\"https:\\\/\\\/lospoliticosveracruz.com\\\/?p=75147#breadcrumb\"},\"inLanguage\":\"es\",\"potentialAction\":[{\"@type\":\"ReadAction\",\"target\":[\"https:\\\/\\\/lospoliticosveracruz.com\\\/?p=75147\"]}]},{\"@type\":\"BreadcrumbList\",\"@id\":\"https:\\\/\\\/lospoliticosveracruz.com\\\/?p=75147#breadcrumb\",\"itemListElement\":[{\"@type\":\"ListItem\",\"position\":1,\"name\":\"Portada\",\"item\":\"https:\\\/\\\/lospoliticosveracruz.com\\\/\"},{\"@type\":\"ListItem\",\"position\":2,\"name\":\"MC, la sorpresa!\"}]},{\"@type\":\"WebSite\",\"@id\":\"https:\\\/\\\/lospoliticosveracruz.com\\\/#website\",\"url\":\"https:\\\/\\\/lospoliticosveracruz.com\\\/\",\"name\":\"Los pol\u00edticos Veracruz\",\"description\":\"\",\"publisher\":{\"@id\":\"https:\\\/\\\/lospoliticosveracruz.com\\\/#organization\"},\"potentialAction\":[{\"@type\":\"SearchAction\",\"target\":{\"@type\":\"EntryPoint\",\"urlTemplate\":\"https:\\\/\\\/lospoliticosveracruz.com\\\/?s={search_term_string}\"},\"query-input\":{\"@type\":\"PropertyValueSpecification\",\"valueRequired\":true,\"valueName\":\"search_term_string\"}}],\"inLanguage\":\"es\"},{\"@type\":\"Organization\",\"@id\":\"https:\\\/\\\/lospoliticosveracruz.com\\\/#organization\",\"name\":\"Los pol\u00edticos Veracruz\",\"url\":\"https:\\\/\\\/lospoliticosveracruz.com\\\/\",\"logo\":{\"@type\":\"ImageObject\",\"inLanguage\":\"es\",\"@id\":\"https:\\\/\\\/lospoliticosveracruz.com\\\/#\\\/schema\\\/logo\\\/image\\\/\",\"url\":\"https:\\\/\\\/lospoliticosveracruz.com\\\/wp-content\\\/uploads\\\/2025\\\/12\\\/Logo-Nuevo-LOS-POLITICOS-1.jpg\",\"contentUrl\":\"https:\\\/\\\/lospoliticosveracruz.com\\\/wp-content\\\/uploads\\\/2025\\\/12\\\/Logo-Nuevo-LOS-POLITICOS-1.jpg\",\"width\":260,\"height\":70,\"caption\":\"Los pol\u00edticos Veracruz\"},\"image\":{\"@id\":\"https:\\\/\\\/lospoliticosveracruz.com\\\/#\\\/schema\\\/logo\\\/image\\\/\"},\"sameAs\":[\"https:\\\/\\\/www.facebook.com\\\/people\\\/Notimemes-de-los-Polticos\\\/61565672886568\\\/\",\"https:\\\/\\\/x.com\\\/LosPoliticosVer\"]},{\"@type\":\"Person\",\"@id\":\"https:\\\/\\\/lospoliticosveracruz.com\\\/#\\\/schema\\\/person\\\/b8702bb0e538456e6efd07080bf2a4a2\",\"name\":\"Lo viste en Los Pol\u00edticos\",\"image\":{\"@type\":\"ImageObject\",\"inLanguage\":\"es\",\"@id\":\"https:\\\/\\\/secure.gravatar.com\\\/avatar\\\/3a8de04a2656d44082be478bd6c086daa447c4651605818287b9532d3d0bd435?s=96&d=mm&r=g\",\"url\":\"https:\\\/\\\/secure.gravatar.com\\\/avatar\\\/3a8de04a2656d44082be478bd6c086daa447c4651605818287b9532d3d0bd435?s=96&d=mm&r=g\",\"contentUrl\":\"https:\\\/\\\/secure.gravatar.com\\\/avatar\\\/3a8de04a2656d44082be478bd6c086daa447c4651605818287b9532d3d0bd435?s=96&d=mm&r=g\",\"caption\":\"Lo viste en Los Pol\u00edticos\"},\"url\":\"https:\\\/\\\/lospoliticosveracruz.com\\\/?author=2\"}]}<\/script>\n<!-- \/ Yoast SEO plugin. -->","yoast_head_json":{"title":"MC, la sorpresa! - Los pol\u00edticos Veracruz","robots":{"index":"index","follow":"follow","max-snippet":"max-snippet:-1","max-image-preview":"max-image-preview:large","max-video-preview":"max-video-preview:-1"},"canonical":"https:\/\/lospoliticosveracruz.com\/?p=75147","og_locale":"es_ES","og_type":"article","og_title":"MC, la sorpresa! - Los pol\u00edticos Veracruz","og_description":"Ricardo Ch\u00faaSale y Vale Si otra cosa no sucede en las pr\u00f3ximas horas cuando se hagan oficiales los resultados en el OPLE de como quedar\u00e1 conformado el pr\u00f3ximo Congreso del Estado\u2026 Es muy probable que Movimiento Ciudadano logre de manera directa dos curules de manera plurinominal, que ser\u00edan para Adr\u00edan \u00abEl Chino\u00bb Avila Estrada y [&hellip;]","og_url":"https:\/\/lospoliticosveracruz.com\/?p=75147","og_site_name":"Los pol\u00edticos Veracruz","article_publisher":"https:\/\/www.facebook.com\/people\/Notimemes-de-los-Polticos\/61565672886568\/","article_published_time":"2021-06-09T13:41:36+00:00","article_modified_time":"2021-06-09T13:43:37+00:00","og_image":[{"width":200,"height":200,"url":"https:\/\/lospoliticosveracruz.com\/wp-content\/uploads\/2016\/07\/Logo-Dor.jpg","type":"image\/jpeg"}],"author":"Lo viste en Los Pol\u00edticos","twitter_card":"summary_large_image","twitter_creator":"@LosPoliticosVer","twitter_site":"@LosPoliticosVer","twitter_misc":{"Escrito por":"Lo viste en Los Pol\u00edticos","Tiempo de lectura":"6 minutos"},"schema":{"@context":"https:\/\/schema.org","@graph":[{"@type":"Article","@id":"https:\/\/lospoliticosveracruz.com\/?p=75147#article","isPartOf":{"@id":"https:\/\/lospoliticosveracruz.com\/?p=75147"},"author":{"name":"Lo viste en Los Pol\u00edticos","@id":"https:\/\/lospoliticosveracruz.com\/#\/schema\/person\/b8702bb0e538456e6efd07080bf2a4a2"},"headline":"MC, la sorpresa!","datePublished":"2021-06-09T13:41:36+00:00","dateModified":"2021-06-09T13:43:37+00:00","mainEntityOfPage":{"@id":"https:\/\/lospoliticosveracruz.com\/?p=75147"},"wordCount":1175,"publisher":{"@id":"https:\/\/lospoliticosveracruz.com\/#organization"},"keywords":["Fernando Artega Aponte","Hip\u00f3lito Deschamps","Lizzette Alvarez","Maleno Rosales","Maribel Ram\u00edrez Topete","Medell\u00edn de Bravo","Morena","Movimiento Ciudadano","Movimiento Ciudano","Octavo Ruiz Barroso","OPLE","Sergio Gil"],"articleSection":["De Opini\u00f3n"],"inLanguage":"es"},{"@type":"WebPage","@id":"https:\/\/lospoliticosveracruz.com\/?p=75147","url":"https:\/\/lospoliticosveracruz.com\/?p=75147","name":"MC, la sorpresa! - Los pol\u00edticos Veracruz","isPartOf":{"@id":"https:\/\/lospoliticosveracruz.com\/#website"},"datePublished":"2021-06-09T13:41:36+00:00","dateModified":"2021-06-09T13:43:37+00:00","breadcrumb":{"@id":"https:\/\/lospoliticosveracruz.com\/?p=75147#breadcrumb"},"inLanguage":"es","potentialAction":[{"@type":"ReadAction","target":["https:\/\/lospoliticosveracruz.com\/?p=75147"]}]},{"@type":"BreadcrumbList","@id":"https:\/\/lospoliticosveracruz.com\/?p=75147#breadcrumb","itemListElement":[{"@type":"ListItem","position":1,"name":"Portada","item":"https:\/\/lospoliticosveracruz.com\/"},{"@type":"ListItem","position":2,"name":"MC, la sorpresa!"}]},{"@type":"WebSite","@id":"https:\/\/lospoliticosveracruz.com\/#website","url":"https:\/\/lospoliticosveracruz.com\/","name":"Los pol\u00edticos Veracruz","description":"","publisher":{"@id":"https:\/\/lospoliticosveracruz.com\/#organization"},"potentialAction":[{"@type":"SearchAction","target":{"@type":"EntryPoint","urlTemplate":"https:\/\/lospoliticosveracruz.com\/?s={search_term_string}"},"query-input":{"@type":"PropertyValueSpecification","valueRequired":true,"valueName":"search_term_string"}}],"inLanguage":"es"},{"@type":"Organization","@id":"https:\/\/lospoliticosveracruz.com\/#organization","name":"Los pol\u00edticos Veracruz","url":"https:\/\/lospoliticosveracruz.com\/","logo":{"@type":"ImageObject","inLanguage":"es","@id":"https:\/\/lospoliticosveracruz.com\/#\/schema\/logo\/image\/","url":"https:\/\/lospoliticosveracruz.com\/wp-content\/uploads\/2025\/12\/Logo-Nuevo-LOS-POLITICOS-1.jpg","contentUrl":"https:\/\/lospoliticosveracruz.com\/wp-content\/uploads\/2025\/12\/Logo-Nuevo-LOS-POLITICOS-1.jpg","width":260,"height":70,"caption":"Los pol\u00edticos Veracruz"},"image":{"@id":"https:\/\/lospoliticosveracruz.com\/#\/schema\/logo\/image\/"},"sameAs":["https:\/\/www.facebook.com\/people\/Notimemes-de-los-Polticos\/61565672886568\/","https:\/\/x.com\/LosPoliticosVer"]},{"@type":"Person","@id":"https:\/\/lospoliticosveracruz.com\/#\/schema\/person\/b8702bb0e538456e6efd07080bf2a4a2","name":"Lo viste en Los Pol\u00edticos","image":{"@type":"ImageObject","inLanguage":"es","@id":"https:\/\/secure.gravatar.com\/avatar\/3a8de04a2656d44082be478bd6c086daa447c4651605818287b9532d3d0bd435?s=96&d=mm&r=g","url":"https:\/\/secure.gravatar.com\/avatar\/3a8de04a2656d44082be478bd6c086daa447c4651605818287b9532d3d0bd435?s=96&d=mm&r=g","contentUrl":"https:\/\/secure.gravatar.com\/avatar\/3a8de04a2656d44082be478bd6c086daa447c4651605818287b9532d3d0bd435?s=96&d=mm&r=g","caption":"Lo viste en Los Pol\u00edticos"},"url":"https:\/\/lospoliticosveracruz.com\/?author=2"}]}},"_links":{"self":[{"href":"https:\/\/lospoliticosveracruz.com\/index.php?rest_route=\/wp\/v2\/posts\/75147","targetHints":{"allow":["GET"]}}],"collection":[{"href":"https:\/\/lospoliticosveracruz.com\/index.php?rest_route=\/wp\/v2\/posts"}],"about":[{"href":"https:\/\/lospoliticosveracruz.com\/index.php?rest_route=\/wp\/v2\/types\/post"}],"author":[{"embeddable":true,"href":"https:\/\/lospoliticosveracruz.com\/index.php?rest_route=\/wp\/v2\/users\/2"}],"replies":[{"embeddable":true,"href":"https:\/\/lospoliticosveracruz.com\/index.php?rest_route=%2Fwp%2Fv2%2Fcomments&post=75147"}],"version-history":[{"count":1,"href":"https:\/\/lospoliticosveracruz.com\/index.php?rest_route=\/wp\/v2\/posts\/75147\/revisions"}],"predecessor-version":[{"id":75151,"href":"https:\/\/lospoliticosveracruz.com\/index.php?rest_route=\/wp\/v2\/posts\/75147\/revisions\/75151"}],"wp:attachment":[{"href":"https:\/\/lospoliticosveracruz.com\/index.php?rest_route=%2Fwp%2Fv2%2Fmedia&parent=75147"}],"wp:term":[{"taxonomy":"category","embeddable":true,"href":"https:\/\/lospoliticosveracruz.com\/index.php?rest_route=%2Fwp%2Fv2%2Fcategories&post=75147"},{"taxonomy":"post_tag","embeddable":true,"href":"https:\/\/lospoliticosveracruz.com\/index.php?rest_route=%2Fwp%2Fv2%2Ftags&post=75147"}],"curies":[{"name":"wp","href":"https:\/\/api.w.org\/{rel}","templated":true}]}}