{"id":75158,"date":"2021-06-09T10:01:30","date_gmt":"2021-06-09T15:01:30","guid":{"rendered":"http:\/\/www.lospoliticosveracruz.com.mx\/?p=75158"},"modified":"2021-06-09T10:01:33","modified_gmt":"2021-06-09T15:01:33","slug":"exsome-deja-de-mentir-a-los-veracruzanos-valenzuela","status":"publish","type":"post","link":"https:\/\/lospoliticosveracruz.com\/?p=75158","title":{"rendered":"\u201cExsome deja de mentir a los veracruzanos\u201d: Valenzuela"},"content":{"rendered":"\n<p><em>Veracruz<\/em><br>El diputado federal, Carlos Valenzuela, le pide a Ricardo Exsome que deje de enga\u00f1ar a los veracruzanos diciendo que hubo irregularidades en la elecci\u00f3n de Presidente Municipal en el Puerto de Veracruz y acepte los resultados, que acepte su derrota, ya que la diferencia de votos es considerable a favor de la candidata del PAN, Patricia Lobeira de Yunes.<\/p>\n\n\n\n<p>Dijo que con estos se\u00f1alamientos Exsome estar\u00eda descalificando la actitud de los veracruzanos que salieron a participar, como fueron los funcionarios de casillas, las autoridades electorales y los veracruzanos que desde muy temprano salieron a emitir su sufragio. \u201cSer\u00eda descalificar a priori un trabajo de much\u00edsima gente, y de quienes salieron a participar por el bien la democracia\u201d.<\/p>\n\n\n\n<p>Valenzuela se\u00f1al\u00f3 que Ricardo Exsome, como diputado, s\u00f3lo subi\u00f3 una vez tribuna y pens\u00f3 que iba a ganar por default cuando quitaron al candidato de Acci\u00f3n Nacional. \u201cLe pido a mi compa\u00f1ero diputado federal, que deje de escuchar a esa gente que est\u00e1 tratando de desestabilizar el Puerto de Veracruz. Nos dirigimos a \u00e9l para que as\u00ed como Acci\u00f3n Nacional reconoce los triunfos en otros municipios tambi\u00e9n \u00e9l de manera democr\u00e1tica reconozca que perdi\u00f3\u201d, dijo.<\/p>\n\n\n\n<p>Y a\u00f1adi\u00f3: \u201cNo es un triunfo cerrado como lo han hecho creer, hay una ventaja muy considerable en el Puerto de Veracruz a favor de la candidata de la alianza \u201cVa por Veracruz, Paty Lobeira de Yunes y por lo cual le pedir\u00edamos al candidato que acepte los resultados, pero lo m\u00e1s importante que deje de enga\u00f1ar a los veracruzanos diciendo que hay irregularidades en la elecci\u00f3n\u201d.<\/p>\n\n\n\n<p>El diputado Carlos Valenzuela tambi\u00e9n exigi\u00f3 al Gobierno Estatal que no meta las manos en el proceso. \u201cAs\u00ed como dijo el gobernador Cuitl\u00e1huac Garc\u00eda que no va a meterse en este proceso post electoral, le decimos que no s\u00f3lo lo diga, sino que lo haga, en el caso particular de Ricardo Exsome y en el puerto de Veracruz\u201d.<\/p>\n\n\n\n<p>Manifest\u00f3 que acepten que los veracruzanos salieron a votar de manera libre, sin presiones, en una elecci\u00f3n se dio con tranquilidad. \u201cQue acepten su derrota como nosotros estamos aceptando en Acci\u00f3n Nacional en donde no nos ha sido favorable\u201d.<\/p>\n\n\n\n<p><em>PAN defender\u00e1 los triunfos de los candidatos de la zona conurbada<\/em><\/p>\n\n\n\n<p>Carlos Valenzuela inform\u00f3 que la dirigencia nacional del PAN defender\u00e1 los triunfos de los candidatos de la alianza \u201cVeracruz va\u201d PAN-PRI-PRD, tanto del Puerto de Veracruz como de Alvarado.<\/p>\n\n\n\n<p>Dijo que en el Puerto de Veracruz, la candidata Patricia Lobeira de Yunes obtuvo una ventaja considerable en la votaci\u00f3n por lo que su triunfo es irreversible.<\/p>\n\n\n\n<p>Y en el caso de Alvarado, a Tavo Ruiz quieren quitarle su triunfo a la mala, ya que el presidente del Organismo P\u00fablico Local Electoral (OPLE) de Alvarado quiere contabilizar urnas que fueron vandalizadas por grupos de choque en el proceso, existiendo la duda de que fueron manipuladas a favor de la candidata del Partido Verde.<\/p>\n\n\n\n<p>Dijo que no lo dejar\u00e1n solo y ya se ha avisado al Comit\u00e9 Ejecutivo Nacional para que tome cartas en el asunto. \u201cVamos a defender el triunfo de Alvarado y desde ac\u00e1 tambi\u00e9n les pedimos a las autoridades locales de Alvarado, al presidente municipal, que no meta las manos en el proceso, que no presione la democracia de los alvarade\u00f1os\u201d.<\/p>\n\n\n\n<p>Manifest\u00f3 que la gente de la zona conurbada Veracruz-Boca del R\u00edo-Alvarado opt\u00f3 por el triunfo de la alianza de Acci\u00f3n Nacional con el PRI y el PRD; Morena debe acatar la voluntad popular.<\/p>\n","protected":false},"excerpt":{"rendered":"<p>VeracruzEl diputado federal, Carlos Valenzuela, le pide a Ricardo Exsome que deje de enga\u00f1ar a los veracruzanos diciendo que hubo irregularidades en la elecci\u00f3n de Presidente Municipal en el Puerto de Veracruz y acepte los resultados, que acepte su derrota, ya que la diferencia de votos es considerable a favor de la candidata del PAN, [&hellip;]<\/p>\n","protected":false},"author":2,"featured_media":0,"comment_status":"closed","ping_status":"closed","sticky":false,"template":"","format":"standard","meta":{"tdm_status":"","tdm_grid_status":"","footnotes":""},"categories":[73],"tags":[7559,14721,195],"class_list":{"0":"post-75158","1":"post","2":"type-post","3":"status-publish","4":"format-standard","6":"category-de-boleto","7":"tag-carlos-valenzuela","8":"tag-ricardo-exsome","9":"tag-veracruz"},"yoast_head":"<!-- This site is optimized with the Yoast SEO plugin v27.4 - https:\/\/yoast.com\/product\/yoast-seo-wordpress\/ -->\n<title>\u201cExsome deja de mentir a los veracruzanos\u201d: Valenzuela - Los pol\u00edticos Veracruz<\/title>\n<meta name=\"robots\" content=\"index, follow, max-snippet:-1, max-image-preview:large, max-video-preview:-1\" \/>\n<link rel=\"canonical\" href=\"https:\/\/lospoliticosveracruz.com\/?p=75158\" \/>\n<meta property=\"og:locale\" content=\"es_ES\" \/>\n<meta property=\"og:type\" content=\"article\" \/>\n<meta property=\"og:title\" content=\"\u201cExsome deja de mentir a los veracruzanos\u201d: Valenzuela - Los pol\u00edticos Veracruz\" \/>\n<meta property=\"og:description\" content=\"VeracruzEl diputado federal, Carlos Valenzuela, le pide a Ricardo Exsome que deje de enga\u00f1ar a los veracruzanos diciendo que hubo irregularidades en la elecci\u00f3n de Presidente Municipal en el Puerto de Veracruz y acepte los resultados, que acepte su derrota, ya que la diferencia de votos es considerable a favor de la candidata del PAN, [&hellip;]\" \/>\n<meta property=\"og:url\" content=\"https:\/\/lospoliticosveracruz.com\/?p=75158\" \/>\n<meta property=\"og:site_name\" content=\"Los pol\u00edticos Veracruz\" \/>\n<meta property=\"article:publisher\" content=\"https:\/\/www.facebook.com\/people\/Notimemes-de-los-Polticos\/61565672886568\/\" \/>\n<meta property=\"article:published_time\" content=\"2021-06-09T15:01:30+00:00\" \/>\n<meta property=\"article:modified_time\" content=\"2021-06-09T15:01:33+00:00\" \/>\n<meta property=\"og:image\" content=\"https:\/\/lospoliticosveracruz.com\/wp-content\/uploads\/2016\/07\/Logo-Dor.jpg\" \/>\n\t<meta property=\"og:image:width\" content=\"200\" \/>\n\t<meta property=\"og:image:height\" content=\"200\" \/>\n\t<meta property=\"og:image:type\" content=\"image\/jpeg\" \/>\n<meta name=\"author\" content=\"Lo viste en Los Pol\u00edticos\" \/>\n<meta name=\"twitter:card\" content=\"summary_large_image\" \/>\n<meta name=\"twitter:creator\" content=\"@LosPoliticosVer\" \/>\n<meta name=\"twitter:site\" content=\"@LosPoliticosVer\" \/>\n<meta name=\"twitter:label1\" content=\"Escrito por\" \/>\n\t<meta name=\"twitter:data1\" content=\"Lo viste en Los Pol\u00edticos\" \/>\n\t<meta name=\"twitter:label2\" content=\"Tiempo de lectura\" \/>\n\t<meta name=\"twitter:data2\" content=\"3 minutos\" \/>\n<script type=\"application\/ld+json\" class=\"yoast-schema-graph\">{\"@context\":\"https:\\\/\\\/schema.org\",\"@graph\":[{\"@type\":\"Article\",\"@id\":\"https:\\\/\\\/lospoliticosveracruz.com\\\/?p=75158#article\",\"isPartOf\":{\"@id\":\"https:\\\/\\\/lospoliticosveracruz.com\\\/?p=75158\"},\"author\":{\"name\":\"Lo viste en Los Pol\u00edticos\",\"@id\":\"https:\\\/\\\/lospoliticosveracruz.com\\\/#\\\/schema\\\/person\\\/b8702bb0e538456e6efd07080bf2a4a2\"},\"headline\":\"\u201cExsome deja de mentir a los veracruzanos\u201d: Valenzuela\",\"datePublished\":\"2021-06-09T15:01:30+00:00\",\"dateModified\":\"2021-06-09T15:01:33+00:00\",\"mainEntityOfPage\":{\"@id\":\"https:\\\/\\\/lospoliticosveracruz.com\\\/?p=75158\"},\"wordCount\":612,\"publisher\":{\"@id\":\"https:\\\/\\\/lospoliticosveracruz.com\\\/#organization\"},\"keywords\":[\"Carlos Valenzuela\",\"Ricardo Exsome\",\"Veracruz\"],\"articleSection\":[\"De Boleto\"],\"inLanguage\":\"es\"},{\"@type\":\"WebPage\",\"@id\":\"https:\\\/\\\/lospoliticosveracruz.com\\\/?p=75158\",\"url\":\"https:\\\/\\\/lospoliticosveracruz.com\\\/?p=75158\",\"name\":\"\u201cExsome deja de mentir a los veracruzanos\u201d: Valenzuela - Los pol\u00edticos Veracruz\",\"isPartOf\":{\"@id\":\"https:\\\/\\\/lospoliticosveracruz.com\\\/#website\"},\"datePublished\":\"2021-06-09T15:01:30+00:00\",\"dateModified\":\"2021-06-09T15:01:33+00:00\",\"breadcrumb\":{\"@id\":\"https:\\\/\\\/lospoliticosveracruz.com\\\/?p=75158#breadcrumb\"},\"inLanguage\":\"es\",\"potentialAction\":[{\"@type\":\"ReadAction\",\"target\":[\"https:\\\/\\\/lospoliticosveracruz.com\\\/?p=75158\"]}]},{\"@type\":\"BreadcrumbList\",\"@id\":\"https:\\\/\\\/lospoliticosveracruz.com\\\/?p=75158#breadcrumb\",\"itemListElement\":[{\"@type\":\"ListItem\",\"position\":1,\"name\":\"Portada\",\"item\":\"https:\\\/\\\/lospoliticosveracruz.com\\\/\"},{\"@type\":\"ListItem\",\"position\":2,\"name\":\"\u201cExsome deja de mentir a los veracruzanos\u201d: Valenzuela\"}]},{\"@type\":\"WebSite\",\"@id\":\"https:\\\/\\\/lospoliticosveracruz.com\\\/#website\",\"url\":\"https:\\\/\\\/lospoliticosveracruz.com\\\/\",\"name\":\"Los pol\u00edticos Veracruz\",\"description\":\"\",\"publisher\":{\"@id\":\"https:\\\/\\\/lospoliticosveracruz.com\\\/#organization\"},\"potentialAction\":[{\"@type\":\"SearchAction\",\"target\":{\"@type\":\"EntryPoint\",\"urlTemplate\":\"https:\\\/\\\/lospoliticosveracruz.com\\\/?s={search_term_string}\"},\"query-input\":{\"@type\":\"PropertyValueSpecification\",\"valueRequired\":true,\"valueName\":\"search_term_string\"}}],\"inLanguage\":\"es\"},{\"@type\":\"Organization\",\"@id\":\"https:\\\/\\\/lospoliticosveracruz.com\\\/#organization\",\"name\":\"Los pol\u00edticos Veracruz\",\"url\":\"https:\\\/\\\/lospoliticosveracruz.com\\\/\",\"logo\":{\"@type\":\"ImageObject\",\"inLanguage\":\"es\",\"@id\":\"https:\\\/\\\/lospoliticosveracruz.com\\\/#\\\/schema\\\/logo\\\/image\\\/\",\"url\":\"https:\\\/\\\/lospoliticosveracruz.com\\\/wp-content\\\/uploads\\\/2025\\\/12\\\/Logo-Nuevo-LOS-POLITICOS-1.jpg\",\"contentUrl\":\"https:\\\/\\\/lospoliticosveracruz.com\\\/wp-content\\\/uploads\\\/2025\\\/12\\\/Logo-Nuevo-LOS-POLITICOS-1.jpg\",\"width\":260,\"height\":70,\"caption\":\"Los pol\u00edticos Veracruz\"},\"image\":{\"@id\":\"https:\\\/\\\/lospoliticosveracruz.com\\\/#\\\/schema\\\/logo\\\/image\\\/\"},\"sameAs\":[\"https:\\\/\\\/www.facebook.com\\\/people\\\/Notimemes-de-los-Polticos\\\/61565672886568\\\/\",\"https:\\\/\\\/x.com\\\/LosPoliticosVer\"]},{\"@type\":\"Person\",\"@id\":\"https:\\\/\\\/lospoliticosveracruz.com\\\/#\\\/schema\\\/person\\\/b8702bb0e538456e6efd07080bf2a4a2\",\"name\":\"Lo viste en Los Pol\u00edticos\",\"image\":{\"@type\":\"ImageObject\",\"inLanguage\":\"es\",\"@id\":\"https:\\\/\\\/secure.gravatar.com\\\/avatar\\\/3a8de04a2656d44082be478bd6c086daa447c4651605818287b9532d3d0bd435?s=96&d=mm&r=g\",\"url\":\"https:\\\/\\\/secure.gravatar.com\\\/avatar\\\/3a8de04a2656d44082be478bd6c086daa447c4651605818287b9532d3d0bd435?s=96&d=mm&r=g\",\"contentUrl\":\"https:\\\/\\\/secure.gravatar.com\\\/avatar\\\/3a8de04a2656d44082be478bd6c086daa447c4651605818287b9532d3d0bd435?s=96&d=mm&r=g\",\"caption\":\"Lo viste en Los Pol\u00edticos\"},\"url\":\"https:\\\/\\\/lospoliticosveracruz.com\\\/?author=2\"}]}<\/script>\n<!-- \/ Yoast SEO plugin. -->","yoast_head_json":{"title":"\u201cExsome deja de mentir a los veracruzanos\u201d: Valenzuela - Los pol\u00edticos Veracruz","robots":{"index":"index","follow":"follow","max-snippet":"max-snippet:-1","max-image-preview":"max-image-preview:large","max-video-preview":"max-video-preview:-1"},"canonical":"https:\/\/lospoliticosveracruz.com\/?p=75158","og_locale":"es_ES","og_type":"article","og_title":"\u201cExsome deja de mentir a los veracruzanos\u201d: Valenzuela - Los pol\u00edticos Veracruz","og_description":"VeracruzEl diputado federal, Carlos Valenzuela, le pide a Ricardo Exsome que deje de enga\u00f1ar a los veracruzanos diciendo que hubo irregularidades en la elecci\u00f3n de Presidente Municipal en el Puerto de Veracruz y acepte los resultados, que acepte su derrota, ya que la diferencia de votos es considerable a favor de la candidata del PAN, [&hellip;]","og_url":"https:\/\/lospoliticosveracruz.com\/?p=75158","og_site_name":"Los pol\u00edticos Veracruz","article_publisher":"https:\/\/www.facebook.com\/people\/Notimemes-de-los-Polticos\/61565672886568\/","article_published_time":"2021-06-09T15:01:30+00:00","article_modified_time":"2021-06-09T15:01:33+00:00","og_image":[{"width":200,"height":200,"url":"https:\/\/lospoliticosveracruz.com\/wp-content\/uploads\/2016\/07\/Logo-Dor.jpg","type":"image\/jpeg"}],"author":"Lo viste en Los Pol\u00edticos","twitter_card":"summary_large_image","twitter_creator":"@LosPoliticosVer","twitter_site":"@LosPoliticosVer","twitter_misc":{"Escrito por":"Lo viste en Los Pol\u00edticos","Tiempo de lectura":"3 minutos"},"schema":{"@context":"https:\/\/schema.org","@graph":[{"@type":"Article","@id":"https:\/\/lospoliticosveracruz.com\/?p=75158#article","isPartOf":{"@id":"https:\/\/lospoliticosveracruz.com\/?p=75158"},"author":{"name":"Lo viste en Los Pol\u00edticos","@id":"https:\/\/lospoliticosveracruz.com\/#\/schema\/person\/b8702bb0e538456e6efd07080bf2a4a2"},"headline":"\u201cExsome deja de mentir a los veracruzanos\u201d: Valenzuela","datePublished":"2021-06-09T15:01:30+00:00","dateModified":"2021-06-09T15:01:33+00:00","mainEntityOfPage":{"@id":"https:\/\/lospoliticosveracruz.com\/?p=75158"},"wordCount":612,"publisher":{"@id":"https:\/\/lospoliticosveracruz.com\/#organization"},"keywords":["Carlos Valenzuela","Ricardo Exsome","Veracruz"],"articleSection":["De Boleto"],"inLanguage":"es"},{"@type":"WebPage","@id":"https:\/\/lospoliticosveracruz.com\/?p=75158","url":"https:\/\/lospoliticosveracruz.com\/?p=75158","name":"\u201cExsome deja de mentir a los veracruzanos\u201d: Valenzuela - Los pol\u00edticos Veracruz","isPartOf":{"@id":"https:\/\/lospoliticosveracruz.com\/#website"},"datePublished":"2021-06-09T15:01:30+00:00","dateModified":"2021-06-09T15:01:33+00:00","breadcrumb":{"@id":"https:\/\/lospoliticosveracruz.com\/?p=75158#breadcrumb"},"inLanguage":"es","potentialAction":[{"@type":"ReadAction","target":["https:\/\/lospoliticosveracruz.com\/?p=75158"]}]},{"@type":"BreadcrumbList","@id":"https:\/\/lospoliticosveracruz.com\/?p=75158#breadcrumb","itemListElement":[{"@type":"ListItem","position":1,"name":"Portada","item":"https:\/\/lospoliticosveracruz.com\/"},{"@type":"ListItem","position":2,"name":"\u201cExsome deja de mentir a los veracruzanos\u201d: Valenzuela"}]},{"@type":"WebSite","@id":"https:\/\/lospoliticosveracruz.com\/#website","url":"https:\/\/lospoliticosveracruz.com\/","name":"Los pol\u00edticos Veracruz","description":"","publisher":{"@id":"https:\/\/lospoliticosveracruz.com\/#organization"},"potentialAction":[{"@type":"SearchAction","target":{"@type":"EntryPoint","urlTemplate":"https:\/\/lospoliticosveracruz.com\/?s={search_term_string}"},"query-input":{"@type":"PropertyValueSpecification","valueRequired":true,"valueName":"search_term_string"}}],"inLanguage":"es"},{"@type":"Organization","@id":"https:\/\/lospoliticosveracruz.com\/#organization","name":"Los pol\u00edticos Veracruz","url":"https:\/\/lospoliticosveracruz.com\/","logo":{"@type":"ImageObject","inLanguage":"es","@id":"https:\/\/lospoliticosveracruz.com\/#\/schema\/logo\/image\/","url":"https:\/\/lospoliticosveracruz.com\/wp-content\/uploads\/2025\/12\/Logo-Nuevo-LOS-POLITICOS-1.jpg","contentUrl":"https:\/\/lospoliticosveracruz.com\/wp-content\/uploads\/2025\/12\/Logo-Nuevo-LOS-POLITICOS-1.jpg","width":260,"height":70,"caption":"Los pol\u00edticos Veracruz"},"image":{"@id":"https:\/\/lospoliticosveracruz.com\/#\/schema\/logo\/image\/"},"sameAs":["https:\/\/www.facebook.com\/people\/Notimemes-de-los-Polticos\/61565672886568\/","https:\/\/x.com\/LosPoliticosVer"]},{"@type":"Person","@id":"https:\/\/lospoliticosveracruz.com\/#\/schema\/person\/b8702bb0e538456e6efd07080bf2a4a2","name":"Lo viste en Los Pol\u00edticos","image":{"@type":"ImageObject","inLanguage":"es","@id":"https:\/\/secure.gravatar.com\/avatar\/3a8de04a2656d44082be478bd6c086daa447c4651605818287b9532d3d0bd435?s=96&d=mm&r=g","url":"https:\/\/secure.gravatar.com\/avatar\/3a8de04a2656d44082be478bd6c086daa447c4651605818287b9532d3d0bd435?s=96&d=mm&r=g","contentUrl":"https:\/\/secure.gravatar.com\/avatar\/3a8de04a2656d44082be478bd6c086daa447c4651605818287b9532d3d0bd435?s=96&d=mm&r=g","caption":"Lo viste en Los Pol\u00edticos"},"url":"https:\/\/lospoliticosveracruz.com\/?author=2"}]}},"_links":{"self":[{"href":"https:\/\/lospoliticosveracruz.com\/index.php?rest_route=\/wp\/v2\/posts\/75158","targetHints":{"allow":["GET"]}}],"collection":[{"href":"https:\/\/lospoliticosveracruz.com\/index.php?rest_route=\/wp\/v2\/posts"}],"about":[{"href":"https:\/\/lospoliticosveracruz.com\/index.php?rest_route=\/wp\/v2\/types\/post"}],"author":[{"embeddable":true,"href":"https:\/\/lospoliticosveracruz.com\/index.php?rest_route=\/wp\/v2\/users\/2"}],"replies":[{"embeddable":true,"href":"https:\/\/lospoliticosveracruz.com\/index.php?rest_route=%2Fwp%2Fv2%2Fcomments&post=75158"}],"version-history":[{"count":1,"href":"https:\/\/lospoliticosveracruz.com\/index.php?rest_route=\/wp\/v2\/posts\/75158\/revisions"}],"predecessor-version":[{"id":75163,"href":"https:\/\/lospoliticosveracruz.com\/index.php?rest_route=\/wp\/v2\/posts\/75158\/revisions\/75163"}],"wp:attachment":[{"href":"https:\/\/lospoliticosveracruz.com\/index.php?rest_route=%2Fwp%2Fv2%2Fmedia&parent=75158"}],"wp:term":[{"taxonomy":"category","embeddable":true,"href":"https:\/\/lospoliticosveracruz.com\/index.php?rest_route=%2Fwp%2Fv2%2Fcategories&post=75158"},{"taxonomy":"post_tag","embeddable":true,"href":"https:\/\/lospoliticosveracruz.com\/index.php?rest_route=%2Fwp%2Fv2%2Ftags&post=75158"}],"curies":[{"name":"wp","href":"https:\/\/api.w.org\/{rel}","templated":true}]}}