{"id":75159,"date":"2021-06-09T10:01:11","date_gmt":"2021-06-09T15:01:11","guid":{"rendered":"http:\/\/www.lospoliticosveracruz.com.mx\/?p=75159"},"modified":"2021-06-09T10:01:15","modified_gmt":"2021-06-09T15:01:15","slug":"despedida-sin-debut","status":"publish","type":"post","link":"https:\/\/lospoliticosveracruz.com\/?p=75159","title":{"rendered":"Despedida sin debut"},"content":{"rendered":"\n<p><strong>Ignacio Alvarez<\/strong><\/p>\n\n\n\n<p><em>Pluma Negra<br><\/em><\/p>\n\n\n\n<p>De los 14 partido pol\u00edticos que participaron en la elecci\u00f3n del pasado domingo, se quedan ocho y seis se regresan por donde llegaron. De los partidos nuevos que fueron creados en su mayor\u00eda por ex pri\u00edstas y pri\u00edstas en funciones, otros por panistas se quedan sin registro, a excepci\u00f3n de Fuerza por M\u00e9xico.<br>Podemos, Unidad Ciudadana, Partido Cardenista, Partido Encuentro Solidario, Todos por Veracruz, Redes Sociales Progresistas, Fuerza por M\u00e9xico, PAN, PRI, PRD, Movimiento Ciudadano, Morena, Partido Verde y Partido del Trabajo fueron los que participaron juntos o revueltos, pero todos postularon candidatos.<br>Llamo la atenci\u00f3n que hubo candidatos con cero votos, es decir, ni ellos votaron a su favor, en muchos otros casos, los partidos nuevos postularon candidatos sin que \u00e9stos se enteraran; es el resultado de la ambici\u00f3n de los due\u00f1os de esos partidos nuevos que nada tienen que hacer en pol\u00edtica.<br>Y de los nuevos, Fuerza por M\u00e9xico, fue el \u00fanico que gener\u00f3 la expectativa y la votaci\u00f3n suficiente para mantener el registro bajo la diligencia de Eduardo Tato Vega, quien como capit\u00e1n del barco y como candidato gener\u00f3 120 mil votos para su partido, super\u00f3 por amplio margen el 3 por ciento exigido para el registro.<br>Se debe en gran medida a la estructura que form\u00f3 Eduardo Vega Yunes quien logr\u00f3 16 mil votos en el distrito de Xalapa Rural, fue el candidato m\u00e1s votado a nivel estatal y en toda la Tercera Circunscripci\u00f3n Electoral de M\u00e9xico que incluye los estados de Campeche, Chiapas, Oaxaca, Quintana Roo, Tabasco, Yucat\u00e1n y Veracruz.<br>Veracruz obtuvo la mayor cantidad de votos para las diputaciones federales en dichos estados al lograr casi 120 mil sufragios , seguido por Oaxaca, cuyo aporte fue menor a los 54 mil votos.<br>En la sumatoria de sufragios, la cifra de votos obtenidos por Veracruz ser\u00eda factor para conservar el registro nacional y con ello, Vega Yunes se convertir\u00eda en diputado federal de representaci\u00f3n proporcional por la Tercera Circunscripci\u00f3n.<\/p>\n\n\n\n<p><strong>Un d\u00eda despu\u00e9s<br><\/strong>Ya con menos estr\u00e9s los candidatos y candidatas ganadoras de la elecci\u00f3n del domingo se presentar\u00e1n este d\u00eda a recoger sus constancias de mayor\u00eda en los consejos municipales y distritales que les corresponda, pero habr\u00e1 muchos que decidieron ir a los tribunales por que no est\u00e1n conformes con la calificaci\u00f3n que les otorg\u00f3 la ciudadan\u00eda el pasado domingo.<br>Entre ellos se encuentra Ricardo Exsome Zapata de MORENA quien asegura que existi\u00f3 fraude en su contra y proceder\u00e1 a las instancias jur\u00eddicas para revisar la elecci\u00f3n y que sea la autoridad quien determine al ganador. Aunque es extra\u00f1o que los dem\u00e1s candidatos hayan ganado, menos Ricardo.<br>Lo mismo sucede con Tavo Ruiz en Alvarado del PAN-PRD-PRI donde el panista presume que lo est\u00e1n amenazando porque \u00e9l gan\u00f3 la elecci\u00f3n, la realidad es que el conteo de OPLE dice otros n\u00fameros.<br>Es un hecho que al menos en cinco municipios se har\u00e1n de realizar elecciones extraordinarias, sobre todo en el norte donde existi\u00f3 violencia el d\u00eda de la elecci\u00f3n y los d\u00edas posteriores, con la intenci\u00f3n de generar dudas sobre el proceso y lo lograron.<\/p>\n","protected":false},"excerpt":{"rendered":"<p>Ignacio Alvarez Pluma Negra De los 14 partido pol\u00edticos que participaron en la elecci\u00f3n del pasado domingo, se quedan ocho y seis se regresan por donde llegaron. De los partidos nuevos que fueron creados en su mayor\u00eda por ex pri\u00edstas y pri\u00edstas en funciones, otros por panistas se quedan sin registro, a excepci\u00f3n de Fuerza [&hellip;]<\/p>\n","protected":false},"author":2,"featured_media":0,"comment_status":"closed","ping_status":"closed","sticky":false,"template":"","format":"standard","meta":{"tdm_status":"","tdm_grid_status":"","footnotes":""},"categories":[70],"tags":[301,24637,28674,1026,2327,266,3626,24157,965,13365,107,251,14281,22558,27512,16226,18710],"class_list":{"0":"post-75159","1":"post","2":"type-post","3":"status-publish","4":"format-standard","6":"category-de-opinion","7":"tag-alvarado","8":"tag-fuerza-por-mexico","9":"tag-ignacio-alvarez","10":"tag-morena","11":"tag-movimiento-ciudadano","12":"tag-pan","13":"tag-partido-cardenista","14":"tag-partido-encuentro-solidario","15":"tag-partido-verde","16":"tag-podemos","17":"tag-prd","18":"tag-pri","19":"tag-redes-sociales-progresistas","20":"tag-sufragios","21":"tag-tavo-ruiz","22":"tag-todos-por-veracruz","23":"tag-unidad-ciudadana"},"yoast_head":"<!-- This site is optimized with the Yoast SEO plugin v27.4 - https:\/\/yoast.com\/product\/yoast-seo-wordpress\/ -->\n<title>Despedida sin debut - Los pol\u00edticos Veracruz<\/title>\n<meta name=\"robots\" content=\"index, follow, max-snippet:-1, max-image-preview:large, max-video-preview:-1\" \/>\n<link rel=\"canonical\" href=\"https:\/\/lospoliticosveracruz.com\/?p=75159\" \/>\n<meta property=\"og:locale\" content=\"es_ES\" \/>\n<meta property=\"og:type\" content=\"article\" \/>\n<meta property=\"og:title\" content=\"Despedida sin debut - Los pol\u00edticos Veracruz\" \/>\n<meta property=\"og:description\" content=\"Ignacio Alvarez Pluma Negra De los 14 partido pol\u00edticos que participaron en la elecci\u00f3n del pasado domingo, se quedan ocho y seis se regresan por donde llegaron. De los partidos nuevos que fueron creados en su mayor\u00eda por ex pri\u00edstas y pri\u00edstas en funciones, otros por panistas se quedan sin registro, a excepci\u00f3n de Fuerza [&hellip;]\" \/>\n<meta property=\"og:url\" content=\"https:\/\/lospoliticosveracruz.com\/?p=75159\" \/>\n<meta property=\"og:site_name\" content=\"Los pol\u00edticos Veracruz\" \/>\n<meta property=\"article:publisher\" content=\"https:\/\/www.facebook.com\/people\/Notimemes-de-los-Polticos\/61565672886568\/\" \/>\n<meta property=\"article:published_time\" content=\"2021-06-09T15:01:11+00:00\" \/>\n<meta property=\"article:modified_time\" content=\"2021-06-09T15:01:15+00:00\" \/>\n<meta property=\"og:image\" content=\"https:\/\/lospoliticosveracruz.com\/wp-content\/uploads\/2016\/07\/Logo-Dor.jpg\" \/>\n\t<meta property=\"og:image:width\" content=\"200\" \/>\n\t<meta property=\"og:image:height\" content=\"200\" \/>\n\t<meta property=\"og:image:type\" content=\"image\/jpeg\" \/>\n<meta name=\"author\" content=\"Lo viste en Los Pol\u00edticos\" \/>\n<meta name=\"twitter:card\" content=\"summary_large_image\" \/>\n<meta name=\"twitter:creator\" content=\"@LosPoliticosVer\" \/>\n<meta name=\"twitter:site\" content=\"@LosPoliticosVer\" \/>\n<meta name=\"twitter:label1\" content=\"Escrito por\" \/>\n\t<meta name=\"twitter:data1\" content=\"Lo viste en Los Pol\u00edticos\" \/>\n\t<meta name=\"twitter:label2\" content=\"Tiempo de lectura\" \/>\n\t<meta name=\"twitter:data2\" content=\"3 minutos\" \/>\n<script type=\"application\/ld+json\" class=\"yoast-schema-graph\">{\"@context\":\"https:\\\/\\\/schema.org\",\"@graph\":[{\"@type\":\"Article\",\"@id\":\"https:\\\/\\\/lospoliticosveracruz.com\\\/?p=75159#article\",\"isPartOf\":{\"@id\":\"https:\\\/\\\/lospoliticosveracruz.com\\\/?p=75159\"},\"author\":{\"name\":\"Lo viste en Los Pol\u00edticos\",\"@id\":\"https:\\\/\\\/lospoliticosveracruz.com\\\/#\\\/schema\\\/person\\\/b8702bb0e538456e6efd07080bf2a4a2\"},\"headline\":\"Despedida sin debut\",\"datePublished\":\"2021-06-09T15:01:11+00:00\",\"dateModified\":\"2021-06-09T15:01:15+00:00\",\"mainEntityOfPage\":{\"@id\":\"https:\\\/\\\/lospoliticosveracruz.com\\\/?p=75159\"},\"wordCount\":555,\"publisher\":{\"@id\":\"https:\\\/\\\/lospoliticosveracruz.com\\\/#organization\"},\"keywords\":[\"Alvarado\",\"Fuerza por M\u00e9xico\",\"Ignacio Alvarez\",\"Morena\",\"Movimiento Ciudadano\",\"PAN\",\"Partido Cardenista\",\"Partido Encuentro Solidario\",\"Partido Verde\",\"Podemos\",\"PRD\",\"PRI\",\"Redes Sociales Progresistas\",\"Sufragios\",\"Tavo Ruiz\",\"Todos por Veracruz\",\"Unidad Ciudadana\"],\"articleSection\":[\"De Opini\u00f3n\"],\"inLanguage\":\"es\"},{\"@type\":\"WebPage\",\"@id\":\"https:\\\/\\\/lospoliticosveracruz.com\\\/?p=75159\",\"url\":\"https:\\\/\\\/lospoliticosveracruz.com\\\/?p=75159\",\"name\":\"Despedida sin debut - Los pol\u00edticos Veracruz\",\"isPartOf\":{\"@id\":\"https:\\\/\\\/lospoliticosveracruz.com\\\/#website\"},\"datePublished\":\"2021-06-09T15:01:11+00:00\",\"dateModified\":\"2021-06-09T15:01:15+00:00\",\"breadcrumb\":{\"@id\":\"https:\\\/\\\/lospoliticosveracruz.com\\\/?p=75159#breadcrumb\"},\"inLanguage\":\"es\",\"potentialAction\":[{\"@type\":\"ReadAction\",\"target\":[\"https:\\\/\\\/lospoliticosveracruz.com\\\/?p=75159\"]}]},{\"@type\":\"BreadcrumbList\",\"@id\":\"https:\\\/\\\/lospoliticosveracruz.com\\\/?p=75159#breadcrumb\",\"itemListElement\":[{\"@type\":\"ListItem\",\"position\":1,\"name\":\"Portada\",\"item\":\"https:\\\/\\\/lospoliticosveracruz.com\\\/\"},{\"@type\":\"ListItem\",\"position\":2,\"name\":\"Despedida sin debut\"}]},{\"@type\":\"WebSite\",\"@id\":\"https:\\\/\\\/lospoliticosveracruz.com\\\/#website\",\"url\":\"https:\\\/\\\/lospoliticosveracruz.com\\\/\",\"name\":\"Los pol\u00edticos Veracruz\",\"description\":\"\",\"publisher\":{\"@id\":\"https:\\\/\\\/lospoliticosveracruz.com\\\/#organization\"},\"potentialAction\":[{\"@type\":\"SearchAction\",\"target\":{\"@type\":\"EntryPoint\",\"urlTemplate\":\"https:\\\/\\\/lospoliticosveracruz.com\\\/?s={search_term_string}\"},\"query-input\":{\"@type\":\"PropertyValueSpecification\",\"valueRequired\":true,\"valueName\":\"search_term_string\"}}],\"inLanguage\":\"es\"},{\"@type\":\"Organization\",\"@id\":\"https:\\\/\\\/lospoliticosveracruz.com\\\/#organization\",\"name\":\"Los pol\u00edticos Veracruz\",\"url\":\"https:\\\/\\\/lospoliticosveracruz.com\\\/\",\"logo\":{\"@type\":\"ImageObject\",\"inLanguage\":\"es\",\"@id\":\"https:\\\/\\\/lospoliticosveracruz.com\\\/#\\\/schema\\\/logo\\\/image\\\/\",\"url\":\"https:\\\/\\\/lospoliticosveracruz.com\\\/wp-content\\\/uploads\\\/2025\\\/12\\\/Logo-Nuevo-LOS-POLITICOS-1.jpg\",\"contentUrl\":\"https:\\\/\\\/lospoliticosveracruz.com\\\/wp-content\\\/uploads\\\/2025\\\/12\\\/Logo-Nuevo-LOS-POLITICOS-1.jpg\",\"width\":260,\"height\":70,\"caption\":\"Los pol\u00edticos Veracruz\"},\"image\":{\"@id\":\"https:\\\/\\\/lospoliticosveracruz.com\\\/#\\\/schema\\\/logo\\\/image\\\/\"},\"sameAs\":[\"https:\\\/\\\/www.facebook.com\\\/people\\\/Notimemes-de-los-Polticos\\\/61565672886568\\\/\",\"https:\\\/\\\/x.com\\\/LosPoliticosVer\"]},{\"@type\":\"Person\",\"@id\":\"https:\\\/\\\/lospoliticosveracruz.com\\\/#\\\/schema\\\/person\\\/b8702bb0e538456e6efd07080bf2a4a2\",\"name\":\"Lo viste en Los Pol\u00edticos\",\"image\":{\"@type\":\"ImageObject\",\"inLanguage\":\"es\",\"@id\":\"https:\\\/\\\/secure.gravatar.com\\\/avatar\\\/3a8de04a2656d44082be478bd6c086daa447c4651605818287b9532d3d0bd435?s=96&d=mm&r=g\",\"url\":\"https:\\\/\\\/secure.gravatar.com\\\/avatar\\\/3a8de04a2656d44082be478bd6c086daa447c4651605818287b9532d3d0bd435?s=96&d=mm&r=g\",\"contentUrl\":\"https:\\\/\\\/secure.gravatar.com\\\/avatar\\\/3a8de04a2656d44082be478bd6c086daa447c4651605818287b9532d3d0bd435?s=96&d=mm&r=g\",\"caption\":\"Lo viste en Los Pol\u00edticos\"},\"url\":\"https:\\\/\\\/lospoliticosveracruz.com\\\/?author=2\"}]}<\/script>\n<!-- \/ Yoast SEO plugin. -->","yoast_head_json":{"title":"Despedida sin debut - Los pol\u00edticos Veracruz","robots":{"index":"index","follow":"follow","max-snippet":"max-snippet:-1","max-image-preview":"max-image-preview:large","max-video-preview":"max-video-preview:-1"},"canonical":"https:\/\/lospoliticosveracruz.com\/?p=75159","og_locale":"es_ES","og_type":"article","og_title":"Despedida sin debut - Los pol\u00edticos Veracruz","og_description":"Ignacio Alvarez Pluma Negra De los 14 partido pol\u00edticos que participaron en la elecci\u00f3n del pasado domingo, se quedan ocho y seis se regresan por donde llegaron. De los partidos nuevos que fueron creados en su mayor\u00eda por ex pri\u00edstas y pri\u00edstas en funciones, otros por panistas se quedan sin registro, a excepci\u00f3n de Fuerza [&hellip;]","og_url":"https:\/\/lospoliticosveracruz.com\/?p=75159","og_site_name":"Los pol\u00edticos Veracruz","article_publisher":"https:\/\/www.facebook.com\/people\/Notimemes-de-los-Polticos\/61565672886568\/","article_published_time":"2021-06-09T15:01:11+00:00","article_modified_time":"2021-06-09T15:01:15+00:00","og_image":[{"width":200,"height":200,"url":"https:\/\/lospoliticosveracruz.com\/wp-content\/uploads\/2016\/07\/Logo-Dor.jpg","type":"image\/jpeg"}],"author":"Lo viste en Los Pol\u00edticos","twitter_card":"summary_large_image","twitter_creator":"@LosPoliticosVer","twitter_site":"@LosPoliticosVer","twitter_misc":{"Escrito por":"Lo viste en Los Pol\u00edticos","Tiempo de lectura":"3 minutos"},"schema":{"@context":"https:\/\/schema.org","@graph":[{"@type":"Article","@id":"https:\/\/lospoliticosveracruz.com\/?p=75159#article","isPartOf":{"@id":"https:\/\/lospoliticosveracruz.com\/?p=75159"},"author":{"name":"Lo viste en Los Pol\u00edticos","@id":"https:\/\/lospoliticosveracruz.com\/#\/schema\/person\/b8702bb0e538456e6efd07080bf2a4a2"},"headline":"Despedida sin debut","datePublished":"2021-06-09T15:01:11+00:00","dateModified":"2021-06-09T15:01:15+00:00","mainEntityOfPage":{"@id":"https:\/\/lospoliticosveracruz.com\/?p=75159"},"wordCount":555,"publisher":{"@id":"https:\/\/lospoliticosveracruz.com\/#organization"},"keywords":["Alvarado","Fuerza por M\u00e9xico","Ignacio Alvarez","Morena","Movimiento Ciudadano","PAN","Partido Cardenista","Partido Encuentro Solidario","Partido Verde","Podemos","PRD","PRI","Redes Sociales Progresistas","Sufragios","Tavo Ruiz","Todos por Veracruz","Unidad Ciudadana"],"articleSection":["De Opini\u00f3n"],"inLanguage":"es"},{"@type":"WebPage","@id":"https:\/\/lospoliticosveracruz.com\/?p=75159","url":"https:\/\/lospoliticosveracruz.com\/?p=75159","name":"Despedida sin debut - Los pol\u00edticos Veracruz","isPartOf":{"@id":"https:\/\/lospoliticosveracruz.com\/#website"},"datePublished":"2021-06-09T15:01:11+00:00","dateModified":"2021-06-09T15:01:15+00:00","breadcrumb":{"@id":"https:\/\/lospoliticosveracruz.com\/?p=75159#breadcrumb"},"inLanguage":"es","potentialAction":[{"@type":"ReadAction","target":["https:\/\/lospoliticosveracruz.com\/?p=75159"]}]},{"@type":"BreadcrumbList","@id":"https:\/\/lospoliticosveracruz.com\/?p=75159#breadcrumb","itemListElement":[{"@type":"ListItem","position":1,"name":"Portada","item":"https:\/\/lospoliticosveracruz.com\/"},{"@type":"ListItem","position":2,"name":"Despedida sin debut"}]},{"@type":"WebSite","@id":"https:\/\/lospoliticosveracruz.com\/#website","url":"https:\/\/lospoliticosveracruz.com\/","name":"Los pol\u00edticos Veracruz","description":"","publisher":{"@id":"https:\/\/lospoliticosveracruz.com\/#organization"},"potentialAction":[{"@type":"SearchAction","target":{"@type":"EntryPoint","urlTemplate":"https:\/\/lospoliticosveracruz.com\/?s={search_term_string}"},"query-input":{"@type":"PropertyValueSpecification","valueRequired":true,"valueName":"search_term_string"}}],"inLanguage":"es"},{"@type":"Organization","@id":"https:\/\/lospoliticosveracruz.com\/#organization","name":"Los pol\u00edticos Veracruz","url":"https:\/\/lospoliticosveracruz.com\/","logo":{"@type":"ImageObject","inLanguage":"es","@id":"https:\/\/lospoliticosveracruz.com\/#\/schema\/logo\/image\/","url":"https:\/\/lospoliticosveracruz.com\/wp-content\/uploads\/2025\/12\/Logo-Nuevo-LOS-POLITICOS-1.jpg","contentUrl":"https:\/\/lospoliticosveracruz.com\/wp-content\/uploads\/2025\/12\/Logo-Nuevo-LOS-POLITICOS-1.jpg","width":260,"height":70,"caption":"Los pol\u00edticos Veracruz"},"image":{"@id":"https:\/\/lospoliticosveracruz.com\/#\/schema\/logo\/image\/"},"sameAs":["https:\/\/www.facebook.com\/people\/Notimemes-de-los-Polticos\/61565672886568\/","https:\/\/x.com\/LosPoliticosVer"]},{"@type":"Person","@id":"https:\/\/lospoliticosveracruz.com\/#\/schema\/person\/b8702bb0e538456e6efd07080bf2a4a2","name":"Lo viste en Los Pol\u00edticos","image":{"@type":"ImageObject","inLanguage":"es","@id":"https:\/\/secure.gravatar.com\/avatar\/3a8de04a2656d44082be478bd6c086daa447c4651605818287b9532d3d0bd435?s=96&d=mm&r=g","url":"https:\/\/secure.gravatar.com\/avatar\/3a8de04a2656d44082be478bd6c086daa447c4651605818287b9532d3d0bd435?s=96&d=mm&r=g","contentUrl":"https:\/\/secure.gravatar.com\/avatar\/3a8de04a2656d44082be478bd6c086daa447c4651605818287b9532d3d0bd435?s=96&d=mm&r=g","caption":"Lo viste en Los Pol\u00edticos"},"url":"https:\/\/lospoliticosveracruz.com\/?author=2"}]}},"_links":{"self":[{"href":"https:\/\/lospoliticosveracruz.com\/index.php?rest_route=\/wp\/v2\/posts\/75159","targetHints":{"allow":["GET"]}}],"collection":[{"href":"https:\/\/lospoliticosveracruz.com\/index.php?rest_route=\/wp\/v2\/posts"}],"about":[{"href":"https:\/\/lospoliticosveracruz.com\/index.php?rest_route=\/wp\/v2\/types\/post"}],"author":[{"embeddable":true,"href":"https:\/\/lospoliticosveracruz.com\/index.php?rest_route=\/wp\/v2\/users\/2"}],"replies":[{"embeddable":true,"href":"https:\/\/lospoliticosveracruz.com\/index.php?rest_route=%2Fwp%2Fv2%2Fcomments&post=75159"}],"version-history":[{"count":1,"href":"https:\/\/lospoliticosveracruz.com\/index.php?rest_route=\/wp\/v2\/posts\/75159\/revisions"}],"predecessor-version":[{"id":75161,"href":"https:\/\/lospoliticosveracruz.com\/index.php?rest_route=\/wp\/v2\/posts\/75159\/revisions\/75161"}],"wp:attachment":[{"href":"https:\/\/lospoliticosveracruz.com\/index.php?rest_route=%2Fwp%2Fv2%2Fmedia&parent=75159"}],"wp:term":[{"taxonomy":"category","embeddable":true,"href":"https:\/\/lospoliticosveracruz.com\/index.php?rest_route=%2Fwp%2Fv2%2Fcategories&post=75159"},{"taxonomy":"post_tag","embeddable":true,"href":"https:\/\/lospoliticosveracruz.com\/index.php?rest_route=%2Fwp%2Fv2%2Ftags&post=75159"}],"curies":[{"name":"wp","href":"https:\/\/api.w.org\/{rel}","templated":true}]}}