{"id":75171,"date":"2021-06-09T10:33:32","date_gmt":"2021-06-09T15:33:32","guid":{"rendered":"http:\/\/www.lospoliticosveracruz.com.mx\/?p=75171"},"modified":"2021-06-09T10:33:36","modified_gmt":"2021-06-09T15:33:36","slug":"proximos-gobernantes","status":"publish","type":"post","link":"https:\/\/lospoliticosveracruz.com\/?p=75171","title":{"rendered":"Pr\u00f3ximos gobernantes"},"content":{"rendered":"\n<p><strong>Eduardo Venegas Naranjo<br><\/strong>Ac\u00e1 Entre Nos<\/p>\n\n\n\n<p>El domingo 6 de junio el pueblo tuvo la oportunidad de salir a emitir su sufragio, en Veracruz se renovaron las alcald\u00edas, diputaciones federales y locales.<br>Como medio de comunicaci\u00f3n en Fuerza Noticias trabajamos con algunos candidatos y todos obtuvieron el triunfo.<br>Empezamos con los candidatos a diputados locales, por el distrito 23 Mago Corro Mendoza, por el 25 Rafael Fararoni Maga\u00f1a, ambos por Morena. En el caso de Mago Corro fue reelecci\u00f3n el pueblo le dio nuevamente la confianza, donde si NO hubo una buena decisi\u00f3n fue en el distrito 24 gan\u00f3 Liliana Castro Mu\u00f1oz, le falta mucha capacidad para llegar a la legislatura de Veracruz, sin embargo el arrastre del partido la hizo ganar.<br>La diputaci\u00f3n federal del distrito 19, siempre lo aseguramos era para la morenista Paola Tenorio Adame ten\u00eda todas las preferencias para seguir con esa curul; Mario Amoros de la alianza PAN, PRI, PRD y Beto Paredes de Movimiento Ciudadano nada ten\u00edan que hacer en esa elecci\u00f3n la participaci\u00f3n de ambos era cr\u00f3nica de una muerte anunciada.<br>Las alcald\u00edas quedaron de la siguiente manera Morena se llev\u00f3 en la zona Cuenca, Cosamaloapan con Tavo Senties, Acula con Roc\u00edo Cruz; Amatitl\u00e1n con Alma Clara, Chacaltianguis con Bertha Torres, Tuxtilla con Leidy Vergara, y Otatitl\u00e1n Yared Manzanilla, estos candidatos tuvieron la bendici\u00f3n y el apoyo del Secretario de Gobierno Eric Cisneros Burgos para obtener su candidatura, los morenistas que perdieron en la Cuenca fueron: Gonzalo Molina Arrioja de Carlos A Carrillo, en Tlacotalpan, Manuel Morteo Verdejo y en Ixmatlahuacan Olivia Mora.<br>En la regi\u00f3n de los Tuxtlas Morena el triunfo estaba anunciado para Julio C\u00e9sar Garc\u00eda Machuc\u00f3 y Lerdo de Tejada con Fabi\u00e1n C\u00e1rdenas Sosa, ambos empresarios con una visi\u00f3n amplia de c\u00f3mo llevar un buen manejo de los recursos p\u00fablicos; los dos son cercanos al diputado Juan Javier G\u00f3mez Cazar\u00edn.<br>El municipio de Santiago Tuxtla continuar\u00e1 siendo gobernado por el PRD, Kristel Hern\u00e1ndez Topete obtuvo una ventaja sobre Morena cercana a los lol votos.<br>Movimiento Ciudadano gan\u00f3 en Tlacotalpan con Wicho Medina, con una ventaja de 1100 votos a Morena. Luis es un l\u00edder ganadero conocido, desde que anunci\u00f3 su aspiraci\u00f3n el respaldo del pueblo estuvo marcado, lo mismo pas\u00f3 con el candidato del PRI en Carlos A Carrillo, Onan Hern\u00e1ndez L\u00f3pez, su triunfo es irreversible, criado en el seno de una familia humilde On\u00e1n sali\u00f3 adelante, hoy tiene una de las carnicer\u00edas m\u00e1s grandes de la regi\u00f3n. Su sencillez y buena voluntad lo hicieron llegar a la presidencia municipal.<br>Tras una disputada elecci\u00f3n Tavo Ru\u00edz ser\u00e1 el alcalde de Alvarado, fue candidato de la alianza PAN, PRI, PRD, a pesar de una complicada jornada electoral donde hubo inconsistencias e irregularidades, la candidata del PVEM, Morena y PT, Lizeth \u00c1lvarez Vera perdi\u00f3 con todo el apoyo del perverso alcalde alvarade\u00f1o Bogar Ruiz Rosas quien fue se\u00f1alado por haber metido las manos en la elecci\u00f3n; este martes con todas las actas computadas Tavo sali\u00f3 a dar un mensaje a los medios de comunicaci\u00f3n donde asegur\u00f3 que \u00e9l hab\u00eda obtenido el triunfo.<br>Ser\u00e1 a partir de este mi\u00e9rcoles 9 de junio que comience el \u00d3rgano P\u00fablico Local Electoral entregar las Constancias de Mayor\u00eda a los Presidentes Municipales Electos, con esto llegar\u00e1 una nueva generaci\u00f3n de alcaldes a partir del 1 de enero de 2022 que sin duda tendr\u00e1n un arduo trabajo para hacer detonar sus municipios con todo y los recortes presupuestales del gobierno de Lopez Obrador .<\/p>\n\n\n\n<p>@lalo2808<br>lalo_tlaco@hotmail.com<\/p>\n","protected":false},"excerpt":{"rendered":"<p>Eduardo Venegas NaranjoAc\u00e1 Entre Nos El domingo 6 de junio el pueblo tuvo la oportunidad de salir a emitir su sufragio, en Veracruz se renovaron las alcald\u00edas, diputaciones federales y locales.Como medio de comunicaci\u00f3n en Fuerza Noticias trabajamos con algunos candidatos y todos obtuvieron el triunfo.Empezamos con los candidatos a diputados locales, por el distrito [&hellip;]<\/p>\n","protected":false},"author":2,"featured_media":46544,"comment_status":"closed","ping_status":"closed","sticky":false,"template":"","format":"standard","meta":{"tdm_status":"","tdm_grid_status":"","footnotes":""},"categories":[70],"tags":[13170,13642,28491,15942,1026,13226,28725],"class_list":{"0":"post-75171","1":"post","2":"type-post","3":"status-publish","4":"format-standard","5":"has-post-thumbnail","7":"category-de-opinion","8":"tag-eduardo-venegas-naranjo","9":"tag-kristel-hernandez-topete","10":"tag-liliana-castro-munoz","11":"tag-mago-corro","12":"tag-morena","13":"tag-paola-tenorio-adame","14":"tag-rafael-fararoni-magana"},"yoast_head":"<!-- This site is optimized with the Yoast SEO plugin v27.4 - https:\/\/yoast.com\/product\/yoast-seo-wordpress\/ -->\n<title>Pr\u00f3ximos gobernantes - Los pol\u00edticos Veracruz<\/title>\n<meta name=\"robots\" content=\"index, follow, max-snippet:-1, max-image-preview:large, max-video-preview:-1\" \/>\n<link rel=\"canonical\" href=\"https:\/\/lospoliticosveracruz.com\/?p=75171\" \/>\n<meta property=\"og:locale\" content=\"es_ES\" \/>\n<meta property=\"og:type\" content=\"article\" \/>\n<meta property=\"og:title\" content=\"Pr\u00f3ximos gobernantes - Los pol\u00edticos Veracruz\" \/>\n<meta property=\"og:description\" content=\"Eduardo Venegas NaranjoAc\u00e1 Entre Nos El domingo 6 de junio el pueblo tuvo la oportunidad de salir a emitir su sufragio, en Veracruz se renovaron las alcald\u00edas, diputaciones federales y locales.Como medio de comunicaci\u00f3n en Fuerza Noticias trabajamos con algunos candidatos y todos obtuvieron el triunfo.Empezamos con los candidatos a diputados locales, por el distrito [&hellip;]\" \/>\n<meta property=\"og:url\" content=\"https:\/\/lospoliticosveracruz.com\/?p=75171\" \/>\n<meta property=\"og:site_name\" content=\"Los pol\u00edticos Veracruz\" \/>\n<meta property=\"article:publisher\" content=\"https:\/\/www.facebook.com\/people\/Notimemes-de-los-Polticos\/61565672886568\/\" \/>\n<meta property=\"article:published_time\" content=\"2021-06-09T15:33:32+00:00\" \/>\n<meta property=\"article:modified_time\" content=\"2021-06-09T15:33:36+00:00\" \/>\n<meta property=\"og:image\" content=\"https:\/\/lospoliticosveracruz.com\/wp-content\/uploads\/2019\/01\/Kristel.jpg\" \/>\n\t<meta property=\"og:image:width\" content=\"600\" \/>\n\t<meta property=\"og:image:height\" content=\"402\" \/>\n\t<meta property=\"og:image:type\" content=\"image\/jpeg\" \/>\n<meta name=\"author\" content=\"Lo viste en Los Pol\u00edticos\" \/>\n<meta name=\"twitter:card\" content=\"summary_large_image\" \/>\n<meta name=\"twitter:creator\" content=\"@LosPoliticosVer\" \/>\n<meta name=\"twitter:site\" content=\"@LosPoliticosVer\" \/>\n<meta name=\"twitter:label1\" content=\"Escrito por\" \/>\n\t<meta name=\"twitter:data1\" content=\"Lo viste en Los Pol\u00edticos\" \/>\n\t<meta name=\"twitter:label2\" content=\"Tiempo de lectura\" \/>\n\t<meta name=\"twitter:data2\" content=\"3 minutos\" \/>\n<script type=\"application\/ld+json\" class=\"yoast-schema-graph\">{\"@context\":\"https:\\\/\\\/schema.org\",\"@graph\":[{\"@type\":\"Article\",\"@id\":\"https:\\\/\\\/lospoliticosveracruz.com\\\/?p=75171#article\",\"isPartOf\":{\"@id\":\"https:\\\/\\\/lospoliticosveracruz.com\\\/?p=75171\"},\"author\":{\"name\":\"Lo viste en Los Pol\u00edticos\",\"@id\":\"https:\\\/\\\/lospoliticosveracruz.com\\\/#\\\/schema\\\/person\\\/b8702bb0e538456e6efd07080bf2a4a2\"},\"headline\":\"Pr\u00f3ximos gobernantes\",\"datePublished\":\"2021-06-09T15:33:32+00:00\",\"dateModified\":\"2021-06-09T15:33:36+00:00\",\"mainEntityOfPage\":{\"@id\":\"https:\\\/\\\/lospoliticosveracruz.com\\\/?p=75171\"},\"wordCount\":622,\"publisher\":{\"@id\":\"https:\\\/\\\/lospoliticosveracruz.com\\\/#organization\"},\"image\":{\"@id\":\"https:\\\/\\\/lospoliticosveracruz.com\\\/?p=75171#primaryimage\"},\"thumbnailUrl\":\"https:\\\/\\\/lospoliticosveracruz.com\\\/wp-content\\\/uploads\\\/2019\\\/01\\\/Kristel.jpg\",\"keywords\":[\"Eduardo Venegas Naranjo\",\"Kristel Hern\u00e1ndez Topete\",\"Liliana Castro Mu\u00f1oz\",\"Mago Corro\",\"Morena\",\"Paola Tenorio Adame\",\"Rafael Fararoni Maga\u00f1a\"],\"articleSection\":[\"De Opini\u00f3n\"],\"inLanguage\":\"es\"},{\"@type\":\"WebPage\",\"@id\":\"https:\\\/\\\/lospoliticosveracruz.com\\\/?p=75171\",\"url\":\"https:\\\/\\\/lospoliticosveracruz.com\\\/?p=75171\",\"name\":\"Pr\u00f3ximos gobernantes - Los pol\u00edticos Veracruz\",\"isPartOf\":{\"@id\":\"https:\\\/\\\/lospoliticosveracruz.com\\\/#website\"},\"primaryImageOfPage\":{\"@id\":\"https:\\\/\\\/lospoliticosveracruz.com\\\/?p=75171#primaryimage\"},\"image\":{\"@id\":\"https:\\\/\\\/lospoliticosveracruz.com\\\/?p=75171#primaryimage\"},\"thumbnailUrl\":\"https:\\\/\\\/lospoliticosveracruz.com\\\/wp-content\\\/uploads\\\/2019\\\/01\\\/Kristel.jpg\",\"datePublished\":\"2021-06-09T15:33:32+00:00\",\"dateModified\":\"2021-06-09T15:33:36+00:00\",\"breadcrumb\":{\"@id\":\"https:\\\/\\\/lospoliticosveracruz.com\\\/?p=75171#breadcrumb\"},\"inLanguage\":\"es\",\"potentialAction\":[{\"@type\":\"ReadAction\",\"target\":[\"https:\\\/\\\/lospoliticosveracruz.com\\\/?p=75171\"]}]},{\"@type\":\"ImageObject\",\"inLanguage\":\"es\",\"@id\":\"https:\\\/\\\/lospoliticosveracruz.com\\\/?p=75171#primaryimage\",\"url\":\"https:\\\/\\\/lospoliticosveracruz.com\\\/wp-content\\\/uploads\\\/2019\\\/01\\\/Kristel.jpg\",\"contentUrl\":\"https:\\\/\\\/lospoliticosveracruz.com\\\/wp-content\\\/uploads\\\/2019\\\/01\\\/Kristel.jpg\",\"width\":600,\"height\":402,\"caption\":\"SAMSUNG CSC\"},{\"@type\":\"BreadcrumbList\",\"@id\":\"https:\\\/\\\/lospoliticosveracruz.com\\\/?p=75171#breadcrumb\",\"itemListElement\":[{\"@type\":\"ListItem\",\"position\":1,\"name\":\"Portada\",\"item\":\"https:\\\/\\\/lospoliticosveracruz.com\\\/\"},{\"@type\":\"ListItem\",\"position\":2,\"name\":\"Pr\u00f3ximos gobernantes\"}]},{\"@type\":\"WebSite\",\"@id\":\"https:\\\/\\\/lospoliticosveracruz.com\\\/#website\",\"url\":\"https:\\\/\\\/lospoliticosveracruz.com\\\/\",\"name\":\"Los pol\u00edticos Veracruz\",\"description\":\"\",\"publisher\":{\"@id\":\"https:\\\/\\\/lospoliticosveracruz.com\\\/#organization\"},\"potentialAction\":[{\"@type\":\"SearchAction\",\"target\":{\"@type\":\"EntryPoint\",\"urlTemplate\":\"https:\\\/\\\/lospoliticosveracruz.com\\\/?s={search_term_string}\"},\"query-input\":{\"@type\":\"PropertyValueSpecification\",\"valueRequired\":true,\"valueName\":\"search_term_string\"}}],\"inLanguage\":\"es\"},{\"@type\":\"Organization\",\"@id\":\"https:\\\/\\\/lospoliticosveracruz.com\\\/#organization\",\"name\":\"Los pol\u00edticos Veracruz\",\"url\":\"https:\\\/\\\/lospoliticosveracruz.com\\\/\",\"logo\":{\"@type\":\"ImageObject\",\"inLanguage\":\"es\",\"@id\":\"https:\\\/\\\/lospoliticosveracruz.com\\\/#\\\/schema\\\/logo\\\/image\\\/\",\"url\":\"https:\\\/\\\/lospoliticosveracruz.com\\\/wp-content\\\/uploads\\\/2025\\\/12\\\/Logo-Nuevo-LOS-POLITICOS-1.jpg\",\"contentUrl\":\"https:\\\/\\\/lospoliticosveracruz.com\\\/wp-content\\\/uploads\\\/2025\\\/12\\\/Logo-Nuevo-LOS-POLITICOS-1.jpg\",\"width\":260,\"height\":70,\"caption\":\"Los pol\u00edticos Veracruz\"},\"image\":{\"@id\":\"https:\\\/\\\/lospoliticosveracruz.com\\\/#\\\/schema\\\/logo\\\/image\\\/\"},\"sameAs\":[\"https:\\\/\\\/www.facebook.com\\\/people\\\/Notimemes-de-los-Polticos\\\/61565672886568\\\/\",\"https:\\\/\\\/x.com\\\/LosPoliticosVer\"]},{\"@type\":\"Person\",\"@id\":\"https:\\\/\\\/lospoliticosveracruz.com\\\/#\\\/schema\\\/person\\\/b8702bb0e538456e6efd07080bf2a4a2\",\"name\":\"Lo viste en Los Pol\u00edticos\",\"image\":{\"@type\":\"ImageObject\",\"inLanguage\":\"es\",\"@id\":\"https:\\\/\\\/secure.gravatar.com\\\/avatar\\\/3a8de04a2656d44082be478bd6c086daa447c4651605818287b9532d3d0bd435?s=96&d=mm&r=g\",\"url\":\"https:\\\/\\\/secure.gravatar.com\\\/avatar\\\/3a8de04a2656d44082be478bd6c086daa447c4651605818287b9532d3d0bd435?s=96&d=mm&r=g\",\"contentUrl\":\"https:\\\/\\\/secure.gravatar.com\\\/avatar\\\/3a8de04a2656d44082be478bd6c086daa447c4651605818287b9532d3d0bd435?s=96&d=mm&r=g\",\"caption\":\"Lo viste en Los Pol\u00edticos\"},\"url\":\"https:\\\/\\\/lospoliticosveracruz.com\\\/?author=2\"}]}<\/script>\n<!-- \/ Yoast SEO plugin. -->","yoast_head_json":{"title":"Pr\u00f3ximos gobernantes - Los pol\u00edticos Veracruz","robots":{"index":"index","follow":"follow","max-snippet":"max-snippet:-1","max-image-preview":"max-image-preview:large","max-video-preview":"max-video-preview:-1"},"canonical":"https:\/\/lospoliticosveracruz.com\/?p=75171","og_locale":"es_ES","og_type":"article","og_title":"Pr\u00f3ximos gobernantes - Los pol\u00edticos Veracruz","og_description":"Eduardo Venegas NaranjoAc\u00e1 Entre Nos El domingo 6 de junio el pueblo tuvo la oportunidad de salir a emitir su sufragio, en Veracruz se renovaron las alcald\u00edas, diputaciones federales y locales.Como medio de comunicaci\u00f3n en Fuerza Noticias trabajamos con algunos candidatos y todos obtuvieron el triunfo.Empezamos con los candidatos a diputados locales, por el distrito [&hellip;]","og_url":"https:\/\/lospoliticosveracruz.com\/?p=75171","og_site_name":"Los pol\u00edticos Veracruz","article_publisher":"https:\/\/www.facebook.com\/people\/Notimemes-de-los-Polticos\/61565672886568\/","article_published_time":"2021-06-09T15:33:32+00:00","article_modified_time":"2021-06-09T15:33:36+00:00","og_image":[{"width":600,"height":402,"url":"https:\/\/lospoliticosveracruz.com\/wp-content\/uploads\/2019\/01\/Kristel.jpg","type":"image\/jpeg"}],"author":"Lo viste en Los Pol\u00edticos","twitter_card":"summary_large_image","twitter_creator":"@LosPoliticosVer","twitter_site":"@LosPoliticosVer","twitter_misc":{"Escrito por":"Lo viste en Los Pol\u00edticos","Tiempo de lectura":"3 minutos"},"schema":{"@context":"https:\/\/schema.org","@graph":[{"@type":"Article","@id":"https:\/\/lospoliticosveracruz.com\/?p=75171#article","isPartOf":{"@id":"https:\/\/lospoliticosveracruz.com\/?p=75171"},"author":{"name":"Lo viste en Los Pol\u00edticos","@id":"https:\/\/lospoliticosveracruz.com\/#\/schema\/person\/b8702bb0e538456e6efd07080bf2a4a2"},"headline":"Pr\u00f3ximos gobernantes","datePublished":"2021-06-09T15:33:32+00:00","dateModified":"2021-06-09T15:33:36+00:00","mainEntityOfPage":{"@id":"https:\/\/lospoliticosveracruz.com\/?p=75171"},"wordCount":622,"publisher":{"@id":"https:\/\/lospoliticosveracruz.com\/#organization"},"image":{"@id":"https:\/\/lospoliticosveracruz.com\/?p=75171#primaryimage"},"thumbnailUrl":"https:\/\/lospoliticosveracruz.com\/wp-content\/uploads\/2019\/01\/Kristel.jpg","keywords":["Eduardo Venegas Naranjo","Kristel Hern\u00e1ndez Topete","Liliana Castro Mu\u00f1oz","Mago Corro","Morena","Paola Tenorio Adame","Rafael Fararoni Maga\u00f1a"],"articleSection":["De Opini\u00f3n"],"inLanguage":"es"},{"@type":"WebPage","@id":"https:\/\/lospoliticosveracruz.com\/?p=75171","url":"https:\/\/lospoliticosveracruz.com\/?p=75171","name":"Pr\u00f3ximos gobernantes - Los pol\u00edticos Veracruz","isPartOf":{"@id":"https:\/\/lospoliticosveracruz.com\/#website"},"primaryImageOfPage":{"@id":"https:\/\/lospoliticosveracruz.com\/?p=75171#primaryimage"},"image":{"@id":"https:\/\/lospoliticosveracruz.com\/?p=75171#primaryimage"},"thumbnailUrl":"https:\/\/lospoliticosveracruz.com\/wp-content\/uploads\/2019\/01\/Kristel.jpg","datePublished":"2021-06-09T15:33:32+00:00","dateModified":"2021-06-09T15:33:36+00:00","breadcrumb":{"@id":"https:\/\/lospoliticosveracruz.com\/?p=75171#breadcrumb"},"inLanguage":"es","potentialAction":[{"@type":"ReadAction","target":["https:\/\/lospoliticosveracruz.com\/?p=75171"]}]},{"@type":"ImageObject","inLanguage":"es","@id":"https:\/\/lospoliticosveracruz.com\/?p=75171#primaryimage","url":"https:\/\/lospoliticosveracruz.com\/wp-content\/uploads\/2019\/01\/Kristel.jpg","contentUrl":"https:\/\/lospoliticosveracruz.com\/wp-content\/uploads\/2019\/01\/Kristel.jpg","width":600,"height":402,"caption":"SAMSUNG CSC"},{"@type":"BreadcrumbList","@id":"https:\/\/lospoliticosveracruz.com\/?p=75171#breadcrumb","itemListElement":[{"@type":"ListItem","position":1,"name":"Portada","item":"https:\/\/lospoliticosveracruz.com\/"},{"@type":"ListItem","position":2,"name":"Pr\u00f3ximos gobernantes"}]},{"@type":"WebSite","@id":"https:\/\/lospoliticosveracruz.com\/#website","url":"https:\/\/lospoliticosveracruz.com\/","name":"Los pol\u00edticos Veracruz","description":"","publisher":{"@id":"https:\/\/lospoliticosveracruz.com\/#organization"},"potentialAction":[{"@type":"SearchAction","target":{"@type":"EntryPoint","urlTemplate":"https:\/\/lospoliticosveracruz.com\/?s={search_term_string}"},"query-input":{"@type":"PropertyValueSpecification","valueRequired":true,"valueName":"search_term_string"}}],"inLanguage":"es"},{"@type":"Organization","@id":"https:\/\/lospoliticosveracruz.com\/#organization","name":"Los pol\u00edticos Veracruz","url":"https:\/\/lospoliticosveracruz.com\/","logo":{"@type":"ImageObject","inLanguage":"es","@id":"https:\/\/lospoliticosveracruz.com\/#\/schema\/logo\/image\/","url":"https:\/\/lospoliticosveracruz.com\/wp-content\/uploads\/2025\/12\/Logo-Nuevo-LOS-POLITICOS-1.jpg","contentUrl":"https:\/\/lospoliticosveracruz.com\/wp-content\/uploads\/2025\/12\/Logo-Nuevo-LOS-POLITICOS-1.jpg","width":260,"height":70,"caption":"Los pol\u00edticos Veracruz"},"image":{"@id":"https:\/\/lospoliticosveracruz.com\/#\/schema\/logo\/image\/"},"sameAs":["https:\/\/www.facebook.com\/people\/Notimemes-de-los-Polticos\/61565672886568\/","https:\/\/x.com\/LosPoliticosVer"]},{"@type":"Person","@id":"https:\/\/lospoliticosveracruz.com\/#\/schema\/person\/b8702bb0e538456e6efd07080bf2a4a2","name":"Lo viste en Los Pol\u00edticos","image":{"@type":"ImageObject","inLanguage":"es","@id":"https:\/\/secure.gravatar.com\/avatar\/3a8de04a2656d44082be478bd6c086daa447c4651605818287b9532d3d0bd435?s=96&d=mm&r=g","url":"https:\/\/secure.gravatar.com\/avatar\/3a8de04a2656d44082be478bd6c086daa447c4651605818287b9532d3d0bd435?s=96&d=mm&r=g","contentUrl":"https:\/\/secure.gravatar.com\/avatar\/3a8de04a2656d44082be478bd6c086daa447c4651605818287b9532d3d0bd435?s=96&d=mm&r=g","caption":"Lo viste en Los Pol\u00edticos"},"url":"https:\/\/lospoliticosveracruz.com\/?author=2"}]}},"_links":{"self":[{"href":"https:\/\/lospoliticosveracruz.com\/index.php?rest_route=\/wp\/v2\/posts\/75171","targetHints":{"allow":["GET"]}}],"collection":[{"href":"https:\/\/lospoliticosveracruz.com\/index.php?rest_route=\/wp\/v2\/posts"}],"about":[{"href":"https:\/\/lospoliticosveracruz.com\/index.php?rest_route=\/wp\/v2\/types\/post"}],"author":[{"embeddable":true,"href":"https:\/\/lospoliticosveracruz.com\/index.php?rest_route=\/wp\/v2\/users\/2"}],"replies":[{"embeddable":true,"href":"https:\/\/lospoliticosveracruz.com\/index.php?rest_route=%2Fwp%2Fv2%2Fcomments&post=75171"}],"version-history":[{"count":1,"href":"https:\/\/lospoliticosveracruz.com\/index.php?rest_route=\/wp\/v2\/posts\/75171\/revisions"}],"predecessor-version":[{"id":75172,"href":"https:\/\/lospoliticosveracruz.com\/index.php?rest_route=\/wp\/v2\/posts\/75171\/revisions\/75172"}],"wp:featuredmedia":[{"embeddable":true,"href":"https:\/\/lospoliticosveracruz.com\/index.php?rest_route=\/wp\/v2\/media\/46544"}],"wp:attachment":[{"href":"https:\/\/lospoliticosveracruz.com\/index.php?rest_route=%2Fwp%2Fv2%2Fmedia&parent=75171"}],"wp:term":[{"taxonomy":"category","embeddable":true,"href":"https:\/\/lospoliticosveracruz.com\/index.php?rest_route=%2Fwp%2Fv2%2Fcategories&post=75171"},{"taxonomy":"post_tag","embeddable":true,"href":"https:\/\/lospoliticosveracruz.com\/index.php?rest_route=%2Fwp%2Fv2%2Ftags&post=75171"}],"curies":[{"name":"wp","href":"https:\/\/api.w.org\/{rel}","templated":true}]}}