{"id":75261,"date":"2021-06-10T15:04:16","date_gmt":"2021-06-10T20:04:16","guid":{"rendered":"http:\/\/www.lospoliticosveracruz.com.mx\/?p=75261"},"modified":"2021-06-10T15:04:20","modified_gmt":"2021-06-10T20:04:20","slug":"ya-es-pozos","status":"publish","type":"post","link":"https:\/\/lospoliticosveracruz.com\/?p=75261","title":{"rendered":"Ya es Pozos!"},"content":{"rendered":"\n<p><strong>Tuxpan<\/strong><br>Acompa\u00f1ado de militantes y simpatizantes del Movimiento de Regeneraci\u00f3n Nacional (MORENA), Jos\u00e9 Manuel Pozos Castro recibi\u00f3 del OPLE su constancia de mayor\u00eda, que lo acredita como ganador de la elecci\u00f3n municipal del pasado 6 de junio.,<br>Luego de que el OPLE realizar\u00e1 el Sistema de C\u00f3mputos Municipales, la ma\u00f1ana de este jueves, se constat\u00f3 que morena obtuvo 17 mil 629 votos, lo que representa el 30.7 por ciento de los votos del electorado. La victoria de Jos\u00e9 Manuel Pozos fue limpia y contundente.<br>Ante los medios de comunicaci\u00f3n el alcalde electo enfatiz\u00f3 que su trabajo comienza de inmediato para lograr la trasformaci\u00f3n de Tuxpan y que desde este momento se olvidan las siglas partidistas, ya que el objetivo final es trabajar en favor y beneficio de miles de familias de este municipio.<br>\u201cLa trasformaci\u00f3n ya inici\u00f3, desde hoy olvidamos las siglas y comenzamos un trabajo en conjunto, todos vamos a trabajar en beneficio de Tuxpan, el objetivo es que la trasformaci\u00f3n llegue a todo el municipio, ya estamos haciendo historia con este triunfo, vamos a cumplir cada una de las promesas que les realizamos a los ciudadanos, juntos vamos a transformar Tuxpan\u201d.<br>El alcalde electo invit\u00f3 a los representantes de los diversos partidos pol\u00edticos a trabajar en unidad y por el bien com\u00fan del municipio, pues asegur\u00f3 que en estos momentos ya solo se traduce en un trabajo en unidad en favor de miles de familias tuxpe\u00f1as.<br>Sin importar la lluvia y en medio de una verdadera fiesta popular, Jos\u00e9 Manuel Pozos recibi\u00f3 la constancia de mayor\u00eda, acompa\u00f1ado de su suplente Jes\u00fas Fomperoza; la s\u00edndica electa, Beatriz Pi\u00f1a; al diputado federal, Marco Antonio Medina y al diputado local electo, Genaro Ib\u00e1\u00f1ez.<\/p>\n\n\n\n<p><\/p>\n","protected":false},"excerpt":{"rendered":"<p>TuxpanAcompa\u00f1ado de militantes y simpatizantes del Movimiento de Regeneraci\u00f3n Nacional (MORENA), Jos\u00e9 Manuel Pozos Castro recibi\u00f3 del OPLE su constancia de mayor\u00eda, que lo acredita como ganador de la elecci\u00f3n municipal del pasado 6 de junio.,Luego de que el OPLE realizar\u00e1 el Sistema de C\u00f3mputos Municipales, la ma\u00f1ana de este jueves, se constat\u00f3 que morena [&hellip;]<\/p>\n","protected":false},"author":2,"featured_media":0,"comment_status":"closed","ping_status":"closed","sticky":false,"template":"","format":"standard","meta":{"tdm_status":"","tdm_grid_status":"","footnotes":""},"categories":[73],"tags":[11958,1026,203],"class_list":{"0":"post-75261","1":"post","2":"type-post","3":"status-publish","4":"format-standard","6":"category-de-boleto","7":"tag-jose-manuel-pozos-castro","8":"tag-morena","9":"tag-tuxpan"},"yoast_head":"<!-- This site is optimized with the Yoast SEO plugin v27.4 - https:\/\/yoast.com\/product\/yoast-seo-wordpress\/ -->\n<title>Ya es Pozos! - Los pol\u00edticos Veracruz<\/title>\n<meta name=\"robots\" content=\"index, follow, max-snippet:-1, max-image-preview:large, max-video-preview:-1\" \/>\n<link rel=\"canonical\" href=\"https:\/\/lospoliticosveracruz.com\/?p=75261\" \/>\n<meta property=\"og:locale\" content=\"es_ES\" \/>\n<meta property=\"og:type\" content=\"article\" \/>\n<meta property=\"og:title\" content=\"Ya es Pozos! - Los pol\u00edticos Veracruz\" \/>\n<meta property=\"og:description\" content=\"TuxpanAcompa\u00f1ado de militantes y simpatizantes del Movimiento de Regeneraci\u00f3n Nacional (MORENA), Jos\u00e9 Manuel Pozos Castro recibi\u00f3 del OPLE su constancia de mayor\u00eda, que lo acredita como ganador de la elecci\u00f3n municipal del pasado 6 de junio.,Luego de que el OPLE realizar\u00e1 el Sistema de C\u00f3mputos Municipales, la ma\u00f1ana de este jueves, se constat\u00f3 que morena [&hellip;]\" \/>\n<meta property=\"og:url\" content=\"https:\/\/lospoliticosveracruz.com\/?p=75261\" \/>\n<meta property=\"og:site_name\" content=\"Los pol\u00edticos Veracruz\" \/>\n<meta property=\"article:publisher\" content=\"https:\/\/www.facebook.com\/people\/Notimemes-de-los-Polticos\/61565672886568\/\" \/>\n<meta property=\"article:published_time\" content=\"2021-06-10T20:04:16+00:00\" \/>\n<meta property=\"article:modified_time\" content=\"2021-06-10T20:04:20+00:00\" \/>\n<meta property=\"og:image\" content=\"https:\/\/lospoliticosveracruz.com\/wp-content\/uploads\/2016\/07\/Logo-Dor.jpg\" \/>\n\t<meta property=\"og:image:width\" content=\"200\" \/>\n\t<meta property=\"og:image:height\" content=\"200\" \/>\n\t<meta property=\"og:image:type\" content=\"image\/jpeg\" \/>\n<meta name=\"author\" content=\"Lo viste en Los Pol\u00edticos\" \/>\n<meta name=\"twitter:card\" content=\"summary_large_image\" \/>\n<meta name=\"twitter:creator\" content=\"@LosPoliticosVer\" \/>\n<meta name=\"twitter:site\" content=\"@LosPoliticosVer\" \/>\n<meta name=\"twitter:label1\" content=\"Escrito por\" \/>\n\t<meta name=\"twitter:data1\" content=\"Lo viste en Los Pol\u00edticos\" \/>\n\t<meta name=\"twitter:label2\" content=\"Tiempo de lectura\" \/>\n\t<meta name=\"twitter:data2\" content=\"1 minuto\" \/>\n<script type=\"application\/ld+json\" class=\"yoast-schema-graph\">{\"@context\":\"https:\\\/\\\/schema.org\",\"@graph\":[{\"@type\":\"Article\",\"@id\":\"https:\\\/\\\/lospoliticosveracruz.com\\\/?p=75261#article\",\"isPartOf\":{\"@id\":\"https:\\\/\\\/lospoliticosveracruz.com\\\/?p=75261\"},\"author\":{\"name\":\"Lo viste en Los Pol\u00edticos\",\"@id\":\"https:\\\/\\\/lospoliticosveracruz.com\\\/#\\\/schema\\\/person\\\/b8702bb0e538456e6efd07080bf2a4a2\"},\"headline\":\"Ya es Pozos!\",\"datePublished\":\"2021-06-10T20:04:16+00:00\",\"dateModified\":\"2021-06-10T20:04:20+00:00\",\"mainEntityOfPage\":{\"@id\":\"https:\\\/\\\/lospoliticosveracruz.com\\\/?p=75261\"},\"wordCount\":300,\"publisher\":{\"@id\":\"https:\\\/\\\/lospoliticosveracruz.com\\\/#organization\"},\"keywords\":[\"Jos\u00e9 Manuel Pozos Castro\",\"Morena\",\"Tuxpan\"],\"articleSection\":[\"De Boleto\"],\"inLanguage\":\"es\"},{\"@type\":\"WebPage\",\"@id\":\"https:\\\/\\\/lospoliticosveracruz.com\\\/?p=75261\",\"url\":\"https:\\\/\\\/lospoliticosveracruz.com\\\/?p=75261\",\"name\":\"Ya es Pozos! - Los pol\u00edticos Veracruz\",\"isPartOf\":{\"@id\":\"https:\\\/\\\/lospoliticosveracruz.com\\\/#website\"},\"datePublished\":\"2021-06-10T20:04:16+00:00\",\"dateModified\":\"2021-06-10T20:04:20+00:00\",\"breadcrumb\":{\"@id\":\"https:\\\/\\\/lospoliticosveracruz.com\\\/?p=75261#breadcrumb\"},\"inLanguage\":\"es\",\"potentialAction\":[{\"@type\":\"ReadAction\",\"target\":[\"https:\\\/\\\/lospoliticosveracruz.com\\\/?p=75261\"]}]},{\"@type\":\"BreadcrumbList\",\"@id\":\"https:\\\/\\\/lospoliticosveracruz.com\\\/?p=75261#breadcrumb\",\"itemListElement\":[{\"@type\":\"ListItem\",\"position\":1,\"name\":\"Portada\",\"item\":\"https:\\\/\\\/lospoliticosveracruz.com\\\/\"},{\"@type\":\"ListItem\",\"position\":2,\"name\":\"Ya es Pozos!\"}]},{\"@type\":\"WebSite\",\"@id\":\"https:\\\/\\\/lospoliticosveracruz.com\\\/#website\",\"url\":\"https:\\\/\\\/lospoliticosveracruz.com\\\/\",\"name\":\"Los pol\u00edticos Veracruz\",\"description\":\"\",\"publisher\":{\"@id\":\"https:\\\/\\\/lospoliticosveracruz.com\\\/#organization\"},\"potentialAction\":[{\"@type\":\"SearchAction\",\"target\":{\"@type\":\"EntryPoint\",\"urlTemplate\":\"https:\\\/\\\/lospoliticosveracruz.com\\\/?s={search_term_string}\"},\"query-input\":{\"@type\":\"PropertyValueSpecification\",\"valueRequired\":true,\"valueName\":\"search_term_string\"}}],\"inLanguage\":\"es\"},{\"@type\":\"Organization\",\"@id\":\"https:\\\/\\\/lospoliticosveracruz.com\\\/#organization\",\"name\":\"Los pol\u00edticos Veracruz\",\"url\":\"https:\\\/\\\/lospoliticosveracruz.com\\\/\",\"logo\":{\"@type\":\"ImageObject\",\"inLanguage\":\"es\",\"@id\":\"https:\\\/\\\/lospoliticosveracruz.com\\\/#\\\/schema\\\/logo\\\/image\\\/\",\"url\":\"https:\\\/\\\/lospoliticosveracruz.com\\\/wp-content\\\/uploads\\\/2025\\\/12\\\/Logo-Nuevo-LOS-POLITICOS-1.jpg\",\"contentUrl\":\"https:\\\/\\\/lospoliticosveracruz.com\\\/wp-content\\\/uploads\\\/2025\\\/12\\\/Logo-Nuevo-LOS-POLITICOS-1.jpg\",\"width\":260,\"height\":70,\"caption\":\"Los pol\u00edticos Veracruz\"},\"image\":{\"@id\":\"https:\\\/\\\/lospoliticosveracruz.com\\\/#\\\/schema\\\/logo\\\/image\\\/\"},\"sameAs\":[\"https:\\\/\\\/www.facebook.com\\\/people\\\/Notimemes-de-los-Polticos\\\/61565672886568\\\/\",\"https:\\\/\\\/x.com\\\/LosPoliticosVer\"]},{\"@type\":\"Person\",\"@id\":\"https:\\\/\\\/lospoliticosveracruz.com\\\/#\\\/schema\\\/person\\\/b8702bb0e538456e6efd07080bf2a4a2\",\"name\":\"Lo viste en Los Pol\u00edticos\",\"image\":{\"@type\":\"ImageObject\",\"inLanguage\":\"es\",\"@id\":\"https:\\\/\\\/secure.gravatar.com\\\/avatar\\\/3a8de04a2656d44082be478bd6c086daa447c4651605818287b9532d3d0bd435?s=96&d=mm&r=g\",\"url\":\"https:\\\/\\\/secure.gravatar.com\\\/avatar\\\/3a8de04a2656d44082be478bd6c086daa447c4651605818287b9532d3d0bd435?s=96&d=mm&r=g\",\"contentUrl\":\"https:\\\/\\\/secure.gravatar.com\\\/avatar\\\/3a8de04a2656d44082be478bd6c086daa447c4651605818287b9532d3d0bd435?s=96&d=mm&r=g\",\"caption\":\"Lo viste en Los Pol\u00edticos\"},\"url\":\"https:\\\/\\\/lospoliticosveracruz.com\\\/?author=2\"}]}<\/script>\n<!-- \/ Yoast SEO plugin. -->","yoast_head_json":{"title":"Ya es Pozos! - Los pol\u00edticos Veracruz","robots":{"index":"index","follow":"follow","max-snippet":"max-snippet:-1","max-image-preview":"max-image-preview:large","max-video-preview":"max-video-preview:-1"},"canonical":"https:\/\/lospoliticosveracruz.com\/?p=75261","og_locale":"es_ES","og_type":"article","og_title":"Ya es Pozos! - Los pol\u00edticos Veracruz","og_description":"TuxpanAcompa\u00f1ado de militantes y simpatizantes del Movimiento de Regeneraci\u00f3n Nacional (MORENA), Jos\u00e9 Manuel Pozos Castro recibi\u00f3 del OPLE su constancia de mayor\u00eda, que lo acredita como ganador de la elecci\u00f3n municipal del pasado 6 de junio.,Luego de que el OPLE realizar\u00e1 el Sistema de C\u00f3mputos Municipales, la ma\u00f1ana de este jueves, se constat\u00f3 que morena [&hellip;]","og_url":"https:\/\/lospoliticosveracruz.com\/?p=75261","og_site_name":"Los pol\u00edticos Veracruz","article_publisher":"https:\/\/www.facebook.com\/people\/Notimemes-de-los-Polticos\/61565672886568\/","article_published_time":"2021-06-10T20:04:16+00:00","article_modified_time":"2021-06-10T20:04:20+00:00","og_image":[{"width":200,"height":200,"url":"https:\/\/lospoliticosveracruz.com\/wp-content\/uploads\/2016\/07\/Logo-Dor.jpg","type":"image\/jpeg"}],"author":"Lo viste en Los Pol\u00edticos","twitter_card":"summary_large_image","twitter_creator":"@LosPoliticosVer","twitter_site":"@LosPoliticosVer","twitter_misc":{"Escrito por":"Lo viste en Los Pol\u00edticos","Tiempo de lectura":"1 minuto"},"schema":{"@context":"https:\/\/schema.org","@graph":[{"@type":"Article","@id":"https:\/\/lospoliticosveracruz.com\/?p=75261#article","isPartOf":{"@id":"https:\/\/lospoliticosveracruz.com\/?p=75261"},"author":{"name":"Lo viste en Los Pol\u00edticos","@id":"https:\/\/lospoliticosveracruz.com\/#\/schema\/person\/b8702bb0e538456e6efd07080bf2a4a2"},"headline":"Ya es Pozos!","datePublished":"2021-06-10T20:04:16+00:00","dateModified":"2021-06-10T20:04:20+00:00","mainEntityOfPage":{"@id":"https:\/\/lospoliticosveracruz.com\/?p=75261"},"wordCount":300,"publisher":{"@id":"https:\/\/lospoliticosveracruz.com\/#organization"},"keywords":["Jos\u00e9 Manuel Pozos Castro","Morena","Tuxpan"],"articleSection":["De Boleto"],"inLanguage":"es"},{"@type":"WebPage","@id":"https:\/\/lospoliticosveracruz.com\/?p=75261","url":"https:\/\/lospoliticosveracruz.com\/?p=75261","name":"Ya es Pozos! - Los pol\u00edticos Veracruz","isPartOf":{"@id":"https:\/\/lospoliticosveracruz.com\/#website"},"datePublished":"2021-06-10T20:04:16+00:00","dateModified":"2021-06-10T20:04:20+00:00","breadcrumb":{"@id":"https:\/\/lospoliticosveracruz.com\/?p=75261#breadcrumb"},"inLanguage":"es","potentialAction":[{"@type":"ReadAction","target":["https:\/\/lospoliticosveracruz.com\/?p=75261"]}]},{"@type":"BreadcrumbList","@id":"https:\/\/lospoliticosveracruz.com\/?p=75261#breadcrumb","itemListElement":[{"@type":"ListItem","position":1,"name":"Portada","item":"https:\/\/lospoliticosveracruz.com\/"},{"@type":"ListItem","position":2,"name":"Ya es Pozos!"}]},{"@type":"WebSite","@id":"https:\/\/lospoliticosveracruz.com\/#website","url":"https:\/\/lospoliticosveracruz.com\/","name":"Los pol\u00edticos Veracruz","description":"","publisher":{"@id":"https:\/\/lospoliticosveracruz.com\/#organization"},"potentialAction":[{"@type":"SearchAction","target":{"@type":"EntryPoint","urlTemplate":"https:\/\/lospoliticosveracruz.com\/?s={search_term_string}"},"query-input":{"@type":"PropertyValueSpecification","valueRequired":true,"valueName":"search_term_string"}}],"inLanguage":"es"},{"@type":"Organization","@id":"https:\/\/lospoliticosveracruz.com\/#organization","name":"Los pol\u00edticos Veracruz","url":"https:\/\/lospoliticosveracruz.com\/","logo":{"@type":"ImageObject","inLanguage":"es","@id":"https:\/\/lospoliticosveracruz.com\/#\/schema\/logo\/image\/","url":"https:\/\/lospoliticosveracruz.com\/wp-content\/uploads\/2025\/12\/Logo-Nuevo-LOS-POLITICOS-1.jpg","contentUrl":"https:\/\/lospoliticosveracruz.com\/wp-content\/uploads\/2025\/12\/Logo-Nuevo-LOS-POLITICOS-1.jpg","width":260,"height":70,"caption":"Los pol\u00edticos Veracruz"},"image":{"@id":"https:\/\/lospoliticosveracruz.com\/#\/schema\/logo\/image\/"},"sameAs":["https:\/\/www.facebook.com\/people\/Notimemes-de-los-Polticos\/61565672886568\/","https:\/\/x.com\/LosPoliticosVer"]},{"@type":"Person","@id":"https:\/\/lospoliticosveracruz.com\/#\/schema\/person\/b8702bb0e538456e6efd07080bf2a4a2","name":"Lo viste en Los Pol\u00edticos","image":{"@type":"ImageObject","inLanguage":"es","@id":"https:\/\/secure.gravatar.com\/avatar\/3a8de04a2656d44082be478bd6c086daa447c4651605818287b9532d3d0bd435?s=96&d=mm&r=g","url":"https:\/\/secure.gravatar.com\/avatar\/3a8de04a2656d44082be478bd6c086daa447c4651605818287b9532d3d0bd435?s=96&d=mm&r=g","contentUrl":"https:\/\/secure.gravatar.com\/avatar\/3a8de04a2656d44082be478bd6c086daa447c4651605818287b9532d3d0bd435?s=96&d=mm&r=g","caption":"Lo viste en Los Pol\u00edticos"},"url":"https:\/\/lospoliticosveracruz.com\/?author=2"}]}},"_links":{"self":[{"href":"https:\/\/lospoliticosveracruz.com\/index.php?rest_route=\/wp\/v2\/posts\/75261","targetHints":{"allow":["GET"]}}],"collection":[{"href":"https:\/\/lospoliticosveracruz.com\/index.php?rest_route=\/wp\/v2\/posts"}],"about":[{"href":"https:\/\/lospoliticosveracruz.com\/index.php?rest_route=\/wp\/v2\/types\/post"}],"author":[{"embeddable":true,"href":"https:\/\/lospoliticosveracruz.com\/index.php?rest_route=\/wp\/v2\/users\/2"}],"replies":[{"embeddable":true,"href":"https:\/\/lospoliticosveracruz.com\/index.php?rest_route=%2Fwp%2Fv2%2Fcomments&post=75261"}],"version-history":[{"count":1,"href":"https:\/\/lospoliticosveracruz.com\/index.php?rest_route=\/wp\/v2\/posts\/75261\/revisions"}],"predecessor-version":[{"id":75262,"href":"https:\/\/lospoliticosveracruz.com\/index.php?rest_route=\/wp\/v2\/posts\/75261\/revisions\/75262"}],"wp:attachment":[{"href":"https:\/\/lospoliticosveracruz.com\/index.php?rest_route=%2Fwp%2Fv2%2Fmedia&parent=75261"}],"wp:term":[{"taxonomy":"category","embeddable":true,"href":"https:\/\/lospoliticosveracruz.com\/index.php?rest_route=%2Fwp%2Fv2%2Fcategories&post=75261"},{"taxonomy":"post_tag","embeddable":true,"href":"https:\/\/lospoliticosveracruz.com\/index.php?rest_route=%2Fwp%2Fv2%2Ftags&post=75261"}],"curies":[{"name":"wp","href":"https:\/\/api.w.org\/{rel}","templated":true}]}}