{"id":75299,"date":"2021-06-11T08:06:10","date_gmt":"2021-06-11T13:06:10","guid":{"rendered":"http:\/\/www.lospoliticosveracruz.com.mx\/?p=75299"},"modified":"2021-06-11T08:06:15","modified_gmt":"2021-06-11T13:06:15","slug":"el-pan-y-sus-gallos-a-la-dirigencia","status":"publish","type":"post","link":"https:\/\/lospoliticosveracruz.com\/?p=75299","title":{"rendered":"El PAN y sus gallos a la dirigencia"},"content":{"rendered":"\n<p><strong>Ricardo Ch\u00faa<\/strong><br><em>Sale y Vale<\/em><\/p>\n\n\n\n<p>A pesar de que no se ha terminado el conteo de votos y que aun no le entregan actas como triunfadores a los candidatos que ganaron los cargos elecci\u00f3n popular en Veracruz, a las alcald\u00edas y diputaciones locales\u2026 Ya se \u00abcalientan motores\u00bb dentro del panismo local y todos andan pidiendo entre la remoci\u00f3n de Joaqu\u00edn Guzm\u00e1n Avil\u00e9s y otros el poder participar en la contienda electoral interna, que ser\u00e1 en noviembre pr\u00f3ximo..<br>Entre los nombres que se han manejado est\u00e1 el de Omar Miranda, quien de haber sido tesorero del PAN estatal, diputado local y tener a su familia en cargos de elecci\u00f3n popular\u2026 Era en su momento cercano a Pepe Mancha-Do\u2026 Para despu\u00e9s irse a lado de \u00abEl Chap\u00edto\u00bb Guzm\u00e1n\u2026 Dicen que \u00e9l ya \u00ablevant\u00f3\u00bb la mano diciendo \u00abyo quiero\u00bb\u2026 Pero siempre hay un \u00abpinche pero\u00bb\u2026 Su grupo se debilit\u00f3 y adem\u00e1s por encima de \u00e9l est\u00e1 Guzm\u00e1n Avil\u00e9s, que buscar\u00e1 la reelecci\u00f3n\u2026 Y para el colmo, Omar perdi\u00f3 Xalapa junto con \u00abEl Checo\u00bb dej\u00f3 de ser \u00abcacique\u00bb\u2026<br>Una que suena fuerte, entre panistas para buscar la dirigencia estatal, es la a\u00fan diputada federal por Boca del R\u00edo, Mariana Duyanska Garc\u00eda\u2026 Que en 2018 con todo y efecto AMLO, fue la mujer m\u00e1s votada del PAN en el pa\u00eds con casi 102 mil votos\u2026 Esa votaci\u00f3n comparada con esta del 2021 con Marijose Gamboa, Duyanska sac\u00f3 13 mil votos m\u00e1s en ese a\u00f1o, que la actual diputada electa\u2026 Ella conoce las \u00abentra\u00f1as\u00bb del PAN\u2026 Y ese partido necesita un nuevo liderazgo, alejado de \u00abcaciques\u00bb y ser\u00eda mujer\u2026 El PAN requiere REINVENTARSE\u2026 No hay m\u00e1s\u2026<br>Pero otro que suena ya dentro del panismo hist\u00f3rico y que ya alguno de los aspirantes que jugaron junto con \u00e9l, las diputaciones federales y locales.. Le han pedido que se \u00abaviente\u00bb a esta contienda, es Francisco Guti\u00e9rrez de Velasco\u2026 A pesar de que perdi\u00f3 la elecci\u00f3n del distrito IV a legislador federal\u2026 No qued\u00f3 con malos n\u00fameros\u2026 Es considerado un pol\u00edtico pragm\u00e1tico, que transita con un \u00abChapito\u00bb. un Cambranis o un Yunes azul\u2026 Es de la \u00abherencia\u00bb hist\u00f3rica del PAN\u2026 Y los de \u00absangre azul\u00bb y de la clase empresarial\u2026 \u00bfSer\u00e1 que se lance?\u2026<br>El \u00faltimo que suena para buscar este cargo\u2026 Pero es poco probable porque va entrar como diputado federal, es Carlos Valenzuela\u2026 Identificado al 100 con \u00abLos Yunes Azules\u00bb\u2026 Era su operador en 2016-2017 cuando estuvo como secretario General del PAN estatal\u2026 As\u00ed que \u00e9l ya sabe lo que hay\u2026 Pero, \u00e9l ser\u00e1 legislador federal v\u00eda plurinominal\u2026 No tendr\u00eda tiempo de dedicarse a temas partidistas, al menos que deje la curul del Congreso Federal\u2026 Y eso no se ve entre sus planes\u2026. Por lo pronto, ellos son los que suenan\u2026 ES CUANTO\u2026<\/p>\n\n\n\n<p>PRI EN VERACRUZ, EL RECUENTO\u2026 Muchos han se\u00f1alado que uno de los grandes perdedores de esta elecci\u00f3n estatal en Veracruz, es el PRI\u2026 Si bien es cierto, perdi\u00f3 un 3 por ciento de votaci\u00f3n\u2026 El \u00abDino\u00bb volvi\u00f3 a RESISTIR el embate de MORENA y del gobierno de Cuitl\u00e1huac Garc\u00eda\u2026 Tan s\u00f3lo logr\u00f3 regresar a ser el SEGUNDO LUGAR de alcald\u00edas, rebasando al PAN\u2026 Ah\u00ed les fue mejor\u2026. Conservaron las alcald\u00edas m\u00e1s pobladas\u2026<br>As\u00ed que mientras el PAN s\u00f3lo obtuvo 18 alcald\u00edas como partido pol\u00edtico jugando solos\u2026 El PRI se qued\u00f3 con 29 alcald\u00edas (pese a los ataques a Javier Duarte, Fidel Herrera y Pe\u00f1a Nieto)\u2026 Se convirtieron en el partido \u00abBISAGRA\u00bb para que la alianza \u00abVeracruz Va\u00bb mantenga el poder, por el momento, las alcald\u00edas de Veracruz, que la encabeza el PAN y la de Acayucan, que encabeza el PRD\u2026 Sin esos votos del PRI\u2026 Estas ya estuvieran en manos de MORENA\u2026.<br>Por eso, cuentas adversas en el tricolor en Veracruz, no las tienen\u2026 Pese a todo lo que arras\u00f3 MORENA y Cuitl\u00e1huac\u2026 Adem\u00e1s est\u00e1n defendiendo con todo, el comput\u00f3 de la alcald\u00eda de Veracruz y est\u00e1n viendo la forma de que la diputaci\u00f3n federal por Orizaba, se quede en manos del PRI con Igor Roji\u2026 El cual ir\u00e1 a tribunales\u2026 Es un hecho que la elecci\u00f3n ganaron, los priistas pragm\u00e1ticos: Juan Manuel D\u00edez, en Orizaba y Ponciano V\u00e1zquez, en Cosoleacaque\u2026 El \u00abDino\u00bb vive y va a \u00abcurar heridas\u00bb\u2026 Por eso ser\u00e1 m\u00e1s peligroso\u2026 AMEN\u2026<\/p>\n\n\n\n<p>EL CUARTO PODER Y MORENA\u2026 Para los que preguntan el por qu\u00e9 MORENA y sus partidos aliados ganaron elecciones en la mayor\u00eda de los distrito del pa\u00eds, las 11 gubernaturas y m\u00e1s de 17 congresos locales en los Estados\u2026 La respuesta es muy sencilla\u2026 El 67 por ciento de las personas que salieron a votar, no s\u00f3lo en Veracruz, sino en todo el pa\u00eds (Excepto Nuevo Le\u00f3n y Jalisco) fueron los ADULTOS MAYORES a 60 a\u00f1os\u2026 ZUCUTUM\u2026 Es la poblaci\u00f3n m\u00e1s beneficiada por MORENA y Andr\u00e9s Manuel L\u00f3pez Obrador\u2026<br>Ellos acudieron a votar, como una MISI\u00d3N PERSONAL, casi despu\u00e9s de un a\u00f1o y medio de encierro por la pandemia del COVID\u2026 Los cuales estaban en su mayor\u00eda vacunados y adem\u00e1s a defender sus apoyos, porque la oposici\u00f3n NO LOGR\u00d3 permear que esa ayuda no se la iban a quitar aunque llegaran al Congreso de la Uni\u00f3n\u2026. El adulto mayor vio como una obligaci\u00f3n salir a votar\u2026 No se emborracha el s\u00e1bado, anda \u00abcrudo\u00bb, no le da flojera o es indeciso como el joven\u2026 Ese fue el factor para que MORENA arrasara\u2026 Le funcion\u00f3 a AMLO\u2026<br>Adem\u00e1s esto deja claro.. Tambi\u00e9n otro factor de comunicaci\u00f3n social\u2026 Las redes sociales s\u00f3lo sirven para ENTRETENER\u2026 Pero NO GANAN elecciones.. Su auditorio es un p\u00fablico entre 14 a 25 a\u00f1os, la poblaci\u00f3n que no vota y que menos acude a votar\u2026 As\u00ed que ah\u00ed los ASESORES EN COMUNICACI\u00d3N cometieron el GRAVE ERROR de desde\u00f1ar a la televisi\u00f3n, Radio y peri\u00f3dicos\u2026 Se fueron a redes sociales y la \u00fanica red social que funcion\u00f3 en esta contienda es el FACEBOOK, ni twitter, ni instagram\u2026 Ni ninguna otra\u2026 Los datos son duros y claros\u2026<br>El adulto mayor es p\u00fablico cautivo que ve \u00abLas ma\u00f1aneras\u00bb\u2026 Ve s\u00f3lo radio, TV, peri\u00f3dicos y facebook\u2026 As\u00ed fue \u00abadoctrinado\u00bb esa poblaci\u00f3n\u2026 MORENA fue quien m\u00e1s spoteo de radio tuvo\u2026 Su estrategia funcion\u00f3\u2026 As\u00ed que aquel pol\u00edtico que contrate a un asesor en comunicaci\u00f3n y le pida que se base en redes sociales\u2026 CORRALO\u2026 En 2024 ser\u00e1 el mismo fen\u00f3meno\u2026 Es Veracruz, no Jalisco o Nuevo Le\u00f3n, ah\u00ed tienen altos \u00edndices de funcionalidad del internet\u2026 Por eso, son exitosas las candidaturas independientes\u2026 En \u00abjarochilandia\u00bb, no\u2026 AMEN\u2026<\/p>\n\n\n\n<p><\/p>\n","protected":false},"excerpt":{"rendered":"<p>Ricardo Ch\u00faaSale y Vale A pesar de que no se ha terminado el conteo de votos y que aun no le entregan actas como triunfadores a los candidatos que ganaron los cargos elecci\u00f3n popular en Veracruz, a las alcald\u00edas y diputaciones locales\u2026 Ya se \u00abcalientan motores\u00bb dentro del panismo local y todos andan pidiendo entre [&hellip;]<\/p>\n","protected":false},"author":2,"featured_media":0,"comment_status":"closed","ping_status":"closed","sticky":false,"template":"","format":"standard","meta":{"tdm_status":"","tdm_grid_status":"","footnotes":""},"categories":[70],"tags":[553,2802,3288,27040,28790,27039,13604,195],"class_list":{"0":"post-75299","1":"post","2":"type-post","3":"status-publish","4":"format-standard","6":"category-de-opinion","7":"tag-eleccion-popular","8":"tag-francisco-gutierrez-de-velasco","9":"tag-joaquin-guzman-aviles","10":"tag-mariana-duyanska","11":"tag-mariana-duyanska-garcia","12":"tag-marijose-gamboa-2","13":"tag-ricardo-chua","14":"tag-veracruz"},"yoast_head":"<!-- This site is optimized with the Yoast SEO plugin v27.4 - https:\/\/yoast.com\/product\/yoast-seo-wordpress\/ -->\n<title>El PAN y sus gallos a la dirigencia - Los pol\u00edticos Veracruz<\/title>\n<meta name=\"robots\" content=\"index, follow, max-snippet:-1, max-image-preview:large, max-video-preview:-1\" \/>\n<link rel=\"canonical\" href=\"https:\/\/lospoliticosveracruz.com\/?p=75299\" \/>\n<meta property=\"og:locale\" content=\"es_ES\" \/>\n<meta property=\"og:type\" content=\"article\" \/>\n<meta property=\"og:title\" content=\"El PAN y sus gallos a la dirigencia - Los pol\u00edticos Veracruz\" \/>\n<meta property=\"og:description\" content=\"Ricardo Ch\u00faaSale y Vale A pesar de que no se ha terminado el conteo de votos y que aun no le entregan actas como triunfadores a los candidatos que ganaron los cargos elecci\u00f3n popular en Veracruz, a las alcald\u00edas y diputaciones locales\u2026 Ya se \u00abcalientan motores\u00bb dentro del panismo local y todos andan pidiendo entre [&hellip;]\" \/>\n<meta property=\"og:url\" content=\"https:\/\/lospoliticosveracruz.com\/?p=75299\" \/>\n<meta property=\"og:site_name\" content=\"Los pol\u00edticos Veracruz\" \/>\n<meta property=\"article:publisher\" content=\"https:\/\/www.facebook.com\/people\/Notimemes-de-los-Polticos\/61565672886568\/\" \/>\n<meta property=\"article:published_time\" content=\"2021-06-11T13:06:10+00:00\" \/>\n<meta property=\"article:modified_time\" content=\"2021-06-11T13:06:15+00:00\" \/>\n<meta property=\"og:image\" content=\"https:\/\/lospoliticosveracruz.com\/wp-content\/uploads\/2016\/07\/Logo-Dor.jpg\" \/>\n\t<meta property=\"og:image:width\" content=\"200\" \/>\n\t<meta property=\"og:image:height\" content=\"200\" \/>\n\t<meta property=\"og:image:type\" content=\"image\/jpeg\" \/>\n<meta name=\"author\" content=\"Lo viste en Los Pol\u00edticos\" \/>\n<meta name=\"twitter:card\" content=\"summary_large_image\" \/>\n<meta name=\"twitter:creator\" content=\"@LosPoliticosVer\" \/>\n<meta name=\"twitter:site\" content=\"@LosPoliticosVer\" \/>\n<meta name=\"twitter:label1\" content=\"Escrito por\" \/>\n\t<meta name=\"twitter:data1\" content=\"Lo viste en Los Pol\u00edticos\" \/>\n\t<meta name=\"twitter:label2\" content=\"Tiempo de lectura\" \/>\n\t<meta name=\"twitter:data2\" content=\"6 minutos\" \/>\n<script type=\"application\/ld+json\" class=\"yoast-schema-graph\">{\"@context\":\"https:\\\/\\\/schema.org\",\"@graph\":[{\"@type\":\"Article\",\"@id\":\"https:\\\/\\\/lospoliticosveracruz.com\\\/?p=75299#article\",\"isPartOf\":{\"@id\":\"https:\\\/\\\/lospoliticosveracruz.com\\\/?p=75299\"},\"author\":{\"name\":\"Lo viste en Los Pol\u00edticos\",\"@id\":\"https:\\\/\\\/lospoliticosveracruz.com\\\/#\\\/schema\\\/person\\\/b8702bb0e538456e6efd07080bf2a4a2\"},\"headline\":\"El PAN y sus gallos a la dirigencia\",\"datePublished\":\"2021-06-11T13:06:10+00:00\",\"dateModified\":\"2021-06-11T13:06:15+00:00\",\"mainEntityOfPage\":{\"@id\":\"https:\\\/\\\/lospoliticosveracruz.com\\\/?p=75299\"},\"wordCount\":1160,\"publisher\":{\"@id\":\"https:\\\/\\\/lospoliticosveracruz.com\\\/#organization\"},\"keywords\":[\"elecci\u00f3n popular\",\"Francisco Guti\u00e9rrez de Velasco\",\"Joaqu\u00edn Guzm\u00e1n Avil\u00e9s\",\"Mariana Duyanska\",\"Mariana Duyanska Garc\u00eda\",\"Marijose Gamboa\",\"Ricardo Ch\u00faa\",\"Veracruz\"],\"articleSection\":[\"De Opini\u00f3n\"],\"inLanguage\":\"es\"},{\"@type\":\"WebPage\",\"@id\":\"https:\\\/\\\/lospoliticosveracruz.com\\\/?p=75299\",\"url\":\"https:\\\/\\\/lospoliticosveracruz.com\\\/?p=75299\",\"name\":\"El PAN y sus gallos a la dirigencia - Los pol\u00edticos Veracruz\",\"isPartOf\":{\"@id\":\"https:\\\/\\\/lospoliticosveracruz.com\\\/#website\"},\"datePublished\":\"2021-06-11T13:06:10+00:00\",\"dateModified\":\"2021-06-11T13:06:15+00:00\",\"breadcrumb\":{\"@id\":\"https:\\\/\\\/lospoliticosveracruz.com\\\/?p=75299#breadcrumb\"},\"inLanguage\":\"es\",\"potentialAction\":[{\"@type\":\"ReadAction\",\"target\":[\"https:\\\/\\\/lospoliticosveracruz.com\\\/?p=75299\"]}]},{\"@type\":\"BreadcrumbList\",\"@id\":\"https:\\\/\\\/lospoliticosveracruz.com\\\/?p=75299#breadcrumb\",\"itemListElement\":[{\"@type\":\"ListItem\",\"position\":1,\"name\":\"Portada\",\"item\":\"https:\\\/\\\/lospoliticosveracruz.com\\\/\"},{\"@type\":\"ListItem\",\"position\":2,\"name\":\"El PAN y sus gallos a la dirigencia\"}]},{\"@type\":\"WebSite\",\"@id\":\"https:\\\/\\\/lospoliticosveracruz.com\\\/#website\",\"url\":\"https:\\\/\\\/lospoliticosveracruz.com\\\/\",\"name\":\"Los pol\u00edticos Veracruz\",\"description\":\"\",\"publisher\":{\"@id\":\"https:\\\/\\\/lospoliticosveracruz.com\\\/#organization\"},\"potentialAction\":[{\"@type\":\"SearchAction\",\"target\":{\"@type\":\"EntryPoint\",\"urlTemplate\":\"https:\\\/\\\/lospoliticosveracruz.com\\\/?s={search_term_string}\"},\"query-input\":{\"@type\":\"PropertyValueSpecification\",\"valueRequired\":true,\"valueName\":\"search_term_string\"}}],\"inLanguage\":\"es\"},{\"@type\":\"Organization\",\"@id\":\"https:\\\/\\\/lospoliticosveracruz.com\\\/#organization\",\"name\":\"Los pol\u00edticos Veracruz\",\"url\":\"https:\\\/\\\/lospoliticosveracruz.com\\\/\",\"logo\":{\"@type\":\"ImageObject\",\"inLanguage\":\"es\",\"@id\":\"https:\\\/\\\/lospoliticosveracruz.com\\\/#\\\/schema\\\/logo\\\/image\\\/\",\"url\":\"https:\\\/\\\/lospoliticosveracruz.com\\\/wp-content\\\/uploads\\\/2025\\\/12\\\/Logo-Nuevo-LOS-POLITICOS-1.jpg\",\"contentUrl\":\"https:\\\/\\\/lospoliticosveracruz.com\\\/wp-content\\\/uploads\\\/2025\\\/12\\\/Logo-Nuevo-LOS-POLITICOS-1.jpg\",\"width\":260,\"height\":70,\"caption\":\"Los pol\u00edticos Veracruz\"},\"image\":{\"@id\":\"https:\\\/\\\/lospoliticosveracruz.com\\\/#\\\/schema\\\/logo\\\/image\\\/\"},\"sameAs\":[\"https:\\\/\\\/www.facebook.com\\\/people\\\/Notimemes-de-los-Polticos\\\/61565672886568\\\/\",\"https:\\\/\\\/x.com\\\/LosPoliticosVer\"]},{\"@type\":\"Person\",\"@id\":\"https:\\\/\\\/lospoliticosveracruz.com\\\/#\\\/schema\\\/person\\\/b8702bb0e538456e6efd07080bf2a4a2\",\"name\":\"Lo viste en Los Pol\u00edticos\",\"image\":{\"@type\":\"ImageObject\",\"inLanguage\":\"es\",\"@id\":\"https:\\\/\\\/secure.gravatar.com\\\/avatar\\\/3a8de04a2656d44082be478bd6c086daa447c4651605818287b9532d3d0bd435?s=96&d=mm&r=g\",\"url\":\"https:\\\/\\\/secure.gravatar.com\\\/avatar\\\/3a8de04a2656d44082be478bd6c086daa447c4651605818287b9532d3d0bd435?s=96&d=mm&r=g\",\"contentUrl\":\"https:\\\/\\\/secure.gravatar.com\\\/avatar\\\/3a8de04a2656d44082be478bd6c086daa447c4651605818287b9532d3d0bd435?s=96&d=mm&r=g\",\"caption\":\"Lo viste en Los Pol\u00edticos\"},\"url\":\"https:\\\/\\\/lospoliticosveracruz.com\\\/?author=2\"}]}<\/script>\n<!-- \/ Yoast SEO plugin. -->","yoast_head_json":{"title":"El PAN y sus gallos a la dirigencia - Los pol\u00edticos Veracruz","robots":{"index":"index","follow":"follow","max-snippet":"max-snippet:-1","max-image-preview":"max-image-preview:large","max-video-preview":"max-video-preview:-1"},"canonical":"https:\/\/lospoliticosveracruz.com\/?p=75299","og_locale":"es_ES","og_type":"article","og_title":"El PAN y sus gallos a la dirigencia - Los pol\u00edticos Veracruz","og_description":"Ricardo Ch\u00faaSale y Vale A pesar de que no se ha terminado el conteo de votos y que aun no le entregan actas como triunfadores a los candidatos que ganaron los cargos elecci\u00f3n popular en Veracruz, a las alcald\u00edas y diputaciones locales\u2026 Ya se \u00abcalientan motores\u00bb dentro del panismo local y todos andan pidiendo entre [&hellip;]","og_url":"https:\/\/lospoliticosveracruz.com\/?p=75299","og_site_name":"Los pol\u00edticos Veracruz","article_publisher":"https:\/\/www.facebook.com\/people\/Notimemes-de-los-Polticos\/61565672886568\/","article_published_time":"2021-06-11T13:06:10+00:00","article_modified_time":"2021-06-11T13:06:15+00:00","og_image":[{"width":200,"height":200,"url":"https:\/\/lospoliticosveracruz.com\/wp-content\/uploads\/2016\/07\/Logo-Dor.jpg","type":"image\/jpeg"}],"author":"Lo viste en Los Pol\u00edticos","twitter_card":"summary_large_image","twitter_creator":"@LosPoliticosVer","twitter_site":"@LosPoliticosVer","twitter_misc":{"Escrito por":"Lo viste en Los Pol\u00edticos","Tiempo de lectura":"6 minutos"},"schema":{"@context":"https:\/\/schema.org","@graph":[{"@type":"Article","@id":"https:\/\/lospoliticosveracruz.com\/?p=75299#article","isPartOf":{"@id":"https:\/\/lospoliticosveracruz.com\/?p=75299"},"author":{"name":"Lo viste en Los Pol\u00edticos","@id":"https:\/\/lospoliticosveracruz.com\/#\/schema\/person\/b8702bb0e538456e6efd07080bf2a4a2"},"headline":"El PAN y sus gallos a la dirigencia","datePublished":"2021-06-11T13:06:10+00:00","dateModified":"2021-06-11T13:06:15+00:00","mainEntityOfPage":{"@id":"https:\/\/lospoliticosveracruz.com\/?p=75299"},"wordCount":1160,"publisher":{"@id":"https:\/\/lospoliticosveracruz.com\/#organization"},"keywords":["elecci\u00f3n popular","Francisco Guti\u00e9rrez de Velasco","Joaqu\u00edn Guzm\u00e1n Avil\u00e9s","Mariana Duyanska","Mariana Duyanska Garc\u00eda","Marijose Gamboa","Ricardo Ch\u00faa","Veracruz"],"articleSection":["De Opini\u00f3n"],"inLanguage":"es"},{"@type":"WebPage","@id":"https:\/\/lospoliticosveracruz.com\/?p=75299","url":"https:\/\/lospoliticosveracruz.com\/?p=75299","name":"El PAN y sus gallos a la dirigencia - Los pol\u00edticos Veracruz","isPartOf":{"@id":"https:\/\/lospoliticosveracruz.com\/#website"},"datePublished":"2021-06-11T13:06:10+00:00","dateModified":"2021-06-11T13:06:15+00:00","breadcrumb":{"@id":"https:\/\/lospoliticosveracruz.com\/?p=75299#breadcrumb"},"inLanguage":"es","potentialAction":[{"@type":"ReadAction","target":["https:\/\/lospoliticosveracruz.com\/?p=75299"]}]},{"@type":"BreadcrumbList","@id":"https:\/\/lospoliticosveracruz.com\/?p=75299#breadcrumb","itemListElement":[{"@type":"ListItem","position":1,"name":"Portada","item":"https:\/\/lospoliticosveracruz.com\/"},{"@type":"ListItem","position":2,"name":"El PAN y sus gallos a la dirigencia"}]},{"@type":"WebSite","@id":"https:\/\/lospoliticosveracruz.com\/#website","url":"https:\/\/lospoliticosveracruz.com\/","name":"Los pol\u00edticos Veracruz","description":"","publisher":{"@id":"https:\/\/lospoliticosveracruz.com\/#organization"},"potentialAction":[{"@type":"SearchAction","target":{"@type":"EntryPoint","urlTemplate":"https:\/\/lospoliticosveracruz.com\/?s={search_term_string}"},"query-input":{"@type":"PropertyValueSpecification","valueRequired":true,"valueName":"search_term_string"}}],"inLanguage":"es"},{"@type":"Organization","@id":"https:\/\/lospoliticosveracruz.com\/#organization","name":"Los pol\u00edticos Veracruz","url":"https:\/\/lospoliticosveracruz.com\/","logo":{"@type":"ImageObject","inLanguage":"es","@id":"https:\/\/lospoliticosveracruz.com\/#\/schema\/logo\/image\/","url":"https:\/\/lospoliticosveracruz.com\/wp-content\/uploads\/2025\/12\/Logo-Nuevo-LOS-POLITICOS-1.jpg","contentUrl":"https:\/\/lospoliticosveracruz.com\/wp-content\/uploads\/2025\/12\/Logo-Nuevo-LOS-POLITICOS-1.jpg","width":260,"height":70,"caption":"Los pol\u00edticos Veracruz"},"image":{"@id":"https:\/\/lospoliticosveracruz.com\/#\/schema\/logo\/image\/"},"sameAs":["https:\/\/www.facebook.com\/people\/Notimemes-de-los-Polticos\/61565672886568\/","https:\/\/x.com\/LosPoliticosVer"]},{"@type":"Person","@id":"https:\/\/lospoliticosveracruz.com\/#\/schema\/person\/b8702bb0e538456e6efd07080bf2a4a2","name":"Lo viste en Los Pol\u00edticos","image":{"@type":"ImageObject","inLanguage":"es","@id":"https:\/\/secure.gravatar.com\/avatar\/3a8de04a2656d44082be478bd6c086daa447c4651605818287b9532d3d0bd435?s=96&d=mm&r=g","url":"https:\/\/secure.gravatar.com\/avatar\/3a8de04a2656d44082be478bd6c086daa447c4651605818287b9532d3d0bd435?s=96&d=mm&r=g","contentUrl":"https:\/\/secure.gravatar.com\/avatar\/3a8de04a2656d44082be478bd6c086daa447c4651605818287b9532d3d0bd435?s=96&d=mm&r=g","caption":"Lo viste en Los Pol\u00edticos"},"url":"https:\/\/lospoliticosveracruz.com\/?author=2"}]}},"_links":{"self":[{"href":"https:\/\/lospoliticosveracruz.com\/index.php?rest_route=\/wp\/v2\/posts\/75299","targetHints":{"allow":["GET"]}}],"collection":[{"href":"https:\/\/lospoliticosveracruz.com\/index.php?rest_route=\/wp\/v2\/posts"}],"about":[{"href":"https:\/\/lospoliticosveracruz.com\/index.php?rest_route=\/wp\/v2\/types\/post"}],"author":[{"embeddable":true,"href":"https:\/\/lospoliticosveracruz.com\/index.php?rest_route=\/wp\/v2\/users\/2"}],"replies":[{"embeddable":true,"href":"https:\/\/lospoliticosveracruz.com\/index.php?rest_route=%2Fwp%2Fv2%2Fcomments&post=75299"}],"version-history":[{"count":1,"href":"https:\/\/lospoliticosveracruz.com\/index.php?rest_route=\/wp\/v2\/posts\/75299\/revisions"}],"predecessor-version":[{"id":75301,"href":"https:\/\/lospoliticosveracruz.com\/index.php?rest_route=\/wp\/v2\/posts\/75299\/revisions\/75301"}],"wp:attachment":[{"href":"https:\/\/lospoliticosveracruz.com\/index.php?rest_route=%2Fwp%2Fv2%2Fmedia&parent=75299"}],"wp:term":[{"taxonomy":"category","embeddable":true,"href":"https:\/\/lospoliticosveracruz.com\/index.php?rest_route=%2Fwp%2Fv2%2Fcategories&post=75299"},{"taxonomy":"post_tag","embeddable":true,"href":"https:\/\/lospoliticosveracruz.com\/index.php?rest_route=%2Fwp%2Fv2%2Ftags&post=75299"}],"curies":[{"name":"wp","href":"https:\/\/api.w.org\/{rel}","templated":true}]}}