{"id":75302,"date":"2021-06-11T11:04:21","date_gmt":"2021-06-11T16:04:21","guid":{"rendered":"http:\/\/www.lospoliticosveracruz.com.mx\/?p=75302"},"modified":"2021-06-11T11:04:24","modified_gmt":"2021-06-11T16:04:24","slug":"jueces-veracruzanos-altamente-calificados-y-comprometidos-ines-romero","status":"publish","type":"post","link":"https:\/\/lospoliticosveracruz.com\/?p=75302","title":{"rendered":"Jueces veracruzanos, altamente calificados y comprometidos: In\u00e9s Romero"},"content":{"rendered":"\n<p>\u201cVeracruz cuenta con jueces altamente calificados, comprometidos con su deber; segura estoy de que en ustedes se cumple el deber constitucional de impartir justicia pronta y expedita\u201d, destac\u00f3 la Magistrada Isabel In\u00e9s Romero Cruz, Presidenta del Tribunal Superior de Justicia y del Consejo de la Judicatura del Estado de Veracruz durante la inauguraci\u00f3n del curso virtual \u201cHallazgos de Falacias en el Sistema Penal Acusatorio\u201d.<\/p>\n\n\n\n<p>Se trat\u00f3 de una capacitaci\u00f3n a distancia cuya finalidad es identificar dentro del contexto de los debates realizados en el Sistema de Justicia Penal Acusatorio, los planteamientos que son constitutivos de falacias argumentativas, a efecto de emitir fallos y resoluciones correctos y verdaderos.<\/p>\n\n\n\n<p>La sesi\u00f3n, a trav\u00e9s de una plataforma digital, organizada por la Escuela Judicial del Estado, a cargo de la Maestra Carla Rodr\u00edguez Gonz\u00e1lez, convoc\u00f3 a Magistradas, Magistrados, Juezas, Jueces, Secretarias, Secretarios de Acuerdos, de Estudio y Cuenta, as\u00ed como Actuarios de Primera y Segunda Instancia del&nbsp; Poder Judicial del Estado.<\/p>\n\n\n\n<p>La citada actividad cont\u00f3 con la participaci\u00f3n del destacado jurista veracruzano, el Maestro Julio C\u00e9sar M\u00e1rquez Rold\u00e1n, Juez Segundo de Distrito de Amparo en Materia Penal del Estado de Puebla.<\/p>\n\n\n\n<p>En este marco, la Magistrada Presidenta, Isabel In\u00e9s Romero Cruz resalt\u00f3 que es necesario que los jueces conozcan el adecuado cumplimiento de las obligaciones de las partes, distinguir sus argumentos, colocarlos en la balanza de la legalidad, y desprender de ellos lo que es acertado y procedente, as\u00ed como lo que es contrario a lo demostrado.<\/p>\n\n\n\n<p>Ya que como jueces es necesario localizar los argumentos que son inv\u00e1lidos o incorrectos, que aunque se presentan como v\u00e1lidos y correctos, probablemente no lo son.<\/p>\n\n\n\n<p>Explic\u00f3 que los procesos penales tienen el prop\u00f3sito de esclarecer los hechos, y esto solamente se logra mediante un correcto desempe\u00f1o de la labor de los juzgadores, identificando los argumentos adecuados y desechando aquellos que pretendan someterlos a una pifia, y a la emisi\u00f3n de resoluciones contrarias a la verdad.<\/p>\n\n\n\n<p>Acept\u00f3 que el sistema procesal acusatorio presenta una multiplicidad de retos por enfrentar, y de inc\u00f3gnitas por revelar, por lo que, como estudiosos del derecho, es necesario adentrarse en el conocimiento para poder hacer frente a todas las batallas que d\u00eda a d\u00eda deben ser enfrentadas en las salas de juicio oral.<\/p>\n\n\n\n<p>Finalmente, indic\u00f3 que el estudio, la pr\u00e1ctica, el ejercicio diario del conocimiento adquirido es lo que permite reforzarlo y aplicarlo de manera correcta, siendo \u00e9sta, la f\u00f3rmula para lograr que el desempe\u00f1o del juez sea de excelencia.<\/p>\n\n\n\n<p>Al final de la sesi\u00f3n, el destacado ponente recibi\u00f3 un reconocimiento virtual por su sobresaliente participaci\u00f3n.<\/p>\n","protected":false},"excerpt":{"rendered":"<p>\u201cVeracruz cuenta con jueces altamente calificados, comprometidos con su deber; segura estoy de que en ustedes se cumple el deber constitucional de impartir justicia pronta y expedita\u201d, destac\u00f3 la Magistrada Isabel In\u00e9s Romero Cruz, Presidenta del Tribunal Superior de Justicia y del Consejo de la Judicatura del Estado de Veracruz durante la inauguraci\u00f3n del curso [&hellip;]<\/p>\n","protected":false},"author":2,"featured_media":0,"comment_status":"closed","ping_status":"closed","sticky":false,"template":"","format":"standard","meta":{"tdm_status":"","tdm_grid_status":"","footnotes":""},"categories":[73],"tags":[28791,15620,10798],"class_list":{"0":"post-75302","1":"post","2":"type-post","3":"status-publish","4":"format-standard","6":"category-de-boleto","7":"tag-hallazgos-de-falacias-en-el-sistema-penal-acusatorio","8":"tag-isabel-ines-romero-cruz","9":"tag-tribunal-superior-de-justicia"},"yoast_head":"<!-- This site is optimized with the Yoast SEO plugin v27.4 - https:\/\/yoast.com\/product\/yoast-seo-wordpress\/ -->\n<title>Jueces veracruzanos, altamente calificados y comprometidos: In\u00e9s Romero - Los pol\u00edticos Veracruz<\/title>\n<meta name=\"robots\" content=\"index, follow, max-snippet:-1, max-image-preview:large, max-video-preview:-1\" \/>\n<link rel=\"canonical\" href=\"https:\/\/lospoliticosveracruz.com\/?p=75302\" \/>\n<meta property=\"og:locale\" content=\"es_ES\" \/>\n<meta property=\"og:type\" content=\"article\" \/>\n<meta property=\"og:title\" content=\"Jueces veracruzanos, altamente calificados y comprometidos: In\u00e9s Romero - Los pol\u00edticos Veracruz\" \/>\n<meta property=\"og:description\" content=\"\u201cVeracruz cuenta con jueces altamente calificados, comprometidos con su deber; segura estoy de que en ustedes se cumple el deber constitucional de impartir justicia pronta y expedita\u201d, destac\u00f3 la Magistrada Isabel In\u00e9s Romero Cruz, Presidenta del Tribunal Superior de Justicia y del Consejo de la Judicatura del Estado de Veracruz durante la inauguraci\u00f3n del curso [&hellip;]\" \/>\n<meta property=\"og:url\" content=\"https:\/\/lospoliticosveracruz.com\/?p=75302\" \/>\n<meta property=\"og:site_name\" content=\"Los pol\u00edticos Veracruz\" \/>\n<meta property=\"article:publisher\" content=\"https:\/\/www.facebook.com\/people\/Notimemes-de-los-Polticos\/61565672886568\/\" \/>\n<meta property=\"article:published_time\" content=\"2021-06-11T16:04:21+00:00\" \/>\n<meta property=\"article:modified_time\" content=\"2021-06-11T16:04:24+00:00\" \/>\n<meta property=\"og:image\" content=\"https:\/\/lospoliticosveracruz.com\/wp-content\/uploads\/2016\/07\/Logo-Dor.jpg\" \/>\n\t<meta property=\"og:image:width\" content=\"200\" \/>\n\t<meta property=\"og:image:height\" content=\"200\" \/>\n\t<meta property=\"og:image:type\" content=\"image\/jpeg\" \/>\n<meta name=\"author\" content=\"Lo viste en Los Pol\u00edticos\" \/>\n<meta name=\"twitter:card\" content=\"summary_large_image\" \/>\n<meta name=\"twitter:creator\" content=\"@LosPoliticosVer\" \/>\n<meta name=\"twitter:site\" content=\"@LosPoliticosVer\" \/>\n<meta name=\"twitter:label1\" content=\"Escrito por\" \/>\n\t<meta name=\"twitter:data1\" content=\"Lo viste en Los Pol\u00edticos\" \/>\n\t<meta name=\"twitter:label2\" content=\"Tiempo de lectura\" \/>\n\t<meta name=\"twitter:data2\" content=\"2 minutos\" \/>\n<script type=\"application\/ld+json\" class=\"yoast-schema-graph\">{\"@context\":\"https:\\\/\\\/schema.org\",\"@graph\":[{\"@type\":\"Article\",\"@id\":\"https:\\\/\\\/lospoliticosveracruz.com\\\/?p=75302#article\",\"isPartOf\":{\"@id\":\"https:\\\/\\\/lospoliticosveracruz.com\\\/?p=75302\"},\"author\":{\"name\":\"Lo viste en Los Pol\u00edticos\",\"@id\":\"https:\\\/\\\/lospoliticosveracruz.com\\\/#\\\/schema\\\/person\\\/b8702bb0e538456e6efd07080bf2a4a2\"},\"headline\":\"Jueces veracruzanos, altamente calificados y comprometidos: In\u00e9s Romero\",\"datePublished\":\"2021-06-11T16:04:21+00:00\",\"dateModified\":\"2021-06-11T16:04:24+00:00\",\"mainEntityOfPage\":{\"@id\":\"https:\\\/\\\/lospoliticosveracruz.com\\\/?p=75302\"},\"wordCount\":459,\"publisher\":{\"@id\":\"https:\\\/\\\/lospoliticosveracruz.com\\\/#organization\"},\"keywords\":[\"Hallazgos de Falacias en el Sistema Penal Acusatorio\",\"Isabel In\u00e9s Romero Cruz\",\"Tribunal Superior de Justicia\"],\"articleSection\":[\"De Boleto\"],\"inLanguage\":\"es\"},{\"@type\":\"WebPage\",\"@id\":\"https:\\\/\\\/lospoliticosveracruz.com\\\/?p=75302\",\"url\":\"https:\\\/\\\/lospoliticosveracruz.com\\\/?p=75302\",\"name\":\"Jueces veracruzanos, altamente calificados y comprometidos: In\u00e9s Romero - Los pol\u00edticos Veracruz\",\"isPartOf\":{\"@id\":\"https:\\\/\\\/lospoliticosveracruz.com\\\/#website\"},\"datePublished\":\"2021-06-11T16:04:21+00:00\",\"dateModified\":\"2021-06-11T16:04:24+00:00\",\"breadcrumb\":{\"@id\":\"https:\\\/\\\/lospoliticosveracruz.com\\\/?p=75302#breadcrumb\"},\"inLanguage\":\"es\",\"potentialAction\":[{\"@type\":\"ReadAction\",\"target\":[\"https:\\\/\\\/lospoliticosveracruz.com\\\/?p=75302\"]}]},{\"@type\":\"BreadcrumbList\",\"@id\":\"https:\\\/\\\/lospoliticosveracruz.com\\\/?p=75302#breadcrumb\",\"itemListElement\":[{\"@type\":\"ListItem\",\"position\":1,\"name\":\"Portada\",\"item\":\"https:\\\/\\\/lospoliticosveracruz.com\\\/\"},{\"@type\":\"ListItem\",\"position\":2,\"name\":\"Jueces veracruzanos, altamente calificados y comprometidos: In\u00e9s Romero\"}]},{\"@type\":\"WebSite\",\"@id\":\"https:\\\/\\\/lospoliticosveracruz.com\\\/#website\",\"url\":\"https:\\\/\\\/lospoliticosveracruz.com\\\/\",\"name\":\"Los pol\u00edticos Veracruz\",\"description\":\"\",\"publisher\":{\"@id\":\"https:\\\/\\\/lospoliticosveracruz.com\\\/#organization\"},\"potentialAction\":[{\"@type\":\"SearchAction\",\"target\":{\"@type\":\"EntryPoint\",\"urlTemplate\":\"https:\\\/\\\/lospoliticosveracruz.com\\\/?s={search_term_string}\"},\"query-input\":{\"@type\":\"PropertyValueSpecification\",\"valueRequired\":true,\"valueName\":\"search_term_string\"}}],\"inLanguage\":\"es\"},{\"@type\":\"Organization\",\"@id\":\"https:\\\/\\\/lospoliticosveracruz.com\\\/#organization\",\"name\":\"Los pol\u00edticos Veracruz\",\"url\":\"https:\\\/\\\/lospoliticosveracruz.com\\\/\",\"logo\":{\"@type\":\"ImageObject\",\"inLanguage\":\"es\",\"@id\":\"https:\\\/\\\/lospoliticosveracruz.com\\\/#\\\/schema\\\/logo\\\/image\\\/\",\"url\":\"https:\\\/\\\/lospoliticosveracruz.com\\\/wp-content\\\/uploads\\\/2025\\\/12\\\/Logo-Nuevo-LOS-POLITICOS-1.jpg\",\"contentUrl\":\"https:\\\/\\\/lospoliticosveracruz.com\\\/wp-content\\\/uploads\\\/2025\\\/12\\\/Logo-Nuevo-LOS-POLITICOS-1.jpg\",\"width\":260,\"height\":70,\"caption\":\"Los pol\u00edticos Veracruz\"},\"image\":{\"@id\":\"https:\\\/\\\/lospoliticosveracruz.com\\\/#\\\/schema\\\/logo\\\/image\\\/\"},\"sameAs\":[\"https:\\\/\\\/www.facebook.com\\\/people\\\/Notimemes-de-los-Polticos\\\/61565672886568\\\/\",\"https:\\\/\\\/x.com\\\/LosPoliticosVer\"]},{\"@type\":\"Person\",\"@id\":\"https:\\\/\\\/lospoliticosveracruz.com\\\/#\\\/schema\\\/person\\\/b8702bb0e538456e6efd07080bf2a4a2\",\"name\":\"Lo viste en Los Pol\u00edticos\",\"image\":{\"@type\":\"ImageObject\",\"inLanguage\":\"es\",\"@id\":\"https:\\\/\\\/secure.gravatar.com\\\/avatar\\\/3a8de04a2656d44082be478bd6c086daa447c4651605818287b9532d3d0bd435?s=96&d=mm&r=g\",\"url\":\"https:\\\/\\\/secure.gravatar.com\\\/avatar\\\/3a8de04a2656d44082be478bd6c086daa447c4651605818287b9532d3d0bd435?s=96&d=mm&r=g\",\"contentUrl\":\"https:\\\/\\\/secure.gravatar.com\\\/avatar\\\/3a8de04a2656d44082be478bd6c086daa447c4651605818287b9532d3d0bd435?s=96&d=mm&r=g\",\"caption\":\"Lo viste en Los Pol\u00edticos\"},\"url\":\"https:\\\/\\\/lospoliticosveracruz.com\\\/?author=2\"}]}<\/script>\n<!-- \/ Yoast SEO plugin. -->","yoast_head_json":{"title":"Jueces veracruzanos, altamente calificados y comprometidos: In\u00e9s Romero - Los pol\u00edticos Veracruz","robots":{"index":"index","follow":"follow","max-snippet":"max-snippet:-1","max-image-preview":"max-image-preview:large","max-video-preview":"max-video-preview:-1"},"canonical":"https:\/\/lospoliticosveracruz.com\/?p=75302","og_locale":"es_ES","og_type":"article","og_title":"Jueces veracruzanos, altamente calificados y comprometidos: In\u00e9s Romero - Los pol\u00edticos Veracruz","og_description":"\u201cVeracruz cuenta con jueces altamente calificados, comprometidos con su deber; segura estoy de que en ustedes se cumple el deber constitucional de impartir justicia pronta y expedita\u201d, destac\u00f3 la Magistrada Isabel In\u00e9s Romero Cruz, Presidenta del Tribunal Superior de Justicia y del Consejo de la Judicatura del Estado de Veracruz durante la inauguraci\u00f3n del curso [&hellip;]","og_url":"https:\/\/lospoliticosveracruz.com\/?p=75302","og_site_name":"Los pol\u00edticos Veracruz","article_publisher":"https:\/\/www.facebook.com\/people\/Notimemes-de-los-Polticos\/61565672886568\/","article_published_time":"2021-06-11T16:04:21+00:00","article_modified_time":"2021-06-11T16:04:24+00:00","og_image":[{"width":200,"height":200,"url":"https:\/\/lospoliticosveracruz.com\/wp-content\/uploads\/2016\/07\/Logo-Dor.jpg","type":"image\/jpeg"}],"author":"Lo viste en Los Pol\u00edticos","twitter_card":"summary_large_image","twitter_creator":"@LosPoliticosVer","twitter_site":"@LosPoliticosVer","twitter_misc":{"Escrito por":"Lo viste en Los Pol\u00edticos","Tiempo de lectura":"2 minutos"},"schema":{"@context":"https:\/\/schema.org","@graph":[{"@type":"Article","@id":"https:\/\/lospoliticosveracruz.com\/?p=75302#article","isPartOf":{"@id":"https:\/\/lospoliticosveracruz.com\/?p=75302"},"author":{"name":"Lo viste en Los Pol\u00edticos","@id":"https:\/\/lospoliticosveracruz.com\/#\/schema\/person\/b8702bb0e538456e6efd07080bf2a4a2"},"headline":"Jueces veracruzanos, altamente calificados y comprometidos: In\u00e9s Romero","datePublished":"2021-06-11T16:04:21+00:00","dateModified":"2021-06-11T16:04:24+00:00","mainEntityOfPage":{"@id":"https:\/\/lospoliticosveracruz.com\/?p=75302"},"wordCount":459,"publisher":{"@id":"https:\/\/lospoliticosveracruz.com\/#organization"},"keywords":["Hallazgos de Falacias en el Sistema Penal Acusatorio","Isabel In\u00e9s Romero Cruz","Tribunal Superior de Justicia"],"articleSection":["De Boleto"],"inLanguage":"es"},{"@type":"WebPage","@id":"https:\/\/lospoliticosveracruz.com\/?p=75302","url":"https:\/\/lospoliticosveracruz.com\/?p=75302","name":"Jueces veracruzanos, altamente calificados y comprometidos: In\u00e9s Romero - Los pol\u00edticos Veracruz","isPartOf":{"@id":"https:\/\/lospoliticosveracruz.com\/#website"},"datePublished":"2021-06-11T16:04:21+00:00","dateModified":"2021-06-11T16:04:24+00:00","breadcrumb":{"@id":"https:\/\/lospoliticosveracruz.com\/?p=75302#breadcrumb"},"inLanguage":"es","potentialAction":[{"@type":"ReadAction","target":["https:\/\/lospoliticosveracruz.com\/?p=75302"]}]},{"@type":"BreadcrumbList","@id":"https:\/\/lospoliticosveracruz.com\/?p=75302#breadcrumb","itemListElement":[{"@type":"ListItem","position":1,"name":"Portada","item":"https:\/\/lospoliticosveracruz.com\/"},{"@type":"ListItem","position":2,"name":"Jueces veracruzanos, altamente calificados y comprometidos: In\u00e9s Romero"}]},{"@type":"WebSite","@id":"https:\/\/lospoliticosveracruz.com\/#website","url":"https:\/\/lospoliticosveracruz.com\/","name":"Los pol\u00edticos Veracruz","description":"","publisher":{"@id":"https:\/\/lospoliticosveracruz.com\/#organization"},"potentialAction":[{"@type":"SearchAction","target":{"@type":"EntryPoint","urlTemplate":"https:\/\/lospoliticosveracruz.com\/?s={search_term_string}"},"query-input":{"@type":"PropertyValueSpecification","valueRequired":true,"valueName":"search_term_string"}}],"inLanguage":"es"},{"@type":"Organization","@id":"https:\/\/lospoliticosveracruz.com\/#organization","name":"Los pol\u00edticos Veracruz","url":"https:\/\/lospoliticosveracruz.com\/","logo":{"@type":"ImageObject","inLanguage":"es","@id":"https:\/\/lospoliticosveracruz.com\/#\/schema\/logo\/image\/","url":"https:\/\/lospoliticosveracruz.com\/wp-content\/uploads\/2025\/12\/Logo-Nuevo-LOS-POLITICOS-1.jpg","contentUrl":"https:\/\/lospoliticosveracruz.com\/wp-content\/uploads\/2025\/12\/Logo-Nuevo-LOS-POLITICOS-1.jpg","width":260,"height":70,"caption":"Los pol\u00edticos Veracruz"},"image":{"@id":"https:\/\/lospoliticosveracruz.com\/#\/schema\/logo\/image\/"},"sameAs":["https:\/\/www.facebook.com\/people\/Notimemes-de-los-Polticos\/61565672886568\/","https:\/\/x.com\/LosPoliticosVer"]},{"@type":"Person","@id":"https:\/\/lospoliticosveracruz.com\/#\/schema\/person\/b8702bb0e538456e6efd07080bf2a4a2","name":"Lo viste en Los Pol\u00edticos","image":{"@type":"ImageObject","inLanguage":"es","@id":"https:\/\/secure.gravatar.com\/avatar\/3a8de04a2656d44082be478bd6c086daa447c4651605818287b9532d3d0bd435?s=96&d=mm&r=g","url":"https:\/\/secure.gravatar.com\/avatar\/3a8de04a2656d44082be478bd6c086daa447c4651605818287b9532d3d0bd435?s=96&d=mm&r=g","contentUrl":"https:\/\/secure.gravatar.com\/avatar\/3a8de04a2656d44082be478bd6c086daa447c4651605818287b9532d3d0bd435?s=96&d=mm&r=g","caption":"Lo viste en Los Pol\u00edticos"},"url":"https:\/\/lospoliticosveracruz.com\/?author=2"}]}},"_links":{"self":[{"href":"https:\/\/lospoliticosveracruz.com\/index.php?rest_route=\/wp\/v2\/posts\/75302","targetHints":{"allow":["GET"]}}],"collection":[{"href":"https:\/\/lospoliticosveracruz.com\/index.php?rest_route=\/wp\/v2\/posts"}],"about":[{"href":"https:\/\/lospoliticosveracruz.com\/index.php?rest_route=\/wp\/v2\/types\/post"}],"author":[{"embeddable":true,"href":"https:\/\/lospoliticosveracruz.com\/index.php?rest_route=\/wp\/v2\/users\/2"}],"replies":[{"embeddable":true,"href":"https:\/\/lospoliticosveracruz.com\/index.php?rest_route=%2Fwp%2Fv2%2Fcomments&post=75302"}],"version-history":[{"count":1,"href":"https:\/\/lospoliticosveracruz.com\/index.php?rest_route=\/wp\/v2\/posts\/75302\/revisions"}],"predecessor-version":[{"id":75304,"href":"https:\/\/lospoliticosveracruz.com\/index.php?rest_route=\/wp\/v2\/posts\/75302\/revisions\/75304"}],"wp:attachment":[{"href":"https:\/\/lospoliticosveracruz.com\/index.php?rest_route=%2Fwp%2Fv2%2Fmedia&parent=75302"}],"wp:term":[{"taxonomy":"category","embeddable":true,"href":"https:\/\/lospoliticosveracruz.com\/index.php?rest_route=%2Fwp%2Fv2%2Fcategories&post=75302"},{"taxonomy":"post_tag","embeddable":true,"href":"https:\/\/lospoliticosveracruz.com\/index.php?rest_route=%2Fwp%2Fv2%2Ftags&post=75302"}],"curies":[{"name":"wp","href":"https:\/\/api.w.org\/{rel}","templated":true}]}}