{"id":75334,"date":"2021-06-12T09:16:54","date_gmt":"2021-06-12T14:16:54","guid":{"rendered":"http:\/\/www.lospoliticosveracruz.com.mx\/?p=75334"},"modified":"2021-06-12T09:16:58","modified_gmt":"2021-06-12T14:16:58","slug":"eleccion-bajo-sospecha","status":"publish","type":"post","link":"https:\/\/lospoliticosveracruz.com\/?p=75334","title":{"rendered":"Elecci\u00f3n bajo sospecha"},"content":{"rendered":"\n<p><strong>Ricardo Ch\u00faa<\/strong><br><em>Sale y Vale<\/em><\/p>\n\n\n\n<p>DATO YUNES 2024\u2026 Al parecer, uno de los GRANDES ESCENARIOS que ha dejado la elecci\u00f3n a nivel federal y estatal en Veracruz\u2026 En materia de la sucesi\u00f3n estatal, que ya empez\u00f3 para el 2024 para sustituir en la silla, que ahora ostenta, Cuitl\u00e1huac Garc\u00eda\u2026 Es que con los resultados obtenidos en este proceso del 2021 en la entidad\u2026 Es que probablemente, ning\u00fan personaje de apellido YUNES, ni AZUL o ROJO, se pueda ver impreso en esa boleta del 2024\u2026.<br>Todo indica que esto SE ACAB\u00d3\u2026 Lo que empez\u00f3 en 2010 cuando siempre hubo un Yunes (Miguel \u00c1ngel Yunes Linares) en elecciones a gobernador en Veracruz\u2026 En 2016 (H\u00e9ctor Yunes y Miguel \u00c1ngel Yunes pap\u00e1) y 2018 (Miguel \u00c1ngel Yunes M\u00e1rquez y Jos\u00e9 Francisco Yunes Zorilla)\u2026 Este 2021, deja claro, que deben ser otros actores, los que deben postularse en sus coaliciones o partidos pol\u00edticos\u2026 Y, no es que se les niegue a los Yunes la postulaci\u00f3n\u2026 S\u00f3lo que el escenario pol\u00edtico en este a\u00f1o, los dej\u00f3 desgastados\u2026 A todos\u2026<br>Ser\u00e1 muy dif\u00edcil que por los n\u00fameros obtenidos por los grupos de Los Yunes (azules y rojos) tengan una OPORTUNIDAD POL\u00cdTICA REAL de ser una OPCI\u00d3N AVASALLANTE para el 2024.. Como lo fueron en 2010, 2016 y 2018.. Donde el apellido siempre pes\u00f3, pero el \u00fanico que gan\u00f3 fue PapaYunes\u2026 Pero lo real es que algunos de ellos, estar\u00e1n fuera de una curul\u2026 Sus partidos, los manejan sus adversarios y sus elecciones en 2021 la ganaron por \u00abun pelito de rana calva\u00bb\u2026 Dios si perdona, el tiempo no\u2026 Y el desgaste fue demasiado\u2026 AMEN<\/p>\n\n\n\n<p>LA SOSPECHA<br>Entre grupos de conocidos personajes de distintos partidos pol\u00edticos en Veracruz\u2026 Que le saben al tema y manipuleo de votos durante una jornada electoral\u2026 Hay una FUERTE SOSPECHA que el partido en el poder y el propio gobierno estatal, PRESUNTAMENTE aplicaron la misma pr\u00e1ctica que hac\u00eda el \u00abviejo r\u00e9gimen\u00bb para ganar una elecci\u00f3n de manera avasallante\u2026 Y que presuntamente, desde el \u00f3rgano electoral federal o local, imprimieron DOBLES BOLETAS y cambiaron resultados\u2026 ASPTM\u2026<\/p>\n\n\n\n<p>La misma situaci\u00f3n que en la elecci\u00f3n del 2012, 2013 y 2015 acusaron a Javier Duarte y sus \u00abalquimistas\u00bb electorales, el cual uno de los m\u00e1s importante est\u00e1 con MORENA, Gabriel Deantes\u2026 Donde la oposici\u00f3n, en esos a\u00f1os, PAN y PRD, se\u00f1alaron que Duarte les hab\u00eda dado la vuelta a la elecci\u00f3n de manera \u00abtramposa\u00bb desde el extinto IEV o Juntas Distritales del IFE\u2026 Se vio una situaci\u00f3n similar este domingo cuando MORENA gana la elecci\u00f3n en Veracruz, tanto federal o local, de manera desconcertante\u2026<\/p>\n\n\n\n<p>Los mismos candidatos de oposici\u00f3n en casi todos los distritos electorales locales y federales en Veracruz\u2026 Hicieron hincapi\u00e9, que PRESUNTAMENTE, que burocratas federales o estatales, los propios Servidores de la Naci\u00f3n iban con mochilas a las juntas electorales.. Y que ah\u00ed PRESUNTAMENTE llevaban las boletas\u2026 Que no dejaban en muchas demarcaciones entrar a los representantes de los partidos para que contaran los votos, y que ah\u00ed PRESUNTAMENTE \u00abcompraron\u00bb a los funcionarios de casillas\u2026<\/p>\n\n\n\n<p>De esa manera, se presume que PRESUNTAMENTE es que cambiaron el rumbo de la elecci\u00f3n, dependiendo el distrito o demarcaci\u00f3n, as\u00ed ganaron hasta municipios, los aspirantes postulados por MORENA y sus partidos aliados\u2026 Por eso, la sociedad se pregunta: C\u00f3mo fue que ganaron muchos candidatos completamente desconocidos\u2026 Ah\u00ed est\u00e1 la respuesta\u2026 Por la \u00abalquimia\u00bb electoral creada en los tiempos del partidos \u00fanico en el poder\u2026 Como \u00abanillo al dedo\u00bb\u2026 Pero en Veracruz, se pasaron de \u00abtueste\u00bb\u2026.<\/p>\n\n\n\n<p>PERO OJO\u2026 Tambi\u00e9n esta TENDENCIA de la votaci\u00f3n a favor de MORENA en Veracruz, puede tener una explicaci\u00f3n m\u00e1s racional: 1) La relaci\u00f3n AMLO-Morena\u2026 2) Los programas sociales que s\u00ed fueron factor\u2026 3) El miedo que provoc\u00f3 el encarcelamiento y asesinatos de pol\u00edticos de oposici\u00f3n en Veracruz y 4) Que la sociedad veracruzana, ya jubil\u00f3 a la \u00abvieja\u00bb clase pol\u00edtica (Am\u00e9rico, Mota, Renato Alarc\u00f3n, Cambranis, Soto Matla, Garc\u00eda Guzm\u00e1n, Chedraui, Checo Hern\u00e1ndez, Tito Delf\u00edn, Yunes y un largo etc\u00e9tera)\u2026. ES CUANTO\u2026<\/p>\n\n\n\n<p>CUITL\u00c1HUAC, PEPE Y EL CHANCLAS.. El pasado jueves, pasado el mediod\u00eda, en Xalapa, en \u00abEl Vadiros\u00bb, el restaurante m\u00e1s famoso de la capital\u2026 Nos cuenta GARGANTA PROFUNDA que a la hora del almuerzo estaba el gobernador, Cuitl\u00e1huac Garc\u00eda, compartiendo los alimentos con varios personajes y CELEBRANDO, quiz\u00e1s, el triunfo de MORENA en Veracruz\u2026 Cuando lleg\u00f3 al mismo sitio, el reci\u00e9n diputado federal electo priista, Jos\u00e9 Francisco Yunes Zorilla, con un grupo de columnistas pol\u00edticos xalape\u00f1os, de las llamadas \u00abVacas Sagradas\u00bb\u2026.<\/p>\n\n\n\n<p>En el sitio f\u00e1cil hab\u00eda como hasta 30 personas de seguridad personal del gobernador\u2026 Pepe no acostumbra tanto guarura\u2026 Pero, al final, al ganador hay que cuidarlo\u2026 Nadie sabe, si Cuitl\u00e1huac y Pepe cruzaron palabra o saludo\u2026 Ni tampoco si alg\u00fan columnista que acompa\u00f1aba a Pepe Yunes, acudi\u00f3 a saludar al mandatario estatal\u2026 El caso es que ah\u00ed, cada uno con su reservaci\u00f3n, compart\u00edan el pan y la sal\u2026<\/p>\n\n\n\n<p>La situaci\u00f3n no habr\u00eda tenido nada de singular\u2026 Sino que a Pepe Yunes, se le vio junto al famoso \u00abfil\u00f3sofo\u00bb de la pol\u00edtica de la intriga y el enga\u00f1o: Gonzalo Morgado Huesca, mejor conocido como \u00abEl Capital Chanclas\u00bb\u2026 Qui\u00e9n semanas atr\u00e1s manifestaba en la elecci\u00f3n que con el PRI y con priistas, ni a la esquina\u2026 Al menos, eso dicen sus bi\u00f3grafos no autorizados\u2026 Pero conociendo a Pepe, que es un caballero, si se encontr\u00f3 a \u00ab\u00c9l Chanclas\u00bb seguro, atento como \u00e9s, lo invit\u00f3 a compartir con ellos los alimentos\u2026 Vaya regreso de Morgado\u2026<\/p>\n\n\n\n<p>Obvio que al verlo con Pepe\u2026 Muchos empezaron a especular que Morgado, experto en esas pr\u00e1cticas pol\u00edticas, regres\u00f3 a ser \u00abpepista\u00bb como en anta\u00f1o\u2026 Y que adem\u00e1s, al no lograr su diputaci\u00f3n local plurinominal con PODEMOS\u2026 \u00abEl Chanclas\u00bb ya \u00abROMPI\u00d3\u00bb relaciones con Francisco Garrido, el l\u00edder estatal de este organismo pol\u00edtico\u2026 Al final de cuentas, Gonzalo es un caso digno de \u00abadmirarse\u00bb, ya que \u00e9l mismo se REINVENTA\u2026 Con PepeYu y si puede hasta con Cuitl\u00e1huac\u2026 Unas mesas y unas sillas, no ser\u00edan impedimento\u2026 AMEN\u2026<\/p>\n","protected":false},"excerpt":{"rendered":"<p>Ricardo Ch\u00faaSale y Vale DATO YUNES 2024\u2026 Al parecer, uno de los GRANDES ESCENARIOS que ha dejado la elecci\u00f3n a nivel federal y estatal en Veracruz\u2026 En materia de la sucesi\u00f3n estatal, que ya empez\u00f3 para el 2024 para sustituir en la silla, que ahora ostenta, Cuitl\u00e1huac Garc\u00eda\u2026 Es que con los resultados obtenidos en [&hellip;]<\/p>\n","protected":false},"author":2,"featured_media":0,"comment_status":"closed","ping_status":"closed","sticky":false,"template":"","format":"standard","meta":{"tdm_status":"","tdm_grid_status":"","footnotes":""},"categories":[70],"tags":[1681,19335,1233,536,1026,3272,28226,570,13435,195],"class_list":{"0":"post-75334","1":"post","2":"type-post","3":"status-publish","4":"format-standard","6":"category-de-opinion","7":"tag-cuitlahuac-garcia","8":"tag-elecciones-2021","9":"tag-gonzalo-morgado-huesca","10":"tag-miguel-angel-yunes-marquez","11":"tag-morena","12":"tag-ople","13":"tag-paty-lobeira-de-yunes","14":"tag-pepe-yunes","15":"tag-ricardo-exsome-zapata","16":"tag-veracruz"},"yoast_head":"<!-- This site is optimized with the Yoast SEO plugin v27.4 - https:\/\/yoast.com\/product\/yoast-seo-wordpress\/ -->\n<title>Elecci\u00f3n bajo sospecha - Los pol\u00edticos Veracruz<\/title>\n<meta name=\"robots\" content=\"index, follow, max-snippet:-1, max-image-preview:large, max-video-preview:-1\" \/>\n<link rel=\"canonical\" href=\"https:\/\/lospoliticosveracruz.com\/?p=75334\" \/>\n<meta property=\"og:locale\" content=\"es_ES\" \/>\n<meta property=\"og:type\" content=\"article\" \/>\n<meta property=\"og:title\" content=\"Elecci\u00f3n bajo sospecha - Los pol\u00edticos Veracruz\" \/>\n<meta property=\"og:description\" content=\"Ricardo Ch\u00faaSale y Vale DATO YUNES 2024\u2026 Al parecer, uno de los GRANDES ESCENARIOS que ha dejado la elecci\u00f3n a nivel federal y estatal en Veracruz\u2026 En materia de la sucesi\u00f3n estatal, que ya empez\u00f3 para el 2024 para sustituir en la silla, que ahora ostenta, Cuitl\u00e1huac Garc\u00eda\u2026 Es que con los resultados obtenidos en [&hellip;]\" \/>\n<meta property=\"og:url\" content=\"https:\/\/lospoliticosveracruz.com\/?p=75334\" \/>\n<meta property=\"og:site_name\" content=\"Los pol\u00edticos Veracruz\" \/>\n<meta property=\"article:publisher\" content=\"https:\/\/www.facebook.com\/people\/Notimemes-de-los-Polticos\/61565672886568\/\" \/>\n<meta property=\"article:published_time\" content=\"2021-06-12T14:16:54+00:00\" \/>\n<meta property=\"article:modified_time\" content=\"2021-06-12T14:16:58+00:00\" \/>\n<meta property=\"og:image\" content=\"https:\/\/lospoliticosveracruz.com\/wp-content\/uploads\/2016\/07\/Logo-Dor.jpg\" \/>\n\t<meta property=\"og:image:width\" content=\"200\" \/>\n\t<meta property=\"og:image:height\" content=\"200\" \/>\n\t<meta property=\"og:image:type\" content=\"image\/jpeg\" \/>\n<meta name=\"author\" content=\"Lo viste en Los Pol\u00edticos\" \/>\n<meta name=\"twitter:card\" content=\"summary_large_image\" \/>\n<meta name=\"twitter:creator\" content=\"@LosPoliticosVer\" \/>\n<meta name=\"twitter:site\" content=\"@LosPoliticosVer\" \/>\n<meta name=\"twitter:label1\" content=\"Escrito por\" \/>\n\t<meta name=\"twitter:data1\" content=\"Lo viste en Los Pol\u00edticos\" \/>\n\t<meta name=\"twitter:label2\" content=\"Tiempo de lectura\" \/>\n\t<meta name=\"twitter:data2\" content=\"5 minutos\" \/>\n<script type=\"application\/ld+json\" class=\"yoast-schema-graph\">{\"@context\":\"https:\\\/\\\/schema.org\",\"@graph\":[{\"@type\":\"Article\",\"@id\":\"https:\\\/\\\/lospoliticosveracruz.com\\\/?p=75334#article\",\"isPartOf\":{\"@id\":\"https:\\\/\\\/lospoliticosveracruz.com\\\/?p=75334\"},\"author\":{\"name\":\"Lo viste en Los Pol\u00edticos\",\"@id\":\"https:\\\/\\\/lospoliticosveracruz.com\\\/#\\\/schema\\\/person\\\/b8702bb0e538456e6efd07080bf2a4a2\"},\"headline\":\"Elecci\u00f3n bajo sospecha\",\"datePublished\":\"2021-06-12T14:16:54+00:00\",\"dateModified\":\"2021-06-12T14:16:58+00:00\",\"mainEntityOfPage\":{\"@id\":\"https:\\\/\\\/lospoliticosveracruz.com\\\/?p=75334\"},\"wordCount\":1055,\"publisher\":{\"@id\":\"https:\\\/\\\/lospoliticosveracruz.com\\\/#organization\"},\"keywords\":[\"Cuitl\u00e1huac Garc\u00eda\",\"Elecciones 2021\",\"Gonzalo Morgado Huesca\",\"Miguel \u00c1ngel Yunes M\u00e1rquez\",\"Morena\",\"OPLE\",\"Paty Lobeira de Yunes\",\"Pepe Yunes\",\"Ricardo Exsome Zapata\",\"Veracruz\"],\"articleSection\":[\"De Opini\u00f3n\"],\"inLanguage\":\"es\"},{\"@type\":\"WebPage\",\"@id\":\"https:\\\/\\\/lospoliticosveracruz.com\\\/?p=75334\",\"url\":\"https:\\\/\\\/lospoliticosveracruz.com\\\/?p=75334\",\"name\":\"Elecci\u00f3n bajo sospecha - Los pol\u00edticos Veracruz\",\"isPartOf\":{\"@id\":\"https:\\\/\\\/lospoliticosveracruz.com\\\/#website\"},\"datePublished\":\"2021-06-12T14:16:54+00:00\",\"dateModified\":\"2021-06-12T14:16:58+00:00\",\"breadcrumb\":{\"@id\":\"https:\\\/\\\/lospoliticosveracruz.com\\\/?p=75334#breadcrumb\"},\"inLanguage\":\"es\",\"potentialAction\":[{\"@type\":\"ReadAction\",\"target\":[\"https:\\\/\\\/lospoliticosveracruz.com\\\/?p=75334\"]}]},{\"@type\":\"BreadcrumbList\",\"@id\":\"https:\\\/\\\/lospoliticosveracruz.com\\\/?p=75334#breadcrumb\",\"itemListElement\":[{\"@type\":\"ListItem\",\"position\":1,\"name\":\"Portada\",\"item\":\"https:\\\/\\\/lospoliticosveracruz.com\\\/\"},{\"@type\":\"ListItem\",\"position\":2,\"name\":\"Elecci\u00f3n bajo sospecha\"}]},{\"@type\":\"WebSite\",\"@id\":\"https:\\\/\\\/lospoliticosveracruz.com\\\/#website\",\"url\":\"https:\\\/\\\/lospoliticosveracruz.com\\\/\",\"name\":\"Los pol\u00edticos Veracruz\",\"description\":\"\",\"publisher\":{\"@id\":\"https:\\\/\\\/lospoliticosveracruz.com\\\/#organization\"},\"potentialAction\":[{\"@type\":\"SearchAction\",\"target\":{\"@type\":\"EntryPoint\",\"urlTemplate\":\"https:\\\/\\\/lospoliticosveracruz.com\\\/?s={search_term_string}\"},\"query-input\":{\"@type\":\"PropertyValueSpecification\",\"valueRequired\":true,\"valueName\":\"search_term_string\"}}],\"inLanguage\":\"es\"},{\"@type\":\"Organization\",\"@id\":\"https:\\\/\\\/lospoliticosveracruz.com\\\/#organization\",\"name\":\"Los pol\u00edticos Veracruz\",\"url\":\"https:\\\/\\\/lospoliticosveracruz.com\\\/\",\"logo\":{\"@type\":\"ImageObject\",\"inLanguage\":\"es\",\"@id\":\"https:\\\/\\\/lospoliticosveracruz.com\\\/#\\\/schema\\\/logo\\\/image\\\/\",\"url\":\"https:\\\/\\\/lospoliticosveracruz.com\\\/wp-content\\\/uploads\\\/2025\\\/12\\\/Logo-Nuevo-LOS-POLITICOS-1.jpg\",\"contentUrl\":\"https:\\\/\\\/lospoliticosveracruz.com\\\/wp-content\\\/uploads\\\/2025\\\/12\\\/Logo-Nuevo-LOS-POLITICOS-1.jpg\",\"width\":260,\"height\":70,\"caption\":\"Los pol\u00edticos Veracruz\"},\"image\":{\"@id\":\"https:\\\/\\\/lospoliticosveracruz.com\\\/#\\\/schema\\\/logo\\\/image\\\/\"},\"sameAs\":[\"https:\\\/\\\/www.facebook.com\\\/people\\\/Notimemes-de-los-Polticos\\\/61565672886568\\\/\",\"https:\\\/\\\/x.com\\\/LosPoliticosVer\"]},{\"@type\":\"Person\",\"@id\":\"https:\\\/\\\/lospoliticosveracruz.com\\\/#\\\/schema\\\/person\\\/b8702bb0e538456e6efd07080bf2a4a2\",\"name\":\"Lo viste en Los Pol\u00edticos\",\"image\":{\"@type\":\"ImageObject\",\"inLanguage\":\"es\",\"@id\":\"https:\\\/\\\/secure.gravatar.com\\\/avatar\\\/3a8de04a2656d44082be478bd6c086daa447c4651605818287b9532d3d0bd435?s=96&d=mm&r=g\",\"url\":\"https:\\\/\\\/secure.gravatar.com\\\/avatar\\\/3a8de04a2656d44082be478bd6c086daa447c4651605818287b9532d3d0bd435?s=96&d=mm&r=g\",\"contentUrl\":\"https:\\\/\\\/secure.gravatar.com\\\/avatar\\\/3a8de04a2656d44082be478bd6c086daa447c4651605818287b9532d3d0bd435?s=96&d=mm&r=g\",\"caption\":\"Lo viste en Los Pol\u00edticos\"},\"url\":\"https:\\\/\\\/lospoliticosveracruz.com\\\/?author=2\"}]}<\/script>\n<!-- \/ Yoast SEO plugin. -->","yoast_head_json":{"title":"Elecci\u00f3n bajo sospecha - Los pol\u00edticos Veracruz","robots":{"index":"index","follow":"follow","max-snippet":"max-snippet:-1","max-image-preview":"max-image-preview:large","max-video-preview":"max-video-preview:-1"},"canonical":"https:\/\/lospoliticosveracruz.com\/?p=75334","og_locale":"es_ES","og_type":"article","og_title":"Elecci\u00f3n bajo sospecha - Los pol\u00edticos Veracruz","og_description":"Ricardo Ch\u00faaSale y Vale DATO YUNES 2024\u2026 Al parecer, uno de los GRANDES ESCENARIOS que ha dejado la elecci\u00f3n a nivel federal y estatal en Veracruz\u2026 En materia de la sucesi\u00f3n estatal, que ya empez\u00f3 para el 2024 para sustituir en la silla, que ahora ostenta, Cuitl\u00e1huac Garc\u00eda\u2026 Es que con los resultados obtenidos en [&hellip;]","og_url":"https:\/\/lospoliticosveracruz.com\/?p=75334","og_site_name":"Los pol\u00edticos Veracruz","article_publisher":"https:\/\/www.facebook.com\/people\/Notimemes-de-los-Polticos\/61565672886568\/","article_published_time":"2021-06-12T14:16:54+00:00","article_modified_time":"2021-06-12T14:16:58+00:00","og_image":[{"width":200,"height":200,"url":"https:\/\/lospoliticosveracruz.com\/wp-content\/uploads\/2016\/07\/Logo-Dor.jpg","type":"image\/jpeg"}],"author":"Lo viste en Los Pol\u00edticos","twitter_card":"summary_large_image","twitter_creator":"@LosPoliticosVer","twitter_site":"@LosPoliticosVer","twitter_misc":{"Escrito por":"Lo viste en Los Pol\u00edticos","Tiempo de lectura":"5 minutos"},"schema":{"@context":"https:\/\/schema.org","@graph":[{"@type":"Article","@id":"https:\/\/lospoliticosveracruz.com\/?p=75334#article","isPartOf":{"@id":"https:\/\/lospoliticosveracruz.com\/?p=75334"},"author":{"name":"Lo viste en Los Pol\u00edticos","@id":"https:\/\/lospoliticosveracruz.com\/#\/schema\/person\/b8702bb0e538456e6efd07080bf2a4a2"},"headline":"Elecci\u00f3n bajo sospecha","datePublished":"2021-06-12T14:16:54+00:00","dateModified":"2021-06-12T14:16:58+00:00","mainEntityOfPage":{"@id":"https:\/\/lospoliticosveracruz.com\/?p=75334"},"wordCount":1055,"publisher":{"@id":"https:\/\/lospoliticosveracruz.com\/#organization"},"keywords":["Cuitl\u00e1huac Garc\u00eda","Elecciones 2021","Gonzalo Morgado Huesca","Miguel \u00c1ngel Yunes M\u00e1rquez","Morena","OPLE","Paty Lobeira de Yunes","Pepe Yunes","Ricardo Exsome Zapata","Veracruz"],"articleSection":["De Opini\u00f3n"],"inLanguage":"es"},{"@type":"WebPage","@id":"https:\/\/lospoliticosveracruz.com\/?p=75334","url":"https:\/\/lospoliticosveracruz.com\/?p=75334","name":"Elecci\u00f3n bajo sospecha - Los pol\u00edticos Veracruz","isPartOf":{"@id":"https:\/\/lospoliticosveracruz.com\/#website"},"datePublished":"2021-06-12T14:16:54+00:00","dateModified":"2021-06-12T14:16:58+00:00","breadcrumb":{"@id":"https:\/\/lospoliticosveracruz.com\/?p=75334#breadcrumb"},"inLanguage":"es","potentialAction":[{"@type":"ReadAction","target":["https:\/\/lospoliticosveracruz.com\/?p=75334"]}]},{"@type":"BreadcrumbList","@id":"https:\/\/lospoliticosveracruz.com\/?p=75334#breadcrumb","itemListElement":[{"@type":"ListItem","position":1,"name":"Portada","item":"https:\/\/lospoliticosveracruz.com\/"},{"@type":"ListItem","position":2,"name":"Elecci\u00f3n bajo sospecha"}]},{"@type":"WebSite","@id":"https:\/\/lospoliticosveracruz.com\/#website","url":"https:\/\/lospoliticosveracruz.com\/","name":"Los pol\u00edticos Veracruz","description":"","publisher":{"@id":"https:\/\/lospoliticosveracruz.com\/#organization"},"potentialAction":[{"@type":"SearchAction","target":{"@type":"EntryPoint","urlTemplate":"https:\/\/lospoliticosveracruz.com\/?s={search_term_string}"},"query-input":{"@type":"PropertyValueSpecification","valueRequired":true,"valueName":"search_term_string"}}],"inLanguage":"es"},{"@type":"Organization","@id":"https:\/\/lospoliticosveracruz.com\/#organization","name":"Los pol\u00edticos Veracruz","url":"https:\/\/lospoliticosveracruz.com\/","logo":{"@type":"ImageObject","inLanguage":"es","@id":"https:\/\/lospoliticosveracruz.com\/#\/schema\/logo\/image\/","url":"https:\/\/lospoliticosveracruz.com\/wp-content\/uploads\/2025\/12\/Logo-Nuevo-LOS-POLITICOS-1.jpg","contentUrl":"https:\/\/lospoliticosveracruz.com\/wp-content\/uploads\/2025\/12\/Logo-Nuevo-LOS-POLITICOS-1.jpg","width":260,"height":70,"caption":"Los pol\u00edticos Veracruz"},"image":{"@id":"https:\/\/lospoliticosveracruz.com\/#\/schema\/logo\/image\/"},"sameAs":["https:\/\/www.facebook.com\/people\/Notimemes-de-los-Polticos\/61565672886568\/","https:\/\/x.com\/LosPoliticosVer"]},{"@type":"Person","@id":"https:\/\/lospoliticosveracruz.com\/#\/schema\/person\/b8702bb0e538456e6efd07080bf2a4a2","name":"Lo viste en Los Pol\u00edticos","image":{"@type":"ImageObject","inLanguage":"es","@id":"https:\/\/secure.gravatar.com\/avatar\/3a8de04a2656d44082be478bd6c086daa447c4651605818287b9532d3d0bd435?s=96&d=mm&r=g","url":"https:\/\/secure.gravatar.com\/avatar\/3a8de04a2656d44082be478bd6c086daa447c4651605818287b9532d3d0bd435?s=96&d=mm&r=g","contentUrl":"https:\/\/secure.gravatar.com\/avatar\/3a8de04a2656d44082be478bd6c086daa447c4651605818287b9532d3d0bd435?s=96&d=mm&r=g","caption":"Lo viste en Los Pol\u00edticos"},"url":"https:\/\/lospoliticosveracruz.com\/?author=2"}]}},"_links":{"self":[{"href":"https:\/\/lospoliticosveracruz.com\/index.php?rest_route=\/wp\/v2\/posts\/75334","targetHints":{"allow":["GET"]}}],"collection":[{"href":"https:\/\/lospoliticosveracruz.com\/index.php?rest_route=\/wp\/v2\/posts"}],"about":[{"href":"https:\/\/lospoliticosveracruz.com\/index.php?rest_route=\/wp\/v2\/types\/post"}],"author":[{"embeddable":true,"href":"https:\/\/lospoliticosveracruz.com\/index.php?rest_route=\/wp\/v2\/users\/2"}],"replies":[{"embeddable":true,"href":"https:\/\/lospoliticosveracruz.com\/index.php?rest_route=%2Fwp%2Fv2%2Fcomments&post=75334"}],"version-history":[{"count":1,"href":"https:\/\/lospoliticosveracruz.com\/index.php?rest_route=\/wp\/v2\/posts\/75334\/revisions"}],"predecessor-version":[{"id":75335,"href":"https:\/\/lospoliticosveracruz.com\/index.php?rest_route=\/wp\/v2\/posts\/75334\/revisions\/75335"}],"wp:attachment":[{"href":"https:\/\/lospoliticosveracruz.com\/index.php?rest_route=%2Fwp%2Fv2%2Fmedia&parent=75334"}],"wp:term":[{"taxonomy":"category","embeddable":true,"href":"https:\/\/lospoliticosveracruz.com\/index.php?rest_route=%2Fwp%2Fv2%2Fcategories&post=75334"},{"taxonomy":"post_tag","embeddable":true,"href":"https:\/\/lospoliticosveracruz.com\/index.php?rest_route=%2Fwp%2Fv2%2Ftags&post=75334"}],"curies":[{"name":"wp","href":"https:\/\/api.w.org\/{rel}","templated":true}]}}