{"id":75344,"date":"2021-06-12T14:00:33","date_gmt":"2021-06-12T19:00:33","guid":{"rendered":"http:\/\/www.lospoliticosveracruz.com.mx\/?p=75344"},"modified":"2021-06-12T14:00:36","modified_gmt":"2021-06-12T19:00:36","slug":"pes-aun-respira","status":"publish","type":"post","link":"https:\/\/lospoliticosveracruz.com\/?p=75344","title":{"rendered":"PES, a\u00fan respira!"},"content":{"rendered":"\n<p><strong>Xalapa<br><\/strong>\u00abM\u00e1s de 100 mil votos, 3 Presidencias Municipales ganadas y al menos otras 4 que est\u00e1n en proceso de recuento y una docena de regidur\u00edas, forman parte del resultado obtenido por el PES en las elecciones del pasado domingo en Veracruz\u00bb, inform\u00f3 Gonzalo Gu\u00edzar Valladares, presidente estatal de dicho organismo pol\u00edtico.<br>Aunque concluy\u00f3 el c\u00f3mputo de votos por parte del INE en las elecciones federales, el PES conf\u00eda en mantener su registro, ya que falta que durante el proceso de impugnaciones se anulen casillas y se abran paquetes para recontar votos, lo que definir\u00e1 los n\u00fameros finales de votos alcanzados por cada partido.<br>Gonzalo Gu\u00edzar Valladares explic\u00f3 que tras darse el c\u00f3mputo final de paquetes en las elecciones federales, el Partido Encuentro Solidario alcanz\u00f3 en Veracruz el 2.92% de la votaci\u00f3n con m\u00e1s de 101 mil votos, por lo que en los pr\u00f3ximos d\u00edas \u201ccon los ajustes que se realizar\u00e1n tras el proceso de impugnaciones, seguramente conservaremos el registro en la entidad\u201d.<br>El l\u00edder del PES-Veracruz conf\u00eda en que al ajustarse los n\u00fameros tras el periodo legal de impugnaciones el resultado les ser\u00e1 positivo y exalt\u00f3 los triunfos obtenidos en Hidalgotitl\u00e1n, al sur del estado, Tempoal, al norte y Villa Aldama, en la regi\u00f3n central de Veracruz.<br>Felicit\u00f3 a todas y todos los candidatos a diputados federales, locales y alcaldes \u201cque bajo las siglas del PES salieron a buscar el voto, quienes encontraron eco en m\u00e1s de 101 mil veracruzanos que nos ven como una opci\u00f3n de cambio para los destinos de sus municipios y del estado\u201d.<br>Adelant\u00f3 que Villa Aldama, tendr\u00e1 en Lupita Romero, a la mejor presidenta de su historia, ya que es una mujer tenaz, preparada y que conoce las necesidades de cada comunidad de su municipio.<br>Asegur\u00f3 que en la persona de Javier Valladares, Hidalgotitl\u00e1n vivir\u00e1 una verdadera transformaci\u00f3n, ya que se trata de un ganadero comprometido con su gente, muy querido, respetado, por ser hombre honorable y de principios.<br>Y al hablar de Tempoal, destac\u00f3 que el alcalde electo, ser\u00e1 el presidente municipal m\u00e1s joven de Veracruz y tal vez del pa\u00eds, pues Nestor Rivera cuenta con 23 a\u00f1os, \u201ctodo un reto conducir los destinos de ese municipio huasteco con m\u00e1s de 15 mil habitantes\u201d.<br>Gonzalo Gu\u00edzar sostuvo que la alcaldesa y los alcaldes emanados del PES ser\u00e1n ejemplo nacional e internacional, ya que encabezar\u00e1n administraciones transparentes y estar\u00e1n guiados por la sensibilidad de la gente buena que quiere gobernar de manera diferente.<br>Por \u00faltimo, hizo un reconocimiento a la enorme participaci\u00f3n de la ciudadan\u00eda veracruzana, tanto en la instalaci\u00f3n y funcionamiento de 10 mil 825 casillas, como en la emisi\u00f3n de m\u00e1s 3.2 millones de sufragios; \u201cpor lo que defenderemos con toda la verticalidad pol\u00edtica los m\u00e1s de 100 mil votos alcanzados por el Partido Encuentro Solidario en Veracruz\u201d.<\/p>\n","protected":false},"excerpt":{"rendered":"<p>Xalapa\u00abM\u00e1s de 100 mil votos, 3 Presidencias Municipales ganadas y al menos otras 4 que est\u00e1n en proceso de recuento y una docena de regidur\u00edas, forman parte del resultado obtenido por el PES en las elecciones del pasado domingo en Veracruz\u00bb, inform\u00f3 Gonzalo Gu\u00edzar Valladares, presidente estatal de dicho organismo pol\u00edtico.Aunque concluy\u00f3 el c\u00f3mputo de [&hellip;]<\/p>\n","protected":false},"author":2,"featured_media":0,"comment_status":"closed","ping_status":"closed","sticky":false,"template":"","format":"standard","meta":{"tdm_status":"","tdm_grid_status":"","footnotes":""},"categories":[73],"tags":[438,554,28801,24157,437,195],"class_list":{"0":"post-75344","1":"post","2":"type-post","3":"status-publish","4":"format-standard","6":"category-de-boleto","7":"tag-gonzalo-guizar-valladares","8":"tag-ine","9":"tag-lupita-romero","10":"tag-partido-encuentro-solidario","11":"tag-pes","12":"tag-veracruz"},"yoast_head":"<!-- This site is optimized with the Yoast SEO plugin v27.4 - https:\/\/yoast.com\/product\/yoast-seo-wordpress\/ -->\n<title>PES, a\u00fan respira! - Los pol\u00edticos Veracruz<\/title>\n<meta name=\"robots\" content=\"index, follow, max-snippet:-1, max-image-preview:large, max-video-preview:-1\" \/>\n<link rel=\"canonical\" href=\"https:\/\/lospoliticosveracruz.com\/?p=75344\" \/>\n<meta property=\"og:locale\" content=\"es_ES\" \/>\n<meta property=\"og:type\" content=\"article\" \/>\n<meta property=\"og:title\" content=\"PES, a\u00fan respira! - Los pol\u00edticos Veracruz\" \/>\n<meta property=\"og:description\" content=\"Xalapa\u00abM\u00e1s de 100 mil votos, 3 Presidencias Municipales ganadas y al menos otras 4 que est\u00e1n en proceso de recuento y una docena de regidur\u00edas, forman parte del resultado obtenido por el PES en las elecciones del pasado domingo en Veracruz\u00bb, inform\u00f3 Gonzalo Gu\u00edzar Valladares, presidente estatal de dicho organismo pol\u00edtico.Aunque concluy\u00f3 el c\u00f3mputo de [&hellip;]\" \/>\n<meta property=\"og:url\" content=\"https:\/\/lospoliticosveracruz.com\/?p=75344\" \/>\n<meta property=\"og:site_name\" content=\"Los pol\u00edticos Veracruz\" \/>\n<meta property=\"article:publisher\" content=\"https:\/\/www.facebook.com\/people\/Notimemes-de-los-Polticos\/61565672886568\/\" \/>\n<meta property=\"article:published_time\" content=\"2021-06-12T19:00:33+00:00\" \/>\n<meta property=\"article:modified_time\" content=\"2021-06-12T19:00:36+00:00\" \/>\n<meta property=\"og:image\" content=\"https:\/\/lospoliticosveracruz.com\/wp-content\/uploads\/2016\/07\/Logo-Dor.jpg\" \/>\n\t<meta property=\"og:image:width\" content=\"200\" \/>\n\t<meta property=\"og:image:height\" content=\"200\" \/>\n\t<meta property=\"og:image:type\" content=\"image\/jpeg\" \/>\n<meta name=\"author\" content=\"Lo viste en Los Pol\u00edticos\" \/>\n<meta name=\"twitter:card\" content=\"summary_large_image\" \/>\n<meta name=\"twitter:creator\" content=\"@LosPoliticosVer\" \/>\n<meta name=\"twitter:site\" content=\"@LosPoliticosVer\" \/>\n<meta name=\"twitter:label1\" content=\"Escrito por\" \/>\n\t<meta name=\"twitter:data1\" content=\"Lo viste en Los Pol\u00edticos\" \/>\n\t<meta name=\"twitter:label2\" content=\"Tiempo de lectura\" \/>\n\t<meta name=\"twitter:data2\" content=\"2 minutos\" \/>\n<script type=\"application\/ld+json\" class=\"yoast-schema-graph\">{\"@context\":\"https:\\\/\\\/schema.org\",\"@graph\":[{\"@type\":\"Article\",\"@id\":\"https:\\\/\\\/lospoliticosveracruz.com\\\/?p=75344#article\",\"isPartOf\":{\"@id\":\"https:\\\/\\\/lospoliticosveracruz.com\\\/?p=75344\"},\"author\":{\"name\":\"Lo viste en Los Pol\u00edticos\",\"@id\":\"https:\\\/\\\/lospoliticosveracruz.com\\\/#\\\/schema\\\/person\\\/b8702bb0e538456e6efd07080bf2a4a2\"},\"headline\":\"PES, a\u00fan respira!\",\"datePublished\":\"2021-06-12T19:00:33+00:00\",\"dateModified\":\"2021-06-12T19:00:36+00:00\",\"mainEntityOfPage\":{\"@id\":\"https:\\\/\\\/lospoliticosveracruz.com\\\/?p=75344\"},\"wordCount\":497,\"publisher\":{\"@id\":\"https:\\\/\\\/lospoliticosveracruz.com\\\/#organization\"},\"keywords\":[\"Gonzalo Gu\u00edzar Valladares\",\"INE\",\"Lupita Romero\",\"Partido Encuentro Solidario\",\"PES\",\"Veracruz\"],\"articleSection\":[\"De Boleto\"],\"inLanguage\":\"es\"},{\"@type\":\"WebPage\",\"@id\":\"https:\\\/\\\/lospoliticosveracruz.com\\\/?p=75344\",\"url\":\"https:\\\/\\\/lospoliticosveracruz.com\\\/?p=75344\",\"name\":\"PES, a\u00fan respira! - Los pol\u00edticos Veracruz\",\"isPartOf\":{\"@id\":\"https:\\\/\\\/lospoliticosveracruz.com\\\/#website\"},\"datePublished\":\"2021-06-12T19:00:33+00:00\",\"dateModified\":\"2021-06-12T19:00:36+00:00\",\"breadcrumb\":{\"@id\":\"https:\\\/\\\/lospoliticosveracruz.com\\\/?p=75344#breadcrumb\"},\"inLanguage\":\"es\",\"potentialAction\":[{\"@type\":\"ReadAction\",\"target\":[\"https:\\\/\\\/lospoliticosveracruz.com\\\/?p=75344\"]}]},{\"@type\":\"BreadcrumbList\",\"@id\":\"https:\\\/\\\/lospoliticosveracruz.com\\\/?p=75344#breadcrumb\",\"itemListElement\":[{\"@type\":\"ListItem\",\"position\":1,\"name\":\"Portada\",\"item\":\"https:\\\/\\\/lospoliticosveracruz.com\\\/\"},{\"@type\":\"ListItem\",\"position\":2,\"name\":\"PES, a\u00fan respira!\"}]},{\"@type\":\"WebSite\",\"@id\":\"https:\\\/\\\/lospoliticosveracruz.com\\\/#website\",\"url\":\"https:\\\/\\\/lospoliticosveracruz.com\\\/\",\"name\":\"Los pol\u00edticos Veracruz\",\"description\":\"\",\"publisher\":{\"@id\":\"https:\\\/\\\/lospoliticosveracruz.com\\\/#organization\"},\"potentialAction\":[{\"@type\":\"SearchAction\",\"target\":{\"@type\":\"EntryPoint\",\"urlTemplate\":\"https:\\\/\\\/lospoliticosveracruz.com\\\/?s={search_term_string}\"},\"query-input\":{\"@type\":\"PropertyValueSpecification\",\"valueRequired\":true,\"valueName\":\"search_term_string\"}}],\"inLanguage\":\"es\"},{\"@type\":\"Organization\",\"@id\":\"https:\\\/\\\/lospoliticosveracruz.com\\\/#organization\",\"name\":\"Los pol\u00edticos Veracruz\",\"url\":\"https:\\\/\\\/lospoliticosveracruz.com\\\/\",\"logo\":{\"@type\":\"ImageObject\",\"inLanguage\":\"es\",\"@id\":\"https:\\\/\\\/lospoliticosveracruz.com\\\/#\\\/schema\\\/logo\\\/image\\\/\",\"url\":\"https:\\\/\\\/lospoliticosveracruz.com\\\/wp-content\\\/uploads\\\/2025\\\/12\\\/Logo-Nuevo-LOS-POLITICOS-1.jpg\",\"contentUrl\":\"https:\\\/\\\/lospoliticosveracruz.com\\\/wp-content\\\/uploads\\\/2025\\\/12\\\/Logo-Nuevo-LOS-POLITICOS-1.jpg\",\"width\":260,\"height\":70,\"caption\":\"Los pol\u00edticos Veracruz\"},\"image\":{\"@id\":\"https:\\\/\\\/lospoliticosveracruz.com\\\/#\\\/schema\\\/logo\\\/image\\\/\"},\"sameAs\":[\"https:\\\/\\\/www.facebook.com\\\/people\\\/Notimemes-de-los-Polticos\\\/61565672886568\\\/\",\"https:\\\/\\\/x.com\\\/LosPoliticosVer\"]},{\"@type\":\"Person\",\"@id\":\"https:\\\/\\\/lospoliticosveracruz.com\\\/#\\\/schema\\\/person\\\/b8702bb0e538456e6efd07080bf2a4a2\",\"name\":\"Lo viste en Los Pol\u00edticos\",\"image\":{\"@type\":\"ImageObject\",\"inLanguage\":\"es\",\"@id\":\"https:\\\/\\\/secure.gravatar.com\\\/avatar\\\/3a8de04a2656d44082be478bd6c086daa447c4651605818287b9532d3d0bd435?s=96&d=mm&r=g\",\"url\":\"https:\\\/\\\/secure.gravatar.com\\\/avatar\\\/3a8de04a2656d44082be478bd6c086daa447c4651605818287b9532d3d0bd435?s=96&d=mm&r=g\",\"contentUrl\":\"https:\\\/\\\/secure.gravatar.com\\\/avatar\\\/3a8de04a2656d44082be478bd6c086daa447c4651605818287b9532d3d0bd435?s=96&d=mm&r=g\",\"caption\":\"Lo viste en Los Pol\u00edticos\"},\"url\":\"https:\\\/\\\/lospoliticosveracruz.com\\\/?author=2\"}]}<\/script>\n<!-- \/ Yoast SEO plugin. -->","yoast_head_json":{"title":"PES, a\u00fan respira! - Los pol\u00edticos Veracruz","robots":{"index":"index","follow":"follow","max-snippet":"max-snippet:-1","max-image-preview":"max-image-preview:large","max-video-preview":"max-video-preview:-1"},"canonical":"https:\/\/lospoliticosveracruz.com\/?p=75344","og_locale":"es_ES","og_type":"article","og_title":"PES, a\u00fan respira! - Los pol\u00edticos Veracruz","og_description":"Xalapa\u00abM\u00e1s de 100 mil votos, 3 Presidencias Municipales ganadas y al menos otras 4 que est\u00e1n en proceso de recuento y una docena de regidur\u00edas, forman parte del resultado obtenido por el PES en las elecciones del pasado domingo en Veracruz\u00bb, inform\u00f3 Gonzalo Gu\u00edzar Valladares, presidente estatal de dicho organismo pol\u00edtico.Aunque concluy\u00f3 el c\u00f3mputo de [&hellip;]","og_url":"https:\/\/lospoliticosveracruz.com\/?p=75344","og_site_name":"Los pol\u00edticos Veracruz","article_publisher":"https:\/\/www.facebook.com\/people\/Notimemes-de-los-Polticos\/61565672886568\/","article_published_time":"2021-06-12T19:00:33+00:00","article_modified_time":"2021-06-12T19:00:36+00:00","og_image":[{"width":200,"height":200,"url":"https:\/\/lospoliticosveracruz.com\/wp-content\/uploads\/2016\/07\/Logo-Dor.jpg","type":"image\/jpeg"}],"author":"Lo viste en Los Pol\u00edticos","twitter_card":"summary_large_image","twitter_creator":"@LosPoliticosVer","twitter_site":"@LosPoliticosVer","twitter_misc":{"Escrito por":"Lo viste en Los Pol\u00edticos","Tiempo de lectura":"2 minutos"},"schema":{"@context":"https:\/\/schema.org","@graph":[{"@type":"Article","@id":"https:\/\/lospoliticosveracruz.com\/?p=75344#article","isPartOf":{"@id":"https:\/\/lospoliticosveracruz.com\/?p=75344"},"author":{"name":"Lo viste en Los Pol\u00edticos","@id":"https:\/\/lospoliticosveracruz.com\/#\/schema\/person\/b8702bb0e538456e6efd07080bf2a4a2"},"headline":"PES, a\u00fan respira!","datePublished":"2021-06-12T19:00:33+00:00","dateModified":"2021-06-12T19:00:36+00:00","mainEntityOfPage":{"@id":"https:\/\/lospoliticosveracruz.com\/?p=75344"},"wordCount":497,"publisher":{"@id":"https:\/\/lospoliticosveracruz.com\/#organization"},"keywords":["Gonzalo Gu\u00edzar Valladares","INE","Lupita Romero","Partido Encuentro Solidario","PES","Veracruz"],"articleSection":["De Boleto"],"inLanguage":"es"},{"@type":"WebPage","@id":"https:\/\/lospoliticosveracruz.com\/?p=75344","url":"https:\/\/lospoliticosveracruz.com\/?p=75344","name":"PES, a\u00fan respira! - Los pol\u00edticos Veracruz","isPartOf":{"@id":"https:\/\/lospoliticosveracruz.com\/#website"},"datePublished":"2021-06-12T19:00:33+00:00","dateModified":"2021-06-12T19:00:36+00:00","breadcrumb":{"@id":"https:\/\/lospoliticosveracruz.com\/?p=75344#breadcrumb"},"inLanguage":"es","potentialAction":[{"@type":"ReadAction","target":["https:\/\/lospoliticosveracruz.com\/?p=75344"]}]},{"@type":"BreadcrumbList","@id":"https:\/\/lospoliticosveracruz.com\/?p=75344#breadcrumb","itemListElement":[{"@type":"ListItem","position":1,"name":"Portada","item":"https:\/\/lospoliticosveracruz.com\/"},{"@type":"ListItem","position":2,"name":"PES, a\u00fan respira!"}]},{"@type":"WebSite","@id":"https:\/\/lospoliticosveracruz.com\/#website","url":"https:\/\/lospoliticosveracruz.com\/","name":"Los pol\u00edticos Veracruz","description":"","publisher":{"@id":"https:\/\/lospoliticosveracruz.com\/#organization"},"potentialAction":[{"@type":"SearchAction","target":{"@type":"EntryPoint","urlTemplate":"https:\/\/lospoliticosveracruz.com\/?s={search_term_string}"},"query-input":{"@type":"PropertyValueSpecification","valueRequired":true,"valueName":"search_term_string"}}],"inLanguage":"es"},{"@type":"Organization","@id":"https:\/\/lospoliticosveracruz.com\/#organization","name":"Los pol\u00edticos Veracruz","url":"https:\/\/lospoliticosveracruz.com\/","logo":{"@type":"ImageObject","inLanguage":"es","@id":"https:\/\/lospoliticosveracruz.com\/#\/schema\/logo\/image\/","url":"https:\/\/lospoliticosveracruz.com\/wp-content\/uploads\/2025\/12\/Logo-Nuevo-LOS-POLITICOS-1.jpg","contentUrl":"https:\/\/lospoliticosveracruz.com\/wp-content\/uploads\/2025\/12\/Logo-Nuevo-LOS-POLITICOS-1.jpg","width":260,"height":70,"caption":"Los pol\u00edticos Veracruz"},"image":{"@id":"https:\/\/lospoliticosveracruz.com\/#\/schema\/logo\/image\/"},"sameAs":["https:\/\/www.facebook.com\/people\/Notimemes-de-los-Polticos\/61565672886568\/","https:\/\/x.com\/LosPoliticosVer"]},{"@type":"Person","@id":"https:\/\/lospoliticosveracruz.com\/#\/schema\/person\/b8702bb0e538456e6efd07080bf2a4a2","name":"Lo viste en Los Pol\u00edticos","image":{"@type":"ImageObject","inLanguage":"es","@id":"https:\/\/secure.gravatar.com\/avatar\/3a8de04a2656d44082be478bd6c086daa447c4651605818287b9532d3d0bd435?s=96&d=mm&r=g","url":"https:\/\/secure.gravatar.com\/avatar\/3a8de04a2656d44082be478bd6c086daa447c4651605818287b9532d3d0bd435?s=96&d=mm&r=g","contentUrl":"https:\/\/secure.gravatar.com\/avatar\/3a8de04a2656d44082be478bd6c086daa447c4651605818287b9532d3d0bd435?s=96&d=mm&r=g","caption":"Lo viste en Los Pol\u00edticos"},"url":"https:\/\/lospoliticosveracruz.com\/?author=2"}]}},"_links":{"self":[{"href":"https:\/\/lospoliticosveracruz.com\/index.php?rest_route=\/wp\/v2\/posts\/75344","targetHints":{"allow":["GET"]}}],"collection":[{"href":"https:\/\/lospoliticosveracruz.com\/index.php?rest_route=\/wp\/v2\/posts"}],"about":[{"href":"https:\/\/lospoliticosveracruz.com\/index.php?rest_route=\/wp\/v2\/types\/post"}],"author":[{"embeddable":true,"href":"https:\/\/lospoliticosveracruz.com\/index.php?rest_route=\/wp\/v2\/users\/2"}],"replies":[{"embeddable":true,"href":"https:\/\/lospoliticosveracruz.com\/index.php?rest_route=%2Fwp%2Fv2%2Fcomments&post=75344"}],"version-history":[{"count":1,"href":"https:\/\/lospoliticosveracruz.com\/index.php?rest_route=\/wp\/v2\/posts\/75344\/revisions"}],"predecessor-version":[{"id":75345,"href":"https:\/\/lospoliticosveracruz.com\/index.php?rest_route=\/wp\/v2\/posts\/75344\/revisions\/75345"}],"wp:attachment":[{"href":"https:\/\/lospoliticosveracruz.com\/index.php?rest_route=%2Fwp%2Fv2%2Fmedia&parent=75344"}],"wp:term":[{"taxonomy":"category","embeddable":true,"href":"https:\/\/lospoliticosveracruz.com\/index.php?rest_route=%2Fwp%2Fv2%2Fcategories&post=75344"},{"taxonomy":"post_tag","embeddable":true,"href":"https:\/\/lospoliticosveracruz.com\/index.php?rest_route=%2Fwp%2Fv2%2Ftags&post=75344"}],"curies":[{"name":"wp","href":"https:\/\/api.w.org\/{rel}","templated":true}]}}