{"id":75374,"date":"2021-06-13T15:13:14","date_gmt":"2021-06-13T20:13:14","guid":{"rendered":"http:\/\/www.lospoliticosveracruz.com.mx\/?p=75374"},"modified":"2021-06-13T15:13:19","modified_gmt":"2021-06-13T20:13:19","slug":"caciques-y-lideres-triunfos-y-derrotas","status":"publish","type":"post","link":"https:\/\/lospoliticosveracruz.com\/?p=75374","title":{"rendered":"Caciques y l\u00edderes; triunfos y derrotas"},"content":{"rendered":"\n<p><strong>Salvador Mu\u00f1oz<\/strong><br><em>Los Pol\u00edticos<\/em><\/p>\n\n\n\n<p>Se les ubica como Caciques, si se trata de denostarlos; se les ubica como L\u00edderes regionales, si se trata de ponderarlos. Lo cierto es que este proceso electoral vino todav\u00eda a poner a muchos en su lugar para dar paso a un proceso natural en la vida pol\u00edtica de localidades, municipios o regiones: quitar a unos para poner a otros.<\/p>\n\n\n\n<p>Si bien AMLO no apareci\u00f3 en las boletas, habr\u00e1 que tomar en cuenta que de cierto modo su imagen, su palabra, su influencia, quedaron latentes en los varios sistemas de propagaci\u00f3n que usa que van desde las Ma\u00f1aneras, los Siervos de la Naci\u00f3n, su peri\u00f3dico Regeneraci\u00f3n y aseguro que la campa\u00f1a de vacunaci\u00f3n igual funcion\u00f3 como m\u00e9todo de propaganda con todo y la crisis que signific\u00f3 la pandemia.<\/p>\n\n\n\n<p>(Ac\u00e1 me detengo un momento para explicar este \u00faltimo punto:<\/p>\n\n\n\n<p>El Covid 19 gener\u00f3 miedo en toda la poblaci\u00f3n, no s\u00f3lo por lo devastador que se ve\u00eda en nuestro pa\u00eds y si bien, se critic\u00f3 mucho el papel que el mismo Presidente y el subsecretario de Salud desempe\u00f1aron en esta crisis por cualquiera de los \u00e1ngulos que se le quiera ver, la campa\u00f1a de vacunaci\u00f3n vino a sacarlo de la crisis. La decisi\u00f3n de vacunar primero a su basti\u00f3n m\u00e1s poderoso, se quiera creer o no, perme\u00f3 m\u00e1s all\u00e1 del sector de la Tercera Edad. \u00bfRecuerda con qu\u00e9 orgullo muchos hijos y nietos sub\u00edan fotos de sus cabecitas blancas siendo vacunados y agradeciendo al Creador porque ya estaban a salvo?)<\/p>\n\n\n\n<p>Agreguemos algo igual de relevante en la vida cotidiana de los veracruzanos (para no alejarnos del provincianismo enriquecedor): \u00bfcu\u00e1ntos son parte del padr\u00f3n de beneficiarios de los programas sociales que reparte el Gobierno federal? \u00bfA cu\u00e1ntos se les inocul\u00f3 la idea de que si ganaba el PRIAN, los programas sociales desaparecer\u00edan?<\/p>\n\n\n\n<p>\u00a1C\u00f3mo sea! El asunto era ganar, como quien dice, el que tiene m\u00e1s saliva, traga m\u00e1s pinole\u2026<\/p>\n\n\n\n<p>As\u00ed, cacicazgos como el que se estaba conformando en Coatepec con Everardo Soto Matla, cay\u00f3; como el de Pepe de la Torre en Mart\u00ednez de la Torre, cay\u00f3; como el de V\u00edctor Serralde con Sedas Castro, cay\u00f3; el de Tito Delf\u00edn en Tierra Blanca y Medell\u00edn, cay\u00f3; el de los Garc\u00eda Guzm\u00e1n con sus hijos en P\u00e1nuco, cay\u00f3; el de los Mancha en Tuxpan, cay\u00f3; y de all\u00ed p\u2019al real, los micro-cacicazgos como en San Andr\u00e9s Tlalnelhuayocan, Teocelo, Xico, Ayahualulco, etc\u00e9tera\u2026<\/p>\n\n\n\n<p>Menci\u00f3n aparte merecen los otros, los caciques, los l\u00edderes, aquellos pol\u00edticos que de un modo u otro mantienen, ya no tan f\u00e1cil, ya no tan sencillo, el control de su municipio, regi\u00f3n o zona\u2026 hasta este momento.<\/p>\n\n\n\n<p>All\u00ed est\u00e1n Pepe Yunes Zorrilla, quien regresa por sus fueros tras la derrota sufrida en el 2018 aun cuando muchos creyeron que volver\u00eda a caer.<\/p>\n\n\n\n<p>Dos personajes a resaltar son Cirilo y Ponciano V\u00e1zquez en la regi\u00f3n de Cosoleacaque. El primero, alcalde en funciones; el segundo, electo. Tanto el perote\u00f1o como los V\u00e1zquez, apreciados, queridos, con m\u00e1s positivos que negativos en su trayectoria pol\u00edtica.<\/p>\n\n\n\n<p>Juan Manuel Diez Francos es quiz\u00e1s el cacicazgo m\u00e1s fresco y reciente que se tenga en la entidad y que ha hecho de su liderazgo, realidades. Si bien, pierde con Igor Roj\u00ed un puesto en San L\u00e1zaro, tiene mucho tiempo por delante para reconformar su equipo\u2026<\/p>\n\n\n\n<p>Mismo caso para Joaqu\u00edn Guzm\u00e1n Avil\u00e9s, quien pelea con u\u00f1as y dientes en esta tarde lluviosa de domingo, el triunfo de su pariente en la presidencia municipal de su Tantoyuca y con una curul perdida.<\/p>\n\n\n\n<p>El otro cacicazgo o liderazgo regional es el de los Yunes, que este s\u00e1bado se alzaron con la victoria en el Puerto con Paty Lobeira aunque Morena en la zona conurbada logra dos curules: una en San L\u00e1zaro; otra, en el Palacio de Encanto.<\/p>\n\n\n\n<p>Tras las elecciones, estos caciques o l\u00edderes que ganaron as\u00ed como los que perdieron, han de enfrentar a un nuevo poder en esta nueva etapa de gobernanza: el Cacique AMLO, en la versi\u00f3n m\u00e1s primitiva del t\u00e9rmino, por la forma en que en estos casi tres a\u00f1os de gobierno nos lo ha demostrado.<\/p>\n\n\n\n<p>smcainito@gmail.com<\/p>\n","protected":false},"excerpt":{"rendered":"<p>Salvador Mu\u00f1ozLos Pol\u00edticos Se les ubica como Caciques, si se trata de denostarlos; se les ubica como L\u00edderes regionales, si se trata de ponderarlos. Lo cierto es que este proceso electoral vino todav\u00eda a poner a muchos en su lugar para dar paso a un proceso natural en la vida pol\u00edtica de localidades, municipios o [&hellip;]<\/p>\n","protected":false},"author":2,"featured_media":0,"comment_status":"closed","ping_status":"closed","sticky":false,"template":"","format":"standard","meta":{"tdm_status":"","tdm_grid_status":"","footnotes":""},"categories":[70],"tags":[14667,4822,28806,1640,28805,13677,24447,2646,2224,195],"class_list":{"0":"post-75374","1":"post","2":"type-post","3":"status-publish","4":"format-standard","6":"category-de-opinion","7":"tag-cirilo-vazquez","8":"tag-everardo-soto-matla","9":"tag-german-yescas","10":"tag-juan-manuel-diez-francos","11":"tag-lideres","12":"tag-pepe-de-la-torre","13":"tag-ponciano-vazquez","14":"tag-salvador-munoz","15":"tag-tito-delfin","16":"tag-veracruz"},"yoast_head":"<!-- This site is optimized with the Yoast SEO plugin v27.4 - https:\/\/yoast.com\/product\/yoast-seo-wordpress\/ -->\n<title>Caciques y l\u00edderes; triunfos y derrotas - Los pol\u00edticos Veracruz<\/title>\n<meta name=\"robots\" content=\"index, follow, max-snippet:-1, max-image-preview:large, max-video-preview:-1\" \/>\n<link rel=\"canonical\" href=\"https:\/\/lospoliticosveracruz.com\/?p=75374\" \/>\n<meta property=\"og:locale\" content=\"es_ES\" \/>\n<meta property=\"og:type\" content=\"article\" \/>\n<meta property=\"og:title\" content=\"Caciques y l\u00edderes; triunfos y derrotas - Los pol\u00edticos Veracruz\" \/>\n<meta property=\"og:description\" content=\"Salvador Mu\u00f1ozLos Pol\u00edticos Se les ubica como Caciques, si se trata de denostarlos; se les ubica como L\u00edderes regionales, si se trata de ponderarlos. Lo cierto es que este proceso electoral vino todav\u00eda a poner a muchos en su lugar para dar paso a un proceso natural en la vida pol\u00edtica de localidades, municipios o [&hellip;]\" \/>\n<meta property=\"og:url\" content=\"https:\/\/lospoliticosveracruz.com\/?p=75374\" \/>\n<meta property=\"og:site_name\" content=\"Los pol\u00edticos Veracruz\" \/>\n<meta property=\"article:publisher\" content=\"https:\/\/www.facebook.com\/people\/Notimemes-de-los-Polticos\/61565672886568\/\" \/>\n<meta property=\"article:published_time\" content=\"2021-06-13T20:13:14+00:00\" \/>\n<meta property=\"article:modified_time\" content=\"2021-06-13T20:13:19+00:00\" \/>\n<meta property=\"og:image\" content=\"https:\/\/lospoliticosveracruz.com\/wp-content\/uploads\/2016\/07\/Logo-Dor.jpg\" \/>\n\t<meta property=\"og:image:width\" content=\"200\" \/>\n\t<meta property=\"og:image:height\" content=\"200\" \/>\n\t<meta property=\"og:image:type\" content=\"image\/jpeg\" \/>\n<meta name=\"author\" content=\"Lo viste en Los Pol\u00edticos\" \/>\n<meta name=\"twitter:card\" content=\"summary_large_image\" \/>\n<meta name=\"twitter:creator\" content=\"@LosPoliticosVer\" \/>\n<meta name=\"twitter:site\" content=\"@LosPoliticosVer\" \/>\n<meta name=\"twitter:label1\" content=\"Escrito por\" \/>\n\t<meta name=\"twitter:data1\" content=\"Lo viste en Los Pol\u00edticos\" \/>\n\t<meta name=\"twitter:label2\" content=\"Tiempo de lectura\" \/>\n\t<meta name=\"twitter:data2\" content=\"4 minutos\" \/>\n<script type=\"application\/ld+json\" class=\"yoast-schema-graph\">{\"@context\":\"https:\\\/\\\/schema.org\",\"@graph\":[{\"@type\":\"Article\",\"@id\":\"https:\\\/\\\/lospoliticosveracruz.com\\\/?p=75374#article\",\"isPartOf\":{\"@id\":\"https:\\\/\\\/lospoliticosveracruz.com\\\/?p=75374\"},\"author\":{\"name\":\"Lo viste en Los Pol\u00edticos\",\"@id\":\"https:\\\/\\\/lospoliticosveracruz.com\\\/#\\\/schema\\\/person\\\/b8702bb0e538456e6efd07080bf2a4a2\"},\"headline\":\"Caciques y l\u00edderes; triunfos y derrotas\",\"datePublished\":\"2021-06-13T20:13:14+00:00\",\"dateModified\":\"2021-06-13T20:13:19+00:00\",\"mainEntityOfPage\":{\"@id\":\"https:\\\/\\\/lospoliticosveracruz.com\\\/?p=75374\"},\"wordCount\":757,\"publisher\":{\"@id\":\"https:\\\/\\\/lospoliticosveracruz.com\\\/#organization\"},\"keywords\":[\"Cirilo V\u00e1zquez\",\"Everardo Soto Matla\",\"Germ\u00e1n Yescas\",\"Juan Manuel Diez Francos\",\"l\u00edderes\",\"Pepe de la Torre\",\"Ponciano V\u00e1zquez\",\"Salvador Mu\u00f1oz\",\"Tito Delf\u00edn\",\"Veracruz\"],\"articleSection\":[\"De Opini\u00f3n\"],\"inLanguage\":\"es\"},{\"@type\":\"WebPage\",\"@id\":\"https:\\\/\\\/lospoliticosveracruz.com\\\/?p=75374\",\"url\":\"https:\\\/\\\/lospoliticosveracruz.com\\\/?p=75374\",\"name\":\"Caciques y l\u00edderes; triunfos y derrotas - Los pol\u00edticos Veracruz\",\"isPartOf\":{\"@id\":\"https:\\\/\\\/lospoliticosveracruz.com\\\/#website\"},\"datePublished\":\"2021-06-13T20:13:14+00:00\",\"dateModified\":\"2021-06-13T20:13:19+00:00\",\"breadcrumb\":{\"@id\":\"https:\\\/\\\/lospoliticosveracruz.com\\\/?p=75374#breadcrumb\"},\"inLanguage\":\"es\",\"potentialAction\":[{\"@type\":\"ReadAction\",\"target\":[\"https:\\\/\\\/lospoliticosveracruz.com\\\/?p=75374\"]}]},{\"@type\":\"BreadcrumbList\",\"@id\":\"https:\\\/\\\/lospoliticosveracruz.com\\\/?p=75374#breadcrumb\",\"itemListElement\":[{\"@type\":\"ListItem\",\"position\":1,\"name\":\"Portada\",\"item\":\"https:\\\/\\\/lospoliticosveracruz.com\\\/\"},{\"@type\":\"ListItem\",\"position\":2,\"name\":\"Caciques y l\u00edderes; triunfos y derrotas\"}]},{\"@type\":\"WebSite\",\"@id\":\"https:\\\/\\\/lospoliticosveracruz.com\\\/#website\",\"url\":\"https:\\\/\\\/lospoliticosveracruz.com\\\/\",\"name\":\"Los pol\u00edticos Veracruz\",\"description\":\"\",\"publisher\":{\"@id\":\"https:\\\/\\\/lospoliticosveracruz.com\\\/#organization\"},\"potentialAction\":[{\"@type\":\"SearchAction\",\"target\":{\"@type\":\"EntryPoint\",\"urlTemplate\":\"https:\\\/\\\/lospoliticosveracruz.com\\\/?s={search_term_string}\"},\"query-input\":{\"@type\":\"PropertyValueSpecification\",\"valueRequired\":true,\"valueName\":\"search_term_string\"}}],\"inLanguage\":\"es\"},{\"@type\":\"Organization\",\"@id\":\"https:\\\/\\\/lospoliticosveracruz.com\\\/#organization\",\"name\":\"Los pol\u00edticos Veracruz\",\"url\":\"https:\\\/\\\/lospoliticosveracruz.com\\\/\",\"logo\":{\"@type\":\"ImageObject\",\"inLanguage\":\"es\",\"@id\":\"https:\\\/\\\/lospoliticosveracruz.com\\\/#\\\/schema\\\/logo\\\/image\\\/\",\"url\":\"https:\\\/\\\/lospoliticosveracruz.com\\\/wp-content\\\/uploads\\\/2025\\\/12\\\/Logo-Nuevo-LOS-POLITICOS-1.jpg\",\"contentUrl\":\"https:\\\/\\\/lospoliticosveracruz.com\\\/wp-content\\\/uploads\\\/2025\\\/12\\\/Logo-Nuevo-LOS-POLITICOS-1.jpg\",\"width\":260,\"height\":70,\"caption\":\"Los pol\u00edticos Veracruz\"},\"image\":{\"@id\":\"https:\\\/\\\/lospoliticosveracruz.com\\\/#\\\/schema\\\/logo\\\/image\\\/\"},\"sameAs\":[\"https:\\\/\\\/www.facebook.com\\\/people\\\/Notimemes-de-los-Polticos\\\/61565672886568\\\/\",\"https:\\\/\\\/x.com\\\/LosPoliticosVer\"]},{\"@type\":\"Person\",\"@id\":\"https:\\\/\\\/lospoliticosveracruz.com\\\/#\\\/schema\\\/person\\\/b8702bb0e538456e6efd07080bf2a4a2\",\"name\":\"Lo viste en Los Pol\u00edticos\",\"image\":{\"@type\":\"ImageObject\",\"inLanguage\":\"es\",\"@id\":\"https:\\\/\\\/secure.gravatar.com\\\/avatar\\\/3a8de04a2656d44082be478bd6c086daa447c4651605818287b9532d3d0bd435?s=96&d=mm&r=g\",\"url\":\"https:\\\/\\\/secure.gravatar.com\\\/avatar\\\/3a8de04a2656d44082be478bd6c086daa447c4651605818287b9532d3d0bd435?s=96&d=mm&r=g\",\"contentUrl\":\"https:\\\/\\\/secure.gravatar.com\\\/avatar\\\/3a8de04a2656d44082be478bd6c086daa447c4651605818287b9532d3d0bd435?s=96&d=mm&r=g\",\"caption\":\"Lo viste en Los Pol\u00edticos\"},\"url\":\"https:\\\/\\\/lospoliticosveracruz.com\\\/?author=2\"}]}<\/script>\n<!-- \/ Yoast SEO plugin. -->","yoast_head_json":{"title":"Caciques y l\u00edderes; triunfos y derrotas - Los pol\u00edticos Veracruz","robots":{"index":"index","follow":"follow","max-snippet":"max-snippet:-1","max-image-preview":"max-image-preview:large","max-video-preview":"max-video-preview:-1"},"canonical":"https:\/\/lospoliticosveracruz.com\/?p=75374","og_locale":"es_ES","og_type":"article","og_title":"Caciques y l\u00edderes; triunfos y derrotas - Los pol\u00edticos Veracruz","og_description":"Salvador Mu\u00f1ozLos Pol\u00edticos Se les ubica como Caciques, si se trata de denostarlos; se les ubica como L\u00edderes regionales, si se trata de ponderarlos. Lo cierto es que este proceso electoral vino todav\u00eda a poner a muchos en su lugar para dar paso a un proceso natural en la vida pol\u00edtica de localidades, municipios o [&hellip;]","og_url":"https:\/\/lospoliticosveracruz.com\/?p=75374","og_site_name":"Los pol\u00edticos Veracruz","article_publisher":"https:\/\/www.facebook.com\/people\/Notimemes-de-los-Polticos\/61565672886568\/","article_published_time":"2021-06-13T20:13:14+00:00","article_modified_time":"2021-06-13T20:13:19+00:00","og_image":[{"width":200,"height":200,"url":"https:\/\/lospoliticosveracruz.com\/wp-content\/uploads\/2016\/07\/Logo-Dor.jpg","type":"image\/jpeg"}],"author":"Lo viste en Los Pol\u00edticos","twitter_card":"summary_large_image","twitter_creator":"@LosPoliticosVer","twitter_site":"@LosPoliticosVer","twitter_misc":{"Escrito por":"Lo viste en Los Pol\u00edticos","Tiempo de lectura":"4 minutos"},"schema":{"@context":"https:\/\/schema.org","@graph":[{"@type":"Article","@id":"https:\/\/lospoliticosveracruz.com\/?p=75374#article","isPartOf":{"@id":"https:\/\/lospoliticosveracruz.com\/?p=75374"},"author":{"name":"Lo viste en Los Pol\u00edticos","@id":"https:\/\/lospoliticosveracruz.com\/#\/schema\/person\/b8702bb0e538456e6efd07080bf2a4a2"},"headline":"Caciques y l\u00edderes; triunfos y derrotas","datePublished":"2021-06-13T20:13:14+00:00","dateModified":"2021-06-13T20:13:19+00:00","mainEntityOfPage":{"@id":"https:\/\/lospoliticosveracruz.com\/?p=75374"},"wordCount":757,"publisher":{"@id":"https:\/\/lospoliticosveracruz.com\/#organization"},"keywords":["Cirilo V\u00e1zquez","Everardo Soto Matla","Germ\u00e1n Yescas","Juan Manuel Diez Francos","l\u00edderes","Pepe de la Torre","Ponciano V\u00e1zquez","Salvador Mu\u00f1oz","Tito Delf\u00edn","Veracruz"],"articleSection":["De Opini\u00f3n"],"inLanguage":"es"},{"@type":"WebPage","@id":"https:\/\/lospoliticosveracruz.com\/?p=75374","url":"https:\/\/lospoliticosveracruz.com\/?p=75374","name":"Caciques y l\u00edderes; triunfos y derrotas - Los pol\u00edticos Veracruz","isPartOf":{"@id":"https:\/\/lospoliticosveracruz.com\/#website"},"datePublished":"2021-06-13T20:13:14+00:00","dateModified":"2021-06-13T20:13:19+00:00","breadcrumb":{"@id":"https:\/\/lospoliticosveracruz.com\/?p=75374#breadcrumb"},"inLanguage":"es","potentialAction":[{"@type":"ReadAction","target":["https:\/\/lospoliticosveracruz.com\/?p=75374"]}]},{"@type":"BreadcrumbList","@id":"https:\/\/lospoliticosveracruz.com\/?p=75374#breadcrumb","itemListElement":[{"@type":"ListItem","position":1,"name":"Portada","item":"https:\/\/lospoliticosveracruz.com\/"},{"@type":"ListItem","position":2,"name":"Caciques y l\u00edderes; triunfos y derrotas"}]},{"@type":"WebSite","@id":"https:\/\/lospoliticosveracruz.com\/#website","url":"https:\/\/lospoliticosveracruz.com\/","name":"Los pol\u00edticos Veracruz","description":"","publisher":{"@id":"https:\/\/lospoliticosveracruz.com\/#organization"},"potentialAction":[{"@type":"SearchAction","target":{"@type":"EntryPoint","urlTemplate":"https:\/\/lospoliticosveracruz.com\/?s={search_term_string}"},"query-input":{"@type":"PropertyValueSpecification","valueRequired":true,"valueName":"search_term_string"}}],"inLanguage":"es"},{"@type":"Organization","@id":"https:\/\/lospoliticosveracruz.com\/#organization","name":"Los pol\u00edticos Veracruz","url":"https:\/\/lospoliticosveracruz.com\/","logo":{"@type":"ImageObject","inLanguage":"es","@id":"https:\/\/lospoliticosveracruz.com\/#\/schema\/logo\/image\/","url":"https:\/\/lospoliticosveracruz.com\/wp-content\/uploads\/2025\/12\/Logo-Nuevo-LOS-POLITICOS-1.jpg","contentUrl":"https:\/\/lospoliticosveracruz.com\/wp-content\/uploads\/2025\/12\/Logo-Nuevo-LOS-POLITICOS-1.jpg","width":260,"height":70,"caption":"Los pol\u00edticos Veracruz"},"image":{"@id":"https:\/\/lospoliticosveracruz.com\/#\/schema\/logo\/image\/"},"sameAs":["https:\/\/www.facebook.com\/people\/Notimemes-de-los-Polticos\/61565672886568\/","https:\/\/x.com\/LosPoliticosVer"]},{"@type":"Person","@id":"https:\/\/lospoliticosveracruz.com\/#\/schema\/person\/b8702bb0e538456e6efd07080bf2a4a2","name":"Lo viste en Los Pol\u00edticos","image":{"@type":"ImageObject","inLanguage":"es","@id":"https:\/\/secure.gravatar.com\/avatar\/3a8de04a2656d44082be478bd6c086daa447c4651605818287b9532d3d0bd435?s=96&d=mm&r=g","url":"https:\/\/secure.gravatar.com\/avatar\/3a8de04a2656d44082be478bd6c086daa447c4651605818287b9532d3d0bd435?s=96&d=mm&r=g","contentUrl":"https:\/\/secure.gravatar.com\/avatar\/3a8de04a2656d44082be478bd6c086daa447c4651605818287b9532d3d0bd435?s=96&d=mm&r=g","caption":"Lo viste en Los Pol\u00edticos"},"url":"https:\/\/lospoliticosveracruz.com\/?author=2"}]}},"_links":{"self":[{"href":"https:\/\/lospoliticosveracruz.com\/index.php?rest_route=\/wp\/v2\/posts\/75374","targetHints":{"allow":["GET"]}}],"collection":[{"href":"https:\/\/lospoliticosveracruz.com\/index.php?rest_route=\/wp\/v2\/posts"}],"about":[{"href":"https:\/\/lospoliticosveracruz.com\/index.php?rest_route=\/wp\/v2\/types\/post"}],"author":[{"embeddable":true,"href":"https:\/\/lospoliticosveracruz.com\/index.php?rest_route=\/wp\/v2\/users\/2"}],"replies":[{"embeddable":true,"href":"https:\/\/lospoliticosveracruz.com\/index.php?rest_route=%2Fwp%2Fv2%2Fcomments&post=75374"}],"version-history":[{"count":1,"href":"https:\/\/lospoliticosveracruz.com\/index.php?rest_route=\/wp\/v2\/posts\/75374\/revisions"}],"predecessor-version":[{"id":75375,"href":"https:\/\/lospoliticosveracruz.com\/index.php?rest_route=\/wp\/v2\/posts\/75374\/revisions\/75375"}],"wp:attachment":[{"href":"https:\/\/lospoliticosveracruz.com\/index.php?rest_route=%2Fwp%2Fv2%2Fmedia&parent=75374"}],"wp:term":[{"taxonomy":"category","embeddable":true,"href":"https:\/\/lospoliticosveracruz.com\/index.php?rest_route=%2Fwp%2Fv2%2Fcategories&post=75374"},{"taxonomy":"post_tag","embeddable":true,"href":"https:\/\/lospoliticosveracruz.com\/index.php?rest_route=%2Fwp%2Fv2%2Ftags&post=75374"}],"curies":[{"name":"wp","href":"https:\/\/api.w.org\/{rel}","templated":true}]}}