{"id":75379,"date":"2021-06-13T20:37:50","date_gmt":"2021-06-14T01:37:50","guid":{"rendered":"http:\/\/www.lospoliticosveracruz.com.mx\/?p=75379"},"modified":"2021-06-13T20:37:54","modified_gmt":"2021-06-14T01:37:54","slug":"mc-el-de-mayor-crecimiento","status":"publish","type":"post","link":"https:\/\/lospoliticosveracruz.com\/?p=75379","title":{"rendered":"MC, el de mayor crecimiento"},"content":{"rendered":"\n<p>A una semana de la elecci\u00f3n, Movimiento Ciudadano en Veracruz agradece a los cerca de 300 mil ciudadanos y ciudadanas que depositaron su confianza en los hombres y mujeres que dieron la cara y alzaron la voz para defender las causas primordiales en cada uno de sus municipios, como candidatos a presidentes municipales, s\u00edndicos y regidores, as\u00ed como candidatos a diputados locales y federales.<\/p>\n\n\n\n<p>Los resultados han sido favorecedores, \u00a1hoy somos la fuerza pol\u00edtica de mayor crecimiento en el Estado de Veracruz! Gracias a la voluntad ciudadana, hoy tendremos un gran n\u00famero de ediles y seremos gobierno en los municipios de Cazones, Cosautl\u00e1n de Carvajal, Coscomatepec, Coyutla, Jalcomulco, Juan Rodr\u00edguez Clara, La Antigua, Las Minas, Los Reyes, Mecatl\u00e1n, Oluta, Saltabarranca, Tepetzintla, Tlacotalpan, Filomeno Mata, Tlilapan y Yecuatla.<\/p>\n\n\n\n<p>Somos el \u00fanico partido pol\u00edtico que aument\u00f3 la confianza de la gente en votos con respecto al 2018, logrando la votaci\u00f3n m\u00e1s alta en la historia de Movimiento Ciudadano. Y por ello, de acuerdo con la ley, por primera vez, tendremos bancada propia en el Congreso del Estado de Veracruz.<\/p>\n\n\n\n<p>En Movimiento Ciudadano tenemos muy claro que es posible alcanzar victorias, porque hemos valorado que son m\u00e1s importantes las personas que los membretes, por lo que en esta elecci\u00f3n, logramos participar, por primera ocasi\u00f3n, en los 212 municipios con representantes dignos, con un historial de vida calificada, y hoy los resultados nos lo confirman.<\/p>\n\n\n\n<p>Gracias a ellos y ellas, ha quedado sembrada la semilla naranja por toda la entidad veracruzana, porque reconocemos que en Veracruz existen hombres y mujeres de bien que est\u00e1n decididos a seguir esta lucha por rescatar del abandono y estancamiento todo nuestro estado, por lo que desde la trinchera en donde les toque participar, cosechar\u00e1n grandes resultados.<\/p>\n\n\n\n<p>Desde la Dirigencia Estatal de Movimiento Ciudadano daremos todas las herramientas y capacitaci\u00f3n necesaria para que nuestros alcaldes, s\u00edndicos, regidores y legisladores sean los mejores calificados del Estado. Continuaremos abriendo espacios y construyendo nuevas alternativas para que a las y los ciudadanos, se les permita recuperar la grandeza de Veracruz.<\/p>\n\n\n\n<p class=\"has-text-align-center\">Sinceramente<\/p>\n\n\n\n<p class=\"has-text-align-center\"><strong>Sergio Gil Rull\u00e1n<\/strong><br>Coordinador Estatal de Movimiento Ciudadano en Veracruz<\/p>\n","protected":false},"excerpt":{"rendered":"<p>A una semana de la elecci\u00f3n, Movimiento Ciudadano en Veracruz agradece a los cerca de 300 mil ciudadanos y ciudadanas que depositaron su confianza en los hombres y mujeres que dieron la cara y alzaron la voz para defender las causas primordiales en cada uno de sus municipios, como candidatos a presidentes municipales, s\u00edndicos y [&hellip;]<\/p>\n","protected":false},"author":2,"featured_media":0,"comment_status":"closed","ping_status":"closed","sticky":false,"template":"","format":"standard","meta":{"tdm_status":"","tdm_grid_status":"","footnotes":""},"categories":[73],"tags":[721,2327,11240,195],"class_list":{"0":"post-75379","1":"post","2":"type-post","3":"status-publish","4":"format-standard","6":"category-de-boleto","7":"tag-elecciones","8":"tag-movimiento-ciudadano","9":"tag-sergio-gil-rullan","10":"tag-veracruz"},"yoast_head":"<!-- This site is optimized with the Yoast SEO plugin v27.4 - https:\/\/yoast.com\/product\/yoast-seo-wordpress\/ -->\n<title>MC, el de mayor crecimiento - Los pol\u00edticos Veracruz<\/title>\n<meta name=\"robots\" content=\"index, follow, max-snippet:-1, max-image-preview:large, max-video-preview:-1\" \/>\n<link rel=\"canonical\" href=\"https:\/\/lospoliticosveracruz.com\/?p=75379\" \/>\n<meta property=\"og:locale\" content=\"es_ES\" \/>\n<meta property=\"og:type\" content=\"article\" \/>\n<meta property=\"og:title\" content=\"MC, el de mayor crecimiento - Los pol\u00edticos Veracruz\" \/>\n<meta property=\"og:description\" content=\"A una semana de la elecci\u00f3n, Movimiento Ciudadano en Veracruz agradece a los cerca de 300 mil ciudadanos y ciudadanas que depositaron su confianza en los hombres y mujeres que dieron la cara y alzaron la voz para defender las causas primordiales en cada uno de sus municipios, como candidatos a presidentes municipales, s\u00edndicos y [&hellip;]\" \/>\n<meta property=\"og:url\" content=\"https:\/\/lospoliticosveracruz.com\/?p=75379\" \/>\n<meta property=\"og:site_name\" content=\"Los pol\u00edticos Veracruz\" \/>\n<meta property=\"article:publisher\" content=\"https:\/\/www.facebook.com\/people\/Notimemes-de-los-Polticos\/61565672886568\/\" \/>\n<meta property=\"article:published_time\" content=\"2021-06-14T01:37:50+00:00\" \/>\n<meta property=\"article:modified_time\" content=\"2021-06-14T01:37:54+00:00\" \/>\n<meta property=\"og:image\" content=\"https:\/\/lospoliticosveracruz.com\/wp-content\/uploads\/2016\/07\/Logo-Dor.jpg\" \/>\n\t<meta property=\"og:image:width\" content=\"200\" \/>\n\t<meta property=\"og:image:height\" content=\"200\" \/>\n\t<meta property=\"og:image:type\" content=\"image\/jpeg\" \/>\n<meta name=\"author\" content=\"Lo viste en Los Pol\u00edticos\" \/>\n<meta name=\"twitter:card\" content=\"summary_large_image\" \/>\n<meta name=\"twitter:creator\" content=\"@LosPoliticosVer\" \/>\n<meta name=\"twitter:site\" content=\"@LosPoliticosVer\" \/>\n<meta name=\"twitter:label1\" content=\"Escrito por\" \/>\n\t<meta name=\"twitter:data1\" content=\"Lo viste en Los Pol\u00edticos\" \/>\n\t<meta name=\"twitter:label2\" content=\"Tiempo de lectura\" \/>\n\t<meta name=\"twitter:data2\" content=\"2 minutos\" \/>\n<script type=\"application\/ld+json\" class=\"yoast-schema-graph\">{\"@context\":\"https:\\\/\\\/schema.org\",\"@graph\":[{\"@type\":\"Article\",\"@id\":\"https:\\\/\\\/lospoliticosveracruz.com\\\/?p=75379#article\",\"isPartOf\":{\"@id\":\"https:\\\/\\\/lospoliticosveracruz.com\\\/?p=75379\"},\"author\":{\"name\":\"Lo viste en Los Pol\u00edticos\",\"@id\":\"https:\\\/\\\/lospoliticosveracruz.com\\\/#\\\/schema\\\/person\\\/b8702bb0e538456e6efd07080bf2a4a2\"},\"headline\":\"MC, el de mayor crecimiento\",\"datePublished\":\"2021-06-14T01:37:50+00:00\",\"dateModified\":\"2021-06-14T01:37:54+00:00\",\"mainEntityOfPage\":{\"@id\":\"https:\\\/\\\/lospoliticosveracruz.com\\\/?p=75379\"},\"wordCount\":369,\"publisher\":{\"@id\":\"https:\\\/\\\/lospoliticosveracruz.com\\\/#organization\"},\"keywords\":[\"elecciones\",\"Movimiento Ciudadano\",\"Sergio Gil Rull\u00e1n\",\"Veracruz\"],\"articleSection\":[\"De Boleto\"],\"inLanguage\":\"es\"},{\"@type\":\"WebPage\",\"@id\":\"https:\\\/\\\/lospoliticosveracruz.com\\\/?p=75379\",\"url\":\"https:\\\/\\\/lospoliticosveracruz.com\\\/?p=75379\",\"name\":\"MC, el de mayor crecimiento - Los pol\u00edticos Veracruz\",\"isPartOf\":{\"@id\":\"https:\\\/\\\/lospoliticosveracruz.com\\\/#website\"},\"datePublished\":\"2021-06-14T01:37:50+00:00\",\"dateModified\":\"2021-06-14T01:37:54+00:00\",\"breadcrumb\":{\"@id\":\"https:\\\/\\\/lospoliticosveracruz.com\\\/?p=75379#breadcrumb\"},\"inLanguage\":\"es\",\"potentialAction\":[{\"@type\":\"ReadAction\",\"target\":[\"https:\\\/\\\/lospoliticosveracruz.com\\\/?p=75379\"]}]},{\"@type\":\"BreadcrumbList\",\"@id\":\"https:\\\/\\\/lospoliticosveracruz.com\\\/?p=75379#breadcrumb\",\"itemListElement\":[{\"@type\":\"ListItem\",\"position\":1,\"name\":\"Portada\",\"item\":\"https:\\\/\\\/lospoliticosveracruz.com\\\/\"},{\"@type\":\"ListItem\",\"position\":2,\"name\":\"MC, el de mayor crecimiento\"}]},{\"@type\":\"WebSite\",\"@id\":\"https:\\\/\\\/lospoliticosveracruz.com\\\/#website\",\"url\":\"https:\\\/\\\/lospoliticosveracruz.com\\\/\",\"name\":\"Los pol\u00edticos Veracruz\",\"description\":\"\",\"publisher\":{\"@id\":\"https:\\\/\\\/lospoliticosveracruz.com\\\/#organization\"},\"potentialAction\":[{\"@type\":\"SearchAction\",\"target\":{\"@type\":\"EntryPoint\",\"urlTemplate\":\"https:\\\/\\\/lospoliticosveracruz.com\\\/?s={search_term_string}\"},\"query-input\":{\"@type\":\"PropertyValueSpecification\",\"valueRequired\":true,\"valueName\":\"search_term_string\"}}],\"inLanguage\":\"es\"},{\"@type\":\"Organization\",\"@id\":\"https:\\\/\\\/lospoliticosveracruz.com\\\/#organization\",\"name\":\"Los pol\u00edticos Veracruz\",\"url\":\"https:\\\/\\\/lospoliticosveracruz.com\\\/\",\"logo\":{\"@type\":\"ImageObject\",\"inLanguage\":\"es\",\"@id\":\"https:\\\/\\\/lospoliticosveracruz.com\\\/#\\\/schema\\\/logo\\\/image\\\/\",\"url\":\"https:\\\/\\\/lospoliticosveracruz.com\\\/wp-content\\\/uploads\\\/2025\\\/12\\\/Logo-Nuevo-LOS-POLITICOS-1.jpg\",\"contentUrl\":\"https:\\\/\\\/lospoliticosveracruz.com\\\/wp-content\\\/uploads\\\/2025\\\/12\\\/Logo-Nuevo-LOS-POLITICOS-1.jpg\",\"width\":260,\"height\":70,\"caption\":\"Los pol\u00edticos Veracruz\"},\"image\":{\"@id\":\"https:\\\/\\\/lospoliticosveracruz.com\\\/#\\\/schema\\\/logo\\\/image\\\/\"},\"sameAs\":[\"https:\\\/\\\/www.facebook.com\\\/people\\\/Notimemes-de-los-Polticos\\\/61565672886568\\\/\",\"https:\\\/\\\/x.com\\\/LosPoliticosVer\"]},{\"@type\":\"Person\",\"@id\":\"https:\\\/\\\/lospoliticosveracruz.com\\\/#\\\/schema\\\/person\\\/b8702bb0e538456e6efd07080bf2a4a2\",\"name\":\"Lo viste en Los Pol\u00edticos\",\"image\":{\"@type\":\"ImageObject\",\"inLanguage\":\"es\",\"@id\":\"https:\\\/\\\/secure.gravatar.com\\\/avatar\\\/3a8de04a2656d44082be478bd6c086daa447c4651605818287b9532d3d0bd435?s=96&d=mm&r=g\",\"url\":\"https:\\\/\\\/secure.gravatar.com\\\/avatar\\\/3a8de04a2656d44082be478bd6c086daa447c4651605818287b9532d3d0bd435?s=96&d=mm&r=g\",\"contentUrl\":\"https:\\\/\\\/secure.gravatar.com\\\/avatar\\\/3a8de04a2656d44082be478bd6c086daa447c4651605818287b9532d3d0bd435?s=96&d=mm&r=g\",\"caption\":\"Lo viste en Los Pol\u00edticos\"},\"url\":\"https:\\\/\\\/lospoliticosveracruz.com\\\/?author=2\"}]}<\/script>\n<!-- \/ Yoast SEO plugin. -->","yoast_head_json":{"title":"MC, el de mayor crecimiento - Los pol\u00edticos Veracruz","robots":{"index":"index","follow":"follow","max-snippet":"max-snippet:-1","max-image-preview":"max-image-preview:large","max-video-preview":"max-video-preview:-1"},"canonical":"https:\/\/lospoliticosveracruz.com\/?p=75379","og_locale":"es_ES","og_type":"article","og_title":"MC, el de mayor crecimiento - Los pol\u00edticos Veracruz","og_description":"A una semana de la elecci\u00f3n, Movimiento Ciudadano en Veracruz agradece a los cerca de 300 mil ciudadanos y ciudadanas que depositaron su confianza en los hombres y mujeres que dieron la cara y alzaron la voz para defender las causas primordiales en cada uno de sus municipios, como candidatos a presidentes municipales, s\u00edndicos y [&hellip;]","og_url":"https:\/\/lospoliticosveracruz.com\/?p=75379","og_site_name":"Los pol\u00edticos Veracruz","article_publisher":"https:\/\/www.facebook.com\/people\/Notimemes-de-los-Polticos\/61565672886568\/","article_published_time":"2021-06-14T01:37:50+00:00","article_modified_time":"2021-06-14T01:37:54+00:00","og_image":[{"width":200,"height":200,"url":"https:\/\/lospoliticosveracruz.com\/wp-content\/uploads\/2016\/07\/Logo-Dor.jpg","type":"image\/jpeg"}],"author":"Lo viste en Los Pol\u00edticos","twitter_card":"summary_large_image","twitter_creator":"@LosPoliticosVer","twitter_site":"@LosPoliticosVer","twitter_misc":{"Escrito por":"Lo viste en Los Pol\u00edticos","Tiempo de lectura":"2 minutos"},"schema":{"@context":"https:\/\/schema.org","@graph":[{"@type":"Article","@id":"https:\/\/lospoliticosveracruz.com\/?p=75379#article","isPartOf":{"@id":"https:\/\/lospoliticosveracruz.com\/?p=75379"},"author":{"name":"Lo viste en Los Pol\u00edticos","@id":"https:\/\/lospoliticosveracruz.com\/#\/schema\/person\/b8702bb0e538456e6efd07080bf2a4a2"},"headline":"MC, el de mayor crecimiento","datePublished":"2021-06-14T01:37:50+00:00","dateModified":"2021-06-14T01:37:54+00:00","mainEntityOfPage":{"@id":"https:\/\/lospoliticosveracruz.com\/?p=75379"},"wordCount":369,"publisher":{"@id":"https:\/\/lospoliticosveracruz.com\/#organization"},"keywords":["elecciones","Movimiento Ciudadano","Sergio Gil Rull\u00e1n","Veracruz"],"articleSection":["De Boleto"],"inLanguage":"es"},{"@type":"WebPage","@id":"https:\/\/lospoliticosveracruz.com\/?p=75379","url":"https:\/\/lospoliticosveracruz.com\/?p=75379","name":"MC, el de mayor crecimiento - Los pol\u00edticos Veracruz","isPartOf":{"@id":"https:\/\/lospoliticosveracruz.com\/#website"},"datePublished":"2021-06-14T01:37:50+00:00","dateModified":"2021-06-14T01:37:54+00:00","breadcrumb":{"@id":"https:\/\/lospoliticosveracruz.com\/?p=75379#breadcrumb"},"inLanguage":"es","potentialAction":[{"@type":"ReadAction","target":["https:\/\/lospoliticosveracruz.com\/?p=75379"]}]},{"@type":"BreadcrumbList","@id":"https:\/\/lospoliticosveracruz.com\/?p=75379#breadcrumb","itemListElement":[{"@type":"ListItem","position":1,"name":"Portada","item":"https:\/\/lospoliticosveracruz.com\/"},{"@type":"ListItem","position":2,"name":"MC, el de mayor crecimiento"}]},{"@type":"WebSite","@id":"https:\/\/lospoliticosveracruz.com\/#website","url":"https:\/\/lospoliticosveracruz.com\/","name":"Los pol\u00edticos Veracruz","description":"","publisher":{"@id":"https:\/\/lospoliticosveracruz.com\/#organization"},"potentialAction":[{"@type":"SearchAction","target":{"@type":"EntryPoint","urlTemplate":"https:\/\/lospoliticosveracruz.com\/?s={search_term_string}"},"query-input":{"@type":"PropertyValueSpecification","valueRequired":true,"valueName":"search_term_string"}}],"inLanguage":"es"},{"@type":"Organization","@id":"https:\/\/lospoliticosveracruz.com\/#organization","name":"Los pol\u00edticos Veracruz","url":"https:\/\/lospoliticosveracruz.com\/","logo":{"@type":"ImageObject","inLanguage":"es","@id":"https:\/\/lospoliticosveracruz.com\/#\/schema\/logo\/image\/","url":"https:\/\/lospoliticosveracruz.com\/wp-content\/uploads\/2025\/12\/Logo-Nuevo-LOS-POLITICOS-1.jpg","contentUrl":"https:\/\/lospoliticosveracruz.com\/wp-content\/uploads\/2025\/12\/Logo-Nuevo-LOS-POLITICOS-1.jpg","width":260,"height":70,"caption":"Los pol\u00edticos Veracruz"},"image":{"@id":"https:\/\/lospoliticosveracruz.com\/#\/schema\/logo\/image\/"},"sameAs":["https:\/\/www.facebook.com\/people\/Notimemes-de-los-Polticos\/61565672886568\/","https:\/\/x.com\/LosPoliticosVer"]},{"@type":"Person","@id":"https:\/\/lospoliticosveracruz.com\/#\/schema\/person\/b8702bb0e538456e6efd07080bf2a4a2","name":"Lo viste en Los Pol\u00edticos","image":{"@type":"ImageObject","inLanguage":"es","@id":"https:\/\/secure.gravatar.com\/avatar\/3a8de04a2656d44082be478bd6c086daa447c4651605818287b9532d3d0bd435?s=96&d=mm&r=g","url":"https:\/\/secure.gravatar.com\/avatar\/3a8de04a2656d44082be478bd6c086daa447c4651605818287b9532d3d0bd435?s=96&d=mm&r=g","contentUrl":"https:\/\/secure.gravatar.com\/avatar\/3a8de04a2656d44082be478bd6c086daa447c4651605818287b9532d3d0bd435?s=96&d=mm&r=g","caption":"Lo viste en Los Pol\u00edticos"},"url":"https:\/\/lospoliticosveracruz.com\/?author=2"}]}},"_links":{"self":[{"href":"https:\/\/lospoliticosveracruz.com\/index.php?rest_route=\/wp\/v2\/posts\/75379","targetHints":{"allow":["GET"]}}],"collection":[{"href":"https:\/\/lospoliticosveracruz.com\/index.php?rest_route=\/wp\/v2\/posts"}],"about":[{"href":"https:\/\/lospoliticosveracruz.com\/index.php?rest_route=\/wp\/v2\/types\/post"}],"author":[{"embeddable":true,"href":"https:\/\/lospoliticosveracruz.com\/index.php?rest_route=\/wp\/v2\/users\/2"}],"replies":[{"embeddable":true,"href":"https:\/\/lospoliticosveracruz.com\/index.php?rest_route=%2Fwp%2Fv2%2Fcomments&post=75379"}],"version-history":[{"count":1,"href":"https:\/\/lospoliticosveracruz.com\/index.php?rest_route=\/wp\/v2\/posts\/75379\/revisions"}],"predecessor-version":[{"id":75381,"href":"https:\/\/lospoliticosveracruz.com\/index.php?rest_route=\/wp\/v2\/posts\/75379\/revisions\/75381"}],"wp:attachment":[{"href":"https:\/\/lospoliticosveracruz.com\/index.php?rest_route=%2Fwp%2Fv2%2Fmedia&parent=75379"}],"wp:term":[{"taxonomy":"category","embeddable":true,"href":"https:\/\/lospoliticosveracruz.com\/index.php?rest_route=%2Fwp%2Fv2%2Fcategories&post=75379"},{"taxonomy":"post_tag","embeddable":true,"href":"https:\/\/lospoliticosveracruz.com\/index.php?rest_route=%2Fwp%2Fv2%2Ftags&post=75379"}],"curies":[{"name":"wp","href":"https:\/\/api.w.org\/{rel}","templated":true}]}}