{"id":75408,"date":"2021-06-14T18:02:27","date_gmt":"2021-06-14T23:02:27","guid":{"rendered":"http:\/\/www.lospoliticosveracruz.com.mx\/?p=75408"},"modified":"2021-06-14T18:02:31","modified_gmt":"2021-06-14T23:02:31","slug":"condusef-aliados-o-enemigos","status":"publish","type":"post","link":"https:\/\/lospoliticosveracruz.com\/?p=75408","title":{"rendered":"Condusef, aliados o enemigos"},"content":{"rendered":"\n<p><strong>Teresa Carbajal<\/strong><\/p>\n\n\n\n<p><em>Debo, no niego; pago, lo justo<br><\/em><\/p>\n\n\n\n<p>El pasado 10 de junio desde la m\u00e1s alta tribuna del pa\u00eds emplazamos a la Condusef y a su titular Oscar Rosado para que en el improrrogable t\u00e9rmino de diez d\u00edas h\u00e1biles respondiera por escrito a qu\u00e9 obedece la negativa de audiencia p\u00fablica solicitada por el Barz\u00f3n para dialogar sobre los grandes pendientes que a la fecha existen en materia de protecci\u00f3n y defensa efectiva de los usuarios de servicios financieros.<br>La funci\u00f3n del organismo defensor de los usuarios de servicios bancarios hoy mas que nunca debe ser abierta, humana, eficiente, transparente y de calidad para dar la batalla en contra de los abusos de las instituciones y tambi\u00e9n en la atenci\u00f3n de todos aquellos hechos nuevos que atenten contra la seguridad, el patrimonio, los ahorros o el dinero depositado en los bancos.<br>Algo no anda bien, muestra de ello es que durante el a\u00f1o 2020 mas de seis millones de mexicanos fueron v\u00edctimas de alg\u00fan tipo de fraude, robo de identidad, cargos no reconocidos o transferencias bancarias no reconocidas. Este lastimoso hecho nos ha llevado a unir esfuerzos como sociedad civil organizada, en esta ocasi\u00f3n con el Colectivo Defraudados en Santander Mx en exigencia de acciones y respuestas concretas por parte de las autoridades encargadas de la vigilancia del actuar de los bancos para la atenci\u00f3n del problema.<br>Resulta verdaderamente aterrador para cualquiera el solo pensar que un d\u00eda, al consultar los fondos de su cuenta, reciba la sorpresa que estos fueron sustra\u00eddos sin su autorizaci\u00f3n. Y peor aun sentirse en desprotecci\u00f3n pues al acudir con el depositario del dinero este le responda que en sus registros, usted dio el consentimiento para el retiro del dinero, y que este se encuentra en cuentas u operaciones desconocidas a las cuales no es posible darles reversa.<br>Los agremiados del colectivo de defraudados no han escatimado esfuerzos y solicitudes de ayuda en b\u00fasqueda del rescate de su dinero, sin embargo, la respuesta reiterada y uniforme acerca de que la instancia competente para ello es la Condusef y el mal funcionamiento de \u00e9sta deriv\u00f3 en una mesa de trabajo conjunto que abrimos desde el pasado 15 de mayo para analizar las respuestas recibidas y los motivos que ocasionan la improcedencia de sus reclamaciones.<br>El resultado de ese trabajo ha dado frutos: dos propuestas que el jueves mismo presentamos a la Comisi\u00f3n de Hacienda y Cr\u00e9dito P\u00fablico de la C\u00e1mara de Diputados, una relativa a la creaci\u00f3n inmediata de una comisi\u00f3n investigadora de los hechos y la instalaci\u00f3n de una mesa de di\u00e1logo con autoridades hacendarias, gremio banquero, entre otros que resultan involucrados, lo que dimos a conocer a la opini\u00f3n p\u00fablica en rueda de prensa en compa\u00f1\u00eda de un diputado federal aliado del colectivo exponiendo adem\u00e1s los lastimosos casos que actualmente representa el colectivo; ah\u00ed mismo se emplaz\u00f3 p\u00fablicamente a la Condusef para recibirnos o justificar la negativa que tuviere para hacerlo.<br>No debe el ombudsman financiero escudarse en la incompetencia, carencia de facultades, atribuciones legales o en la pandemia para marcar \u00absana distancia\u00bb con sus defendidos. Debe dar la cara, escuchar, atender y de acuerdo con art\u00edculo Primero Constitucional; promover, respetar, proteger y garantizar los derechos humanos de los usuarios.<br>En cambio, los hechos que la distinguen son, no contestar las l\u00edneas telef\u00f3nicas a los usuarios, no dar respuesta pronta a las quejas, extraviar los folios de las reclamaciones electr\u00f3nicas que recibe, dificultar el acceso efectivo a sus servicios a quienes acuden a ella, no exigir a los bancos informes completos sobre el origen de los reclamos, y en la mayor\u00eda de los casos reservar los derechos del quejoso para hacerlo valer en tribunales.<br>Y pues este plazo se cumpli\u00f3 el mismo d\u00eda, pues de la C\u00e1mara nos dirigimos a las oficinas centrales de la Comisi\u00f3n en donde fuimos recibidos por cuatro funcionarios del organismo entre ellos el Vicepresidente de Unidades de Atenci\u00f3n a Usuarios Roberto Tejero Casta\u00f1eda con quien pudimos dialogar sobre el tema acordando una primera etapa en la atenci\u00f3n del problema que abonar\u00e1 al mejoramiento de los procesos de atenci\u00f3n y prestaci\u00f3n de sus servicios.<br>Continuar\u00e1\u2026<br>Llama al 2281148502 visite www.elbarzonrc.org Contacte elbarzonrc@yahoo.com.mx, O s\u00edgame en @terecarbajal<\/p>\n","protected":false},"excerpt":{"rendered":"<p>Teresa Carbajal Debo, no niego; pago, lo justo El pasado 10 de junio desde la m\u00e1s alta tribuna del pa\u00eds emplazamos a la Condusef y a su titular Oscar Rosado para que en el improrrogable t\u00e9rmino de diez d\u00edas h\u00e1biles respondiera por escrito a qu\u00e9 obedece la negativa de audiencia p\u00fablica solicitada por el Barz\u00f3n [&hellip;]<\/p>\n","protected":false},"author":2,"featured_media":0,"comment_status":"closed","ping_status":"closed","sticky":false,"template":"","format":"standard","meta":{"tdm_status":"","tdm_grid_status":"","footnotes":""},"categories":[70],"tags":[15550,24443,8002,24444,26976,28818,10890,15570],"class_list":{"0":"post-75408","1":"post","2":"type-post","3":"status-publish","4":"format-standard","6":"category-de-opinion","7":"tag-barzon","8":"tag-comision-de-hacienda","9":"tag-condusef","10":"tag-credito-publico","11":"tag-defraudados-en-santander","12":"tag-oscar-rosado","13":"tag-roberto-tejero-castaneda","14":"tag-teresa-carbajal"},"yoast_head":"<!-- This site is optimized with the Yoast SEO plugin v27.4 - https:\/\/yoast.com\/product\/yoast-seo-wordpress\/ -->\n<title>Condusef, aliados o enemigos - Los pol\u00edticos Veracruz<\/title>\n<meta name=\"robots\" content=\"index, follow, max-snippet:-1, max-image-preview:large, max-video-preview:-1\" \/>\n<link rel=\"canonical\" href=\"https:\/\/lospoliticosveracruz.com\/?p=75408\" \/>\n<meta property=\"og:locale\" content=\"es_ES\" \/>\n<meta property=\"og:type\" content=\"article\" \/>\n<meta property=\"og:title\" content=\"Condusef, aliados o enemigos - Los pol\u00edticos Veracruz\" \/>\n<meta property=\"og:description\" content=\"Teresa Carbajal Debo, no niego; pago, lo justo El pasado 10 de junio desde la m\u00e1s alta tribuna del pa\u00eds emplazamos a la Condusef y a su titular Oscar Rosado para que en el improrrogable t\u00e9rmino de diez d\u00edas h\u00e1biles respondiera por escrito a qu\u00e9 obedece la negativa de audiencia p\u00fablica solicitada por el Barz\u00f3n [&hellip;]\" \/>\n<meta property=\"og:url\" content=\"https:\/\/lospoliticosveracruz.com\/?p=75408\" \/>\n<meta property=\"og:site_name\" content=\"Los pol\u00edticos Veracruz\" \/>\n<meta property=\"article:publisher\" content=\"https:\/\/www.facebook.com\/people\/Notimemes-de-los-Polticos\/61565672886568\/\" \/>\n<meta property=\"article:published_time\" content=\"2021-06-14T23:02:27+00:00\" \/>\n<meta property=\"article:modified_time\" content=\"2021-06-14T23:02:31+00:00\" \/>\n<meta property=\"og:image\" content=\"https:\/\/lospoliticosveracruz.com\/wp-content\/uploads\/2016\/07\/Logo-Dor.jpg\" \/>\n\t<meta property=\"og:image:width\" content=\"200\" \/>\n\t<meta property=\"og:image:height\" content=\"200\" \/>\n\t<meta property=\"og:image:type\" content=\"image\/jpeg\" \/>\n<meta name=\"author\" content=\"Lo viste en Los Pol\u00edticos\" \/>\n<meta name=\"twitter:card\" content=\"summary_large_image\" \/>\n<meta name=\"twitter:creator\" content=\"@LosPoliticosVer\" \/>\n<meta name=\"twitter:site\" content=\"@LosPoliticosVer\" \/>\n<meta name=\"twitter:label1\" content=\"Escrito por\" \/>\n\t<meta name=\"twitter:data1\" content=\"Lo viste en Los Pol\u00edticos\" \/>\n\t<meta name=\"twitter:label2\" content=\"Tiempo de lectura\" \/>\n\t<meta name=\"twitter:data2\" content=\"4 minutos\" \/>\n<script type=\"application\/ld+json\" class=\"yoast-schema-graph\">{\"@context\":\"https:\\\/\\\/schema.org\",\"@graph\":[{\"@type\":\"Article\",\"@id\":\"https:\\\/\\\/lospoliticosveracruz.com\\\/?p=75408#article\",\"isPartOf\":{\"@id\":\"https:\\\/\\\/lospoliticosveracruz.com\\\/?p=75408\"},\"author\":{\"name\":\"Lo viste en Los Pol\u00edticos\",\"@id\":\"https:\\\/\\\/lospoliticosveracruz.com\\\/#\\\/schema\\\/person\\\/b8702bb0e538456e6efd07080bf2a4a2\"},\"headline\":\"Condusef, aliados o enemigos\",\"datePublished\":\"2021-06-14T23:02:27+00:00\",\"dateModified\":\"2021-06-14T23:02:31+00:00\",\"mainEntityOfPage\":{\"@id\":\"https:\\\/\\\/lospoliticosveracruz.com\\\/?p=75408\"},\"wordCount\":749,\"publisher\":{\"@id\":\"https:\\\/\\\/lospoliticosveracruz.com\\\/#organization\"},\"keywords\":[\"Barz\u00f3n\",\"Comisi\u00f3n de Hacienda\",\"Condusef\",\"Cr\u00e9dito P\u00fablico\",\"Defraudados en Santander\",\"Oscar Rosado\",\"Roberto Tejero Casta\u00f1eda\",\"Teresa Carbajal\"],\"articleSection\":[\"De Opini\u00f3n\"],\"inLanguage\":\"es\"},{\"@type\":\"WebPage\",\"@id\":\"https:\\\/\\\/lospoliticosveracruz.com\\\/?p=75408\",\"url\":\"https:\\\/\\\/lospoliticosveracruz.com\\\/?p=75408\",\"name\":\"Condusef, aliados o enemigos - Los pol\u00edticos Veracruz\",\"isPartOf\":{\"@id\":\"https:\\\/\\\/lospoliticosveracruz.com\\\/#website\"},\"datePublished\":\"2021-06-14T23:02:27+00:00\",\"dateModified\":\"2021-06-14T23:02:31+00:00\",\"breadcrumb\":{\"@id\":\"https:\\\/\\\/lospoliticosveracruz.com\\\/?p=75408#breadcrumb\"},\"inLanguage\":\"es\",\"potentialAction\":[{\"@type\":\"ReadAction\",\"target\":[\"https:\\\/\\\/lospoliticosveracruz.com\\\/?p=75408\"]}]},{\"@type\":\"BreadcrumbList\",\"@id\":\"https:\\\/\\\/lospoliticosveracruz.com\\\/?p=75408#breadcrumb\",\"itemListElement\":[{\"@type\":\"ListItem\",\"position\":1,\"name\":\"Portada\",\"item\":\"https:\\\/\\\/lospoliticosveracruz.com\\\/\"},{\"@type\":\"ListItem\",\"position\":2,\"name\":\"Condusef, aliados o enemigos\"}]},{\"@type\":\"WebSite\",\"@id\":\"https:\\\/\\\/lospoliticosveracruz.com\\\/#website\",\"url\":\"https:\\\/\\\/lospoliticosveracruz.com\\\/\",\"name\":\"Los pol\u00edticos Veracruz\",\"description\":\"\",\"publisher\":{\"@id\":\"https:\\\/\\\/lospoliticosveracruz.com\\\/#organization\"},\"potentialAction\":[{\"@type\":\"SearchAction\",\"target\":{\"@type\":\"EntryPoint\",\"urlTemplate\":\"https:\\\/\\\/lospoliticosveracruz.com\\\/?s={search_term_string}\"},\"query-input\":{\"@type\":\"PropertyValueSpecification\",\"valueRequired\":true,\"valueName\":\"search_term_string\"}}],\"inLanguage\":\"es\"},{\"@type\":\"Organization\",\"@id\":\"https:\\\/\\\/lospoliticosveracruz.com\\\/#organization\",\"name\":\"Los pol\u00edticos Veracruz\",\"url\":\"https:\\\/\\\/lospoliticosveracruz.com\\\/\",\"logo\":{\"@type\":\"ImageObject\",\"inLanguage\":\"es\",\"@id\":\"https:\\\/\\\/lospoliticosveracruz.com\\\/#\\\/schema\\\/logo\\\/image\\\/\",\"url\":\"https:\\\/\\\/lospoliticosveracruz.com\\\/wp-content\\\/uploads\\\/2025\\\/12\\\/Logo-Nuevo-LOS-POLITICOS-1.jpg\",\"contentUrl\":\"https:\\\/\\\/lospoliticosveracruz.com\\\/wp-content\\\/uploads\\\/2025\\\/12\\\/Logo-Nuevo-LOS-POLITICOS-1.jpg\",\"width\":260,\"height\":70,\"caption\":\"Los pol\u00edticos Veracruz\"},\"image\":{\"@id\":\"https:\\\/\\\/lospoliticosveracruz.com\\\/#\\\/schema\\\/logo\\\/image\\\/\"},\"sameAs\":[\"https:\\\/\\\/www.facebook.com\\\/people\\\/Notimemes-de-los-Polticos\\\/61565672886568\\\/\",\"https:\\\/\\\/x.com\\\/LosPoliticosVer\"]},{\"@type\":\"Person\",\"@id\":\"https:\\\/\\\/lospoliticosveracruz.com\\\/#\\\/schema\\\/person\\\/b8702bb0e538456e6efd07080bf2a4a2\",\"name\":\"Lo viste en Los Pol\u00edticos\",\"image\":{\"@type\":\"ImageObject\",\"inLanguage\":\"es\",\"@id\":\"https:\\\/\\\/secure.gravatar.com\\\/avatar\\\/3a8de04a2656d44082be478bd6c086daa447c4651605818287b9532d3d0bd435?s=96&d=mm&r=g\",\"url\":\"https:\\\/\\\/secure.gravatar.com\\\/avatar\\\/3a8de04a2656d44082be478bd6c086daa447c4651605818287b9532d3d0bd435?s=96&d=mm&r=g\",\"contentUrl\":\"https:\\\/\\\/secure.gravatar.com\\\/avatar\\\/3a8de04a2656d44082be478bd6c086daa447c4651605818287b9532d3d0bd435?s=96&d=mm&r=g\",\"caption\":\"Lo viste en Los Pol\u00edticos\"},\"url\":\"https:\\\/\\\/lospoliticosveracruz.com\\\/?author=2\"}]}<\/script>\n<!-- \/ Yoast SEO plugin. -->","yoast_head_json":{"title":"Condusef, aliados o enemigos - Los pol\u00edticos Veracruz","robots":{"index":"index","follow":"follow","max-snippet":"max-snippet:-1","max-image-preview":"max-image-preview:large","max-video-preview":"max-video-preview:-1"},"canonical":"https:\/\/lospoliticosveracruz.com\/?p=75408","og_locale":"es_ES","og_type":"article","og_title":"Condusef, aliados o enemigos - Los pol\u00edticos Veracruz","og_description":"Teresa Carbajal Debo, no niego; pago, lo justo El pasado 10 de junio desde la m\u00e1s alta tribuna del pa\u00eds emplazamos a la Condusef y a su titular Oscar Rosado para que en el improrrogable t\u00e9rmino de diez d\u00edas h\u00e1biles respondiera por escrito a qu\u00e9 obedece la negativa de audiencia p\u00fablica solicitada por el Barz\u00f3n [&hellip;]","og_url":"https:\/\/lospoliticosveracruz.com\/?p=75408","og_site_name":"Los pol\u00edticos Veracruz","article_publisher":"https:\/\/www.facebook.com\/people\/Notimemes-de-los-Polticos\/61565672886568\/","article_published_time":"2021-06-14T23:02:27+00:00","article_modified_time":"2021-06-14T23:02:31+00:00","og_image":[{"width":200,"height":200,"url":"https:\/\/lospoliticosveracruz.com\/wp-content\/uploads\/2016\/07\/Logo-Dor.jpg","type":"image\/jpeg"}],"author":"Lo viste en Los Pol\u00edticos","twitter_card":"summary_large_image","twitter_creator":"@LosPoliticosVer","twitter_site":"@LosPoliticosVer","twitter_misc":{"Escrito por":"Lo viste en Los Pol\u00edticos","Tiempo de lectura":"4 minutos"},"schema":{"@context":"https:\/\/schema.org","@graph":[{"@type":"Article","@id":"https:\/\/lospoliticosveracruz.com\/?p=75408#article","isPartOf":{"@id":"https:\/\/lospoliticosveracruz.com\/?p=75408"},"author":{"name":"Lo viste en Los Pol\u00edticos","@id":"https:\/\/lospoliticosveracruz.com\/#\/schema\/person\/b8702bb0e538456e6efd07080bf2a4a2"},"headline":"Condusef, aliados o enemigos","datePublished":"2021-06-14T23:02:27+00:00","dateModified":"2021-06-14T23:02:31+00:00","mainEntityOfPage":{"@id":"https:\/\/lospoliticosveracruz.com\/?p=75408"},"wordCount":749,"publisher":{"@id":"https:\/\/lospoliticosveracruz.com\/#organization"},"keywords":["Barz\u00f3n","Comisi\u00f3n de Hacienda","Condusef","Cr\u00e9dito P\u00fablico","Defraudados en Santander","Oscar Rosado","Roberto Tejero Casta\u00f1eda","Teresa Carbajal"],"articleSection":["De Opini\u00f3n"],"inLanguage":"es"},{"@type":"WebPage","@id":"https:\/\/lospoliticosveracruz.com\/?p=75408","url":"https:\/\/lospoliticosveracruz.com\/?p=75408","name":"Condusef, aliados o enemigos - Los pol\u00edticos Veracruz","isPartOf":{"@id":"https:\/\/lospoliticosveracruz.com\/#website"},"datePublished":"2021-06-14T23:02:27+00:00","dateModified":"2021-06-14T23:02:31+00:00","breadcrumb":{"@id":"https:\/\/lospoliticosveracruz.com\/?p=75408#breadcrumb"},"inLanguage":"es","potentialAction":[{"@type":"ReadAction","target":["https:\/\/lospoliticosveracruz.com\/?p=75408"]}]},{"@type":"BreadcrumbList","@id":"https:\/\/lospoliticosveracruz.com\/?p=75408#breadcrumb","itemListElement":[{"@type":"ListItem","position":1,"name":"Portada","item":"https:\/\/lospoliticosveracruz.com\/"},{"@type":"ListItem","position":2,"name":"Condusef, aliados o enemigos"}]},{"@type":"WebSite","@id":"https:\/\/lospoliticosveracruz.com\/#website","url":"https:\/\/lospoliticosveracruz.com\/","name":"Los pol\u00edticos Veracruz","description":"","publisher":{"@id":"https:\/\/lospoliticosveracruz.com\/#organization"},"potentialAction":[{"@type":"SearchAction","target":{"@type":"EntryPoint","urlTemplate":"https:\/\/lospoliticosveracruz.com\/?s={search_term_string}"},"query-input":{"@type":"PropertyValueSpecification","valueRequired":true,"valueName":"search_term_string"}}],"inLanguage":"es"},{"@type":"Organization","@id":"https:\/\/lospoliticosveracruz.com\/#organization","name":"Los pol\u00edticos Veracruz","url":"https:\/\/lospoliticosveracruz.com\/","logo":{"@type":"ImageObject","inLanguage":"es","@id":"https:\/\/lospoliticosveracruz.com\/#\/schema\/logo\/image\/","url":"https:\/\/lospoliticosveracruz.com\/wp-content\/uploads\/2025\/12\/Logo-Nuevo-LOS-POLITICOS-1.jpg","contentUrl":"https:\/\/lospoliticosveracruz.com\/wp-content\/uploads\/2025\/12\/Logo-Nuevo-LOS-POLITICOS-1.jpg","width":260,"height":70,"caption":"Los pol\u00edticos Veracruz"},"image":{"@id":"https:\/\/lospoliticosveracruz.com\/#\/schema\/logo\/image\/"},"sameAs":["https:\/\/www.facebook.com\/people\/Notimemes-de-los-Polticos\/61565672886568\/","https:\/\/x.com\/LosPoliticosVer"]},{"@type":"Person","@id":"https:\/\/lospoliticosveracruz.com\/#\/schema\/person\/b8702bb0e538456e6efd07080bf2a4a2","name":"Lo viste en Los Pol\u00edticos","image":{"@type":"ImageObject","inLanguage":"es","@id":"https:\/\/secure.gravatar.com\/avatar\/3a8de04a2656d44082be478bd6c086daa447c4651605818287b9532d3d0bd435?s=96&d=mm&r=g","url":"https:\/\/secure.gravatar.com\/avatar\/3a8de04a2656d44082be478bd6c086daa447c4651605818287b9532d3d0bd435?s=96&d=mm&r=g","contentUrl":"https:\/\/secure.gravatar.com\/avatar\/3a8de04a2656d44082be478bd6c086daa447c4651605818287b9532d3d0bd435?s=96&d=mm&r=g","caption":"Lo viste en Los Pol\u00edticos"},"url":"https:\/\/lospoliticosveracruz.com\/?author=2"}]}},"_links":{"self":[{"href":"https:\/\/lospoliticosveracruz.com\/index.php?rest_route=\/wp\/v2\/posts\/75408","targetHints":{"allow":["GET"]}}],"collection":[{"href":"https:\/\/lospoliticosveracruz.com\/index.php?rest_route=\/wp\/v2\/posts"}],"about":[{"href":"https:\/\/lospoliticosveracruz.com\/index.php?rest_route=\/wp\/v2\/types\/post"}],"author":[{"embeddable":true,"href":"https:\/\/lospoliticosveracruz.com\/index.php?rest_route=\/wp\/v2\/users\/2"}],"replies":[{"embeddable":true,"href":"https:\/\/lospoliticosveracruz.com\/index.php?rest_route=%2Fwp%2Fv2%2Fcomments&post=75408"}],"version-history":[{"count":1,"href":"https:\/\/lospoliticosveracruz.com\/index.php?rest_route=\/wp\/v2\/posts\/75408\/revisions"}],"predecessor-version":[{"id":75409,"href":"https:\/\/lospoliticosveracruz.com\/index.php?rest_route=\/wp\/v2\/posts\/75408\/revisions\/75409"}],"wp:attachment":[{"href":"https:\/\/lospoliticosveracruz.com\/index.php?rest_route=%2Fwp%2Fv2%2Fmedia&parent=75408"}],"wp:term":[{"taxonomy":"category","embeddable":true,"href":"https:\/\/lospoliticosveracruz.com\/index.php?rest_route=%2Fwp%2Fv2%2Fcategories&post=75408"},{"taxonomy":"post_tag","embeddable":true,"href":"https:\/\/lospoliticosveracruz.com\/index.php?rest_route=%2Fwp%2Fv2%2Ftags&post=75408"}],"curies":[{"name":"wp","href":"https:\/\/api.w.org\/{rel}","templated":true}]}}