{"id":75415,"date":"2021-06-14T22:44:38","date_gmt":"2021-06-15T03:44:38","guid":{"rendered":"http:\/\/www.lospoliticosveracruz.com.mx\/?p=75415"},"modified":"2021-06-14T22:44:44","modified_gmt":"2021-06-15T03:44:44","slug":"morena-alcaldes-y-partidos","status":"publish","type":"post","link":"https:\/\/lospoliticosveracruz.com\/?p=75415","title":{"rendered":"Morena, alcaldes y partidos"},"content":{"rendered":"\n<p><strong>Salvador Mu\u00f1oz<\/strong><\/p>\n\n\n\n<p><em>Los Pol\u00edticos<br><\/em><\/p>\n\n\n\n<p>Seis meses tienen los presidentes municipales actuales para poner en orden toda su administraci\u00f3n, \u00a1de pies a cabeza! S\u00ed, es probable que ello sea parte del proceso administrativo que se tiene que hacer para el relevo municipal, pero aqu\u00ed el detalle se va a enfatizar en los que llamamos \u201cAlcaldes de Oposici\u00f3n\u201d cuando quien ha de ocupar su lugar es parte de la alianza Juntos Haremos Historia.<br>No se necesita ser un genio para proyectar que los nuevos presidentes municipales de la alianza Juntos Haremos Historia \u201cvan a ir con Tokio\u201d (dijera El Car\u00f3n): llegar\u00e1n con la escoba desenvainada para barrer para atr\u00e1s a todo lo que da, por dos cuestiones:<br>La primera) demostrar, junto con el Orfis, que los gobiernos del PAN, PRI y PRD (por obvias razones) cometieron corrupci\u00f3n. Les van a buscar hasta por debajo del tapete y de la alfombra.<br>La segunda) Que el Pueblo bueno y sabio no se equivoc\u00f3 al elegirlos como autoridades municipales porque ellos no solapar\u00e1n ni proteger\u00e1n, \u201ccomo los otros\u201d, que enga\u00f1aron, robaron y traicionaron al Pueblo.<br>\u00bfHip\u00f3lito? La apuesta de la oposici\u00f3n es que con el triunfo de Ricardo Ahued, el actual alcalde de Xalapa gan\u00f3 su fuero post-presidencia, lo que llevar\u00e1 a que el pr\u00f3ximo presidente municipal simplemente se haga de la vista gorda y aplique a partir de enero del 2022, el Borr\u00f3n y Cuenta Nueva\u2026 aunque lo m\u00e1s sano que pudiera ocurrir, tanto para el mismo Ahued como para Morena, es medir con el mismo rasero que a los dem\u00e1s\u2026<br>La actuaci\u00f3n que creemos que han de tener los pr\u00f3ximos alcaldes, va en el sentido de que Morena siga ondeando la bandera de la lucha contra la corrupci\u00f3n como parte del esquema que mantiene en aras de conservar el poder, de aqu\u00ed hasta que lleguen las pr\u00f3ximas elecciones o bien, para la Consulta Popular para la Revocaci\u00f3n de Mandato.<br>Esto es en cuanto a lo que se refiere a los nuevos presidentes municipales que llegar\u00e1n con Morena\u2026 el Congreso tendr\u00e1 otro cantar.<br>Con 20 diputados por la v\u00eda uninominal (diez mujeres y diez hombres), adem\u00e1s de los que le correspondan por el lado de las plurinominales, es seguro que all\u00ed tranquilamente alcance 25 curules o m\u00e1s; ahora sume los cuatro que tiene el PT y los dos del PVEM, junto con sus respectivas pluris y por all\u00ed uno que otro bisagra que nunca falte, adem\u00e1s de la experiencia acumulada con yerros y tropezones, \u00bfqu\u00e9 cree que ser\u00eda lo primero que la gran bancada de Morena y aliados har\u00edan encabezados por Juan Javier G\u00f3mez Cazar\u00edn?<br>\u00a1Exacto! Morena buscar\u00eda asestar un golpe m\u00e1s a sus adversarios pol\u00edticos a trav\u00e9s de esa Reforma Electoral que apenas en noviembre pasado, la Suprema Corte de Justicia de la Naci\u00f3n les bate\u00f3 por un ligero detalle, omisi\u00f3n, descuido, pero que ahora, sin prisas, con calma y con los cuidados que se debe, podr\u00edan echar a andar de nuevo.<br>\u00bfS\u00ed se acuerdan de esa parte de la Reforma que era un gancho al h\u00edgado para los partidos? La reducci\u00f3n de sus prerrogativas al 50 por ciento.<br>Para partidos como Movimiento Ciudadano o PT, cuyo financiamiento fue de los m\u00e1s bajos, pero que en el caso de los naranjeros duplic\u00f3 sus triunfos por cualquier lado que se le mire, las intenciones de reducirles al 50 por ciento las prerrogativas no les quitar\u00eda el sue\u00f1o\u2026 saben vivir en la justa median\u00eda.<br>En cambio el PAN, con medio mill\u00f3n de votos en estas elecciones, pero que si lo comparamos con lo del 2018, donde tan solo para Gobernador obtuvo casi el mill\u00f3n y medio de votos, ser\u00eda un golpe al bolsillo de \u00e9sos que te hacen temblar las rodillas.<br>\u00a1Ojo! Porque muchos partidos tendr\u00edan que ir haciendo el cochinito! La \u201ccuesta de enero pol\u00edtica\u201d apenas inicia\u2026<br>Morena, con siete a\u00f1os de existencia, con un crecimiento extraordinario en la vida pol\u00edtica del pa\u00eds y tambi\u00e9n en el Estado, ya aprendi\u00f3 el camino y lo mejor (o peor), prob\u00f3 las mieles del poder como para dejarlo ir en el 2024\u2026<\/p>\n\n\n\n<p>smcainito@gmail.com<\/p>\n","protected":false},"excerpt":{"rendered":"<p>Salvador Mu\u00f1oz Los Pol\u00edticos Seis meses tienen los presidentes municipales actuales para poner en orden toda su administraci\u00f3n, \u00a1de pies a cabeza! S\u00ed, es probable que ello sea parte del proceso administrativo que se tiene que hacer para el relevo municipal, pero aqu\u00ed el detalle se va a enfatizar en los que llamamos \u201cAlcaldes de [&hellip;]<\/p>\n","protected":false},"author":2,"featured_media":0,"comment_status":"closed","ping_status":"closed","sticky":false,"template":"","format":"standard","meta":{"tdm_status":"","tdm_grid_status":"","footnotes":""},"categories":[70],"tags":[16105,7620,12695,1026,135,1414,876,2646],"class_list":{"0":"post-75415","1":"post","2":"type-post","3":"status-publish","4":"format-standard","6":"category-de-opinion","7":"tag-cuesta-de-enero","8":"tag-hipolito-rodriguez-herrero","9":"tag-juan-javier-gomez-cazarin","10":"tag-morena","11":"tag-orfis","12":"tag-reforma-electoral","13":"tag-ricardo-ahued","14":"tag-salvador-munoz"},"yoast_head":"<!-- This site is optimized with the Yoast SEO plugin v27.4 - https:\/\/yoast.com\/product\/yoast-seo-wordpress\/ -->\n<title>Morena, alcaldes y partidos - Los pol\u00edticos Veracruz<\/title>\n<meta name=\"robots\" content=\"index, follow, max-snippet:-1, max-image-preview:large, max-video-preview:-1\" \/>\n<link rel=\"canonical\" href=\"https:\/\/lospoliticosveracruz.com\/?p=75415\" \/>\n<meta property=\"og:locale\" content=\"es_ES\" \/>\n<meta property=\"og:type\" content=\"article\" \/>\n<meta property=\"og:title\" content=\"Morena, alcaldes y partidos - Los pol\u00edticos Veracruz\" \/>\n<meta property=\"og:description\" content=\"Salvador Mu\u00f1oz Los Pol\u00edticos Seis meses tienen los presidentes municipales actuales para poner en orden toda su administraci\u00f3n, \u00a1de pies a cabeza! S\u00ed, es probable que ello sea parte del proceso administrativo que se tiene que hacer para el relevo municipal, pero aqu\u00ed el detalle se va a enfatizar en los que llamamos \u201cAlcaldes de [&hellip;]\" \/>\n<meta property=\"og:url\" content=\"https:\/\/lospoliticosveracruz.com\/?p=75415\" \/>\n<meta property=\"og:site_name\" content=\"Los pol\u00edticos Veracruz\" \/>\n<meta property=\"article:publisher\" content=\"https:\/\/www.facebook.com\/people\/Notimemes-de-los-Polticos\/61565672886568\/\" \/>\n<meta property=\"article:published_time\" content=\"2021-06-15T03:44:38+00:00\" \/>\n<meta property=\"article:modified_time\" content=\"2021-06-15T03:44:44+00:00\" \/>\n<meta property=\"og:image\" content=\"https:\/\/lospoliticosveracruz.com\/wp-content\/uploads\/2016\/07\/Logo-Dor.jpg\" \/>\n\t<meta property=\"og:image:width\" content=\"200\" \/>\n\t<meta property=\"og:image:height\" content=\"200\" \/>\n\t<meta property=\"og:image:type\" content=\"image\/jpeg\" \/>\n<meta name=\"author\" content=\"Lo viste en Los Pol\u00edticos\" \/>\n<meta name=\"twitter:card\" content=\"summary_large_image\" \/>\n<meta name=\"twitter:creator\" content=\"@LosPoliticosVer\" \/>\n<meta name=\"twitter:site\" content=\"@LosPoliticosVer\" \/>\n<meta name=\"twitter:label1\" content=\"Escrito por\" \/>\n\t<meta name=\"twitter:data1\" content=\"Lo viste en Los Pol\u00edticos\" \/>\n\t<meta name=\"twitter:label2\" content=\"Tiempo de lectura\" \/>\n\t<meta name=\"twitter:data2\" content=\"4 minutos\" \/>\n<script type=\"application\/ld+json\" class=\"yoast-schema-graph\">{\"@context\":\"https:\\\/\\\/schema.org\",\"@graph\":[{\"@type\":\"Article\",\"@id\":\"https:\\\/\\\/lospoliticosveracruz.com\\\/?p=75415#article\",\"isPartOf\":{\"@id\":\"https:\\\/\\\/lospoliticosveracruz.com\\\/?p=75415\"},\"author\":{\"name\":\"Lo viste en Los Pol\u00edticos\",\"@id\":\"https:\\\/\\\/lospoliticosveracruz.com\\\/#\\\/schema\\\/person\\\/b8702bb0e538456e6efd07080bf2a4a2\"},\"headline\":\"Morena, alcaldes y partidos\",\"datePublished\":\"2021-06-15T03:44:38+00:00\",\"dateModified\":\"2021-06-15T03:44:44+00:00\",\"mainEntityOfPage\":{\"@id\":\"https:\\\/\\\/lospoliticosveracruz.com\\\/?p=75415\"},\"wordCount\":728,\"publisher\":{\"@id\":\"https:\\\/\\\/lospoliticosveracruz.com\\\/#organization\"},\"keywords\":[\"cuesta de enero\",\"Hip\u00f3lito Rodr\u00edguez Herrero\",\"Juan Javier G\u00f3mez Cazar\u00edn\",\"Morena\",\"Orfis\",\"reforma electoral\",\"Ricardo Ahued\",\"Salvador Mu\u00f1oz\"],\"articleSection\":[\"De Opini\u00f3n\"],\"inLanguage\":\"es\"},{\"@type\":\"WebPage\",\"@id\":\"https:\\\/\\\/lospoliticosveracruz.com\\\/?p=75415\",\"url\":\"https:\\\/\\\/lospoliticosveracruz.com\\\/?p=75415\",\"name\":\"Morena, alcaldes y partidos - Los pol\u00edticos Veracruz\",\"isPartOf\":{\"@id\":\"https:\\\/\\\/lospoliticosveracruz.com\\\/#website\"},\"datePublished\":\"2021-06-15T03:44:38+00:00\",\"dateModified\":\"2021-06-15T03:44:44+00:00\",\"breadcrumb\":{\"@id\":\"https:\\\/\\\/lospoliticosveracruz.com\\\/?p=75415#breadcrumb\"},\"inLanguage\":\"es\",\"potentialAction\":[{\"@type\":\"ReadAction\",\"target\":[\"https:\\\/\\\/lospoliticosveracruz.com\\\/?p=75415\"]}]},{\"@type\":\"BreadcrumbList\",\"@id\":\"https:\\\/\\\/lospoliticosveracruz.com\\\/?p=75415#breadcrumb\",\"itemListElement\":[{\"@type\":\"ListItem\",\"position\":1,\"name\":\"Portada\",\"item\":\"https:\\\/\\\/lospoliticosveracruz.com\\\/\"},{\"@type\":\"ListItem\",\"position\":2,\"name\":\"Morena, alcaldes y partidos\"}]},{\"@type\":\"WebSite\",\"@id\":\"https:\\\/\\\/lospoliticosveracruz.com\\\/#website\",\"url\":\"https:\\\/\\\/lospoliticosveracruz.com\\\/\",\"name\":\"Los pol\u00edticos Veracruz\",\"description\":\"\",\"publisher\":{\"@id\":\"https:\\\/\\\/lospoliticosveracruz.com\\\/#organization\"},\"potentialAction\":[{\"@type\":\"SearchAction\",\"target\":{\"@type\":\"EntryPoint\",\"urlTemplate\":\"https:\\\/\\\/lospoliticosveracruz.com\\\/?s={search_term_string}\"},\"query-input\":{\"@type\":\"PropertyValueSpecification\",\"valueRequired\":true,\"valueName\":\"search_term_string\"}}],\"inLanguage\":\"es\"},{\"@type\":\"Organization\",\"@id\":\"https:\\\/\\\/lospoliticosveracruz.com\\\/#organization\",\"name\":\"Los pol\u00edticos Veracruz\",\"url\":\"https:\\\/\\\/lospoliticosveracruz.com\\\/\",\"logo\":{\"@type\":\"ImageObject\",\"inLanguage\":\"es\",\"@id\":\"https:\\\/\\\/lospoliticosveracruz.com\\\/#\\\/schema\\\/logo\\\/image\\\/\",\"url\":\"https:\\\/\\\/lospoliticosveracruz.com\\\/wp-content\\\/uploads\\\/2025\\\/12\\\/Logo-Nuevo-LOS-POLITICOS-1.jpg\",\"contentUrl\":\"https:\\\/\\\/lospoliticosveracruz.com\\\/wp-content\\\/uploads\\\/2025\\\/12\\\/Logo-Nuevo-LOS-POLITICOS-1.jpg\",\"width\":260,\"height\":70,\"caption\":\"Los pol\u00edticos Veracruz\"},\"image\":{\"@id\":\"https:\\\/\\\/lospoliticosveracruz.com\\\/#\\\/schema\\\/logo\\\/image\\\/\"},\"sameAs\":[\"https:\\\/\\\/www.facebook.com\\\/people\\\/Notimemes-de-los-Polticos\\\/61565672886568\\\/\",\"https:\\\/\\\/x.com\\\/LosPoliticosVer\"]},{\"@type\":\"Person\",\"@id\":\"https:\\\/\\\/lospoliticosveracruz.com\\\/#\\\/schema\\\/person\\\/b8702bb0e538456e6efd07080bf2a4a2\",\"name\":\"Lo viste en Los Pol\u00edticos\",\"image\":{\"@type\":\"ImageObject\",\"inLanguage\":\"es\",\"@id\":\"https:\\\/\\\/secure.gravatar.com\\\/avatar\\\/3a8de04a2656d44082be478bd6c086daa447c4651605818287b9532d3d0bd435?s=96&d=mm&r=g\",\"url\":\"https:\\\/\\\/secure.gravatar.com\\\/avatar\\\/3a8de04a2656d44082be478bd6c086daa447c4651605818287b9532d3d0bd435?s=96&d=mm&r=g\",\"contentUrl\":\"https:\\\/\\\/secure.gravatar.com\\\/avatar\\\/3a8de04a2656d44082be478bd6c086daa447c4651605818287b9532d3d0bd435?s=96&d=mm&r=g\",\"caption\":\"Lo viste en Los Pol\u00edticos\"},\"url\":\"https:\\\/\\\/lospoliticosveracruz.com\\\/?author=2\"}]}<\/script>\n<!-- \/ Yoast SEO plugin. -->","yoast_head_json":{"title":"Morena, alcaldes y partidos - Los pol\u00edticos Veracruz","robots":{"index":"index","follow":"follow","max-snippet":"max-snippet:-1","max-image-preview":"max-image-preview:large","max-video-preview":"max-video-preview:-1"},"canonical":"https:\/\/lospoliticosveracruz.com\/?p=75415","og_locale":"es_ES","og_type":"article","og_title":"Morena, alcaldes y partidos - Los pol\u00edticos Veracruz","og_description":"Salvador Mu\u00f1oz Los Pol\u00edticos Seis meses tienen los presidentes municipales actuales para poner en orden toda su administraci\u00f3n, \u00a1de pies a cabeza! S\u00ed, es probable que ello sea parte del proceso administrativo que se tiene que hacer para el relevo municipal, pero aqu\u00ed el detalle se va a enfatizar en los que llamamos \u201cAlcaldes de [&hellip;]","og_url":"https:\/\/lospoliticosveracruz.com\/?p=75415","og_site_name":"Los pol\u00edticos Veracruz","article_publisher":"https:\/\/www.facebook.com\/people\/Notimemes-de-los-Polticos\/61565672886568\/","article_published_time":"2021-06-15T03:44:38+00:00","article_modified_time":"2021-06-15T03:44:44+00:00","og_image":[{"width":200,"height":200,"url":"https:\/\/lospoliticosveracruz.com\/wp-content\/uploads\/2016\/07\/Logo-Dor.jpg","type":"image\/jpeg"}],"author":"Lo viste en Los Pol\u00edticos","twitter_card":"summary_large_image","twitter_creator":"@LosPoliticosVer","twitter_site":"@LosPoliticosVer","twitter_misc":{"Escrito por":"Lo viste en Los Pol\u00edticos","Tiempo de lectura":"4 minutos"},"schema":{"@context":"https:\/\/schema.org","@graph":[{"@type":"Article","@id":"https:\/\/lospoliticosveracruz.com\/?p=75415#article","isPartOf":{"@id":"https:\/\/lospoliticosveracruz.com\/?p=75415"},"author":{"name":"Lo viste en Los Pol\u00edticos","@id":"https:\/\/lospoliticosveracruz.com\/#\/schema\/person\/b8702bb0e538456e6efd07080bf2a4a2"},"headline":"Morena, alcaldes y partidos","datePublished":"2021-06-15T03:44:38+00:00","dateModified":"2021-06-15T03:44:44+00:00","mainEntityOfPage":{"@id":"https:\/\/lospoliticosveracruz.com\/?p=75415"},"wordCount":728,"publisher":{"@id":"https:\/\/lospoliticosveracruz.com\/#organization"},"keywords":["cuesta de enero","Hip\u00f3lito Rodr\u00edguez Herrero","Juan Javier G\u00f3mez Cazar\u00edn","Morena","Orfis","reforma electoral","Ricardo Ahued","Salvador Mu\u00f1oz"],"articleSection":["De Opini\u00f3n"],"inLanguage":"es"},{"@type":"WebPage","@id":"https:\/\/lospoliticosveracruz.com\/?p=75415","url":"https:\/\/lospoliticosveracruz.com\/?p=75415","name":"Morena, alcaldes y partidos - Los pol\u00edticos Veracruz","isPartOf":{"@id":"https:\/\/lospoliticosveracruz.com\/#website"},"datePublished":"2021-06-15T03:44:38+00:00","dateModified":"2021-06-15T03:44:44+00:00","breadcrumb":{"@id":"https:\/\/lospoliticosveracruz.com\/?p=75415#breadcrumb"},"inLanguage":"es","potentialAction":[{"@type":"ReadAction","target":["https:\/\/lospoliticosveracruz.com\/?p=75415"]}]},{"@type":"BreadcrumbList","@id":"https:\/\/lospoliticosveracruz.com\/?p=75415#breadcrumb","itemListElement":[{"@type":"ListItem","position":1,"name":"Portada","item":"https:\/\/lospoliticosveracruz.com\/"},{"@type":"ListItem","position":2,"name":"Morena, alcaldes y partidos"}]},{"@type":"WebSite","@id":"https:\/\/lospoliticosveracruz.com\/#website","url":"https:\/\/lospoliticosveracruz.com\/","name":"Los pol\u00edticos Veracruz","description":"","publisher":{"@id":"https:\/\/lospoliticosveracruz.com\/#organization"},"potentialAction":[{"@type":"SearchAction","target":{"@type":"EntryPoint","urlTemplate":"https:\/\/lospoliticosveracruz.com\/?s={search_term_string}"},"query-input":{"@type":"PropertyValueSpecification","valueRequired":true,"valueName":"search_term_string"}}],"inLanguage":"es"},{"@type":"Organization","@id":"https:\/\/lospoliticosveracruz.com\/#organization","name":"Los pol\u00edticos Veracruz","url":"https:\/\/lospoliticosveracruz.com\/","logo":{"@type":"ImageObject","inLanguage":"es","@id":"https:\/\/lospoliticosveracruz.com\/#\/schema\/logo\/image\/","url":"https:\/\/lospoliticosveracruz.com\/wp-content\/uploads\/2025\/12\/Logo-Nuevo-LOS-POLITICOS-1.jpg","contentUrl":"https:\/\/lospoliticosveracruz.com\/wp-content\/uploads\/2025\/12\/Logo-Nuevo-LOS-POLITICOS-1.jpg","width":260,"height":70,"caption":"Los pol\u00edticos Veracruz"},"image":{"@id":"https:\/\/lospoliticosveracruz.com\/#\/schema\/logo\/image\/"},"sameAs":["https:\/\/www.facebook.com\/people\/Notimemes-de-los-Polticos\/61565672886568\/","https:\/\/x.com\/LosPoliticosVer"]},{"@type":"Person","@id":"https:\/\/lospoliticosveracruz.com\/#\/schema\/person\/b8702bb0e538456e6efd07080bf2a4a2","name":"Lo viste en Los Pol\u00edticos","image":{"@type":"ImageObject","inLanguage":"es","@id":"https:\/\/secure.gravatar.com\/avatar\/3a8de04a2656d44082be478bd6c086daa447c4651605818287b9532d3d0bd435?s=96&d=mm&r=g","url":"https:\/\/secure.gravatar.com\/avatar\/3a8de04a2656d44082be478bd6c086daa447c4651605818287b9532d3d0bd435?s=96&d=mm&r=g","contentUrl":"https:\/\/secure.gravatar.com\/avatar\/3a8de04a2656d44082be478bd6c086daa447c4651605818287b9532d3d0bd435?s=96&d=mm&r=g","caption":"Lo viste en Los Pol\u00edticos"},"url":"https:\/\/lospoliticosveracruz.com\/?author=2"}]}},"_links":{"self":[{"href":"https:\/\/lospoliticosveracruz.com\/index.php?rest_route=\/wp\/v2\/posts\/75415","targetHints":{"allow":["GET"]}}],"collection":[{"href":"https:\/\/lospoliticosveracruz.com\/index.php?rest_route=\/wp\/v2\/posts"}],"about":[{"href":"https:\/\/lospoliticosveracruz.com\/index.php?rest_route=\/wp\/v2\/types\/post"}],"author":[{"embeddable":true,"href":"https:\/\/lospoliticosveracruz.com\/index.php?rest_route=\/wp\/v2\/users\/2"}],"replies":[{"embeddable":true,"href":"https:\/\/lospoliticosveracruz.com\/index.php?rest_route=%2Fwp%2Fv2%2Fcomments&post=75415"}],"version-history":[{"count":1,"href":"https:\/\/lospoliticosveracruz.com\/index.php?rest_route=\/wp\/v2\/posts\/75415\/revisions"}],"predecessor-version":[{"id":75419,"href":"https:\/\/lospoliticosveracruz.com\/index.php?rest_route=\/wp\/v2\/posts\/75415\/revisions\/75419"}],"wp:attachment":[{"href":"https:\/\/lospoliticosveracruz.com\/index.php?rest_route=%2Fwp%2Fv2%2Fmedia&parent=75415"}],"wp:term":[{"taxonomy":"category","embeddable":true,"href":"https:\/\/lospoliticosveracruz.com\/index.php?rest_route=%2Fwp%2Fv2%2Fcategories&post=75415"},{"taxonomy":"post_tag","embeddable":true,"href":"https:\/\/lospoliticosveracruz.com\/index.php?rest_route=%2Fwp%2Fv2%2Ftags&post=75415"}],"curies":[{"name":"wp","href":"https:\/\/api.w.org\/{rel}","templated":true}]}}