{"id":75423,"date":"2021-06-15T08:13:20","date_gmt":"2021-06-15T13:13:20","guid":{"rendered":"http:\/\/www.lospoliticosveracruz.com.mx\/?p=75423"},"modified":"2021-06-15T08:13:24","modified_gmt":"2021-06-15T13:13:24","slug":"ople-y-su-criterio-de-las-pluris","status":"publish","type":"post","link":"https:\/\/lospoliticosveracruz.com\/?p=75423","title":{"rendered":"Ople y su criterio de las Pluris"},"content":{"rendered":"\n<p><\/p>\n\n\n\n<p><br><strong>Ricardo Ch\u00faa<\/strong><br><em>Sale y Vale<\/em><\/p>\n\n\n\n<p>Todav\u00eda los partidos pol\u00edticos en Veracruz\u2026 Especulan cuantas posiciones les tocar\u00e1 de las 20 diputaciones \u00abplurinominales\u00bb para conformar el pr\u00f3ximo Congreso Local\u2026 El hecho de que hayan ganado 18 hombres y 12 mujeres la elecci\u00f3n por mayor\u00eda.. Hace que falten 13 damas y 7 varones que tendr\u00e1n que salir de las \u00abpluris\u00bb para lograr equidad de g\u00e9nero con 25 diputados y 25 diputadas\u2026 Pero hay que esperar el CRITERIO del OPLE para ver como queda representados\u2026 HOY NO HAY NADA PARA NADIE<br>Si nos vemos directamente: MORENA gan\u00f3 18 distritos, PT 4, PVEM 4, PAN 3 y PRI 1 (Miguel Hermida es panista pero el distrito 15 es postulado por el PRI en coalici\u00f3n, es decir, el distrito es priista)\u2026 De esa manera, ah\u00ed est\u00e1n los 30 diputados locales por mayor\u00eda\u2026 Faltan los 20 plurinominales para que queden los 50 legisladores locales que componen en total el Congreso Local de Veracruz\u2026 En esos 20 son donde tienen que estar las 13 mujeres y 7 hombres para el tema de equidad\u2026 NO HAY DE OTRA\u2026<br>Por eso, hay que esperar el CRITERIO del OPLE porque si este lo da por M\u00c1XIMA PROPORCIONAL entonces MORENA alcanzar\u00eda 3 diputaciones locales \u00abpluris\u00bb y se la da en t\u00e9rminos de PROPORCIONAL PURA, entonces, alcanzar\u00eda 7 sitios \u00abpluris\u00bb (Pero de seguro este criterio, ser\u00eda impugnado en tribunales electorales locales y federales por partidos de oposici\u00f3n)\u2026 Ya que la sobrerrepresentaci\u00f3n es marcada de Los Morenos en la conformaci\u00f3n del pr\u00f3ximo Congreso Local\u2026 Es decir, entre m\u00e1s triunfos\u2026 Menos \u00abpluris\u00bb\u2026<br>El DATO que vale es que con esta votaci\u00f3n\u2026 A qui\u00e9n m\u00e1s DA\u00d1O le hizo la alianza \u00abJuntos Haremos Historia\u00bb fue al PT y PVEM en Veracruz\u2026. Ya que por los n\u00fameros de votos conseguidos y por la sobrerrepresentaci\u00f3n de la coalici\u00f3n con MORENA\u2026 Ninguno de estos 2 partidos alcanza alguna plurinominal\u2026 Se van a quedar sin \u00abpluris\u00bb los \u00abVerdes\u00bb y los del \u00abTrabajo\u00bb\u2026 Por segunda ocasi\u00f3n Marcelo Ruiz del PVEM, se queda en la \u00aborilla\u00bb\u2026 Al menos, que PVEM y PT tambi\u00e9n IMPUGNEN\u2026 Situaci\u00f3n que se ve dif\u00edcil\u2026<br>De acuerdo a estos datos, entonces, si el OPLE decide por la M\u00c1XIMA PROPORCIONAL( Que al final es la lista que va quedar con o sin tribunales electorales): MORENA tendr\u00eda 3 \u00abpluris\u00bb\u2026 PAN alcanzar\u00eda 5\u2026. PRI lograr\u00eda 4\u2026 Movimiento Ciudadano podr\u00eda tener 4\u2026 PRD meter\u00eda 3\u2026 Y Fuerza por M\u00e9xico, se quedar\u00eda con s\u00f3lo 1 posici\u00f3n en esa lista\u2026 De esas 20 posiciones es donde la ley decide, en donde ir\u00e1n las 13 mujeres y los 7 hombres\u2026 Pero el tema de la equidad se cuenta del partido que tuvo menos votos hacia el mayor\u2026<\/p>\n\n\n\n<p>As\u00ed quedar\u00eda de la siguiente manera, Fuerza Por M\u00e9xico tendr\u00eda que poner a una mujer\u2026 PRD tendr\u00eda que postular a 3, Movimiento Ciudadano 3, PRI 2, PAN 2 y MORENA 2 mujeres\u2026 Ah\u00ed est\u00e1n los 13 espacios \u00abpluris\u00bb para las mujeres\u2026 El tema es Gonzalo Chincoya, de los Morenos, ya que pese a ser sin g\u00e9nero, la oposici\u00f3n impugnar\u00e1 para ser tomado su espacio como hombre\u2026 Con esto Juan Javier G\u00f3mez Cazar\u00edn queda fuera del pr\u00f3ximo Congreso Local\u2026 Chincoya ser\u00eda el hombre y tendr\u00eda que poner a 2 mujeres m\u00e1s\u2026 EQUIDAD Y G\u00c9NERO\u2026<\/p>\n\n\n\n<p>LA SUERTE DE JAVIER\u2026 Queda claro que el PVEM en la tercera circunscripci\u00f3n del pa\u00eds, donde est\u00e1 inmerso Veracruz con otros 7 Estados, buscar\u00e1 la manera para que Javier Herrera Borunda, hijo del ex gobernador, Fidel Herrera Beltr\u00e1n, entre como diputado federal plurinominal por este partido pol\u00edtico\u2026 Buscar\u00e1n ver si con la votaci\u00f3n de todo el pa\u00eds, alcanza llegar por un resto mayor y de esa manera ser parte del pr\u00f3ximo Congreso de la Uni\u00f3n en su c\u00e1mara baja en CDMX\u2026<\/p>\n\n\n\n<p>Sin embargo, si esta situaci\u00f3n no se lograra y no le fuera favorable el resultado al \u00abCachorro Fiel\u00bb\u2026 Lo m\u00e1s seguro es que Herrera Borunda puede ser postulado para la dirigencia nacional del PVEM o estar dentro de uno de los 3 cargos directivos m\u00e1s altos de este partido en M\u00e9xico\u2026 Javier Herrera es de la \u00abcuadra\u00bb pol\u00edtica de Manuel Velasco Coello, desde que era gobernador de Chiapas\u2026 As\u00ed que lo peor que le puede pasar a Javier. es que sea l\u00edder nacional del PVEM si es que no logra la diputaci\u00f3n federal \u00abpluri\u00bb\u2026 ATM..<\/p>\n\n\n\n<p>Hay que recordar que ese grupo de pol\u00edticos j\u00f3venes o conocidos como \u00abLa Juniorcrasia\u00bb\u2026 Ahora est\u00e1n al mando en gubernaturas o dirigencias nacionales de partidos. como Manuel Velasco, su compadre, Alejandro Moreno C\u00e1rdenas (Alito), Alejandro Murat, Federico Madrazo, Alfredo del Mazo, Arturo Escobar y otros m\u00e1s\u2026 A esa \u00abcuadra\u00bb de no m\u00e1s de 10 personajes pol\u00edticos en el pa\u00eds\u2026 Pertenece Javier Herrera Borunda\u2026 Por eso, lo van a encumbrar\u2026 Es su proyecto para Veracruz\u2026 Ya que le alcance es otra cosa\u2026 Pero est\u00e1 en su mira, afecto y alianzas\u2026<\/p>\n\n\n\n<p>Cuentan que en su momento\u2026 Hubo la intenci\u00f3n apenas hace dos a\u00f1os, en 2019, de que Javier Herrera regresar\u00e1 al PRI y fuera nombrado delegado especial en Veracruz\u2026 Aprovechando la fama de su padre y que la sociedad recordaba bien los tiempos de \u00abLa Fidelidad\u00bb\u2026 En el priismo veracruzano nadie se opuso\u2026 Pero al parecer, Herrera Borunda ya ten\u00eda muchos compromisos con el PVEM y el tema, al final, no se dio\u2026 Ahora est\u00e1 a punto de ser diputado federal o con la posibilidad de ser dirigente nacional de un partido pol\u00edtico\u2026 Hijo de tigre\u2026<\/p>\n\n\n\n<p>EL FACTOR JUAN MANUEL.. Despu\u00e9s de lo sucedido en Veracruz\u2026 D\u00f3nde MORENA y sus partidos aliados lograron ganar 26 distritos electorales locales y 18 diputaciones federales, por el momento, si los Tribunales Electorales, no dicen otra cosa y cambian resultados donde la diferencia es cerrada\u2026 Se puede decir, que el PRI es el \u00fanico partido de oposici\u00f3n que tiene ya visiblemente a dos candidatos a gobernador por el 2024: Juan Manuel D\u00edez Francos y Jos\u00e9 Francisco Yunes Zorrilla\u2026 A pesar de que Pepe Yunes perdi\u00f3 esa elecci\u00f3n del 2018\u2026<\/p>\n\n\n\n<p>Ahora con el triunfo en el distrito de Perote-Coatepec\u2026 Le da posibilidad de participar\u2026 Pero, la figura del PRI, por haber logrado el triunfo TERCERA OCASI\u00d3N es Juan Manuel D\u00edez Francos, alcalde electo de Orizaba\u2026 Empresario y que transita con el PAN y PRD\u2026 Siendo del PRI tiene el camino abonado para el 2024\u2026 D\u00edez Francos hizo famoso a Orizaba como \u00abPueblo M\u00e1gico\u00bb, como una ciudad ordenada y como ejemplo de buen gobierno\u2026 La ciudadan\u00eda voto por \u00e9l y el PRI ha encontrado su \u00abgallo\u00bb con Juan Manuel D\u00edez\u2026 \u00bfLa buscar\u00e1?\u2026<\/p>\n\n\n\n<p>OJO\u2026 Pero tampoco pierdan de vista a Cirilo V\u00e1zquez Parissi, el \u00abheredero\u00bb pol\u00edtico de Cirilo V\u00e1zquez Lagunes\u2026 Tambi\u00e9n ha demostrado en el sur, ser el \u00fanico \u00abrojo\u00bb que mantiene el poder en su regi\u00f3n ante MORENA desde el 2018\u2026 Por eso, dicen que el propio Alejandro Moreno podr\u00eda llevarlo como parte del cuerpo directivo del comit\u00e9 nacional del PRI o que Marl\u00f3n lo incorpore al comit\u00e9 estatal en una funci\u00f3n electoral especial\u2026 Preparando cuadros para el 2024\u2026 El priismo se prepara para lo que viene\u2026 Con otro grupo de poder\u2026 AMEN\u2026<\/p>\n","protected":false},"excerpt":{"rendered":"<p>Ricardo Ch\u00faaSale y Vale Todav\u00eda los partidos pol\u00edticos en Veracruz\u2026 Especulan cuantas posiciones les tocar\u00e1 de las 20 diputaciones \u00abplurinominales\u00bb para conformar el pr\u00f3ximo Congreso Local\u2026 El hecho de que hayan ganado 18 hombres y 12 mujeres la elecci\u00f3n por mayor\u00eda.. Hace que falten 13 damas y 7 varones que tendr\u00e1n que salir de las [&hellip;]<\/p>\n","protected":false},"author":2,"featured_media":0,"comment_status":"closed","ping_status":"closed","sticky":false,"template":"","format":"standard","meta":{"tdm_status":"","tdm_grid_status":"","footnotes":""},"categories":[70],"tags":[84,1124,1026,12446,266,1817,3877,107,251,2289,26715,195],"class_list":{"0":"post-75423","1":"post","2":"type-post","3":"status-publish","4":"format-standard","6":"category-de-opinion","7":"tag-diputados","8":"tag-javier-herrera-borunda","9":"tag-morena","10":"tag-ople-veracruz","11":"tag-pan","12":"tag-plurinominales","13":"tag-politicos","14":"tag-prd","15":"tag-pri","16":"tag-pt","17":"tag-pvem-morena-pt","18":"tag-veracruz"},"yoast_head":"<!-- This site is optimized with the Yoast SEO plugin v27.4 - https:\/\/yoast.com\/product\/yoast-seo-wordpress\/ -->\n<title>Ople y su criterio de las Pluris - Los pol\u00edticos Veracruz<\/title>\n<meta name=\"robots\" content=\"index, follow, max-snippet:-1, max-image-preview:large, max-video-preview:-1\" \/>\n<link rel=\"canonical\" href=\"https:\/\/lospoliticosveracruz.com\/?p=75423\" \/>\n<meta property=\"og:locale\" content=\"es_ES\" \/>\n<meta property=\"og:type\" content=\"article\" \/>\n<meta property=\"og:title\" content=\"Ople y su criterio de las Pluris - Los pol\u00edticos Veracruz\" \/>\n<meta property=\"og:description\" content=\"Ricardo Ch\u00faaSale y Vale Todav\u00eda los partidos pol\u00edticos en Veracruz\u2026 Especulan cuantas posiciones les tocar\u00e1 de las 20 diputaciones \u00abplurinominales\u00bb para conformar el pr\u00f3ximo Congreso Local\u2026 El hecho de que hayan ganado 18 hombres y 12 mujeres la elecci\u00f3n por mayor\u00eda.. Hace que falten 13 damas y 7 varones que tendr\u00e1n que salir de las [&hellip;]\" \/>\n<meta property=\"og:url\" content=\"https:\/\/lospoliticosveracruz.com\/?p=75423\" \/>\n<meta property=\"og:site_name\" content=\"Los pol\u00edticos Veracruz\" \/>\n<meta property=\"article:publisher\" content=\"https:\/\/www.facebook.com\/people\/Notimemes-de-los-Polticos\/61565672886568\/\" \/>\n<meta property=\"article:published_time\" content=\"2021-06-15T13:13:20+00:00\" \/>\n<meta property=\"article:modified_time\" content=\"2021-06-15T13:13:24+00:00\" \/>\n<meta property=\"og:image\" content=\"https:\/\/lospoliticosveracruz.com\/wp-content\/uploads\/2016\/07\/Logo-Dor.jpg\" \/>\n\t<meta property=\"og:image:width\" content=\"200\" \/>\n\t<meta property=\"og:image:height\" content=\"200\" \/>\n\t<meta property=\"og:image:type\" content=\"image\/jpeg\" \/>\n<meta name=\"author\" content=\"Lo viste en Los Pol\u00edticos\" \/>\n<meta name=\"twitter:card\" content=\"summary_large_image\" \/>\n<meta name=\"twitter:creator\" content=\"@LosPoliticosVer\" \/>\n<meta name=\"twitter:site\" content=\"@LosPoliticosVer\" \/>\n<meta name=\"twitter:label1\" content=\"Escrito por\" \/>\n\t<meta name=\"twitter:data1\" content=\"Lo viste en Los Pol\u00edticos\" \/>\n\t<meta name=\"twitter:label2\" content=\"Tiempo de lectura\" \/>\n\t<meta name=\"twitter:data2\" content=\"6 minutos\" \/>\n<script type=\"application\/ld+json\" class=\"yoast-schema-graph\">{\"@context\":\"https:\\\/\\\/schema.org\",\"@graph\":[{\"@type\":\"Article\",\"@id\":\"https:\\\/\\\/lospoliticosveracruz.com\\\/?p=75423#article\",\"isPartOf\":{\"@id\":\"https:\\\/\\\/lospoliticosveracruz.com\\\/?p=75423\"},\"author\":{\"name\":\"Lo viste en Los Pol\u00edticos\",\"@id\":\"https:\\\/\\\/lospoliticosveracruz.com\\\/#\\\/schema\\\/person\\\/b8702bb0e538456e6efd07080bf2a4a2\"},\"headline\":\"Ople y su criterio de las Pluris\",\"datePublished\":\"2021-06-15T13:13:20+00:00\",\"dateModified\":\"2021-06-15T13:13:24+00:00\",\"mainEntityOfPage\":{\"@id\":\"https:\\\/\\\/lospoliticosveracruz.com\\\/?p=75423\"},\"wordCount\":1227,\"publisher\":{\"@id\":\"https:\\\/\\\/lospoliticosveracruz.com\\\/#organization\"},\"keywords\":[\"Diputados\",\"Javier Herrera Borunda\",\"Morena\",\"OPLE Veracruz\",\"PAN\",\"plurinominales\",\"pol\u00edticos\",\"PRD\",\"PRI\",\"PT\",\"PVEM-MORENA-PT\",\"Veracruz\"],\"articleSection\":[\"De Opini\u00f3n\"],\"inLanguage\":\"es\"},{\"@type\":\"WebPage\",\"@id\":\"https:\\\/\\\/lospoliticosveracruz.com\\\/?p=75423\",\"url\":\"https:\\\/\\\/lospoliticosveracruz.com\\\/?p=75423\",\"name\":\"Ople y su criterio de las Pluris - Los pol\u00edticos Veracruz\",\"isPartOf\":{\"@id\":\"https:\\\/\\\/lospoliticosveracruz.com\\\/#website\"},\"datePublished\":\"2021-06-15T13:13:20+00:00\",\"dateModified\":\"2021-06-15T13:13:24+00:00\",\"breadcrumb\":{\"@id\":\"https:\\\/\\\/lospoliticosveracruz.com\\\/?p=75423#breadcrumb\"},\"inLanguage\":\"es\",\"potentialAction\":[{\"@type\":\"ReadAction\",\"target\":[\"https:\\\/\\\/lospoliticosveracruz.com\\\/?p=75423\"]}]},{\"@type\":\"BreadcrumbList\",\"@id\":\"https:\\\/\\\/lospoliticosveracruz.com\\\/?p=75423#breadcrumb\",\"itemListElement\":[{\"@type\":\"ListItem\",\"position\":1,\"name\":\"Portada\",\"item\":\"https:\\\/\\\/lospoliticosveracruz.com\\\/\"},{\"@type\":\"ListItem\",\"position\":2,\"name\":\"Ople y su criterio de las Pluris\"}]},{\"@type\":\"WebSite\",\"@id\":\"https:\\\/\\\/lospoliticosveracruz.com\\\/#website\",\"url\":\"https:\\\/\\\/lospoliticosveracruz.com\\\/\",\"name\":\"Los pol\u00edticos Veracruz\",\"description\":\"\",\"publisher\":{\"@id\":\"https:\\\/\\\/lospoliticosveracruz.com\\\/#organization\"},\"potentialAction\":[{\"@type\":\"SearchAction\",\"target\":{\"@type\":\"EntryPoint\",\"urlTemplate\":\"https:\\\/\\\/lospoliticosveracruz.com\\\/?s={search_term_string}\"},\"query-input\":{\"@type\":\"PropertyValueSpecification\",\"valueRequired\":true,\"valueName\":\"search_term_string\"}}],\"inLanguage\":\"es\"},{\"@type\":\"Organization\",\"@id\":\"https:\\\/\\\/lospoliticosveracruz.com\\\/#organization\",\"name\":\"Los pol\u00edticos Veracruz\",\"url\":\"https:\\\/\\\/lospoliticosveracruz.com\\\/\",\"logo\":{\"@type\":\"ImageObject\",\"inLanguage\":\"es\",\"@id\":\"https:\\\/\\\/lospoliticosveracruz.com\\\/#\\\/schema\\\/logo\\\/image\\\/\",\"url\":\"https:\\\/\\\/lospoliticosveracruz.com\\\/wp-content\\\/uploads\\\/2025\\\/12\\\/Logo-Nuevo-LOS-POLITICOS-1.jpg\",\"contentUrl\":\"https:\\\/\\\/lospoliticosveracruz.com\\\/wp-content\\\/uploads\\\/2025\\\/12\\\/Logo-Nuevo-LOS-POLITICOS-1.jpg\",\"width\":260,\"height\":70,\"caption\":\"Los pol\u00edticos Veracruz\"},\"image\":{\"@id\":\"https:\\\/\\\/lospoliticosveracruz.com\\\/#\\\/schema\\\/logo\\\/image\\\/\"},\"sameAs\":[\"https:\\\/\\\/www.facebook.com\\\/people\\\/Notimemes-de-los-Polticos\\\/61565672886568\\\/\",\"https:\\\/\\\/x.com\\\/LosPoliticosVer\"]},{\"@type\":\"Person\",\"@id\":\"https:\\\/\\\/lospoliticosveracruz.com\\\/#\\\/schema\\\/person\\\/b8702bb0e538456e6efd07080bf2a4a2\",\"name\":\"Lo viste en Los Pol\u00edticos\",\"image\":{\"@type\":\"ImageObject\",\"inLanguage\":\"es\",\"@id\":\"https:\\\/\\\/secure.gravatar.com\\\/avatar\\\/3a8de04a2656d44082be478bd6c086daa447c4651605818287b9532d3d0bd435?s=96&d=mm&r=g\",\"url\":\"https:\\\/\\\/secure.gravatar.com\\\/avatar\\\/3a8de04a2656d44082be478bd6c086daa447c4651605818287b9532d3d0bd435?s=96&d=mm&r=g\",\"contentUrl\":\"https:\\\/\\\/secure.gravatar.com\\\/avatar\\\/3a8de04a2656d44082be478bd6c086daa447c4651605818287b9532d3d0bd435?s=96&d=mm&r=g\",\"caption\":\"Lo viste en Los Pol\u00edticos\"},\"url\":\"https:\\\/\\\/lospoliticosveracruz.com\\\/?author=2\"}]}<\/script>\n<!-- \/ Yoast SEO plugin. -->","yoast_head_json":{"title":"Ople y su criterio de las Pluris - Los pol\u00edticos Veracruz","robots":{"index":"index","follow":"follow","max-snippet":"max-snippet:-1","max-image-preview":"max-image-preview:large","max-video-preview":"max-video-preview:-1"},"canonical":"https:\/\/lospoliticosveracruz.com\/?p=75423","og_locale":"es_ES","og_type":"article","og_title":"Ople y su criterio de las Pluris - Los pol\u00edticos Veracruz","og_description":"Ricardo Ch\u00faaSale y Vale Todav\u00eda los partidos pol\u00edticos en Veracruz\u2026 Especulan cuantas posiciones les tocar\u00e1 de las 20 diputaciones \u00abplurinominales\u00bb para conformar el pr\u00f3ximo Congreso Local\u2026 El hecho de que hayan ganado 18 hombres y 12 mujeres la elecci\u00f3n por mayor\u00eda.. Hace que falten 13 damas y 7 varones que tendr\u00e1n que salir de las [&hellip;]","og_url":"https:\/\/lospoliticosveracruz.com\/?p=75423","og_site_name":"Los pol\u00edticos Veracruz","article_publisher":"https:\/\/www.facebook.com\/people\/Notimemes-de-los-Polticos\/61565672886568\/","article_published_time":"2021-06-15T13:13:20+00:00","article_modified_time":"2021-06-15T13:13:24+00:00","og_image":[{"width":200,"height":200,"url":"https:\/\/lospoliticosveracruz.com\/wp-content\/uploads\/2016\/07\/Logo-Dor.jpg","type":"image\/jpeg"}],"author":"Lo viste en Los Pol\u00edticos","twitter_card":"summary_large_image","twitter_creator":"@LosPoliticosVer","twitter_site":"@LosPoliticosVer","twitter_misc":{"Escrito por":"Lo viste en Los Pol\u00edticos","Tiempo de lectura":"6 minutos"},"schema":{"@context":"https:\/\/schema.org","@graph":[{"@type":"Article","@id":"https:\/\/lospoliticosveracruz.com\/?p=75423#article","isPartOf":{"@id":"https:\/\/lospoliticosveracruz.com\/?p=75423"},"author":{"name":"Lo viste en Los Pol\u00edticos","@id":"https:\/\/lospoliticosveracruz.com\/#\/schema\/person\/b8702bb0e538456e6efd07080bf2a4a2"},"headline":"Ople y su criterio de las Pluris","datePublished":"2021-06-15T13:13:20+00:00","dateModified":"2021-06-15T13:13:24+00:00","mainEntityOfPage":{"@id":"https:\/\/lospoliticosveracruz.com\/?p=75423"},"wordCount":1227,"publisher":{"@id":"https:\/\/lospoliticosveracruz.com\/#organization"},"keywords":["Diputados","Javier Herrera Borunda","Morena","OPLE Veracruz","PAN","plurinominales","pol\u00edticos","PRD","PRI","PT","PVEM-MORENA-PT","Veracruz"],"articleSection":["De Opini\u00f3n"],"inLanguage":"es"},{"@type":"WebPage","@id":"https:\/\/lospoliticosveracruz.com\/?p=75423","url":"https:\/\/lospoliticosveracruz.com\/?p=75423","name":"Ople y su criterio de las Pluris - Los pol\u00edticos Veracruz","isPartOf":{"@id":"https:\/\/lospoliticosveracruz.com\/#website"},"datePublished":"2021-06-15T13:13:20+00:00","dateModified":"2021-06-15T13:13:24+00:00","breadcrumb":{"@id":"https:\/\/lospoliticosveracruz.com\/?p=75423#breadcrumb"},"inLanguage":"es","potentialAction":[{"@type":"ReadAction","target":["https:\/\/lospoliticosveracruz.com\/?p=75423"]}]},{"@type":"BreadcrumbList","@id":"https:\/\/lospoliticosveracruz.com\/?p=75423#breadcrumb","itemListElement":[{"@type":"ListItem","position":1,"name":"Portada","item":"https:\/\/lospoliticosveracruz.com\/"},{"@type":"ListItem","position":2,"name":"Ople y su criterio de las Pluris"}]},{"@type":"WebSite","@id":"https:\/\/lospoliticosveracruz.com\/#website","url":"https:\/\/lospoliticosveracruz.com\/","name":"Los pol\u00edticos Veracruz","description":"","publisher":{"@id":"https:\/\/lospoliticosveracruz.com\/#organization"},"potentialAction":[{"@type":"SearchAction","target":{"@type":"EntryPoint","urlTemplate":"https:\/\/lospoliticosveracruz.com\/?s={search_term_string}"},"query-input":{"@type":"PropertyValueSpecification","valueRequired":true,"valueName":"search_term_string"}}],"inLanguage":"es"},{"@type":"Organization","@id":"https:\/\/lospoliticosveracruz.com\/#organization","name":"Los pol\u00edticos Veracruz","url":"https:\/\/lospoliticosveracruz.com\/","logo":{"@type":"ImageObject","inLanguage":"es","@id":"https:\/\/lospoliticosveracruz.com\/#\/schema\/logo\/image\/","url":"https:\/\/lospoliticosveracruz.com\/wp-content\/uploads\/2025\/12\/Logo-Nuevo-LOS-POLITICOS-1.jpg","contentUrl":"https:\/\/lospoliticosveracruz.com\/wp-content\/uploads\/2025\/12\/Logo-Nuevo-LOS-POLITICOS-1.jpg","width":260,"height":70,"caption":"Los pol\u00edticos Veracruz"},"image":{"@id":"https:\/\/lospoliticosveracruz.com\/#\/schema\/logo\/image\/"},"sameAs":["https:\/\/www.facebook.com\/people\/Notimemes-de-los-Polticos\/61565672886568\/","https:\/\/x.com\/LosPoliticosVer"]},{"@type":"Person","@id":"https:\/\/lospoliticosveracruz.com\/#\/schema\/person\/b8702bb0e538456e6efd07080bf2a4a2","name":"Lo viste en Los Pol\u00edticos","image":{"@type":"ImageObject","inLanguage":"es","@id":"https:\/\/secure.gravatar.com\/avatar\/3a8de04a2656d44082be478bd6c086daa447c4651605818287b9532d3d0bd435?s=96&d=mm&r=g","url":"https:\/\/secure.gravatar.com\/avatar\/3a8de04a2656d44082be478bd6c086daa447c4651605818287b9532d3d0bd435?s=96&d=mm&r=g","contentUrl":"https:\/\/secure.gravatar.com\/avatar\/3a8de04a2656d44082be478bd6c086daa447c4651605818287b9532d3d0bd435?s=96&d=mm&r=g","caption":"Lo viste en Los Pol\u00edticos"},"url":"https:\/\/lospoliticosveracruz.com\/?author=2"}]}},"_links":{"self":[{"href":"https:\/\/lospoliticosveracruz.com\/index.php?rest_route=\/wp\/v2\/posts\/75423","targetHints":{"allow":["GET"]}}],"collection":[{"href":"https:\/\/lospoliticosveracruz.com\/index.php?rest_route=\/wp\/v2\/posts"}],"about":[{"href":"https:\/\/lospoliticosveracruz.com\/index.php?rest_route=\/wp\/v2\/types\/post"}],"author":[{"embeddable":true,"href":"https:\/\/lospoliticosveracruz.com\/index.php?rest_route=\/wp\/v2\/users\/2"}],"replies":[{"embeddable":true,"href":"https:\/\/lospoliticosveracruz.com\/index.php?rest_route=%2Fwp%2Fv2%2Fcomments&post=75423"}],"version-history":[{"count":1,"href":"https:\/\/lospoliticosveracruz.com\/index.php?rest_route=\/wp\/v2\/posts\/75423\/revisions"}],"predecessor-version":[{"id":75429,"href":"https:\/\/lospoliticosveracruz.com\/index.php?rest_route=\/wp\/v2\/posts\/75423\/revisions\/75429"}],"wp:attachment":[{"href":"https:\/\/lospoliticosveracruz.com\/index.php?rest_route=%2Fwp%2Fv2%2Fmedia&parent=75423"}],"wp:term":[{"taxonomy":"category","embeddable":true,"href":"https:\/\/lospoliticosveracruz.com\/index.php?rest_route=%2Fwp%2Fv2%2Fcategories&post=75423"},{"taxonomy":"post_tag","embeddable":true,"href":"https:\/\/lospoliticosveracruz.com\/index.php?rest_route=%2Fwp%2Fv2%2Ftags&post=75423"}],"curies":[{"name":"wp","href":"https:\/\/api.w.org\/{rel}","templated":true}]}}