{"id":75430,"date":"2021-06-15T08:34:57","date_gmt":"2021-06-15T13:34:57","guid":{"rendered":"http:\/\/www.lospoliticosveracruz.com.mx\/?p=75430"},"modified":"2021-06-15T08:35:04","modified_gmt":"2021-06-15T13:35:04","slug":"edictos-de-remate","status":"publish","type":"post","link":"https:\/\/lospoliticosveracruz.com\/?p=75430","title":{"rendered":"Edictos de remate"},"content":{"rendered":"\n<p><strong>Teresa Carbajal<\/strong><\/p>\n\n\n\n<p><em>Debo, no niego; pago, lo justo<br><\/em><\/p>\n\n\n\n<p>Por all\u00e1 del a\u00f1o de 1993, los anuncios de remates judiciales de viviendas, ranchos, edificios, departamentos, locales y dem\u00e1s bienes inmuebles llenaban planas completas del entonces diario de mayor circulaci\u00f3n en mi natal Poza Rica, Veracruz, se distingu\u00edan de otro tipo de avisos y llamaban poderosamente mi atenci\u00f3n por la palabra que los titulaba: Edictos<br>Mi mam\u00e1 y yo sol\u00edamos leer el peri\u00f3dico por la tarde, despu\u00e9s de comer y antes de hacer la tarea; Mami, \u00bfpor qu\u00e9 venden sus propiedades? le pregunt\u00e9 una tarde en que no aguante m\u00e1s la curiosidad sobre a qu\u00e9 se refer\u00edan aquellos avisos de diariamente inundaban el peri\u00f3dico. \u00abPorque no pueden pagar\u00bb, me respondi\u00f3.<br>No estoy segura de si ese episodio marcar\u00eda el resto de mi vida, pero con once a\u00f1os de edad, la curiosidad se convirti\u00f3 en angustia, pues hab\u00eda que tomar mucho aire para leer aquellas millonarias cifras, que apenas s\u00ed se pod\u00edan leer. \u00bfY por qu\u00e9 deben tanto dinero?, me preguntaba; sin saber el destino que les aguardaba a aquellas personas, y seguramente los d\u00edas, de desesperaci\u00f3n, insomnio y ansiedad que viv\u00edan por no poder pagar sus deudas, y estar a d\u00edas de verlas vender al mejor postor.<br>La vida me llevar\u00eda a conocer y abrazar para siempre la causa del Barz\u00f3n diez a\u00f1os despu\u00e9s. En cuyos inicios pude advertir que uno de los motivos m\u00e1s comunes por los cuales las personas, familias, o comerciantes llegan a perder sus propiedades es porque no se enteran que existe un juicio en su contra, pues mientras el banco (o ll\u00e1mese cualquier acreedor) les habla bonito, ofreci\u00e9ndoles alguna negociaci\u00f3n o alternativa sus abogados se esmeran en llevar a sentencia y despu\u00e9s a remate los juicios de cobro que tramitan en tribunales, hasta que ya no hay nada que hacer.<br>As\u00ed, pasamos muchos d\u00edas, recibiendo solicitudes de \u00abapoyo para desalojos\u00bb, es decir la gente buscaba al Barz\u00f3n, para que fu\u00e9ramos a sus casas a \u00abresistir\u00bb un lanzamiento cuando ya ten\u00edan una orden judicial para llevarlo a cabo con el auxilio de la polic\u00eda.<br>A trav\u00e9s de la observaci\u00f3n de ese fen\u00f3meno jur\u00eddico- social, descubrimos, que esas historias sin soluci\u00f3n; pudieron haber tenido un final diferente si tan solo los propietarios se hubiesen enterado a tiempo del juicio que ten\u00edan en contra para recibir asesor\u00eda, defensa, y dar la batalla en los tribunales. Evitando que un d\u00eda, (generalmente de madrugada) llegara la polic\u00eda, con un cerrajero y el representante del Banco a avisarles que ten\u00edan que desocupar la propiedad.<br>As\u00ed naci\u00f3 la \u00abCampa\u00f1a de Edictos de Remate\u00bb una de las acciones mas exitosas que el Barz\u00f3n lleva a cabo hasta estos d\u00edas, que consiste en revisar mediante voluntarios, los diarios de mayor circulaci\u00f3n en la entidad, a fin de identificar los avisos de remate judicial.<br>Posteriormente se recorta del peri\u00f3dico y se adjunta el Edicto, a una carta dirigida al deudor para avisarle que su vivienda est\u00e1 pr\u00f3xima a salir a venta judicial, en donde le proporcionamos, la fecha, d\u00eda, hora, n\u00famero de juicio, tribunal y quien lo demanda. Antes se llevaba por los mismos Barzonistas hasta el domicilio, pero dejamos de hacerlo as\u00ed por razones de seguridad.<br>Ahora, se deposita al servicio postal mexicano (Sepomex) quienes llevan hasta su destino dicha carta; esta campa\u00f1a que tiene m\u00e1s de diez a\u00f1os en operaci\u00f3n ha rescatado \u00a1la cantidad de viviendas que no se imaginan!, y de vidas, agregar\u00eda, pues quien es beneficiario de la misiva, queda agradecido de por vida con nuestra organizaci\u00f3n, pues en muchas ocasiones, en efecto desconoc\u00edan que exist\u00eda un juicio en su contra, en otras su abogado estaba desentendido del asunto, en otros ya los hab\u00edan \u00abdesahuciado\u00bb jur\u00eddicamente. Pero al final esto les devuelve la esperanza y les lleva la respuesta que esperaban.<br>Esta gratificante labor social es parte del esp\u00edritu de ayuda y vocaci\u00f3n de servicio social que el Barz\u00f3n presta a la sociedad. As\u00ed que, si Usted desea, ayudar, donar, o sumarse como voluntario en esta actividad y ayudarnos a revisar los peri\u00f3dicos, puede hacerlo, \u00a1\u00danase ya, a la Jornada Estatal para la Defensa del Patrimonio Familiar!<\/p>\n\n\n\n<p>Llama al 2281148502 visite www.elbarzonrc.org Contacte elbarzonrc@yahoo.com.mx, O s\u00edgame en @terecarbajal<\/p>\n","protected":false},"excerpt":{"rendered":"<p>Teresa Carbajal Debo, no niego; pago, lo justo Por all\u00e1 del a\u00f1o de 1993, los anuncios de remates judiciales de viviendas, ranchos, edificios, departamentos, locales y dem\u00e1s bienes inmuebles llenaban planas completas del entonces diario de mayor circulaci\u00f3n en mi natal Poza Rica, Veracruz, se distingu\u00edan de otro tipo de avisos y llamaban poderosamente mi [&hellip;]<\/p>\n","protected":false},"author":2,"featured_media":0,"comment_status":"closed","ping_status":"closed","sticky":false,"template":"","format":"standard","meta":{"tdm_status":"","tdm_grid_status":"","footnotes":""},"categories":[70],"tags":[15550,11425,15540,15677,28828,28829,28827,28826,15570],"class_list":{"0":"post-75430","1":"post","2":"type-post","3":"status-publish","4":"format-standard","6":"category-de-opinion","7":"tag-barzon","8":"tag-departamentos","9":"tag-desalojos","10":"tag-edictos","11":"tag-edificios","12":"tag-locales","13":"tag-ranchos","14":"tag-remates-judiciales","15":"tag-teresa-carbajal"},"yoast_head":"<!-- This site is optimized with the Yoast SEO plugin v27.4 - https:\/\/yoast.com\/product\/yoast-seo-wordpress\/ -->\n<title>Edictos de remate - Los pol\u00edticos Veracruz<\/title>\n<meta name=\"robots\" content=\"index, follow, max-snippet:-1, max-image-preview:large, max-video-preview:-1\" \/>\n<link rel=\"canonical\" href=\"https:\/\/lospoliticosveracruz.com\/?p=75430\" \/>\n<meta property=\"og:locale\" content=\"es_ES\" \/>\n<meta property=\"og:type\" content=\"article\" \/>\n<meta property=\"og:title\" content=\"Edictos de remate - Los pol\u00edticos Veracruz\" \/>\n<meta property=\"og:description\" content=\"Teresa Carbajal Debo, no niego; pago, lo justo Por all\u00e1 del a\u00f1o de 1993, los anuncios de remates judiciales de viviendas, ranchos, edificios, departamentos, locales y dem\u00e1s bienes inmuebles llenaban planas completas del entonces diario de mayor circulaci\u00f3n en mi natal Poza Rica, Veracruz, se distingu\u00edan de otro tipo de avisos y llamaban poderosamente mi [&hellip;]\" \/>\n<meta property=\"og:url\" content=\"https:\/\/lospoliticosveracruz.com\/?p=75430\" \/>\n<meta property=\"og:site_name\" content=\"Los pol\u00edticos Veracruz\" \/>\n<meta property=\"article:publisher\" content=\"https:\/\/www.facebook.com\/people\/Notimemes-de-los-Polticos\/61565672886568\/\" \/>\n<meta property=\"article:published_time\" content=\"2021-06-15T13:34:57+00:00\" \/>\n<meta property=\"article:modified_time\" content=\"2021-06-15T13:35:04+00:00\" \/>\n<meta property=\"og:image\" content=\"https:\/\/lospoliticosveracruz.com\/wp-content\/uploads\/2016\/07\/Logo-Dor.jpg\" \/>\n\t<meta property=\"og:image:width\" content=\"200\" \/>\n\t<meta property=\"og:image:height\" content=\"200\" \/>\n\t<meta property=\"og:image:type\" content=\"image\/jpeg\" \/>\n<meta name=\"author\" content=\"Lo viste en Los Pol\u00edticos\" \/>\n<meta name=\"twitter:card\" content=\"summary_large_image\" \/>\n<meta name=\"twitter:creator\" content=\"@LosPoliticosVer\" \/>\n<meta name=\"twitter:site\" content=\"@LosPoliticosVer\" \/>\n<meta name=\"twitter:label1\" content=\"Escrito por\" \/>\n\t<meta name=\"twitter:data1\" content=\"Lo viste en Los Pol\u00edticos\" \/>\n\t<meta name=\"twitter:label2\" content=\"Tiempo de lectura\" \/>\n\t<meta name=\"twitter:data2\" content=\"4 minutos\" \/>\n<script type=\"application\/ld+json\" class=\"yoast-schema-graph\">{\"@context\":\"https:\\\/\\\/schema.org\",\"@graph\":[{\"@type\":\"Article\",\"@id\":\"https:\\\/\\\/lospoliticosveracruz.com\\\/?p=75430#article\",\"isPartOf\":{\"@id\":\"https:\\\/\\\/lospoliticosveracruz.com\\\/?p=75430\"},\"author\":{\"name\":\"Lo viste en Los Pol\u00edticos\",\"@id\":\"https:\\\/\\\/lospoliticosveracruz.com\\\/#\\\/schema\\\/person\\\/b8702bb0e538456e6efd07080bf2a4a2\"},\"headline\":\"Edictos de remate\",\"datePublished\":\"2021-06-15T13:34:57+00:00\",\"dateModified\":\"2021-06-15T13:35:04+00:00\",\"mainEntityOfPage\":{\"@id\":\"https:\\\/\\\/lospoliticosveracruz.com\\\/?p=75430\"},\"wordCount\":766,\"publisher\":{\"@id\":\"https:\\\/\\\/lospoliticosveracruz.com\\\/#organization\"},\"keywords\":[\"Barz\u00f3n\",\"departamentos\",\"desalojos\",\"Edictos\",\"edificios\",\"locales\",\"ranchos\",\"remates judiciales\",\"Teresa Carbajal\"],\"articleSection\":[\"De Opini\u00f3n\"],\"inLanguage\":\"es\"},{\"@type\":\"WebPage\",\"@id\":\"https:\\\/\\\/lospoliticosveracruz.com\\\/?p=75430\",\"url\":\"https:\\\/\\\/lospoliticosveracruz.com\\\/?p=75430\",\"name\":\"Edictos de remate - Los pol\u00edticos Veracruz\",\"isPartOf\":{\"@id\":\"https:\\\/\\\/lospoliticosveracruz.com\\\/#website\"},\"datePublished\":\"2021-06-15T13:34:57+00:00\",\"dateModified\":\"2021-06-15T13:35:04+00:00\",\"breadcrumb\":{\"@id\":\"https:\\\/\\\/lospoliticosveracruz.com\\\/?p=75430#breadcrumb\"},\"inLanguage\":\"es\",\"potentialAction\":[{\"@type\":\"ReadAction\",\"target\":[\"https:\\\/\\\/lospoliticosveracruz.com\\\/?p=75430\"]}]},{\"@type\":\"BreadcrumbList\",\"@id\":\"https:\\\/\\\/lospoliticosveracruz.com\\\/?p=75430#breadcrumb\",\"itemListElement\":[{\"@type\":\"ListItem\",\"position\":1,\"name\":\"Portada\",\"item\":\"https:\\\/\\\/lospoliticosveracruz.com\\\/\"},{\"@type\":\"ListItem\",\"position\":2,\"name\":\"Edictos de remate\"}]},{\"@type\":\"WebSite\",\"@id\":\"https:\\\/\\\/lospoliticosveracruz.com\\\/#website\",\"url\":\"https:\\\/\\\/lospoliticosveracruz.com\\\/\",\"name\":\"Los pol\u00edticos Veracruz\",\"description\":\"\",\"publisher\":{\"@id\":\"https:\\\/\\\/lospoliticosveracruz.com\\\/#organization\"},\"potentialAction\":[{\"@type\":\"SearchAction\",\"target\":{\"@type\":\"EntryPoint\",\"urlTemplate\":\"https:\\\/\\\/lospoliticosveracruz.com\\\/?s={search_term_string}\"},\"query-input\":{\"@type\":\"PropertyValueSpecification\",\"valueRequired\":true,\"valueName\":\"search_term_string\"}}],\"inLanguage\":\"es\"},{\"@type\":\"Organization\",\"@id\":\"https:\\\/\\\/lospoliticosveracruz.com\\\/#organization\",\"name\":\"Los pol\u00edticos Veracruz\",\"url\":\"https:\\\/\\\/lospoliticosveracruz.com\\\/\",\"logo\":{\"@type\":\"ImageObject\",\"inLanguage\":\"es\",\"@id\":\"https:\\\/\\\/lospoliticosveracruz.com\\\/#\\\/schema\\\/logo\\\/image\\\/\",\"url\":\"https:\\\/\\\/lospoliticosveracruz.com\\\/wp-content\\\/uploads\\\/2025\\\/12\\\/Logo-Nuevo-LOS-POLITICOS-1.jpg\",\"contentUrl\":\"https:\\\/\\\/lospoliticosveracruz.com\\\/wp-content\\\/uploads\\\/2025\\\/12\\\/Logo-Nuevo-LOS-POLITICOS-1.jpg\",\"width\":260,\"height\":70,\"caption\":\"Los pol\u00edticos Veracruz\"},\"image\":{\"@id\":\"https:\\\/\\\/lospoliticosveracruz.com\\\/#\\\/schema\\\/logo\\\/image\\\/\"},\"sameAs\":[\"https:\\\/\\\/www.facebook.com\\\/people\\\/Notimemes-de-los-Polticos\\\/61565672886568\\\/\",\"https:\\\/\\\/x.com\\\/LosPoliticosVer\"]},{\"@type\":\"Person\",\"@id\":\"https:\\\/\\\/lospoliticosveracruz.com\\\/#\\\/schema\\\/person\\\/b8702bb0e538456e6efd07080bf2a4a2\",\"name\":\"Lo viste en Los Pol\u00edticos\",\"image\":{\"@type\":\"ImageObject\",\"inLanguage\":\"es\",\"@id\":\"https:\\\/\\\/secure.gravatar.com\\\/avatar\\\/3a8de04a2656d44082be478bd6c086daa447c4651605818287b9532d3d0bd435?s=96&d=mm&r=g\",\"url\":\"https:\\\/\\\/secure.gravatar.com\\\/avatar\\\/3a8de04a2656d44082be478bd6c086daa447c4651605818287b9532d3d0bd435?s=96&d=mm&r=g\",\"contentUrl\":\"https:\\\/\\\/secure.gravatar.com\\\/avatar\\\/3a8de04a2656d44082be478bd6c086daa447c4651605818287b9532d3d0bd435?s=96&d=mm&r=g\",\"caption\":\"Lo viste en Los Pol\u00edticos\"},\"url\":\"https:\\\/\\\/lospoliticosveracruz.com\\\/?author=2\"}]}<\/script>\n<!-- \/ Yoast SEO plugin. -->","yoast_head_json":{"title":"Edictos de remate - Los pol\u00edticos Veracruz","robots":{"index":"index","follow":"follow","max-snippet":"max-snippet:-1","max-image-preview":"max-image-preview:large","max-video-preview":"max-video-preview:-1"},"canonical":"https:\/\/lospoliticosveracruz.com\/?p=75430","og_locale":"es_ES","og_type":"article","og_title":"Edictos de remate - Los pol\u00edticos Veracruz","og_description":"Teresa Carbajal Debo, no niego; pago, lo justo Por all\u00e1 del a\u00f1o de 1993, los anuncios de remates judiciales de viviendas, ranchos, edificios, departamentos, locales y dem\u00e1s bienes inmuebles llenaban planas completas del entonces diario de mayor circulaci\u00f3n en mi natal Poza Rica, Veracruz, se distingu\u00edan de otro tipo de avisos y llamaban poderosamente mi [&hellip;]","og_url":"https:\/\/lospoliticosveracruz.com\/?p=75430","og_site_name":"Los pol\u00edticos Veracruz","article_publisher":"https:\/\/www.facebook.com\/people\/Notimemes-de-los-Polticos\/61565672886568\/","article_published_time":"2021-06-15T13:34:57+00:00","article_modified_time":"2021-06-15T13:35:04+00:00","og_image":[{"width":200,"height":200,"url":"https:\/\/lospoliticosveracruz.com\/wp-content\/uploads\/2016\/07\/Logo-Dor.jpg","type":"image\/jpeg"}],"author":"Lo viste en Los Pol\u00edticos","twitter_card":"summary_large_image","twitter_creator":"@LosPoliticosVer","twitter_site":"@LosPoliticosVer","twitter_misc":{"Escrito por":"Lo viste en Los Pol\u00edticos","Tiempo de lectura":"4 minutos"},"schema":{"@context":"https:\/\/schema.org","@graph":[{"@type":"Article","@id":"https:\/\/lospoliticosveracruz.com\/?p=75430#article","isPartOf":{"@id":"https:\/\/lospoliticosveracruz.com\/?p=75430"},"author":{"name":"Lo viste en Los Pol\u00edticos","@id":"https:\/\/lospoliticosveracruz.com\/#\/schema\/person\/b8702bb0e538456e6efd07080bf2a4a2"},"headline":"Edictos de remate","datePublished":"2021-06-15T13:34:57+00:00","dateModified":"2021-06-15T13:35:04+00:00","mainEntityOfPage":{"@id":"https:\/\/lospoliticosveracruz.com\/?p=75430"},"wordCount":766,"publisher":{"@id":"https:\/\/lospoliticosveracruz.com\/#organization"},"keywords":["Barz\u00f3n","departamentos","desalojos","Edictos","edificios","locales","ranchos","remates judiciales","Teresa Carbajal"],"articleSection":["De Opini\u00f3n"],"inLanguage":"es"},{"@type":"WebPage","@id":"https:\/\/lospoliticosveracruz.com\/?p=75430","url":"https:\/\/lospoliticosveracruz.com\/?p=75430","name":"Edictos de remate - Los pol\u00edticos Veracruz","isPartOf":{"@id":"https:\/\/lospoliticosveracruz.com\/#website"},"datePublished":"2021-06-15T13:34:57+00:00","dateModified":"2021-06-15T13:35:04+00:00","breadcrumb":{"@id":"https:\/\/lospoliticosveracruz.com\/?p=75430#breadcrumb"},"inLanguage":"es","potentialAction":[{"@type":"ReadAction","target":["https:\/\/lospoliticosveracruz.com\/?p=75430"]}]},{"@type":"BreadcrumbList","@id":"https:\/\/lospoliticosveracruz.com\/?p=75430#breadcrumb","itemListElement":[{"@type":"ListItem","position":1,"name":"Portada","item":"https:\/\/lospoliticosveracruz.com\/"},{"@type":"ListItem","position":2,"name":"Edictos de remate"}]},{"@type":"WebSite","@id":"https:\/\/lospoliticosveracruz.com\/#website","url":"https:\/\/lospoliticosveracruz.com\/","name":"Los pol\u00edticos Veracruz","description":"","publisher":{"@id":"https:\/\/lospoliticosveracruz.com\/#organization"},"potentialAction":[{"@type":"SearchAction","target":{"@type":"EntryPoint","urlTemplate":"https:\/\/lospoliticosveracruz.com\/?s={search_term_string}"},"query-input":{"@type":"PropertyValueSpecification","valueRequired":true,"valueName":"search_term_string"}}],"inLanguage":"es"},{"@type":"Organization","@id":"https:\/\/lospoliticosveracruz.com\/#organization","name":"Los pol\u00edticos Veracruz","url":"https:\/\/lospoliticosveracruz.com\/","logo":{"@type":"ImageObject","inLanguage":"es","@id":"https:\/\/lospoliticosveracruz.com\/#\/schema\/logo\/image\/","url":"https:\/\/lospoliticosveracruz.com\/wp-content\/uploads\/2025\/12\/Logo-Nuevo-LOS-POLITICOS-1.jpg","contentUrl":"https:\/\/lospoliticosveracruz.com\/wp-content\/uploads\/2025\/12\/Logo-Nuevo-LOS-POLITICOS-1.jpg","width":260,"height":70,"caption":"Los pol\u00edticos Veracruz"},"image":{"@id":"https:\/\/lospoliticosveracruz.com\/#\/schema\/logo\/image\/"},"sameAs":["https:\/\/www.facebook.com\/people\/Notimemes-de-los-Polticos\/61565672886568\/","https:\/\/x.com\/LosPoliticosVer"]},{"@type":"Person","@id":"https:\/\/lospoliticosveracruz.com\/#\/schema\/person\/b8702bb0e538456e6efd07080bf2a4a2","name":"Lo viste en Los Pol\u00edticos","image":{"@type":"ImageObject","inLanguage":"es","@id":"https:\/\/secure.gravatar.com\/avatar\/3a8de04a2656d44082be478bd6c086daa447c4651605818287b9532d3d0bd435?s=96&d=mm&r=g","url":"https:\/\/secure.gravatar.com\/avatar\/3a8de04a2656d44082be478bd6c086daa447c4651605818287b9532d3d0bd435?s=96&d=mm&r=g","contentUrl":"https:\/\/secure.gravatar.com\/avatar\/3a8de04a2656d44082be478bd6c086daa447c4651605818287b9532d3d0bd435?s=96&d=mm&r=g","caption":"Lo viste en Los Pol\u00edticos"},"url":"https:\/\/lospoliticosveracruz.com\/?author=2"}]}},"_links":{"self":[{"href":"https:\/\/lospoliticosveracruz.com\/index.php?rest_route=\/wp\/v2\/posts\/75430","targetHints":{"allow":["GET"]}}],"collection":[{"href":"https:\/\/lospoliticosveracruz.com\/index.php?rest_route=\/wp\/v2\/posts"}],"about":[{"href":"https:\/\/lospoliticosveracruz.com\/index.php?rest_route=\/wp\/v2\/types\/post"}],"author":[{"embeddable":true,"href":"https:\/\/lospoliticosveracruz.com\/index.php?rest_route=\/wp\/v2\/users\/2"}],"replies":[{"embeddable":true,"href":"https:\/\/lospoliticosveracruz.com\/index.php?rest_route=%2Fwp%2Fv2%2Fcomments&post=75430"}],"version-history":[{"count":1,"href":"https:\/\/lospoliticosveracruz.com\/index.php?rest_route=\/wp\/v2\/posts\/75430\/revisions"}],"predecessor-version":[{"id":75432,"href":"https:\/\/lospoliticosveracruz.com\/index.php?rest_route=\/wp\/v2\/posts\/75430\/revisions\/75432"}],"wp:attachment":[{"href":"https:\/\/lospoliticosveracruz.com\/index.php?rest_route=%2Fwp%2Fv2%2Fmedia&parent=75430"}],"wp:term":[{"taxonomy":"category","embeddable":true,"href":"https:\/\/lospoliticosveracruz.com\/index.php?rest_route=%2Fwp%2Fv2%2Fcategories&post=75430"},{"taxonomy":"post_tag","embeddable":true,"href":"https:\/\/lospoliticosveracruz.com\/index.php?rest_route=%2Fwp%2Fv2%2Ftags&post=75430"}],"curies":[{"name":"wp","href":"https:\/\/api.w.org\/{rel}","templated":true}]}}