{"id":75436,"date":"2021-06-15T10:07:44","date_gmt":"2021-06-15T15:07:44","guid":{"rendered":"http:\/\/www.lospoliticosveracruz.com.mx\/?p=75436"},"modified":"2021-06-15T10:07:51","modified_gmt":"2021-06-15T15:07:51","slug":"pan-dividido-y-cada-dia-mas-lejos-del-2024","status":"publish","type":"post","link":"https:\/\/lospoliticosveracruz.com\/?p=75436","title":{"rendered":"PAN, dividido y cada d\u00eda m\u00e1s lejos del 2024"},"content":{"rendered":"\n<p><strong>Valeria Marcial<br><\/strong><em>Matices Pol\u00edticos<\/em><\/p>\n\n\n\n<p>El Partido Acci\u00f3n Nacional (PAN) est\u00e1 cada d\u00edas m\u00e1s lejos de la gubernatura para el 2024 en Veracruz.<br>Enlistados se habla de Roc\u00edo Nahle, Ricardo Ahued, Juan Javier G\u00f3mez Cazar\u00edn, Javier Herrera Borunda, Jos\u00e9 Francisco Yunes Zorrilla, Julen Rementer\u00eda del Puerto y el propio Miguel \u00c1ngel Yunes M\u00e1rquez (pese al duro golpe de impedirle la contienda por la alcald\u00eda del Puerto de Veracruz).<br>Y aunque la carrera aun se ve muy lejos, sin duda el trabajo de todos los mencionados, hablar\u00e1 por s\u00ed solo. La pregunta es \u00bfsuperar\u00e1n el mill\u00f3n 400 mil votos que obtuvo el gobernador Cuitl\u00e1huac Garc\u00eda Jim\u00e9nez?<br>Ahora Morena gobernar\u00e1 a partir del 1 de enero del 2022, en P\u00e1nuco, Pueblo Viejo, Tuxpan, \u00c1lamo, Poza Rica, Papantla, Mart\u00ednez de la Torre, Tlapacoyan, Misantla, Actopan, Xalapa, Coatepec, Emiliano Zapata, C\u00f3rdoba, Fort\u00edn de las Flores, R\u00edo Blanco, Ciudad Mendoza, Zongolica, Tierra Blanca, Cosamaloapan, Catemaco, San Andr\u00e9s Tuxtla, Isla, Sayula de Alem\u00e1n, Coatzacoalcos, Minatitl\u00e1n, Agua Dulce y Las Choapas, s\u00f3lo por mencionar algunos municipios.<br>El Acci\u00f3n Nacional perdi\u00f3 bastiones importantes como Tantoyuca, P\u00e1nuco, C\u00f3rdoba, Medell\u00edn de Bravo y Tuxpan que incluso en este \u00faltimo, a\u00fan se disputan con impugnaciones entre el Partido Verde y Morena, la alcald\u00eda.<br>El Movimiento de Regeneraci\u00f3n Nacional (Morena) en alianza con el Partido del Trabajo y el Partido Verde Ecologista de M\u00e9xico gan\u00f3 m\u00e1s de 100 alcald\u00edas, es decir todo Veracruz es territorio de la Cuarta Transformaci\u00f3n.<br>Carro completo se llev\u00f3 con 18 diputados federales y 26 diputados locales, luego de que ya se computaron las 10 mil 890 actas en todo el territorio veracruzano.<br>Y con la mayor\u00eda que ha construido Juan Javier G\u00f3mez Cazar\u00edn en la LXV Legislatura, el mandatario veracruzano tendr\u00e1 pronto, la Reforma Electoral que recientemente la Suprema Corte de Justicia de la Naci\u00f3n les tumb\u00f3. Ahora ya saben los errores, desde luego que la pr\u00f3xima propuesta ser\u00eda enviada en un esquema corregido y aumentado. As\u00ed como las dem\u00e1s reformas que el ingeniero quiera o urjan para Veracruz.<br>A nivel federal, desde luego que los congresistas que repetir\u00e1n y los que tuvieron la oportunidad de incursionar en pol\u00edtica por primera vez y llegaron gracias a la suerte de morena, indudablemente con los ojos cerrados votar\u00e1n todas las solicitudes del Presidente Andr\u00e9s Manuel L\u00f3pez Obrador, contribuyendo a su proyecto de naci\u00f3n de la Cuarta Transformaci\u00f3n. (Despu\u00e9s de todo a nadie le gusta vivir peleando contra el sistema)<br>Pero la Pluralidad es parte de la Democracia<br>Entre los triunfos avasallantes de la coalici\u00f3n \u201cJuntos Haremos Historia\u201d y la sobrevivencia de la coalici\u00f3n \u201cVeracruz Va\u201d, en medio queda el Movimiento Ciudadano, que si bien no gan\u00f3 ni una sola diputaci\u00f3n federal y local en Veracruz, si gobernar\u00e1 en 18 municipios, cuya votaci\u00f3n fue de 281 mil 469 el 6 de junio, de acuerdo al \u00faltimo reporte del Programa de Resultados Electorales Preliminares (PREP) donde se han computado 10 627 actas de las 10 mil 825. Atentos estaremos al papel que jugar\u00e1n a partir de enero del 2022, estos 18 alcaldes, para comprender de qu\u00e9 lado se inclinan.<br>Y en la pluralidad de los que se van, pues no sirvieron para nada porque no lograron mantener el registro, cosa que a\u00fan sigue en jaloneos, quedan en la orfandad los alcaldes y alcaldesas de los partidos pol\u00edticos nacionales y estatales de reciente creaci\u00f3n que por no alcanzar la votaci\u00f3n m\u00ednima del 3 por ciento de la participaci\u00f3n durante la \u00faltima elecci\u00f3n, es decir la del 6 de junio, as\u00ed como llegaron se tendr\u00e1n que ir. Pasaron sin pena ni gloria.<br>En ese sentido quiero adelantarle que m\u00e1s tarde que temprano los cinco alcaldes de Todos por Veracruz, los otros cinco de Podemos, el del Cardenista que es s\u00f3lo uno, as\u00ed como los cuatro de Unidad Ciudadana, los dos del PES, los seis de Redes Sociales Progresistas y los siete de Fuerza por M\u00e9xico, sin dudarlo ser\u00e1n aliados del gobernador Cuitl\u00e1huac Garc\u00eda. Esa operaci\u00f3n la realizar\u00e1n tanto el Secretario de Gobierno y el Presidente de la Jucopo, todos sabemos que son buenos negociadores.<br>Depender\u00e1 de todo lo que sumen para el proyecto de Morena rumbo al 2024, para poder aparecer en la boleta, porque la carrera por la sucesi\u00f3n de Cuitl\u00e1huac Garc\u00eda Jim\u00e9nez, ya empez\u00f3.<br>Y considerando que los mun\u00edcipes decidan brincar del \u201clado oscuro\u201d, dijera el churro de comercial de Paty Lobeira, tendr\u00edan motivo y justificaci\u00f3n suficiente y v\u00e1lida. Le dejo algunos argumentos.<br>Desde que trabajar\u00e1n con pluralidad, hasta para recibir a tiempo los recursos que debe ministrar con tiempo y forma Jos\u00e9 Luis Lima Franco desde la Secretar\u00eda de Finanzas y Planeaci\u00f3n, por temor a que llegue un d\u00eda la polic\u00eda de Hugo Gutierrez Maldonado y les haga redadas y los deje sin elementos, como pas\u00f3 en Playa Vicente, Orizaba, Papantla s\u00f3lo por mencionar algunos ejemplos. Otro argumento puede ser porque tambi\u00e9n desde el \u00d3rgano de Fiscalizaci\u00f3n Superior (Orfis) son apretados con las cuentas p\u00fablicas, pero el \u00fanico y el que tiene mayor validez es y ser\u00e1, por el bien de nuestro municipio, aunque el trasfondo sea meramente pol\u00edtico y de sumisi\u00f3n al gobernante en turno. Al tiempo.<br>Y en esa pluralidad, desde luego, Joaqu\u00edn Rosendo Guzm\u00e1n Aviles fue el l\u00edder de la gran derrota del blanquiazul en Veracruz, con su ego\u00edsmo, egocentrismo y turbios negocios con la Cuarta Transformaci\u00f3n terminaron pulverizando al panismo veracruzano.<br>Joaqu\u00edn Guzm\u00e1n debilit\u00f3 al panismo con sus rencillas personales, no supo hacer equipo al interior y queda claro que como es adentro es afuera, por lo que Guzm\u00e1n Avil\u00e9s perdi\u00f3 bastiones importantes, incluso en casa perdi\u00f3 y hasta detenido fue un familiar de \u00e9l, en plena operaci\u00f3n electoral. Aunque ya fue liberado este lunes, la elecci\u00f3n se perdi\u00f3.<br>Queda claro que, no hay panorama certero para que alg\u00fan alcalde de extracci\u00f3n partidista de los de reciente creaci\u00f3n pueda sumarse a la oposici\u00f3n o la corriente ideol\u00f3gica del PAN. Por ello, menos recursos se tendr\u00e1n para operar de cara al 2024.<br>Es as\u00ed que, cada vez el PAN est\u00e1 m\u00e1s lejos del 2024, porque su estructura qued\u00f3 muy golpeada, porque perdieron credibilidad al sumarse al PRI y desde luego, porque al interior siguen divididos y nunca lleg\u00f3 la operaci\u00f3n cicatriz en el panismo ni xalape\u00f1o, porte\u00f1o, cordobes, en p\u00e1nuco o tantoyuca y en el resto de municipios, donde la 4T pas\u00f3 como torbellino por la casa del panismo y a los azules ni las manos les dio tiempo de meter.<br>\u00bfTendr\u00eda que renunciar Joaqu\u00edn Guzm\u00e1n despu\u00e9s de los p\u00e9simos resultados del domingo 6 de junio, cuando la expectativa era, que el panismo se consolidara como la primera fuerza opositora e hicieran contrapeso en Veracruz?<br>Por \u00faltimo, Julen Rementer\u00eda advierte que dar\u00e1n revancha y apuestan a recuperar la confianza del electorado, toda vez que, en puerta, est\u00e1 la consulta popular respecto de la Revocaci\u00f3n del Mandato al presidente Andr\u00e9s Manuel L\u00f3pez Obrador. \u00bfPodr\u00e1n levantarse con toda la cantidad de apoyos que desde el Gobierno Federal se otorga a los ciudadanos, mismos que en el pasado el PRI y el PAN entregaban, pero gran cantidad se quedaba en los bolsillos de los operadores pol\u00edticos?<\/p>\n","protected":false},"excerpt":{"rendered":"<p>Valeria MarcialMatices Pol\u00edticos El Partido Acci\u00f3n Nacional (PAN) est\u00e1 cada d\u00edas m\u00e1s lejos de la gubernatura para el 2024 en Veracruz.Enlistados se habla de Roc\u00edo Nahle, Ricardo Ahued, Juan Javier G\u00f3mez Cazar\u00edn, Javier Herrera Borunda, Jos\u00e9 Francisco Yunes Zorrilla, Julen Rementer\u00eda del Puerto y el propio Miguel \u00c1ngel Yunes M\u00e1rquez (pese al duro golpe de [&hellip;]<\/p>\n","protected":false},"author":2,"featured_media":0,"comment_status":"closed","ping_status":"closed","sticky":false,"template":"","format":"standard","meta":{"tdm_status":"","tdm_grid_status":"","footnotes":""},"categories":[70],"tags":[12744,1563,28834,1124,28835,1846,12695,1569,536,266,11919,2807,1414,876,3578],"class_list":{"0":"post-75436","1":"post","2":"type-post","3":"status-publish","4":"format-standard","6":"category-de-opinion","7":"tag-cuarta-transformacion","8":"tag-cuitlahuac-garcia-jimenez","9":"tag-hugo-gutierrez-maldonado-2","10":"tag-javier-herrera-borunda","11":"tag-joaquin-rosendo-guzman-aviles-2","12":"tag-jose-francisco-yunes-zorrilla","13":"tag-juan-javier-gomez-cazarin","14":"tag-julen-rementeria-del-puerto","15":"tag-miguel-angel-yunes-marquez","16":"tag-pan","17":"tag-paty-lobeira","18":"tag-prep","19":"tag-reforma-electoral","20":"tag-ricardo-ahued","21":"tag-rocio-nahle"},"yoast_head":"<!-- This site is optimized with the Yoast SEO plugin v27.4 - https:\/\/yoast.com\/product\/yoast-seo-wordpress\/ -->\n<title>PAN, dividido y cada d\u00eda m\u00e1s lejos del 2024 - Los pol\u00edticos Veracruz<\/title>\n<meta name=\"robots\" content=\"index, follow, max-snippet:-1, max-image-preview:large, max-video-preview:-1\" \/>\n<link rel=\"canonical\" href=\"https:\/\/lospoliticosveracruz.com\/?p=75436\" \/>\n<meta property=\"og:locale\" content=\"es_ES\" \/>\n<meta property=\"og:type\" content=\"article\" \/>\n<meta property=\"og:title\" content=\"PAN, dividido y cada d\u00eda m\u00e1s lejos del 2024 - Los pol\u00edticos Veracruz\" \/>\n<meta property=\"og:description\" content=\"Valeria MarcialMatices Pol\u00edticos El Partido Acci\u00f3n Nacional (PAN) est\u00e1 cada d\u00edas m\u00e1s lejos de la gubernatura para el 2024 en Veracruz.Enlistados se habla de Roc\u00edo Nahle, Ricardo Ahued, Juan Javier G\u00f3mez Cazar\u00edn, Javier Herrera Borunda, Jos\u00e9 Francisco Yunes Zorrilla, Julen Rementer\u00eda del Puerto y el propio Miguel \u00c1ngel Yunes M\u00e1rquez (pese al duro golpe de [&hellip;]\" \/>\n<meta property=\"og:url\" content=\"https:\/\/lospoliticosveracruz.com\/?p=75436\" \/>\n<meta property=\"og:site_name\" content=\"Los pol\u00edticos Veracruz\" \/>\n<meta property=\"article:publisher\" content=\"https:\/\/www.facebook.com\/people\/Notimemes-de-los-Polticos\/61565672886568\/\" \/>\n<meta property=\"article:published_time\" content=\"2021-06-15T15:07:44+00:00\" \/>\n<meta property=\"article:modified_time\" content=\"2021-06-15T15:07:51+00:00\" \/>\n<meta property=\"og:image\" content=\"https:\/\/lospoliticosveracruz.com\/wp-content\/uploads\/2016\/07\/Logo-Dor.jpg\" \/>\n\t<meta property=\"og:image:width\" content=\"200\" \/>\n\t<meta property=\"og:image:height\" content=\"200\" \/>\n\t<meta property=\"og:image:type\" content=\"image\/jpeg\" \/>\n<meta name=\"author\" content=\"Lo viste en Los Pol\u00edticos\" \/>\n<meta name=\"twitter:card\" content=\"summary_large_image\" \/>\n<meta name=\"twitter:creator\" content=\"@LosPoliticosVer\" \/>\n<meta name=\"twitter:site\" content=\"@LosPoliticosVer\" \/>\n<meta name=\"twitter:label1\" content=\"Escrito por\" \/>\n\t<meta name=\"twitter:data1\" content=\"Lo viste en Los Pol\u00edticos\" \/>\n\t<meta name=\"twitter:label2\" content=\"Tiempo de lectura\" \/>\n\t<meta name=\"twitter:data2\" content=\"6 minutos\" \/>\n<script type=\"application\/ld+json\" class=\"yoast-schema-graph\">{\"@context\":\"https:\\\/\\\/schema.org\",\"@graph\":[{\"@type\":\"Article\",\"@id\":\"https:\\\/\\\/lospoliticosveracruz.com\\\/?p=75436#article\",\"isPartOf\":{\"@id\":\"https:\\\/\\\/lospoliticosveracruz.com\\\/?p=75436\"},\"author\":{\"name\":\"Lo viste en Los Pol\u00edticos\",\"@id\":\"https:\\\/\\\/lospoliticosveracruz.com\\\/#\\\/schema\\\/person\\\/b8702bb0e538456e6efd07080bf2a4a2\"},\"headline\":\"PAN, dividido y cada d\u00eda m\u00e1s lejos del 2024\",\"datePublished\":\"2021-06-15T15:07:44+00:00\",\"dateModified\":\"2021-06-15T15:07:51+00:00\",\"mainEntityOfPage\":{\"@id\":\"https:\\\/\\\/lospoliticosveracruz.com\\\/?p=75436\"},\"wordCount\":1283,\"publisher\":{\"@id\":\"https:\\\/\\\/lospoliticosveracruz.com\\\/#organization\"},\"keywords\":[\"Cuarta Transformaci\u00f3n\",\"Cuitl\u00e1huac Garc\u00eda Jim\u00e9nez\",\"Hugo Gutierrez Maldonado\",\"Javier Herrera Borunda\",\"Joaqu\u00edn Rosendo Guzm\u00e1n Aviles\",\"Jos\u00e9 Francisco Yunes Zorrilla\",\"Juan Javier G\u00f3mez Cazar\u00edn\",\"Julen Rementer\u00eda del Puerto\",\"Miguel \u00c1ngel Yunes M\u00e1rquez\",\"PAN\",\"Paty Lobeira\",\"PREP\",\"reforma electoral\",\"Ricardo Ahued\",\"Roc\u00edo Nahle\"],\"articleSection\":[\"De Opini\u00f3n\"],\"inLanguage\":\"es\"},{\"@type\":\"WebPage\",\"@id\":\"https:\\\/\\\/lospoliticosveracruz.com\\\/?p=75436\",\"url\":\"https:\\\/\\\/lospoliticosveracruz.com\\\/?p=75436\",\"name\":\"PAN, dividido y cada d\u00eda m\u00e1s lejos del 2024 - Los pol\u00edticos Veracruz\",\"isPartOf\":{\"@id\":\"https:\\\/\\\/lospoliticosveracruz.com\\\/#website\"},\"datePublished\":\"2021-06-15T15:07:44+00:00\",\"dateModified\":\"2021-06-15T15:07:51+00:00\",\"breadcrumb\":{\"@id\":\"https:\\\/\\\/lospoliticosveracruz.com\\\/?p=75436#breadcrumb\"},\"inLanguage\":\"es\",\"potentialAction\":[{\"@type\":\"ReadAction\",\"target\":[\"https:\\\/\\\/lospoliticosveracruz.com\\\/?p=75436\"]}]},{\"@type\":\"BreadcrumbList\",\"@id\":\"https:\\\/\\\/lospoliticosveracruz.com\\\/?p=75436#breadcrumb\",\"itemListElement\":[{\"@type\":\"ListItem\",\"position\":1,\"name\":\"Portada\",\"item\":\"https:\\\/\\\/lospoliticosveracruz.com\\\/\"},{\"@type\":\"ListItem\",\"position\":2,\"name\":\"PAN, dividido y cada d\u00eda m\u00e1s lejos del 2024\"}]},{\"@type\":\"WebSite\",\"@id\":\"https:\\\/\\\/lospoliticosveracruz.com\\\/#website\",\"url\":\"https:\\\/\\\/lospoliticosveracruz.com\\\/\",\"name\":\"Los pol\u00edticos Veracruz\",\"description\":\"\",\"publisher\":{\"@id\":\"https:\\\/\\\/lospoliticosveracruz.com\\\/#organization\"},\"potentialAction\":[{\"@type\":\"SearchAction\",\"target\":{\"@type\":\"EntryPoint\",\"urlTemplate\":\"https:\\\/\\\/lospoliticosveracruz.com\\\/?s={search_term_string}\"},\"query-input\":{\"@type\":\"PropertyValueSpecification\",\"valueRequired\":true,\"valueName\":\"search_term_string\"}}],\"inLanguage\":\"es\"},{\"@type\":\"Organization\",\"@id\":\"https:\\\/\\\/lospoliticosveracruz.com\\\/#organization\",\"name\":\"Los pol\u00edticos Veracruz\",\"url\":\"https:\\\/\\\/lospoliticosveracruz.com\\\/\",\"logo\":{\"@type\":\"ImageObject\",\"inLanguage\":\"es\",\"@id\":\"https:\\\/\\\/lospoliticosveracruz.com\\\/#\\\/schema\\\/logo\\\/image\\\/\",\"url\":\"https:\\\/\\\/lospoliticosveracruz.com\\\/wp-content\\\/uploads\\\/2025\\\/12\\\/Logo-Nuevo-LOS-POLITICOS-1.jpg\",\"contentUrl\":\"https:\\\/\\\/lospoliticosveracruz.com\\\/wp-content\\\/uploads\\\/2025\\\/12\\\/Logo-Nuevo-LOS-POLITICOS-1.jpg\",\"width\":260,\"height\":70,\"caption\":\"Los pol\u00edticos Veracruz\"},\"image\":{\"@id\":\"https:\\\/\\\/lospoliticosveracruz.com\\\/#\\\/schema\\\/logo\\\/image\\\/\"},\"sameAs\":[\"https:\\\/\\\/www.facebook.com\\\/people\\\/Notimemes-de-los-Polticos\\\/61565672886568\\\/\",\"https:\\\/\\\/x.com\\\/LosPoliticosVer\"]},{\"@type\":\"Person\",\"@id\":\"https:\\\/\\\/lospoliticosveracruz.com\\\/#\\\/schema\\\/person\\\/b8702bb0e538456e6efd07080bf2a4a2\",\"name\":\"Lo viste en Los Pol\u00edticos\",\"image\":{\"@type\":\"ImageObject\",\"inLanguage\":\"es\",\"@id\":\"https:\\\/\\\/secure.gravatar.com\\\/avatar\\\/3a8de04a2656d44082be478bd6c086daa447c4651605818287b9532d3d0bd435?s=96&d=mm&r=g\",\"url\":\"https:\\\/\\\/secure.gravatar.com\\\/avatar\\\/3a8de04a2656d44082be478bd6c086daa447c4651605818287b9532d3d0bd435?s=96&d=mm&r=g\",\"contentUrl\":\"https:\\\/\\\/secure.gravatar.com\\\/avatar\\\/3a8de04a2656d44082be478bd6c086daa447c4651605818287b9532d3d0bd435?s=96&d=mm&r=g\",\"caption\":\"Lo viste en Los Pol\u00edticos\"},\"url\":\"https:\\\/\\\/lospoliticosveracruz.com\\\/?author=2\"}]}<\/script>\n<!-- \/ Yoast SEO plugin. -->","yoast_head_json":{"title":"PAN, dividido y cada d\u00eda m\u00e1s lejos del 2024 - Los pol\u00edticos Veracruz","robots":{"index":"index","follow":"follow","max-snippet":"max-snippet:-1","max-image-preview":"max-image-preview:large","max-video-preview":"max-video-preview:-1"},"canonical":"https:\/\/lospoliticosveracruz.com\/?p=75436","og_locale":"es_ES","og_type":"article","og_title":"PAN, dividido y cada d\u00eda m\u00e1s lejos del 2024 - Los pol\u00edticos Veracruz","og_description":"Valeria MarcialMatices Pol\u00edticos El Partido Acci\u00f3n Nacional (PAN) est\u00e1 cada d\u00edas m\u00e1s lejos de la gubernatura para el 2024 en Veracruz.Enlistados se habla de Roc\u00edo Nahle, Ricardo Ahued, Juan Javier G\u00f3mez Cazar\u00edn, Javier Herrera Borunda, Jos\u00e9 Francisco Yunes Zorrilla, Julen Rementer\u00eda del Puerto y el propio Miguel \u00c1ngel Yunes M\u00e1rquez (pese al duro golpe de [&hellip;]","og_url":"https:\/\/lospoliticosveracruz.com\/?p=75436","og_site_name":"Los pol\u00edticos Veracruz","article_publisher":"https:\/\/www.facebook.com\/people\/Notimemes-de-los-Polticos\/61565672886568\/","article_published_time":"2021-06-15T15:07:44+00:00","article_modified_time":"2021-06-15T15:07:51+00:00","og_image":[{"width":200,"height":200,"url":"https:\/\/lospoliticosveracruz.com\/wp-content\/uploads\/2016\/07\/Logo-Dor.jpg","type":"image\/jpeg"}],"author":"Lo viste en Los Pol\u00edticos","twitter_card":"summary_large_image","twitter_creator":"@LosPoliticosVer","twitter_site":"@LosPoliticosVer","twitter_misc":{"Escrito por":"Lo viste en Los Pol\u00edticos","Tiempo de lectura":"6 minutos"},"schema":{"@context":"https:\/\/schema.org","@graph":[{"@type":"Article","@id":"https:\/\/lospoliticosveracruz.com\/?p=75436#article","isPartOf":{"@id":"https:\/\/lospoliticosveracruz.com\/?p=75436"},"author":{"name":"Lo viste en Los Pol\u00edticos","@id":"https:\/\/lospoliticosveracruz.com\/#\/schema\/person\/b8702bb0e538456e6efd07080bf2a4a2"},"headline":"PAN, dividido y cada d\u00eda m\u00e1s lejos del 2024","datePublished":"2021-06-15T15:07:44+00:00","dateModified":"2021-06-15T15:07:51+00:00","mainEntityOfPage":{"@id":"https:\/\/lospoliticosveracruz.com\/?p=75436"},"wordCount":1283,"publisher":{"@id":"https:\/\/lospoliticosveracruz.com\/#organization"},"keywords":["Cuarta Transformaci\u00f3n","Cuitl\u00e1huac Garc\u00eda Jim\u00e9nez","Hugo Gutierrez Maldonado","Javier Herrera Borunda","Joaqu\u00edn Rosendo Guzm\u00e1n Aviles","Jos\u00e9 Francisco Yunes Zorrilla","Juan Javier G\u00f3mez Cazar\u00edn","Julen Rementer\u00eda del Puerto","Miguel \u00c1ngel Yunes M\u00e1rquez","PAN","Paty Lobeira","PREP","reforma electoral","Ricardo Ahued","Roc\u00edo Nahle"],"articleSection":["De Opini\u00f3n"],"inLanguage":"es"},{"@type":"WebPage","@id":"https:\/\/lospoliticosveracruz.com\/?p=75436","url":"https:\/\/lospoliticosveracruz.com\/?p=75436","name":"PAN, dividido y cada d\u00eda m\u00e1s lejos del 2024 - Los pol\u00edticos Veracruz","isPartOf":{"@id":"https:\/\/lospoliticosveracruz.com\/#website"},"datePublished":"2021-06-15T15:07:44+00:00","dateModified":"2021-06-15T15:07:51+00:00","breadcrumb":{"@id":"https:\/\/lospoliticosveracruz.com\/?p=75436#breadcrumb"},"inLanguage":"es","potentialAction":[{"@type":"ReadAction","target":["https:\/\/lospoliticosveracruz.com\/?p=75436"]}]},{"@type":"BreadcrumbList","@id":"https:\/\/lospoliticosveracruz.com\/?p=75436#breadcrumb","itemListElement":[{"@type":"ListItem","position":1,"name":"Portada","item":"https:\/\/lospoliticosveracruz.com\/"},{"@type":"ListItem","position":2,"name":"PAN, dividido y cada d\u00eda m\u00e1s lejos del 2024"}]},{"@type":"WebSite","@id":"https:\/\/lospoliticosveracruz.com\/#website","url":"https:\/\/lospoliticosveracruz.com\/","name":"Los pol\u00edticos Veracruz","description":"","publisher":{"@id":"https:\/\/lospoliticosveracruz.com\/#organization"},"potentialAction":[{"@type":"SearchAction","target":{"@type":"EntryPoint","urlTemplate":"https:\/\/lospoliticosveracruz.com\/?s={search_term_string}"},"query-input":{"@type":"PropertyValueSpecification","valueRequired":true,"valueName":"search_term_string"}}],"inLanguage":"es"},{"@type":"Organization","@id":"https:\/\/lospoliticosveracruz.com\/#organization","name":"Los pol\u00edticos Veracruz","url":"https:\/\/lospoliticosveracruz.com\/","logo":{"@type":"ImageObject","inLanguage":"es","@id":"https:\/\/lospoliticosveracruz.com\/#\/schema\/logo\/image\/","url":"https:\/\/lospoliticosveracruz.com\/wp-content\/uploads\/2025\/12\/Logo-Nuevo-LOS-POLITICOS-1.jpg","contentUrl":"https:\/\/lospoliticosveracruz.com\/wp-content\/uploads\/2025\/12\/Logo-Nuevo-LOS-POLITICOS-1.jpg","width":260,"height":70,"caption":"Los pol\u00edticos Veracruz"},"image":{"@id":"https:\/\/lospoliticosveracruz.com\/#\/schema\/logo\/image\/"},"sameAs":["https:\/\/www.facebook.com\/people\/Notimemes-de-los-Polticos\/61565672886568\/","https:\/\/x.com\/LosPoliticosVer"]},{"@type":"Person","@id":"https:\/\/lospoliticosveracruz.com\/#\/schema\/person\/b8702bb0e538456e6efd07080bf2a4a2","name":"Lo viste en Los Pol\u00edticos","image":{"@type":"ImageObject","inLanguage":"es","@id":"https:\/\/secure.gravatar.com\/avatar\/3a8de04a2656d44082be478bd6c086daa447c4651605818287b9532d3d0bd435?s=96&d=mm&r=g","url":"https:\/\/secure.gravatar.com\/avatar\/3a8de04a2656d44082be478bd6c086daa447c4651605818287b9532d3d0bd435?s=96&d=mm&r=g","contentUrl":"https:\/\/secure.gravatar.com\/avatar\/3a8de04a2656d44082be478bd6c086daa447c4651605818287b9532d3d0bd435?s=96&d=mm&r=g","caption":"Lo viste en Los Pol\u00edticos"},"url":"https:\/\/lospoliticosveracruz.com\/?author=2"}]}},"_links":{"self":[{"href":"https:\/\/lospoliticosveracruz.com\/index.php?rest_route=\/wp\/v2\/posts\/75436","targetHints":{"allow":["GET"]}}],"collection":[{"href":"https:\/\/lospoliticosveracruz.com\/index.php?rest_route=\/wp\/v2\/posts"}],"about":[{"href":"https:\/\/lospoliticosveracruz.com\/index.php?rest_route=\/wp\/v2\/types\/post"}],"author":[{"embeddable":true,"href":"https:\/\/lospoliticosveracruz.com\/index.php?rest_route=\/wp\/v2\/users\/2"}],"replies":[{"embeddable":true,"href":"https:\/\/lospoliticosveracruz.com\/index.php?rest_route=%2Fwp%2Fv2%2Fcomments&post=75436"}],"version-history":[{"count":1,"href":"https:\/\/lospoliticosveracruz.com\/index.php?rest_route=\/wp\/v2\/posts\/75436\/revisions"}],"predecessor-version":[{"id":75437,"href":"https:\/\/lospoliticosveracruz.com\/index.php?rest_route=\/wp\/v2\/posts\/75436\/revisions\/75437"}],"wp:attachment":[{"href":"https:\/\/lospoliticosveracruz.com\/index.php?rest_route=%2Fwp%2Fv2%2Fmedia&parent=75436"}],"wp:term":[{"taxonomy":"category","embeddable":true,"href":"https:\/\/lospoliticosveracruz.com\/index.php?rest_route=%2Fwp%2Fv2%2Fcategories&post=75436"},{"taxonomy":"post_tag","embeddable":true,"href":"https:\/\/lospoliticosveracruz.com\/index.php?rest_route=%2Fwp%2Fv2%2Ftags&post=75436"}],"curies":[{"name":"wp","href":"https:\/\/api.w.org\/{rel}","templated":true}]}}