{"id":75451,"date":"2021-06-15T11:54:27","date_gmt":"2021-06-15T16:54:27","guid":{"rendered":"http:\/\/www.lospoliticosveracruz.com.mx\/?p=75451"},"modified":"2021-06-15T11:54:32","modified_gmt":"2021-06-15T16:54:32","slug":"hacen-el-1-2-por-cordoba","status":"publish","type":"post","link":"https:\/\/lospoliticosveracruz.com\/?p=75451","title":{"rendered":"Hacen el 1-2 por C\u00f3rdoba!"},"content":{"rendered":"\n<p><\/p>\n\n\n\n<p><strong>Xalapa<\/strong><br>Integrantes del Colegio de Abogados 30 Caballeros C\u00f3rdoba, A. C, visitaron en las instalaciones del Poder Judicial del Estado de Veracruz a la Magistrada Presidenta, Isabel In\u00e9s Romero Cruz, con el objetivo de coordinar esfuerzos para mejorar el servicio de impartici\u00f3n de justicia de la regi\u00f3n.<br>Al respecto, la Magistrada Presidenta Isabel In\u00e9s Romero Cruz, destac\u00f3 que las puertas de la instituci\u00f3n est\u00e1n abiertas para todos los abogados, pues son ellos, con sus peticiones, quienes fortalecer\u00e1n y dar\u00e1n impulso a la transformaci\u00f3n de la imagen del Poder Judicial.<br>Atender sus demandas es un eje rector dentro de esta administraci\u00f3n, indic\u00f3 la titular del Tribunal Superior de Justicia y del Consejo de la Judicatura del Estado de Veracruz.<br>Ante el reto de brindar justicia pronta, eficiente y eficaz a los justiciables, tomar ideas de los abogados litigantes es fundamental, pues con su experiencia diaria en torno al actuar de los servidores p\u00fablicos del Poder Judicial, se lograr\u00e1 concretar una atenci\u00f3n de excelencia hacia los usuarios, sostuvo.<br>Al respecto, tras manifestarle su apoyo para lograr que los procesos y procedimientos que se ejercen en los recintos judiciales, se lleven a cabo de manera ordenada y en tiempo, las especialistas en materia jur\u00eddica, se dijeron convencidas que con di\u00e1logo y trabajo en conjunto se lograr\u00e1 avanzar y poner en alto el nombre del Poder Judicial del Estado.<br>\u201cReconocemos que los retos de hoy en d\u00eda son m\u00e1s complicados, pero confiamos en su disposici\u00f3n y apoyo para que nuestras instituciones saquen adelante la implementaci\u00f3n de justicia pronta y expedita; reiteramos nuestro m\u00e1s profundo agradecimiento por la atenci\u00f3n y apoyo\u201d, coment\u00f3 la Magistrada Presidenta.<br>Producto de la reuni\u00f3n, en el municipio de C\u00f3rdoba se revisar\u00e1n los servicios de sistema de citas, as\u00ed como la digitalizaci\u00f3n de los archivos, atenci\u00f3n en los recintos; capacitaci\u00f3n, optimizaci\u00f3n del personal en \u00e1reas administrativas y jurisdiccionales. Asimismo, se evaluar\u00e1 la modernizaci\u00f3n de la infraestructura.<\/p>\n","protected":false},"excerpt":{"rendered":"<p>XalapaIntegrantes del Colegio de Abogados 30 Caballeros C\u00f3rdoba, A. C, visitaron en las instalaciones del Poder Judicial del Estado de Veracruz a la Magistrada Presidenta, Isabel In\u00e9s Romero Cruz, con el objetivo de coordinar esfuerzos para mejorar el servicio de impartici\u00f3n de justicia de la regi\u00f3n.Al respecto, la Magistrada Presidenta Isabel In\u00e9s Romero Cruz, destac\u00f3 [&hellip;]<\/p>\n","protected":false},"author":2,"featured_media":0,"comment_status":"closed","ping_status":"closed","sticky":false,"template":"","format":"standard","meta":{"tdm_status":"","tdm_grid_status":"","footnotes":""},"categories":[73],"tags":[751,18198,15620,19497],"class_list":{"0":"post-75451","1":"post","2":"type-post","3":"status-publish","4":"format-standard","6":"category-de-boleto","7":"tag-cordoba","8":"tag-imparticion-de-justicia","9":"tag-isabel-ines-romero-cruz","10":"tag-poder-judicial-del-estado-de-veracruz"},"yoast_head":"<!-- This site is optimized with the Yoast SEO plugin v27.4 - https:\/\/yoast.com\/product\/yoast-seo-wordpress\/ -->\n<title>Hacen el 1-2 por C\u00f3rdoba! - Los pol\u00edticos Veracruz<\/title>\n<meta name=\"robots\" content=\"index, follow, max-snippet:-1, max-image-preview:large, max-video-preview:-1\" \/>\n<link rel=\"canonical\" href=\"https:\/\/lospoliticosveracruz.com\/?p=75451\" \/>\n<meta property=\"og:locale\" content=\"es_ES\" \/>\n<meta property=\"og:type\" content=\"article\" \/>\n<meta property=\"og:title\" content=\"Hacen el 1-2 por C\u00f3rdoba! - Los pol\u00edticos Veracruz\" \/>\n<meta property=\"og:description\" content=\"XalapaIntegrantes del Colegio de Abogados 30 Caballeros C\u00f3rdoba, A. C, visitaron en las instalaciones del Poder Judicial del Estado de Veracruz a la Magistrada Presidenta, Isabel In\u00e9s Romero Cruz, con el objetivo de coordinar esfuerzos para mejorar el servicio de impartici\u00f3n de justicia de la regi\u00f3n.Al respecto, la Magistrada Presidenta Isabel In\u00e9s Romero Cruz, destac\u00f3 [&hellip;]\" \/>\n<meta property=\"og:url\" content=\"https:\/\/lospoliticosveracruz.com\/?p=75451\" \/>\n<meta property=\"og:site_name\" content=\"Los pol\u00edticos Veracruz\" \/>\n<meta property=\"article:publisher\" content=\"https:\/\/www.facebook.com\/people\/Notimemes-de-los-Polticos\/61565672886568\/\" \/>\n<meta property=\"article:published_time\" content=\"2021-06-15T16:54:27+00:00\" \/>\n<meta property=\"article:modified_time\" content=\"2021-06-15T16:54:32+00:00\" \/>\n<meta property=\"og:image\" content=\"https:\/\/lospoliticosveracruz.com\/wp-content\/uploads\/2016\/07\/Logo-Dor.jpg\" \/>\n\t<meta property=\"og:image:width\" content=\"200\" \/>\n\t<meta property=\"og:image:height\" content=\"200\" \/>\n\t<meta property=\"og:image:type\" content=\"image\/jpeg\" \/>\n<meta name=\"author\" content=\"Lo viste en Los Pol\u00edticos\" \/>\n<meta name=\"twitter:card\" content=\"summary_large_image\" \/>\n<meta name=\"twitter:creator\" content=\"@LosPoliticosVer\" \/>\n<meta name=\"twitter:site\" content=\"@LosPoliticosVer\" \/>\n<meta name=\"twitter:label1\" content=\"Escrito por\" \/>\n\t<meta name=\"twitter:data1\" content=\"Lo viste en Los Pol\u00edticos\" \/>\n\t<meta name=\"twitter:label2\" content=\"Tiempo de lectura\" \/>\n\t<meta name=\"twitter:data2\" content=\"2 minutos\" \/>\n<script type=\"application\/ld+json\" class=\"yoast-schema-graph\">{\"@context\":\"https:\\\/\\\/schema.org\",\"@graph\":[{\"@type\":\"Article\",\"@id\":\"https:\\\/\\\/lospoliticosveracruz.com\\\/?p=75451#article\",\"isPartOf\":{\"@id\":\"https:\\\/\\\/lospoliticosveracruz.com\\\/?p=75451\"},\"author\":{\"name\":\"Lo viste en Los Pol\u00edticos\",\"@id\":\"https:\\\/\\\/lospoliticosveracruz.com\\\/#\\\/schema\\\/person\\\/b8702bb0e538456e6efd07080bf2a4a2\"},\"headline\":\"Hacen el 1-2 por C\u00f3rdoba!\",\"datePublished\":\"2021-06-15T16:54:27+00:00\",\"dateModified\":\"2021-06-15T16:54:32+00:00\",\"mainEntityOfPage\":{\"@id\":\"https:\\\/\\\/lospoliticosveracruz.com\\\/?p=75451\"},\"wordCount\":349,\"publisher\":{\"@id\":\"https:\\\/\\\/lospoliticosveracruz.com\\\/#organization\"},\"keywords\":[\"C\u00f3rdoba\",\"impartici\u00f3n de justicia\",\"Isabel In\u00e9s Romero Cruz\",\"Poder Judicial del Estado de Veracruz\"],\"articleSection\":[\"De Boleto\"],\"inLanguage\":\"es\"},{\"@type\":\"WebPage\",\"@id\":\"https:\\\/\\\/lospoliticosveracruz.com\\\/?p=75451\",\"url\":\"https:\\\/\\\/lospoliticosveracruz.com\\\/?p=75451\",\"name\":\"Hacen el 1-2 por C\u00f3rdoba! - Los pol\u00edticos Veracruz\",\"isPartOf\":{\"@id\":\"https:\\\/\\\/lospoliticosveracruz.com\\\/#website\"},\"datePublished\":\"2021-06-15T16:54:27+00:00\",\"dateModified\":\"2021-06-15T16:54:32+00:00\",\"breadcrumb\":{\"@id\":\"https:\\\/\\\/lospoliticosveracruz.com\\\/?p=75451#breadcrumb\"},\"inLanguage\":\"es\",\"potentialAction\":[{\"@type\":\"ReadAction\",\"target\":[\"https:\\\/\\\/lospoliticosveracruz.com\\\/?p=75451\"]}]},{\"@type\":\"BreadcrumbList\",\"@id\":\"https:\\\/\\\/lospoliticosveracruz.com\\\/?p=75451#breadcrumb\",\"itemListElement\":[{\"@type\":\"ListItem\",\"position\":1,\"name\":\"Portada\",\"item\":\"https:\\\/\\\/lospoliticosveracruz.com\\\/\"},{\"@type\":\"ListItem\",\"position\":2,\"name\":\"Hacen el 1-2 por C\u00f3rdoba!\"}]},{\"@type\":\"WebSite\",\"@id\":\"https:\\\/\\\/lospoliticosveracruz.com\\\/#website\",\"url\":\"https:\\\/\\\/lospoliticosveracruz.com\\\/\",\"name\":\"Los pol\u00edticos Veracruz\",\"description\":\"\",\"publisher\":{\"@id\":\"https:\\\/\\\/lospoliticosveracruz.com\\\/#organization\"},\"potentialAction\":[{\"@type\":\"SearchAction\",\"target\":{\"@type\":\"EntryPoint\",\"urlTemplate\":\"https:\\\/\\\/lospoliticosveracruz.com\\\/?s={search_term_string}\"},\"query-input\":{\"@type\":\"PropertyValueSpecification\",\"valueRequired\":true,\"valueName\":\"search_term_string\"}}],\"inLanguage\":\"es\"},{\"@type\":\"Organization\",\"@id\":\"https:\\\/\\\/lospoliticosveracruz.com\\\/#organization\",\"name\":\"Los pol\u00edticos Veracruz\",\"url\":\"https:\\\/\\\/lospoliticosveracruz.com\\\/\",\"logo\":{\"@type\":\"ImageObject\",\"inLanguage\":\"es\",\"@id\":\"https:\\\/\\\/lospoliticosveracruz.com\\\/#\\\/schema\\\/logo\\\/image\\\/\",\"url\":\"https:\\\/\\\/lospoliticosveracruz.com\\\/wp-content\\\/uploads\\\/2025\\\/12\\\/Logo-Nuevo-LOS-POLITICOS-1.jpg\",\"contentUrl\":\"https:\\\/\\\/lospoliticosveracruz.com\\\/wp-content\\\/uploads\\\/2025\\\/12\\\/Logo-Nuevo-LOS-POLITICOS-1.jpg\",\"width\":260,\"height\":70,\"caption\":\"Los pol\u00edticos Veracruz\"},\"image\":{\"@id\":\"https:\\\/\\\/lospoliticosveracruz.com\\\/#\\\/schema\\\/logo\\\/image\\\/\"},\"sameAs\":[\"https:\\\/\\\/www.facebook.com\\\/people\\\/Notimemes-de-los-Polticos\\\/61565672886568\\\/\",\"https:\\\/\\\/x.com\\\/LosPoliticosVer\"]},{\"@type\":\"Person\",\"@id\":\"https:\\\/\\\/lospoliticosveracruz.com\\\/#\\\/schema\\\/person\\\/b8702bb0e538456e6efd07080bf2a4a2\",\"name\":\"Lo viste en Los Pol\u00edticos\",\"image\":{\"@type\":\"ImageObject\",\"inLanguage\":\"es\",\"@id\":\"https:\\\/\\\/secure.gravatar.com\\\/avatar\\\/3a8de04a2656d44082be478bd6c086daa447c4651605818287b9532d3d0bd435?s=96&d=mm&r=g\",\"url\":\"https:\\\/\\\/secure.gravatar.com\\\/avatar\\\/3a8de04a2656d44082be478bd6c086daa447c4651605818287b9532d3d0bd435?s=96&d=mm&r=g\",\"contentUrl\":\"https:\\\/\\\/secure.gravatar.com\\\/avatar\\\/3a8de04a2656d44082be478bd6c086daa447c4651605818287b9532d3d0bd435?s=96&d=mm&r=g\",\"caption\":\"Lo viste en Los Pol\u00edticos\"},\"url\":\"https:\\\/\\\/lospoliticosveracruz.com\\\/?author=2\"}]}<\/script>\n<!-- \/ Yoast SEO plugin. -->","yoast_head_json":{"title":"Hacen el 1-2 por C\u00f3rdoba! - Los pol\u00edticos Veracruz","robots":{"index":"index","follow":"follow","max-snippet":"max-snippet:-1","max-image-preview":"max-image-preview:large","max-video-preview":"max-video-preview:-1"},"canonical":"https:\/\/lospoliticosveracruz.com\/?p=75451","og_locale":"es_ES","og_type":"article","og_title":"Hacen el 1-2 por C\u00f3rdoba! - Los pol\u00edticos Veracruz","og_description":"XalapaIntegrantes del Colegio de Abogados 30 Caballeros C\u00f3rdoba, A. C, visitaron en las instalaciones del Poder Judicial del Estado de Veracruz a la Magistrada Presidenta, Isabel In\u00e9s Romero Cruz, con el objetivo de coordinar esfuerzos para mejorar el servicio de impartici\u00f3n de justicia de la regi\u00f3n.Al respecto, la Magistrada Presidenta Isabel In\u00e9s Romero Cruz, destac\u00f3 [&hellip;]","og_url":"https:\/\/lospoliticosveracruz.com\/?p=75451","og_site_name":"Los pol\u00edticos Veracruz","article_publisher":"https:\/\/www.facebook.com\/people\/Notimemes-de-los-Polticos\/61565672886568\/","article_published_time":"2021-06-15T16:54:27+00:00","article_modified_time":"2021-06-15T16:54:32+00:00","og_image":[{"width":200,"height":200,"url":"https:\/\/lospoliticosveracruz.com\/wp-content\/uploads\/2016\/07\/Logo-Dor.jpg","type":"image\/jpeg"}],"author":"Lo viste en Los Pol\u00edticos","twitter_card":"summary_large_image","twitter_creator":"@LosPoliticosVer","twitter_site":"@LosPoliticosVer","twitter_misc":{"Escrito por":"Lo viste en Los Pol\u00edticos","Tiempo de lectura":"2 minutos"},"schema":{"@context":"https:\/\/schema.org","@graph":[{"@type":"Article","@id":"https:\/\/lospoliticosveracruz.com\/?p=75451#article","isPartOf":{"@id":"https:\/\/lospoliticosveracruz.com\/?p=75451"},"author":{"name":"Lo viste en Los Pol\u00edticos","@id":"https:\/\/lospoliticosveracruz.com\/#\/schema\/person\/b8702bb0e538456e6efd07080bf2a4a2"},"headline":"Hacen el 1-2 por C\u00f3rdoba!","datePublished":"2021-06-15T16:54:27+00:00","dateModified":"2021-06-15T16:54:32+00:00","mainEntityOfPage":{"@id":"https:\/\/lospoliticosveracruz.com\/?p=75451"},"wordCount":349,"publisher":{"@id":"https:\/\/lospoliticosveracruz.com\/#organization"},"keywords":["C\u00f3rdoba","impartici\u00f3n de justicia","Isabel In\u00e9s Romero Cruz","Poder Judicial del Estado de Veracruz"],"articleSection":["De Boleto"],"inLanguage":"es"},{"@type":"WebPage","@id":"https:\/\/lospoliticosveracruz.com\/?p=75451","url":"https:\/\/lospoliticosveracruz.com\/?p=75451","name":"Hacen el 1-2 por C\u00f3rdoba! - Los pol\u00edticos Veracruz","isPartOf":{"@id":"https:\/\/lospoliticosveracruz.com\/#website"},"datePublished":"2021-06-15T16:54:27+00:00","dateModified":"2021-06-15T16:54:32+00:00","breadcrumb":{"@id":"https:\/\/lospoliticosveracruz.com\/?p=75451#breadcrumb"},"inLanguage":"es","potentialAction":[{"@type":"ReadAction","target":["https:\/\/lospoliticosveracruz.com\/?p=75451"]}]},{"@type":"BreadcrumbList","@id":"https:\/\/lospoliticosveracruz.com\/?p=75451#breadcrumb","itemListElement":[{"@type":"ListItem","position":1,"name":"Portada","item":"https:\/\/lospoliticosveracruz.com\/"},{"@type":"ListItem","position":2,"name":"Hacen el 1-2 por C\u00f3rdoba!"}]},{"@type":"WebSite","@id":"https:\/\/lospoliticosveracruz.com\/#website","url":"https:\/\/lospoliticosveracruz.com\/","name":"Los pol\u00edticos Veracruz","description":"","publisher":{"@id":"https:\/\/lospoliticosveracruz.com\/#organization"},"potentialAction":[{"@type":"SearchAction","target":{"@type":"EntryPoint","urlTemplate":"https:\/\/lospoliticosveracruz.com\/?s={search_term_string}"},"query-input":{"@type":"PropertyValueSpecification","valueRequired":true,"valueName":"search_term_string"}}],"inLanguage":"es"},{"@type":"Organization","@id":"https:\/\/lospoliticosveracruz.com\/#organization","name":"Los pol\u00edticos Veracruz","url":"https:\/\/lospoliticosveracruz.com\/","logo":{"@type":"ImageObject","inLanguage":"es","@id":"https:\/\/lospoliticosveracruz.com\/#\/schema\/logo\/image\/","url":"https:\/\/lospoliticosveracruz.com\/wp-content\/uploads\/2025\/12\/Logo-Nuevo-LOS-POLITICOS-1.jpg","contentUrl":"https:\/\/lospoliticosveracruz.com\/wp-content\/uploads\/2025\/12\/Logo-Nuevo-LOS-POLITICOS-1.jpg","width":260,"height":70,"caption":"Los pol\u00edticos Veracruz"},"image":{"@id":"https:\/\/lospoliticosveracruz.com\/#\/schema\/logo\/image\/"},"sameAs":["https:\/\/www.facebook.com\/people\/Notimemes-de-los-Polticos\/61565672886568\/","https:\/\/x.com\/LosPoliticosVer"]},{"@type":"Person","@id":"https:\/\/lospoliticosveracruz.com\/#\/schema\/person\/b8702bb0e538456e6efd07080bf2a4a2","name":"Lo viste en Los Pol\u00edticos","image":{"@type":"ImageObject","inLanguage":"es","@id":"https:\/\/secure.gravatar.com\/avatar\/3a8de04a2656d44082be478bd6c086daa447c4651605818287b9532d3d0bd435?s=96&d=mm&r=g","url":"https:\/\/secure.gravatar.com\/avatar\/3a8de04a2656d44082be478bd6c086daa447c4651605818287b9532d3d0bd435?s=96&d=mm&r=g","contentUrl":"https:\/\/secure.gravatar.com\/avatar\/3a8de04a2656d44082be478bd6c086daa447c4651605818287b9532d3d0bd435?s=96&d=mm&r=g","caption":"Lo viste en Los Pol\u00edticos"},"url":"https:\/\/lospoliticosveracruz.com\/?author=2"}]}},"_links":{"self":[{"href":"https:\/\/lospoliticosveracruz.com\/index.php?rest_route=\/wp\/v2\/posts\/75451","targetHints":{"allow":["GET"]}}],"collection":[{"href":"https:\/\/lospoliticosveracruz.com\/index.php?rest_route=\/wp\/v2\/posts"}],"about":[{"href":"https:\/\/lospoliticosveracruz.com\/index.php?rest_route=\/wp\/v2\/types\/post"}],"author":[{"embeddable":true,"href":"https:\/\/lospoliticosveracruz.com\/index.php?rest_route=\/wp\/v2\/users\/2"}],"replies":[{"embeddable":true,"href":"https:\/\/lospoliticosveracruz.com\/index.php?rest_route=%2Fwp%2Fv2%2Fcomments&post=75451"}],"version-history":[{"count":1,"href":"https:\/\/lospoliticosveracruz.com\/index.php?rest_route=\/wp\/v2\/posts\/75451\/revisions"}],"predecessor-version":[{"id":75453,"href":"https:\/\/lospoliticosveracruz.com\/index.php?rest_route=\/wp\/v2\/posts\/75451\/revisions\/75453"}],"wp:attachment":[{"href":"https:\/\/lospoliticosveracruz.com\/index.php?rest_route=%2Fwp%2Fv2%2Fmedia&parent=75451"}],"wp:term":[{"taxonomy":"category","embeddable":true,"href":"https:\/\/lospoliticosveracruz.com\/index.php?rest_route=%2Fwp%2Fv2%2Fcategories&post=75451"},{"taxonomy":"post_tag","embeddable":true,"href":"https:\/\/lospoliticosveracruz.com\/index.php?rest_route=%2Fwp%2Fv2%2Ftags&post=75451"}],"curies":[{"name":"wp","href":"https:\/\/api.w.org\/{rel}","templated":true}]}}