{"id":75457,"date":"2021-06-15T12:43:53","date_gmt":"2021-06-15T17:43:53","guid":{"rendered":"http:\/\/www.lospoliticosveracruz.com.mx\/?p=75457"},"modified":"2021-06-15T12:43:56","modified_gmt":"2021-06-15T17:43:56","slug":"se-le-va-cuic-a-la-yugular-de-juez","status":"publish","type":"post","link":"https:\/\/lospoliticosveracruz.com\/?p=75457","title":{"rendered":"Se le va Cuic a la yugular de Juez!"},"content":{"rendered":"\n<p><strong>Xalapa<\/strong><br>El gobernador Cuitl\u00e1huac Garc\u00eda Jim\u00e9nez inform\u00f3 que este martes se dan por concluidos los operativos de seguridad desplegados durante el proceso electoral, a excepci\u00f3n de los solicitados por el Consejo del Organismo P\u00fablico Local Electoral (OPLE).<br>Asimismo, en clara alusi\u00f3n al PAN, Garc\u00eda Jim\u00e9nez calific\u00f3 de lamentable que un juez federal haya liberado a una persona que se detuvo con armas el d\u00eda de la elecci\u00f3n en Tantoyuca.<br>\u00abSu falta de rigor en la valoraci\u00f3n de pruebas nos hace sospechar que no actu\u00f3 apegado a derecho y s\u00ed apegado al cochupo y a la presi\u00f3n que ejercieron personajes pol\u00edticos ligados a un partido que sostiene cacicazgos en ese municipio.\u00bb<br>El gobernador Cuitl\u00e1huac Garc\u00eda Jim\u00e9nez encabez\u00f3 este martes la mesa de seguridad.<br>\u00abCon la de hoy, hemos llevado acabo 600 mesas de seguridad, con las que se ha logrado bajar los \u00edndices delictivos m\u00e1s sensibles para la poblaci\u00f3n, entre ellos el del secuestro y el homicidio doloso.\u00bb<br>Ahi inform\u00f3 que se coordinaron diversos operativos en el sur del estado y la Fiscal\u00eda General del estado \u00abnos informa que logr\u00f3 cumplimentar 3 \u00f3rdenes de aprehensi\u00f3n contra los detenidos en Coatzacoalcos por su presunta participaci\u00f3n en el homicidio de una persona, a la que habr\u00edan decapitado\u00bb.<\/p>\n","protected":false},"excerpt":{"rendered":"<p>XalapaEl gobernador Cuitl\u00e1huac Garc\u00eda Jim\u00e9nez inform\u00f3 que este martes se dan por concluidos los operativos de seguridad desplegados durante el proceso electoral, a excepci\u00f3n de los solicitados por el Consejo del Organismo P\u00fablico Local Electoral (OPLE).Asimismo, en clara alusi\u00f3n al PAN, Garc\u00eda Jim\u00e9nez calific\u00f3 de lamentable que un juez federal haya liberado a una persona [&hellip;]<\/p>\n","protected":false},"author":2,"featured_media":0,"comment_status":"closed","ping_status":"closed","sticky":false,"template":"","format":"standard","meta":{"tdm_status":"","tdm_grid_status":"","footnotes":""},"categories":[6446],"tags":[28845,1563,4116,3288,3272,266,752],"class_list":{"0":"post-75457","1":"post","2":"type-post","3":"status-publish","4":"format-standard","6":"category-la-nota","7":"tag-cochupo","8":"tag-cuitlahuac-garcia-jimenez","9":"tag-fiscalia-general-del-estado","10":"tag-joaquin-guzman-aviles","11":"tag-ople","12":"tag-pan","13":"tag-tantoyuca"},"yoast_head":"<!-- This site is optimized with the Yoast SEO plugin v27.4 - https:\/\/yoast.com\/product\/yoast-seo-wordpress\/ -->\n<title>Se le va Cuic a la yugular de Juez! - Los pol\u00edticos Veracruz<\/title>\n<meta name=\"robots\" content=\"index, follow, max-snippet:-1, max-image-preview:large, max-video-preview:-1\" \/>\n<link rel=\"canonical\" href=\"https:\/\/lospoliticosveracruz.com\/?p=75457\" \/>\n<meta property=\"og:locale\" content=\"es_ES\" \/>\n<meta property=\"og:type\" content=\"article\" \/>\n<meta property=\"og:title\" content=\"Se le va Cuic a la yugular de Juez! - Los pol\u00edticos Veracruz\" \/>\n<meta property=\"og:description\" content=\"XalapaEl gobernador Cuitl\u00e1huac Garc\u00eda Jim\u00e9nez inform\u00f3 que este martes se dan por concluidos los operativos de seguridad desplegados durante el proceso electoral, a excepci\u00f3n de los solicitados por el Consejo del Organismo P\u00fablico Local Electoral (OPLE).Asimismo, en clara alusi\u00f3n al PAN, Garc\u00eda Jim\u00e9nez calific\u00f3 de lamentable que un juez federal haya liberado a una persona [&hellip;]\" \/>\n<meta property=\"og:url\" content=\"https:\/\/lospoliticosveracruz.com\/?p=75457\" \/>\n<meta property=\"og:site_name\" content=\"Los pol\u00edticos Veracruz\" \/>\n<meta property=\"article:publisher\" content=\"https:\/\/www.facebook.com\/people\/Notimemes-de-los-Polticos\/61565672886568\/\" \/>\n<meta property=\"article:published_time\" content=\"2021-06-15T17:43:53+00:00\" \/>\n<meta property=\"article:modified_time\" content=\"2021-06-15T17:43:56+00:00\" \/>\n<meta property=\"og:image\" content=\"https:\/\/lospoliticosveracruz.com\/wp-content\/uploads\/2016\/07\/Logo-Dor.jpg\" \/>\n\t<meta property=\"og:image:width\" content=\"200\" \/>\n\t<meta property=\"og:image:height\" content=\"200\" \/>\n\t<meta property=\"og:image:type\" content=\"image\/jpeg\" \/>\n<meta name=\"author\" content=\"Lo viste en Los Pol\u00edticos\" \/>\n<meta name=\"twitter:card\" content=\"summary_large_image\" \/>\n<meta name=\"twitter:creator\" content=\"@LosPoliticosVer\" \/>\n<meta name=\"twitter:site\" content=\"@LosPoliticosVer\" \/>\n<meta name=\"twitter:label1\" content=\"Escrito por\" \/>\n\t<meta name=\"twitter:data1\" content=\"Lo viste en Los Pol\u00edticos\" \/>\n\t<meta name=\"twitter:label2\" content=\"Tiempo de lectura\" \/>\n\t<meta name=\"twitter:data2\" content=\"1 minuto\" \/>\n<script type=\"application\/ld+json\" class=\"yoast-schema-graph\">{\"@context\":\"https:\\\/\\\/schema.org\",\"@graph\":[{\"@type\":\"Article\",\"@id\":\"https:\\\/\\\/lospoliticosveracruz.com\\\/?p=75457#article\",\"isPartOf\":{\"@id\":\"https:\\\/\\\/lospoliticosveracruz.com\\\/?p=75457\"},\"author\":{\"name\":\"Lo viste en Los Pol\u00edticos\",\"@id\":\"https:\\\/\\\/lospoliticosveracruz.com\\\/#\\\/schema\\\/person\\\/b8702bb0e538456e6efd07080bf2a4a2\"},\"headline\":\"Se le va Cuic a la yugular de Juez!\",\"datePublished\":\"2021-06-15T17:43:53+00:00\",\"dateModified\":\"2021-06-15T17:43:56+00:00\",\"mainEntityOfPage\":{\"@id\":\"https:\\\/\\\/lospoliticosveracruz.com\\\/?p=75457\"},\"wordCount\":233,\"publisher\":{\"@id\":\"https:\\\/\\\/lospoliticosveracruz.com\\\/#organization\"},\"keywords\":[\"cochupo\",\"Cuitl\u00e1huac Garc\u00eda Jim\u00e9nez\",\"Fiscal\u00eda General del Estado\",\"Joaqu\u00edn Guzm\u00e1n Avil\u00e9s\",\"OPLE\",\"PAN\",\"Tantoyuca\"],\"articleSection\":[\"La Nota\"],\"inLanguage\":\"es\"},{\"@type\":\"WebPage\",\"@id\":\"https:\\\/\\\/lospoliticosveracruz.com\\\/?p=75457\",\"url\":\"https:\\\/\\\/lospoliticosveracruz.com\\\/?p=75457\",\"name\":\"Se le va Cuic a la yugular de Juez! - Los pol\u00edticos Veracruz\",\"isPartOf\":{\"@id\":\"https:\\\/\\\/lospoliticosveracruz.com\\\/#website\"},\"datePublished\":\"2021-06-15T17:43:53+00:00\",\"dateModified\":\"2021-06-15T17:43:56+00:00\",\"breadcrumb\":{\"@id\":\"https:\\\/\\\/lospoliticosveracruz.com\\\/?p=75457#breadcrumb\"},\"inLanguage\":\"es\",\"potentialAction\":[{\"@type\":\"ReadAction\",\"target\":[\"https:\\\/\\\/lospoliticosveracruz.com\\\/?p=75457\"]}]},{\"@type\":\"BreadcrumbList\",\"@id\":\"https:\\\/\\\/lospoliticosveracruz.com\\\/?p=75457#breadcrumb\",\"itemListElement\":[{\"@type\":\"ListItem\",\"position\":1,\"name\":\"Portada\",\"item\":\"https:\\\/\\\/lospoliticosveracruz.com\\\/\"},{\"@type\":\"ListItem\",\"position\":2,\"name\":\"Se le va Cuic a la yugular de Juez!\"}]},{\"@type\":\"WebSite\",\"@id\":\"https:\\\/\\\/lospoliticosveracruz.com\\\/#website\",\"url\":\"https:\\\/\\\/lospoliticosveracruz.com\\\/\",\"name\":\"Los pol\u00edticos Veracruz\",\"description\":\"\",\"publisher\":{\"@id\":\"https:\\\/\\\/lospoliticosveracruz.com\\\/#organization\"},\"potentialAction\":[{\"@type\":\"SearchAction\",\"target\":{\"@type\":\"EntryPoint\",\"urlTemplate\":\"https:\\\/\\\/lospoliticosveracruz.com\\\/?s={search_term_string}\"},\"query-input\":{\"@type\":\"PropertyValueSpecification\",\"valueRequired\":true,\"valueName\":\"search_term_string\"}}],\"inLanguage\":\"es\"},{\"@type\":\"Organization\",\"@id\":\"https:\\\/\\\/lospoliticosveracruz.com\\\/#organization\",\"name\":\"Los pol\u00edticos Veracruz\",\"url\":\"https:\\\/\\\/lospoliticosveracruz.com\\\/\",\"logo\":{\"@type\":\"ImageObject\",\"inLanguage\":\"es\",\"@id\":\"https:\\\/\\\/lospoliticosveracruz.com\\\/#\\\/schema\\\/logo\\\/image\\\/\",\"url\":\"https:\\\/\\\/lospoliticosveracruz.com\\\/wp-content\\\/uploads\\\/2025\\\/12\\\/Logo-Nuevo-LOS-POLITICOS-1.jpg\",\"contentUrl\":\"https:\\\/\\\/lospoliticosveracruz.com\\\/wp-content\\\/uploads\\\/2025\\\/12\\\/Logo-Nuevo-LOS-POLITICOS-1.jpg\",\"width\":260,\"height\":70,\"caption\":\"Los pol\u00edticos Veracruz\"},\"image\":{\"@id\":\"https:\\\/\\\/lospoliticosveracruz.com\\\/#\\\/schema\\\/logo\\\/image\\\/\"},\"sameAs\":[\"https:\\\/\\\/www.facebook.com\\\/people\\\/Notimemes-de-los-Polticos\\\/61565672886568\\\/\",\"https:\\\/\\\/x.com\\\/LosPoliticosVer\"]},{\"@type\":\"Person\",\"@id\":\"https:\\\/\\\/lospoliticosveracruz.com\\\/#\\\/schema\\\/person\\\/b8702bb0e538456e6efd07080bf2a4a2\",\"name\":\"Lo viste en Los Pol\u00edticos\",\"image\":{\"@type\":\"ImageObject\",\"inLanguage\":\"es\",\"@id\":\"https:\\\/\\\/secure.gravatar.com\\\/avatar\\\/3a8de04a2656d44082be478bd6c086daa447c4651605818287b9532d3d0bd435?s=96&d=mm&r=g\",\"url\":\"https:\\\/\\\/secure.gravatar.com\\\/avatar\\\/3a8de04a2656d44082be478bd6c086daa447c4651605818287b9532d3d0bd435?s=96&d=mm&r=g\",\"contentUrl\":\"https:\\\/\\\/secure.gravatar.com\\\/avatar\\\/3a8de04a2656d44082be478bd6c086daa447c4651605818287b9532d3d0bd435?s=96&d=mm&r=g\",\"caption\":\"Lo viste en Los Pol\u00edticos\"},\"url\":\"https:\\\/\\\/lospoliticosveracruz.com\\\/?author=2\"}]}<\/script>\n<!-- \/ Yoast SEO plugin. -->","yoast_head_json":{"title":"Se le va Cuic a la yugular de Juez! - Los pol\u00edticos Veracruz","robots":{"index":"index","follow":"follow","max-snippet":"max-snippet:-1","max-image-preview":"max-image-preview:large","max-video-preview":"max-video-preview:-1"},"canonical":"https:\/\/lospoliticosveracruz.com\/?p=75457","og_locale":"es_ES","og_type":"article","og_title":"Se le va Cuic a la yugular de Juez! - Los pol\u00edticos Veracruz","og_description":"XalapaEl gobernador Cuitl\u00e1huac Garc\u00eda Jim\u00e9nez inform\u00f3 que este martes se dan por concluidos los operativos de seguridad desplegados durante el proceso electoral, a excepci\u00f3n de los solicitados por el Consejo del Organismo P\u00fablico Local Electoral (OPLE).Asimismo, en clara alusi\u00f3n al PAN, Garc\u00eda Jim\u00e9nez calific\u00f3 de lamentable que un juez federal haya liberado a una persona [&hellip;]","og_url":"https:\/\/lospoliticosveracruz.com\/?p=75457","og_site_name":"Los pol\u00edticos Veracruz","article_publisher":"https:\/\/www.facebook.com\/people\/Notimemes-de-los-Polticos\/61565672886568\/","article_published_time":"2021-06-15T17:43:53+00:00","article_modified_time":"2021-06-15T17:43:56+00:00","og_image":[{"width":200,"height":200,"url":"https:\/\/lospoliticosveracruz.com\/wp-content\/uploads\/2016\/07\/Logo-Dor.jpg","type":"image\/jpeg"}],"author":"Lo viste en Los Pol\u00edticos","twitter_card":"summary_large_image","twitter_creator":"@LosPoliticosVer","twitter_site":"@LosPoliticosVer","twitter_misc":{"Escrito por":"Lo viste en Los Pol\u00edticos","Tiempo de lectura":"1 minuto"},"schema":{"@context":"https:\/\/schema.org","@graph":[{"@type":"Article","@id":"https:\/\/lospoliticosveracruz.com\/?p=75457#article","isPartOf":{"@id":"https:\/\/lospoliticosveracruz.com\/?p=75457"},"author":{"name":"Lo viste en Los Pol\u00edticos","@id":"https:\/\/lospoliticosveracruz.com\/#\/schema\/person\/b8702bb0e538456e6efd07080bf2a4a2"},"headline":"Se le va Cuic a la yugular de Juez!","datePublished":"2021-06-15T17:43:53+00:00","dateModified":"2021-06-15T17:43:56+00:00","mainEntityOfPage":{"@id":"https:\/\/lospoliticosveracruz.com\/?p=75457"},"wordCount":233,"publisher":{"@id":"https:\/\/lospoliticosveracruz.com\/#organization"},"keywords":["cochupo","Cuitl\u00e1huac Garc\u00eda Jim\u00e9nez","Fiscal\u00eda General del Estado","Joaqu\u00edn Guzm\u00e1n Avil\u00e9s","OPLE","PAN","Tantoyuca"],"articleSection":["La Nota"],"inLanguage":"es"},{"@type":"WebPage","@id":"https:\/\/lospoliticosveracruz.com\/?p=75457","url":"https:\/\/lospoliticosveracruz.com\/?p=75457","name":"Se le va Cuic a la yugular de Juez! - Los pol\u00edticos Veracruz","isPartOf":{"@id":"https:\/\/lospoliticosveracruz.com\/#website"},"datePublished":"2021-06-15T17:43:53+00:00","dateModified":"2021-06-15T17:43:56+00:00","breadcrumb":{"@id":"https:\/\/lospoliticosveracruz.com\/?p=75457#breadcrumb"},"inLanguage":"es","potentialAction":[{"@type":"ReadAction","target":["https:\/\/lospoliticosveracruz.com\/?p=75457"]}]},{"@type":"BreadcrumbList","@id":"https:\/\/lospoliticosveracruz.com\/?p=75457#breadcrumb","itemListElement":[{"@type":"ListItem","position":1,"name":"Portada","item":"https:\/\/lospoliticosveracruz.com\/"},{"@type":"ListItem","position":2,"name":"Se le va Cuic a la yugular de Juez!"}]},{"@type":"WebSite","@id":"https:\/\/lospoliticosveracruz.com\/#website","url":"https:\/\/lospoliticosveracruz.com\/","name":"Los pol\u00edticos Veracruz","description":"","publisher":{"@id":"https:\/\/lospoliticosveracruz.com\/#organization"},"potentialAction":[{"@type":"SearchAction","target":{"@type":"EntryPoint","urlTemplate":"https:\/\/lospoliticosveracruz.com\/?s={search_term_string}"},"query-input":{"@type":"PropertyValueSpecification","valueRequired":true,"valueName":"search_term_string"}}],"inLanguage":"es"},{"@type":"Organization","@id":"https:\/\/lospoliticosveracruz.com\/#organization","name":"Los pol\u00edticos Veracruz","url":"https:\/\/lospoliticosveracruz.com\/","logo":{"@type":"ImageObject","inLanguage":"es","@id":"https:\/\/lospoliticosveracruz.com\/#\/schema\/logo\/image\/","url":"https:\/\/lospoliticosveracruz.com\/wp-content\/uploads\/2025\/12\/Logo-Nuevo-LOS-POLITICOS-1.jpg","contentUrl":"https:\/\/lospoliticosveracruz.com\/wp-content\/uploads\/2025\/12\/Logo-Nuevo-LOS-POLITICOS-1.jpg","width":260,"height":70,"caption":"Los pol\u00edticos Veracruz"},"image":{"@id":"https:\/\/lospoliticosveracruz.com\/#\/schema\/logo\/image\/"},"sameAs":["https:\/\/www.facebook.com\/people\/Notimemes-de-los-Polticos\/61565672886568\/","https:\/\/x.com\/LosPoliticosVer"]},{"@type":"Person","@id":"https:\/\/lospoliticosveracruz.com\/#\/schema\/person\/b8702bb0e538456e6efd07080bf2a4a2","name":"Lo viste en Los Pol\u00edticos","image":{"@type":"ImageObject","inLanguage":"es","@id":"https:\/\/secure.gravatar.com\/avatar\/3a8de04a2656d44082be478bd6c086daa447c4651605818287b9532d3d0bd435?s=96&d=mm&r=g","url":"https:\/\/secure.gravatar.com\/avatar\/3a8de04a2656d44082be478bd6c086daa447c4651605818287b9532d3d0bd435?s=96&d=mm&r=g","contentUrl":"https:\/\/secure.gravatar.com\/avatar\/3a8de04a2656d44082be478bd6c086daa447c4651605818287b9532d3d0bd435?s=96&d=mm&r=g","caption":"Lo viste en Los Pol\u00edticos"},"url":"https:\/\/lospoliticosveracruz.com\/?author=2"}]}},"_links":{"self":[{"href":"https:\/\/lospoliticosveracruz.com\/index.php?rest_route=\/wp\/v2\/posts\/75457","targetHints":{"allow":["GET"]}}],"collection":[{"href":"https:\/\/lospoliticosveracruz.com\/index.php?rest_route=\/wp\/v2\/posts"}],"about":[{"href":"https:\/\/lospoliticosveracruz.com\/index.php?rest_route=\/wp\/v2\/types\/post"}],"author":[{"embeddable":true,"href":"https:\/\/lospoliticosveracruz.com\/index.php?rest_route=\/wp\/v2\/users\/2"}],"replies":[{"embeddable":true,"href":"https:\/\/lospoliticosveracruz.com\/index.php?rest_route=%2Fwp%2Fv2%2Fcomments&post=75457"}],"version-history":[{"count":1,"href":"https:\/\/lospoliticosveracruz.com\/index.php?rest_route=\/wp\/v2\/posts\/75457\/revisions"}],"predecessor-version":[{"id":75459,"href":"https:\/\/lospoliticosveracruz.com\/index.php?rest_route=\/wp\/v2\/posts\/75457\/revisions\/75459"}],"wp:attachment":[{"href":"https:\/\/lospoliticosveracruz.com\/index.php?rest_route=%2Fwp%2Fv2%2Fmedia&parent=75457"}],"wp:term":[{"taxonomy":"category","embeddable":true,"href":"https:\/\/lospoliticosveracruz.com\/index.php?rest_route=%2Fwp%2Fv2%2Fcategories&post=75457"},{"taxonomy":"post_tag","embeddable":true,"href":"https:\/\/lospoliticosveracruz.com\/index.php?rest_route=%2Fwp%2Fv2%2Ftags&post=75457"}],"curies":[{"name":"wp","href":"https:\/\/api.w.org\/{rel}","templated":true}]}}