{"id":75479,"date":"2021-06-15T21:47:03","date_gmt":"2021-06-16T02:47:03","guid":{"rendered":"http:\/\/www.lospoliticosveracruz.com.mx\/?p=75479"},"modified":"2021-06-15T21:47:07","modified_gmt":"2021-06-16T02:47:07","slug":"ni-chanclazos-cinturonazos-menos-orejas-de-burro","status":"publish","type":"post","link":"https:\/\/lospoliticosveracruz.com\/?p=75479","title":{"rendered":"Ni chanclazos, cinturonazos menos orejas de burro!"},"content":{"rendered":"\n<p><strong>Xalapa<\/strong><br>La diputada Cristina Alarc\u00f3n Guti\u00e9rrez, del grupo legislativo de Morena, present\u00f3 ante el Pleno una iniciativa con proyecto de Decreto que reforma y adiciona diversas disposiciones de la Ley de los Derechos de Ni\u00f1as, Ni\u00f1os y Adolescentes del Estado de Veracruz, para prohibir el castigo corporal o humillante como m\u00e9todo correctivo o disciplinario en ni\u00f1as, ni\u00f1os y adolescentes.<br>Para ello, la legisladora propone homologar dicha normativa con la Ley General, a\u00f1adiendo un inciso G de la fracci\u00f3n I del art\u00edculo 41, correspondiente al Cap\u00edtulo VIII, denominado \u00abDel Derecho de Acceso a una Vida Libre de Violencia y a la Integridad Personal\u00bb, bajo el concepto de castigo corporal o f\u00edsico, as\u00ed como castigo humillante.<br>En este sentido, la tambi\u00e9n presidenta de la Comisi\u00f3n Permanente de Derechos de la Ni\u00f1ez y la Familia destac\u00f3 que, a pesar que en el pa\u00eds este tipo de correctivos prevalecen en los diversos entornos en donde ni\u00f1as, ni\u00f1os y adolescentes crecen, conviven y se desarrollan, representa una violaci\u00f3n a los derechos de ni\u00f1as, ni\u00f1os y adolescentes, generando efectos adversos en las dimensiones f\u00edsicas, emocionales de su desarrollo.<br>El objetivo de la presenta iniciativa, indic\u00f3, es privilegiar el inter\u00e9s superior de la ni\u00f1ez para que puedan disfrutar y satisfacer sus derechos, en rubros esenciales como son salud, educaci\u00f3n y el sano esparcimiento en v\u00edas de su desarrollo integral.<br>La iniciativa se\u00f1ala la prohibici\u00f3n a quienes ejerzan la patria potestad de los menores, tutela o guarda y custodia, as\u00ed como de los encargados o personal de instituciones educativas, deportivas, religiosas, salud, asistencia social, el ejercicio del uso de castigos corporales o humillantes.<br>Al respecto, contin\u00faa la propuesta, deber\u00e1 entenderse como castigo corporal, todo acto en el que se utilice la fuerza f\u00edsica, incluyendo golpes con la mano o con alg\u00fan objeto, empujones, pellizcos, mordidas, tirones de cabello o de orejas, obligar a sostener posturas inc\u00f3modas, quemaduras, ingesta de alimentos hirviendo, as\u00ed como cualquier otro que tenga como objeto causar dolor o malestar, aunque sea leve.<br>En cuanto castigo humillante, se referir\u00e1 a cualquier trato ofensivo, denigrante, desvalorizador, estigmatizante, ridiculizador y de menosprecio, que tenga como objetivo provocar dolor, amenaza, molestia o humillaci\u00f3n en contra de las y los menores de edad.<br>Agreg\u00f3, que el Pleno del Congreso de la Uni\u00f3n, aprob\u00f3 recientemente el dictamen por el que se exhorta a los Gobiernos de las 32 entidades federativas y a sus Congresos Locales a homologar sus legislaciones conforme a las reformas realizadas a la Ley General de los Derechos de Ni\u00f1as, Ni\u00f1os y Adolescentes y el C\u00f3digo Civil Federal, en este mismo sentido, por lo que es esencial legislar al respecto.<br>Finalmente, agradeci\u00f3 a la diputada Rosalba Valencia Cruz, presidenta de la Comisi\u00f3n de Derechos de la Ni\u00f1ez y Adolescencia de la C\u00e1mara de Diputados Federal, as\u00ed como a Jos\u00e9 Manuel Villase\u00f1or Campos, Secretario T\u00e9cnico de la misma Comisi\u00f3n, \u00abquienes con sus aportaciones facilitaron los trabajos en torno a la realizaci\u00f3n de esta propuesta legislativa\u00bb.<br>La iniciativa fue turnada a la Comisi\u00f3n Permanente de Derechos de la Ni\u00f1ez y la Familia para su estudio y dictamen.<\/p>\n","protected":false},"excerpt":{"rendered":"<p>XalapaLa diputada Cristina Alarc\u00f3n Guti\u00e9rrez, del grupo legislativo de Morena, present\u00f3 ante el Pleno una iniciativa con proyecto de Decreto que reforma y adiciona diversas disposiciones de la Ley de los Derechos de Ni\u00f1as, Ni\u00f1os y Adolescentes del Estado de Veracruz, para prohibir el castigo corporal o humillante como m\u00e9todo correctivo o disciplinario en ni\u00f1as, [&hellip;]<\/p>\n","protected":false},"author":2,"featured_media":0,"comment_status":"closed","ping_status":"closed","sticky":false,"template":"","format":"standard","meta":{"tdm_status":"","tdm_grid_status":"","footnotes":""},"categories":[73],"tags":[28853,13621,28852,1026,4578],"class_list":{"0":"post-75479","1":"post","2":"type-post","3":"status-publish","4":"format-standard","6":"category-de-boleto","7":"tag-castigo-corporal","8":"tag-cristina-alarcon-gutierrez","9":"tag-derechos-de-ninas","10":"tag-morena","11":"tag-ninos"},"yoast_head":"<!-- This site is optimized with the Yoast SEO plugin v27.4 - https:\/\/yoast.com\/product\/yoast-seo-wordpress\/ -->\n<title>Ni chanclazos, cinturonazos menos orejas de burro! - Los pol\u00edticos Veracruz<\/title>\n<meta name=\"robots\" content=\"index, follow, max-snippet:-1, max-image-preview:large, max-video-preview:-1\" \/>\n<link rel=\"canonical\" href=\"https:\/\/lospoliticosveracruz.com\/?p=75479\" \/>\n<meta property=\"og:locale\" content=\"es_ES\" \/>\n<meta property=\"og:type\" content=\"article\" \/>\n<meta property=\"og:title\" content=\"Ni chanclazos, cinturonazos menos orejas de burro! - Los pol\u00edticos Veracruz\" \/>\n<meta property=\"og:description\" content=\"XalapaLa diputada Cristina Alarc\u00f3n Guti\u00e9rrez, del grupo legislativo de Morena, present\u00f3 ante el Pleno una iniciativa con proyecto de Decreto que reforma y adiciona diversas disposiciones de la Ley de los Derechos de Ni\u00f1as, Ni\u00f1os y Adolescentes del Estado de Veracruz, para prohibir el castigo corporal o humillante como m\u00e9todo correctivo o disciplinario en ni\u00f1as, [&hellip;]\" \/>\n<meta property=\"og:url\" content=\"https:\/\/lospoliticosveracruz.com\/?p=75479\" \/>\n<meta property=\"og:site_name\" content=\"Los pol\u00edticos Veracruz\" \/>\n<meta property=\"article:publisher\" content=\"https:\/\/www.facebook.com\/people\/Notimemes-de-los-Polticos\/61565672886568\/\" \/>\n<meta property=\"article:published_time\" content=\"2021-06-16T02:47:03+00:00\" \/>\n<meta property=\"article:modified_time\" content=\"2021-06-16T02:47:07+00:00\" \/>\n<meta property=\"og:image\" content=\"https:\/\/lospoliticosveracruz.com\/wp-content\/uploads\/2016\/07\/Logo-Dor.jpg\" \/>\n\t<meta property=\"og:image:width\" content=\"200\" \/>\n\t<meta property=\"og:image:height\" content=\"200\" \/>\n\t<meta property=\"og:image:type\" content=\"image\/jpeg\" \/>\n<meta name=\"author\" content=\"Lo viste en Los Pol\u00edticos\" \/>\n<meta name=\"twitter:card\" content=\"summary_large_image\" \/>\n<meta name=\"twitter:creator\" content=\"@LosPoliticosVer\" \/>\n<meta name=\"twitter:site\" content=\"@LosPoliticosVer\" \/>\n<meta name=\"twitter:label1\" content=\"Escrito por\" \/>\n\t<meta name=\"twitter:data1\" content=\"Lo viste en Los Pol\u00edticos\" \/>\n\t<meta name=\"twitter:label2\" content=\"Tiempo de lectura\" \/>\n\t<meta name=\"twitter:data2\" content=\"3 minutos\" \/>\n<script type=\"application\/ld+json\" class=\"yoast-schema-graph\">{\"@context\":\"https:\\\/\\\/schema.org\",\"@graph\":[{\"@type\":\"Article\",\"@id\":\"https:\\\/\\\/lospoliticosveracruz.com\\\/?p=75479#article\",\"isPartOf\":{\"@id\":\"https:\\\/\\\/lospoliticosveracruz.com\\\/?p=75479\"},\"author\":{\"name\":\"Lo viste en Los Pol\u00edticos\",\"@id\":\"https:\\\/\\\/lospoliticosveracruz.com\\\/#\\\/schema\\\/person\\\/b8702bb0e538456e6efd07080bf2a4a2\"},\"headline\":\"Ni chanclazos, cinturonazos menos orejas de burro!\",\"datePublished\":\"2021-06-16T02:47:03+00:00\",\"dateModified\":\"2021-06-16T02:47:07+00:00\",\"mainEntityOfPage\":{\"@id\":\"https:\\\/\\\/lospoliticosveracruz.com\\\/?p=75479\"},\"wordCount\":559,\"publisher\":{\"@id\":\"https:\\\/\\\/lospoliticosveracruz.com\\\/#organization\"},\"keywords\":[\"castigo corporal\",\"Cristina Alarc\u00f3n Guti\u00e9rrez\",\"Derechos de Ni\u00f1as\",\"Morena\",\"ni\u00f1os\"],\"articleSection\":[\"De Boleto\"],\"inLanguage\":\"es\"},{\"@type\":\"WebPage\",\"@id\":\"https:\\\/\\\/lospoliticosveracruz.com\\\/?p=75479\",\"url\":\"https:\\\/\\\/lospoliticosveracruz.com\\\/?p=75479\",\"name\":\"Ni chanclazos, cinturonazos menos orejas de burro! - Los pol\u00edticos Veracruz\",\"isPartOf\":{\"@id\":\"https:\\\/\\\/lospoliticosveracruz.com\\\/#website\"},\"datePublished\":\"2021-06-16T02:47:03+00:00\",\"dateModified\":\"2021-06-16T02:47:07+00:00\",\"breadcrumb\":{\"@id\":\"https:\\\/\\\/lospoliticosveracruz.com\\\/?p=75479#breadcrumb\"},\"inLanguage\":\"es\",\"potentialAction\":[{\"@type\":\"ReadAction\",\"target\":[\"https:\\\/\\\/lospoliticosveracruz.com\\\/?p=75479\"]}]},{\"@type\":\"BreadcrumbList\",\"@id\":\"https:\\\/\\\/lospoliticosveracruz.com\\\/?p=75479#breadcrumb\",\"itemListElement\":[{\"@type\":\"ListItem\",\"position\":1,\"name\":\"Portada\",\"item\":\"https:\\\/\\\/lospoliticosveracruz.com\\\/\"},{\"@type\":\"ListItem\",\"position\":2,\"name\":\"Ni chanclazos, cinturonazos menos orejas de burro!\"}]},{\"@type\":\"WebSite\",\"@id\":\"https:\\\/\\\/lospoliticosveracruz.com\\\/#website\",\"url\":\"https:\\\/\\\/lospoliticosveracruz.com\\\/\",\"name\":\"Los pol\u00edticos Veracruz\",\"description\":\"\",\"publisher\":{\"@id\":\"https:\\\/\\\/lospoliticosveracruz.com\\\/#organization\"},\"potentialAction\":[{\"@type\":\"SearchAction\",\"target\":{\"@type\":\"EntryPoint\",\"urlTemplate\":\"https:\\\/\\\/lospoliticosveracruz.com\\\/?s={search_term_string}\"},\"query-input\":{\"@type\":\"PropertyValueSpecification\",\"valueRequired\":true,\"valueName\":\"search_term_string\"}}],\"inLanguage\":\"es\"},{\"@type\":\"Organization\",\"@id\":\"https:\\\/\\\/lospoliticosveracruz.com\\\/#organization\",\"name\":\"Los pol\u00edticos Veracruz\",\"url\":\"https:\\\/\\\/lospoliticosveracruz.com\\\/\",\"logo\":{\"@type\":\"ImageObject\",\"inLanguage\":\"es\",\"@id\":\"https:\\\/\\\/lospoliticosveracruz.com\\\/#\\\/schema\\\/logo\\\/image\\\/\",\"url\":\"https:\\\/\\\/lospoliticosveracruz.com\\\/wp-content\\\/uploads\\\/2025\\\/12\\\/Logo-Nuevo-LOS-POLITICOS-1.jpg\",\"contentUrl\":\"https:\\\/\\\/lospoliticosveracruz.com\\\/wp-content\\\/uploads\\\/2025\\\/12\\\/Logo-Nuevo-LOS-POLITICOS-1.jpg\",\"width\":260,\"height\":70,\"caption\":\"Los pol\u00edticos Veracruz\"},\"image\":{\"@id\":\"https:\\\/\\\/lospoliticosveracruz.com\\\/#\\\/schema\\\/logo\\\/image\\\/\"},\"sameAs\":[\"https:\\\/\\\/www.facebook.com\\\/people\\\/Notimemes-de-los-Polticos\\\/61565672886568\\\/\",\"https:\\\/\\\/x.com\\\/LosPoliticosVer\"]},{\"@type\":\"Person\",\"@id\":\"https:\\\/\\\/lospoliticosveracruz.com\\\/#\\\/schema\\\/person\\\/b8702bb0e538456e6efd07080bf2a4a2\",\"name\":\"Lo viste en Los Pol\u00edticos\",\"image\":{\"@type\":\"ImageObject\",\"inLanguage\":\"es\",\"@id\":\"https:\\\/\\\/secure.gravatar.com\\\/avatar\\\/3a8de04a2656d44082be478bd6c086daa447c4651605818287b9532d3d0bd435?s=96&d=mm&r=g\",\"url\":\"https:\\\/\\\/secure.gravatar.com\\\/avatar\\\/3a8de04a2656d44082be478bd6c086daa447c4651605818287b9532d3d0bd435?s=96&d=mm&r=g\",\"contentUrl\":\"https:\\\/\\\/secure.gravatar.com\\\/avatar\\\/3a8de04a2656d44082be478bd6c086daa447c4651605818287b9532d3d0bd435?s=96&d=mm&r=g\",\"caption\":\"Lo viste en Los Pol\u00edticos\"},\"url\":\"https:\\\/\\\/lospoliticosveracruz.com\\\/?author=2\"}]}<\/script>\n<!-- \/ Yoast SEO plugin. -->","yoast_head_json":{"title":"Ni chanclazos, cinturonazos menos orejas de burro! - Los pol\u00edticos Veracruz","robots":{"index":"index","follow":"follow","max-snippet":"max-snippet:-1","max-image-preview":"max-image-preview:large","max-video-preview":"max-video-preview:-1"},"canonical":"https:\/\/lospoliticosveracruz.com\/?p=75479","og_locale":"es_ES","og_type":"article","og_title":"Ni chanclazos, cinturonazos menos orejas de burro! - Los pol\u00edticos Veracruz","og_description":"XalapaLa diputada Cristina Alarc\u00f3n Guti\u00e9rrez, del grupo legislativo de Morena, present\u00f3 ante el Pleno una iniciativa con proyecto de Decreto que reforma y adiciona diversas disposiciones de la Ley de los Derechos de Ni\u00f1as, Ni\u00f1os y Adolescentes del Estado de Veracruz, para prohibir el castigo corporal o humillante como m\u00e9todo correctivo o disciplinario en ni\u00f1as, [&hellip;]","og_url":"https:\/\/lospoliticosveracruz.com\/?p=75479","og_site_name":"Los pol\u00edticos Veracruz","article_publisher":"https:\/\/www.facebook.com\/people\/Notimemes-de-los-Polticos\/61565672886568\/","article_published_time":"2021-06-16T02:47:03+00:00","article_modified_time":"2021-06-16T02:47:07+00:00","og_image":[{"width":200,"height":200,"url":"https:\/\/lospoliticosveracruz.com\/wp-content\/uploads\/2016\/07\/Logo-Dor.jpg","type":"image\/jpeg"}],"author":"Lo viste en Los Pol\u00edticos","twitter_card":"summary_large_image","twitter_creator":"@LosPoliticosVer","twitter_site":"@LosPoliticosVer","twitter_misc":{"Escrito por":"Lo viste en Los Pol\u00edticos","Tiempo de lectura":"3 minutos"},"schema":{"@context":"https:\/\/schema.org","@graph":[{"@type":"Article","@id":"https:\/\/lospoliticosveracruz.com\/?p=75479#article","isPartOf":{"@id":"https:\/\/lospoliticosveracruz.com\/?p=75479"},"author":{"name":"Lo viste en Los Pol\u00edticos","@id":"https:\/\/lospoliticosveracruz.com\/#\/schema\/person\/b8702bb0e538456e6efd07080bf2a4a2"},"headline":"Ni chanclazos, cinturonazos menos orejas de burro!","datePublished":"2021-06-16T02:47:03+00:00","dateModified":"2021-06-16T02:47:07+00:00","mainEntityOfPage":{"@id":"https:\/\/lospoliticosveracruz.com\/?p=75479"},"wordCount":559,"publisher":{"@id":"https:\/\/lospoliticosveracruz.com\/#organization"},"keywords":["castigo corporal","Cristina Alarc\u00f3n Guti\u00e9rrez","Derechos de Ni\u00f1as","Morena","ni\u00f1os"],"articleSection":["De Boleto"],"inLanguage":"es"},{"@type":"WebPage","@id":"https:\/\/lospoliticosveracruz.com\/?p=75479","url":"https:\/\/lospoliticosveracruz.com\/?p=75479","name":"Ni chanclazos, cinturonazos menos orejas de burro! - Los pol\u00edticos Veracruz","isPartOf":{"@id":"https:\/\/lospoliticosveracruz.com\/#website"},"datePublished":"2021-06-16T02:47:03+00:00","dateModified":"2021-06-16T02:47:07+00:00","breadcrumb":{"@id":"https:\/\/lospoliticosveracruz.com\/?p=75479#breadcrumb"},"inLanguage":"es","potentialAction":[{"@type":"ReadAction","target":["https:\/\/lospoliticosveracruz.com\/?p=75479"]}]},{"@type":"BreadcrumbList","@id":"https:\/\/lospoliticosveracruz.com\/?p=75479#breadcrumb","itemListElement":[{"@type":"ListItem","position":1,"name":"Portada","item":"https:\/\/lospoliticosveracruz.com\/"},{"@type":"ListItem","position":2,"name":"Ni chanclazos, cinturonazos menos orejas de burro!"}]},{"@type":"WebSite","@id":"https:\/\/lospoliticosveracruz.com\/#website","url":"https:\/\/lospoliticosveracruz.com\/","name":"Los pol\u00edticos Veracruz","description":"","publisher":{"@id":"https:\/\/lospoliticosveracruz.com\/#organization"},"potentialAction":[{"@type":"SearchAction","target":{"@type":"EntryPoint","urlTemplate":"https:\/\/lospoliticosveracruz.com\/?s={search_term_string}"},"query-input":{"@type":"PropertyValueSpecification","valueRequired":true,"valueName":"search_term_string"}}],"inLanguage":"es"},{"@type":"Organization","@id":"https:\/\/lospoliticosveracruz.com\/#organization","name":"Los pol\u00edticos Veracruz","url":"https:\/\/lospoliticosveracruz.com\/","logo":{"@type":"ImageObject","inLanguage":"es","@id":"https:\/\/lospoliticosveracruz.com\/#\/schema\/logo\/image\/","url":"https:\/\/lospoliticosveracruz.com\/wp-content\/uploads\/2025\/12\/Logo-Nuevo-LOS-POLITICOS-1.jpg","contentUrl":"https:\/\/lospoliticosveracruz.com\/wp-content\/uploads\/2025\/12\/Logo-Nuevo-LOS-POLITICOS-1.jpg","width":260,"height":70,"caption":"Los pol\u00edticos Veracruz"},"image":{"@id":"https:\/\/lospoliticosveracruz.com\/#\/schema\/logo\/image\/"},"sameAs":["https:\/\/www.facebook.com\/people\/Notimemes-de-los-Polticos\/61565672886568\/","https:\/\/x.com\/LosPoliticosVer"]},{"@type":"Person","@id":"https:\/\/lospoliticosveracruz.com\/#\/schema\/person\/b8702bb0e538456e6efd07080bf2a4a2","name":"Lo viste en Los Pol\u00edticos","image":{"@type":"ImageObject","inLanguage":"es","@id":"https:\/\/secure.gravatar.com\/avatar\/3a8de04a2656d44082be478bd6c086daa447c4651605818287b9532d3d0bd435?s=96&d=mm&r=g","url":"https:\/\/secure.gravatar.com\/avatar\/3a8de04a2656d44082be478bd6c086daa447c4651605818287b9532d3d0bd435?s=96&d=mm&r=g","contentUrl":"https:\/\/secure.gravatar.com\/avatar\/3a8de04a2656d44082be478bd6c086daa447c4651605818287b9532d3d0bd435?s=96&d=mm&r=g","caption":"Lo viste en Los Pol\u00edticos"},"url":"https:\/\/lospoliticosveracruz.com\/?author=2"}]}},"_links":{"self":[{"href":"https:\/\/lospoliticosveracruz.com\/index.php?rest_route=\/wp\/v2\/posts\/75479","targetHints":{"allow":["GET"]}}],"collection":[{"href":"https:\/\/lospoliticosveracruz.com\/index.php?rest_route=\/wp\/v2\/posts"}],"about":[{"href":"https:\/\/lospoliticosveracruz.com\/index.php?rest_route=\/wp\/v2\/types\/post"}],"author":[{"embeddable":true,"href":"https:\/\/lospoliticosveracruz.com\/index.php?rest_route=\/wp\/v2\/users\/2"}],"replies":[{"embeddable":true,"href":"https:\/\/lospoliticosveracruz.com\/index.php?rest_route=%2Fwp%2Fv2%2Fcomments&post=75479"}],"version-history":[{"count":1,"href":"https:\/\/lospoliticosveracruz.com\/index.php?rest_route=\/wp\/v2\/posts\/75479\/revisions"}],"predecessor-version":[{"id":75481,"href":"https:\/\/lospoliticosveracruz.com\/index.php?rest_route=\/wp\/v2\/posts\/75479\/revisions\/75481"}],"wp:attachment":[{"href":"https:\/\/lospoliticosveracruz.com\/index.php?rest_route=%2Fwp%2Fv2%2Fmedia&parent=75479"}],"wp:term":[{"taxonomy":"category","embeddable":true,"href":"https:\/\/lospoliticosveracruz.com\/index.php?rest_route=%2Fwp%2Fv2%2Fcategories&post=75479"},{"taxonomy":"post_tag","embeddable":true,"href":"https:\/\/lospoliticosveracruz.com\/index.php?rest_route=%2Fwp%2Fv2%2Ftags&post=75479"}],"curies":[{"name":"wp","href":"https:\/\/api.w.org\/{rel}","templated":true}]}}