{"id":75536,"date":"2021-06-16T18:18:35","date_gmt":"2021-06-16T23:18:35","guid":{"rendered":"http:\/\/www.lospoliticosveracruz.com.mx\/?p=75536"},"modified":"2021-06-16T18:47:42","modified_gmt":"2021-06-16T23:47:42","slug":"uno-acosador-otro-cobron-de-plazas","status":"publish","type":"post","link":"https:\/\/lospoliticosveracruz.com\/?p=75536","title":{"rendered":"Uno, acosador; otro, cobr\u00f3n de plazas"},"content":{"rendered":"\n<p><\/p>\n\n\n\n<p>Somos acad\u00e9micos de la Universidad Veracruzana, aunque pareciera incre\u00edble, tambi\u00e9n en nuestra casa de estudios hay represi\u00f3n, por eso omitimos nuestros nombres.<\/p>\n\n\n\n<div class=\"wp-block-image\"><figure class=\"alignleft size-large is-resized\"><a href=\"http:\/\/www.lospoliticosveracruz.com.mx\/wp-content\/uploads\/2021\/06\/WhatsApp-Image-2021-06-16-at-17.12.21.jpeg\"><img loading=\"lazy\" decoding=\"async\" src=\"http:\/\/www.lospoliticosveracruz.com.mx\/wp-content\/uploads\/2021\/06\/WhatsApp-Image-2021-06-16-at-17.12.21.jpeg\" alt=\"\" class=\"wp-image-75531\" width=\"200\" height=\"400\"\/><\/a><\/figure><\/div>\n\n\n\n<p><br>Estamos preocupados por la forma en que se est\u00e1 dando la transici\u00f3n a la rector\u00eda de nuestra Universidad Veracruzana, en donde vemos un riesgo de intromisi\u00f3n de personajes emanados del gobierno estatal y federal. Hay un falso discurso de las autoridades que \u201cno meter\u00edan las manos\u201d, porque por un lado est\u00e1 el consejero del INE, el maestro Jos\u00e9 Roberto Ruiz Salda\u00f1a, quien se est\u00e1 valiendo de la estructura del Instituto Nacional Electoral para lanzarse como aspirante, adem\u00e1s de estar apoyado desde presidencia de la rep\u00fablica y, por el otro, est\u00e1, el Dr. Dar\u00edo Fabi\u00e1n Hern\u00e1ndez Gonz\u00e1lez, quien es Director General del Sistema Estatal de Planeaci\u00f3n de la Secretar\u00eda de Finanzas del Gobierno de Veracruz y est\u00e1 apoyado por el gobernador, Cuitl\u00e1huac Garc\u00eda.<br>Lo lamentable y preocupante de esto es que Ruiz Salda\u00f1a no tiene experiencia acad\u00e9mica dentro de la UV, no conoce a nuestra universidad y sus necesidades, \u00bfentonces c\u00f3mo se pretende imponer a alguien as\u00ed cuando hay acad\u00e9micos respetables para ocupar el cargo?. Ante eso, se tendr\u00eda que agregar que este \u201cpersonaje\u201d, lo vemos as\u00ed porque es alguien extra\u00f1o a nuestra comunidad acad\u00e9mica y solo sabemos que es un pol\u00edtico que para alcanzar el cargo de Consejero se vali\u00f3 del PAN y hoy de Morena para que lo impongan en la rector\u00eda.<br>Aunque hay que agregar que el Dr. Ruiz Salda\u00f1a tiene pendientes con la justicia legal y con las mujeres del pa\u00eds, debido a que en el 2015 cometi\u00f3 delitos en contra de su asesora, quien interpuso una queja ante la Comisi\u00f3n Nacional de Derechos Humanos (CNDH) bajo el n\u00famero de control AEUL1507300007 y una denuncia ante la Fiscal\u00eda Especial para los Delitos de Violencia contra las Mujeres y la Trata (FEVIMTRA) bajo el n\u00famero de averiguaci\u00f3n previa AP\/PGR\/FEVIMTRA326\/2015, por hostigamiento sexual y laboral.<br>Del doctor Fabi\u00e1n Hern\u00e1ndez, lo grave es que venga apadrinado por el gobernador del estado y del secretario de Finanzas y Planeaci\u00f3n del Estado, Jos\u00e9 Luis Lima Franco. Adem\u00e1s c\u00f3mo confiar en \u00e9l si se repetir\u00edan vicios de los que ya estamos cansados: como el que haya investigadores y en lugar de estar dentro de su centro laboral andan en busca de cargos p\u00fablicos y cobren doble partida, as\u00ed es el caso del doctor Fabian, cobra doble plaza, \u00bfEso es justo? Cuando hay docentes de la UV y bur\u00f3cratas que ganan apenas para sobrevivir.<br>Por eso hoy expresamos nuestra inconformidad, pedimos que el gobierno estatal y federal saquen las manos de este proceso que se avecina y que la Junta de Gobierno que es la que debe determinar qui\u00e9n es el pr\u00f3ximo rector, los deje fuera de la competencia, de lo contrario se estar\u00e1 perdiendo la autonom\u00eda de nuestra querida universidad.<br>Agradecemos su atenci\u00f3n y ojal\u00e1 pudiera apoyarnos publicando estas l\u00edneas para que no se repitan vicios e historias en nuestra casa de estudios.<\/p>\n","protected":false},"excerpt":{"rendered":"<p>Somos acad\u00e9micos de la Universidad Veracruzana, aunque pareciera incre\u00edble, tambi\u00e9n en nuestra casa de estudios hay represi\u00f3n, por eso omitimos nuestros nombres. Estamos preocupados por la forma en que se est\u00e1 dando la transici\u00f3n a la rector\u00eda de nuestra Universidad Veracruzana, en donde vemos un riesgo de intromisi\u00f3n de personajes emanados del gobierno estatal y [&hellip;]<\/p>\n","protected":false},"author":2,"featured_media":0,"comment_status":"closed","ping_status":"closed","sticky":false,"template":"","format":"standard","meta":{"tdm_status":"","tdm_grid_status":"","footnotes":""},"categories":[74],"tags":[295,28875,1681,28876,28877,12033,8167,219],"class_list":{"0":"post-75536","1":"post","2":"type-post","3":"status-publish","4":"format-standard","6":"category-lavadero","7":"tag-cndh","8":"tag-consejero-del-ine","9":"tag-cuitlahuac-garcia","10":"tag-dario-fabian-hernandez-gonzalez","11":"tag-fevimtra","12":"tag-jose-roberto-ruiz-saldana","13":"tag-rectoria","14":"tag-universidad-veracruzana"},"yoast_head":"<!-- This site is optimized with the Yoast SEO plugin v27.4 - https:\/\/yoast.com\/product\/yoast-seo-wordpress\/ -->\n<title>Uno, acosador; otro, cobr\u00f3n de plazas - Los pol\u00edticos Veracruz<\/title>\n<meta name=\"robots\" content=\"index, follow, max-snippet:-1, max-image-preview:large, max-video-preview:-1\" \/>\n<link rel=\"canonical\" href=\"https:\/\/lospoliticosveracruz.com\/?p=75536\" \/>\n<meta property=\"og:locale\" content=\"es_ES\" \/>\n<meta property=\"og:type\" content=\"article\" \/>\n<meta property=\"og:title\" content=\"Uno, acosador; otro, cobr\u00f3n de plazas - Los pol\u00edticos Veracruz\" \/>\n<meta property=\"og:description\" content=\"Somos acad\u00e9micos de la Universidad Veracruzana, aunque pareciera incre\u00edble, tambi\u00e9n en nuestra casa de estudios hay represi\u00f3n, por eso omitimos nuestros nombres. Estamos preocupados por la forma en que se est\u00e1 dando la transici\u00f3n a la rector\u00eda de nuestra Universidad Veracruzana, en donde vemos un riesgo de intromisi\u00f3n de personajes emanados del gobierno estatal y [&hellip;]\" \/>\n<meta property=\"og:url\" content=\"https:\/\/lospoliticosveracruz.com\/?p=75536\" \/>\n<meta property=\"og:site_name\" content=\"Los pol\u00edticos Veracruz\" \/>\n<meta property=\"article:publisher\" content=\"https:\/\/www.facebook.com\/people\/Notimemes-de-los-Polticos\/61565672886568\/\" \/>\n<meta property=\"article:published_time\" content=\"2021-06-16T23:18:35+00:00\" \/>\n<meta property=\"article:modified_time\" content=\"2021-06-16T23:47:42+00:00\" \/>\n<meta property=\"og:image\" content=\"http:\/\/www.lospoliticosveracruz.com.mx\/wp-content\/uploads\/2021\/06\/WhatsApp-Image-2021-06-16-at-17.12.21.jpeg\" \/>\n<meta name=\"author\" content=\"Lo viste en Los Pol\u00edticos\" \/>\n<meta name=\"twitter:card\" content=\"summary_large_image\" \/>\n<meta name=\"twitter:creator\" content=\"@LosPoliticosVer\" \/>\n<meta name=\"twitter:site\" content=\"@LosPoliticosVer\" \/>\n<meta name=\"twitter:label1\" content=\"Escrito por\" \/>\n\t<meta name=\"twitter:data1\" content=\"Lo viste en Los Pol\u00edticos\" \/>\n\t<meta name=\"twitter:label2\" content=\"Tiempo de lectura\" \/>\n\t<meta name=\"twitter:data2\" content=\"3 minutos\" \/>\n<script type=\"application\/ld+json\" class=\"yoast-schema-graph\">{\"@context\":\"https:\\\/\\\/schema.org\",\"@graph\":[{\"@type\":\"Article\",\"@id\":\"https:\\\/\\\/lospoliticosveracruz.com\\\/?p=75536#article\",\"isPartOf\":{\"@id\":\"https:\\\/\\\/lospoliticosveracruz.com\\\/?p=75536\"},\"author\":{\"name\":\"Lo viste en Los Pol\u00edticos\",\"@id\":\"https:\\\/\\\/lospoliticosveracruz.com\\\/#\\\/schema\\\/person\\\/b8702bb0e538456e6efd07080bf2a4a2\"},\"headline\":\"Uno, acosador; otro, cobr\u00f3n de plazas\",\"datePublished\":\"2021-06-16T23:18:35+00:00\",\"dateModified\":\"2021-06-16T23:47:42+00:00\",\"mainEntityOfPage\":{\"@id\":\"https:\\\/\\\/lospoliticosveracruz.com\\\/?p=75536\"},\"wordCount\":548,\"publisher\":{\"@id\":\"https:\\\/\\\/lospoliticosveracruz.com\\\/#organization\"},\"image\":{\"@id\":\"https:\\\/\\\/lospoliticosveracruz.com\\\/?p=75536#primaryimage\"},\"thumbnailUrl\":\"http:\\\/\\\/www.lospoliticosveracruz.com.mx\\\/wp-content\\\/uploads\\\/2021\\\/06\\\/WhatsApp-Image-2021-06-16-at-17.12.21.jpeg\",\"keywords\":[\"CNDH\",\"consejero del INE\",\"Cuitl\u00e1huac Garc\u00eda\",\"Dar\u00edo Fabi\u00e1n Hern\u00e1ndez Gonz\u00e1lez\",\"FEVIMTRA\",\"Jos\u00e9 Roberto Ruiz Salda\u00f1a\",\"Rector\u00eda\",\"Universidad Veracruzana\"],\"articleSection\":[\"Lavadero\"],\"inLanguage\":\"es\"},{\"@type\":\"WebPage\",\"@id\":\"https:\\\/\\\/lospoliticosveracruz.com\\\/?p=75536\",\"url\":\"https:\\\/\\\/lospoliticosveracruz.com\\\/?p=75536\",\"name\":\"Uno, acosador; otro, cobr\u00f3n de plazas - Los pol\u00edticos Veracruz\",\"isPartOf\":{\"@id\":\"https:\\\/\\\/lospoliticosveracruz.com\\\/#website\"},\"primaryImageOfPage\":{\"@id\":\"https:\\\/\\\/lospoliticosveracruz.com\\\/?p=75536#primaryimage\"},\"image\":{\"@id\":\"https:\\\/\\\/lospoliticosveracruz.com\\\/?p=75536#primaryimage\"},\"thumbnailUrl\":\"http:\\\/\\\/www.lospoliticosveracruz.com.mx\\\/wp-content\\\/uploads\\\/2021\\\/06\\\/WhatsApp-Image-2021-06-16-at-17.12.21.jpeg\",\"datePublished\":\"2021-06-16T23:18:35+00:00\",\"dateModified\":\"2021-06-16T23:47:42+00:00\",\"breadcrumb\":{\"@id\":\"https:\\\/\\\/lospoliticosveracruz.com\\\/?p=75536#breadcrumb\"},\"inLanguage\":\"es\",\"potentialAction\":[{\"@type\":\"ReadAction\",\"target\":[\"https:\\\/\\\/lospoliticosveracruz.com\\\/?p=75536\"]}]},{\"@type\":\"ImageObject\",\"inLanguage\":\"es\",\"@id\":\"https:\\\/\\\/lospoliticosveracruz.com\\\/?p=75536#primaryimage\",\"url\":\"http:\\\/\\\/www.lospoliticosveracruz.com.mx\\\/wp-content\\\/uploads\\\/2021\\\/06\\\/WhatsApp-Image-2021-06-16-at-17.12.21.jpeg\",\"contentUrl\":\"http:\\\/\\\/www.lospoliticosveracruz.com.mx\\\/wp-content\\\/uploads\\\/2021\\\/06\\\/WhatsApp-Image-2021-06-16-at-17.12.21.jpeg\"},{\"@type\":\"BreadcrumbList\",\"@id\":\"https:\\\/\\\/lospoliticosveracruz.com\\\/?p=75536#breadcrumb\",\"itemListElement\":[{\"@type\":\"ListItem\",\"position\":1,\"name\":\"Portada\",\"item\":\"https:\\\/\\\/lospoliticosveracruz.com\\\/\"},{\"@type\":\"ListItem\",\"position\":2,\"name\":\"Uno, acosador; otro, cobr\u00f3n de plazas\"}]},{\"@type\":\"WebSite\",\"@id\":\"https:\\\/\\\/lospoliticosveracruz.com\\\/#website\",\"url\":\"https:\\\/\\\/lospoliticosveracruz.com\\\/\",\"name\":\"Los pol\u00edticos Veracruz\",\"description\":\"\",\"publisher\":{\"@id\":\"https:\\\/\\\/lospoliticosveracruz.com\\\/#organization\"},\"potentialAction\":[{\"@type\":\"SearchAction\",\"target\":{\"@type\":\"EntryPoint\",\"urlTemplate\":\"https:\\\/\\\/lospoliticosveracruz.com\\\/?s={search_term_string}\"},\"query-input\":{\"@type\":\"PropertyValueSpecification\",\"valueRequired\":true,\"valueName\":\"search_term_string\"}}],\"inLanguage\":\"es\"},{\"@type\":\"Organization\",\"@id\":\"https:\\\/\\\/lospoliticosveracruz.com\\\/#organization\",\"name\":\"Los pol\u00edticos Veracruz\",\"url\":\"https:\\\/\\\/lospoliticosveracruz.com\\\/\",\"logo\":{\"@type\":\"ImageObject\",\"inLanguage\":\"es\",\"@id\":\"https:\\\/\\\/lospoliticosveracruz.com\\\/#\\\/schema\\\/logo\\\/image\\\/\",\"url\":\"https:\\\/\\\/lospoliticosveracruz.com\\\/wp-content\\\/uploads\\\/2025\\\/12\\\/Logo-Nuevo-LOS-POLITICOS-1.jpg\",\"contentUrl\":\"https:\\\/\\\/lospoliticosveracruz.com\\\/wp-content\\\/uploads\\\/2025\\\/12\\\/Logo-Nuevo-LOS-POLITICOS-1.jpg\",\"width\":260,\"height\":70,\"caption\":\"Los pol\u00edticos Veracruz\"},\"image\":{\"@id\":\"https:\\\/\\\/lospoliticosveracruz.com\\\/#\\\/schema\\\/logo\\\/image\\\/\"},\"sameAs\":[\"https:\\\/\\\/www.facebook.com\\\/people\\\/Notimemes-de-los-Polticos\\\/61565672886568\\\/\",\"https:\\\/\\\/x.com\\\/LosPoliticosVer\"]},{\"@type\":\"Person\",\"@id\":\"https:\\\/\\\/lospoliticosveracruz.com\\\/#\\\/schema\\\/person\\\/b8702bb0e538456e6efd07080bf2a4a2\",\"name\":\"Lo viste en Los Pol\u00edticos\",\"image\":{\"@type\":\"ImageObject\",\"inLanguage\":\"es\",\"@id\":\"https:\\\/\\\/secure.gravatar.com\\\/avatar\\\/3a8de04a2656d44082be478bd6c086daa447c4651605818287b9532d3d0bd435?s=96&d=mm&r=g\",\"url\":\"https:\\\/\\\/secure.gravatar.com\\\/avatar\\\/3a8de04a2656d44082be478bd6c086daa447c4651605818287b9532d3d0bd435?s=96&d=mm&r=g\",\"contentUrl\":\"https:\\\/\\\/secure.gravatar.com\\\/avatar\\\/3a8de04a2656d44082be478bd6c086daa447c4651605818287b9532d3d0bd435?s=96&d=mm&r=g\",\"caption\":\"Lo viste en Los Pol\u00edticos\"},\"url\":\"https:\\\/\\\/lospoliticosveracruz.com\\\/?author=2\"}]}<\/script>\n<!-- \/ Yoast SEO plugin. -->","yoast_head_json":{"title":"Uno, acosador; otro, cobr\u00f3n de plazas - Los pol\u00edticos Veracruz","robots":{"index":"index","follow":"follow","max-snippet":"max-snippet:-1","max-image-preview":"max-image-preview:large","max-video-preview":"max-video-preview:-1"},"canonical":"https:\/\/lospoliticosveracruz.com\/?p=75536","og_locale":"es_ES","og_type":"article","og_title":"Uno, acosador; otro, cobr\u00f3n de plazas - Los pol\u00edticos Veracruz","og_description":"Somos acad\u00e9micos de la Universidad Veracruzana, aunque pareciera incre\u00edble, tambi\u00e9n en nuestra casa de estudios hay represi\u00f3n, por eso omitimos nuestros nombres. Estamos preocupados por la forma en que se est\u00e1 dando la transici\u00f3n a la rector\u00eda de nuestra Universidad Veracruzana, en donde vemos un riesgo de intromisi\u00f3n de personajes emanados del gobierno estatal y [&hellip;]","og_url":"https:\/\/lospoliticosveracruz.com\/?p=75536","og_site_name":"Los pol\u00edticos Veracruz","article_publisher":"https:\/\/www.facebook.com\/people\/Notimemes-de-los-Polticos\/61565672886568\/","article_published_time":"2021-06-16T23:18:35+00:00","article_modified_time":"2021-06-16T23:47:42+00:00","og_image":[{"url":"http:\/\/www.lospoliticosveracruz.com.mx\/wp-content\/uploads\/2021\/06\/WhatsApp-Image-2021-06-16-at-17.12.21.jpeg","type":"","width":"","height":""}],"author":"Lo viste en Los Pol\u00edticos","twitter_card":"summary_large_image","twitter_creator":"@LosPoliticosVer","twitter_site":"@LosPoliticosVer","twitter_misc":{"Escrito por":"Lo viste en Los Pol\u00edticos","Tiempo de lectura":"3 minutos"},"schema":{"@context":"https:\/\/schema.org","@graph":[{"@type":"Article","@id":"https:\/\/lospoliticosveracruz.com\/?p=75536#article","isPartOf":{"@id":"https:\/\/lospoliticosveracruz.com\/?p=75536"},"author":{"name":"Lo viste en Los Pol\u00edticos","@id":"https:\/\/lospoliticosveracruz.com\/#\/schema\/person\/b8702bb0e538456e6efd07080bf2a4a2"},"headline":"Uno, acosador; otro, cobr\u00f3n de plazas","datePublished":"2021-06-16T23:18:35+00:00","dateModified":"2021-06-16T23:47:42+00:00","mainEntityOfPage":{"@id":"https:\/\/lospoliticosveracruz.com\/?p=75536"},"wordCount":548,"publisher":{"@id":"https:\/\/lospoliticosveracruz.com\/#organization"},"image":{"@id":"https:\/\/lospoliticosveracruz.com\/?p=75536#primaryimage"},"thumbnailUrl":"http:\/\/www.lospoliticosveracruz.com.mx\/wp-content\/uploads\/2021\/06\/WhatsApp-Image-2021-06-16-at-17.12.21.jpeg","keywords":["CNDH","consejero del INE","Cuitl\u00e1huac Garc\u00eda","Dar\u00edo Fabi\u00e1n Hern\u00e1ndez Gonz\u00e1lez","FEVIMTRA","Jos\u00e9 Roberto Ruiz Salda\u00f1a","Rector\u00eda","Universidad Veracruzana"],"articleSection":["Lavadero"],"inLanguage":"es"},{"@type":"WebPage","@id":"https:\/\/lospoliticosveracruz.com\/?p=75536","url":"https:\/\/lospoliticosveracruz.com\/?p=75536","name":"Uno, acosador; otro, cobr\u00f3n de plazas - Los pol\u00edticos Veracruz","isPartOf":{"@id":"https:\/\/lospoliticosveracruz.com\/#website"},"primaryImageOfPage":{"@id":"https:\/\/lospoliticosveracruz.com\/?p=75536#primaryimage"},"image":{"@id":"https:\/\/lospoliticosveracruz.com\/?p=75536#primaryimage"},"thumbnailUrl":"http:\/\/www.lospoliticosveracruz.com.mx\/wp-content\/uploads\/2021\/06\/WhatsApp-Image-2021-06-16-at-17.12.21.jpeg","datePublished":"2021-06-16T23:18:35+00:00","dateModified":"2021-06-16T23:47:42+00:00","breadcrumb":{"@id":"https:\/\/lospoliticosveracruz.com\/?p=75536#breadcrumb"},"inLanguage":"es","potentialAction":[{"@type":"ReadAction","target":["https:\/\/lospoliticosveracruz.com\/?p=75536"]}]},{"@type":"ImageObject","inLanguage":"es","@id":"https:\/\/lospoliticosveracruz.com\/?p=75536#primaryimage","url":"http:\/\/www.lospoliticosveracruz.com.mx\/wp-content\/uploads\/2021\/06\/WhatsApp-Image-2021-06-16-at-17.12.21.jpeg","contentUrl":"http:\/\/www.lospoliticosveracruz.com.mx\/wp-content\/uploads\/2021\/06\/WhatsApp-Image-2021-06-16-at-17.12.21.jpeg"},{"@type":"BreadcrumbList","@id":"https:\/\/lospoliticosveracruz.com\/?p=75536#breadcrumb","itemListElement":[{"@type":"ListItem","position":1,"name":"Portada","item":"https:\/\/lospoliticosveracruz.com\/"},{"@type":"ListItem","position":2,"name":"Uno, acosador; otro, cobr\u00f3n de plazas"}]},{"@type":"WebSite","@id":"https:\/\/lospoliticosveracruz.com\/#website","url":"https:\/\/lospoliticosveracruz.com\/","name":"Los pol\u00edticos Veracruz","description":"","publisher":{"@id":"https:\/\/lospoliticosveracruz.com\/#organization"},"potentialAction":[{"@type":"SearchAction","target":{"@type":"EntryPoint","urlTemplate":"https:\/\/lospoliticosveracruz.com\/?s={search_term_string}"},"query-input":{"@type":"PropertyValueSpecification","valueRequired":true,"valueName":"search_term_string"}}],"inLanguage":"es"},{"@type":"Organization","@id":"https:\/\/lospoliticosveracruz.com\/#organization","name":"Los pol\u00edticos Veracruz","url":"https:\/\/lospoliticosveracruz.com\/","logo":{"@type":"ImageObject","inLanguage":"es","@id":"https:\/\/lospoliticosveracruz.com\/#\/schema\/logo\/image\/","url":"https:\/\/lospoliticosveracruz.com\/wp-content\/uploads\/2025\/12\/Logo-Nuevo-LOS-POLITICOS-1.jpg","contentUrl":"https:\/\/lospoliticosveracruz.com\/wp-content\/uploads\/2025\/12\/Logo-Nuevo-LOS-POLITICOS-1.jpg","width":260,"height":70,"caption":"Los pol\u00edticos Veracruz"},"image":{"@id":"https:\/\/lospoliticosveracruz.com\/#\/schema\/logo\/image\/"},"sameAs":["https:\/\/www.facebook.com\/people\/Notimemes-de-los-Polticos\/61565672886568\/","https:\/\/x.com\/LosPoliticosVer"]},{"@type":"Person","@id":"https:\/\/lospoliticosveracruz.com\/#\/schema\/person\/b8702bb0e538456e6efd07080bf2a4a2","name":"Lo viste en Los Pol\u00edticos","image":{"@type":"ImageObject","inLanguage":"es","@id":"https:\/\/secure.gravatar.com\/avatar\/3a8de04a2656d44082be478bd6c086daa447c4651605818287b9532d3d0bd435?s=96&d=mm&r=g","url":"https:\/\/secure.gravatar.com\/avatar\/3a8de04a2656d44082be478bd6c086daa447c4651605818287b9532d3d0bd435?s=96&d=mm&r=g","contentUrl":"https:\/\/secure.gravatar.com\/avatar\/3a8de04a2656d44082be478bd6c086daa447c4651605818287b9532d3d0bd435?s=96&d=mm&r=g","caption":"Lo viste en Los Pol\u00edticos"},"url":"https:\/\/lospoliticosveracruz.com\/?author=2"}]}},"_links":{"self":[{"href":"https:\/\/lospoliticosveracruz.com\/index.php?rest_route=\/wp\/v2\/posts\/75536","targetHints":{"allow":["GET"]}}],"collection":[{"href":"https:\/\/lospoliticosveracruz.com\/index.php?rest_route=\/wp\/v2\/posts"}],"about":[{"href":"https:\/\/lospoliticosveracruz.com\/index.php?rest_route=\/wp\/v2\/types\/post"}],"author":[{"embeddable":true,"href":"https:\/\/lospoliticosveracruz.com\/index.php?rest_route=\/wp\/v2\/users\/2"}],"replies":[{"embeddable":true,"href":"https:\/\/lospoliticosveracruz.com\/index.php?rest_route=%2Fwp%2Fv2%2Fcomments&post=75536"}],"version-history":[{"count":2,"href":"https:\/\/lospoliticosveracruz.com\/index.php?rest_route=\/wp\/v2\/posts\/75536\/revisions"}],"predecessor-version":[{"id":75538,"href":"https:\/\/lospoliticosveracruz.com\/index.php?rest_route=\/wp\/v2\/posts\/75536\/revisions\/75538"}],"wp:attachment":[{"href":"https:\/\/lospoliticosveracruz.com\/index.php?rest_route=%2Fwp%2Fv2%2Fmedia&parent=75536"}],"wp:term":[{"taxonomy":"category","embeddable":true,"href":"https:\/\/lospoliticosveracruz.com\/index.php?rest_route=%2Fwp%2Fv2%2Fcategories&post=75536"},{"taxonomy":"post_tag","embeddable":true,"href":"https:\/\/lospoliticosveracruz.com\/index.php?rest_route=%2Fwp%2Fv2%2Ftags&post=75536"}],"curies":[{"name":"wp","href":"https:\/\/api.w.org\/{rel}","templated":true}]}}