{"id":75555,"date":"2021-06-16T23:01:56","date_gmt":"2021-06-17T04:01:56","guid":{"rendered":"http:\/\/www.lospoliticosveracruz.com.mx\/?p=75555"},"modified":"2021-06-16T23:02:02","modified_gmt":"2021-06-17T04:02:02","slug":"bolita-a-paty","status":"publish","type":"post","link":"https:\/\/lospoliticosveracruz.com\/?p=75555","title":{"rendered":"Bolita a Paty!"},"content":{"rendered":"\n<p><\/p>\n\n\n\n<p><strong>Veracruz<\/strong><br>La coalici\u00f3n \u201cJuntos Haremos Historia en Veracruz\u201d que integran Morena-PVEM-PT present\u00f3 ante el Consejo Municipal del OPLE en Veracruz el recurso de inconformidad contra los resultados del acta de c\u00f3mputo, la entrega de constancia de mayor\u00eda y validez de la elecci\u00f3n para la alcald\u00eda de Veracruz.<br>Los partidos pol\u00edticos que tambi\u00e9n impugnaron fueron: Partido Encuentro Social (PES), Redes Sociales Progresistas (RSP) y Unidad Ciudadana (UC).<br>El representante propietario de Morena ante el Consejo Municipal del OPLE Veracruz, Pedro Pablo Chirinos Ben\u00edtez, detall\u00f3 que piden la nulidad de la elecci\u00f3n, por la serie de irregularidades que se presentaron durante todo el proceso.<br>Se\u00f1al\u00f3 que tienen los argumentos muy consolidados, las pruebas, y con la ley en la mano van a defender el resultado en los tribunales.<br>Aclar\u00f3 que esta no es la primera vez que se da una litigaci\u00f3n por un tema relacionado con esta alcald\u00eda, en donde el tribunal termina enmendando la plana, \u201cAs\u00ed son los procesos electorales se tiene que judicializar, la autoridad tiene que intervenir para revisar qu\u00e9 es lo que pas\u00f3 cuando hay tanta interferencia de las que generan dudas razonables en la certeza de los votos y en la libertad de los ciudadanos\u201d.<\/p>\n\n\n\n<p>VOTACI\u00d3N EN CASILLAS Y C\u00d3MPUTO DE LAS ACTAS<\/p>\n\n\n\n<p>Chirinos Ben\u00edtez detall\u00f3 que dividieron la demanda en tres partes:<br>La primera es sobre la votaci\u00f3n recibida en las casillas, \u201cEstamos cuestionando en aproximadamente 160 casillas, si fueron debidamente integradas, si existe error o dolo en el escrutinio y c\u00f3mputo de las actas que se levantaron con ese motivo, y si se dej\u00f3 o no votaran a los representantes de nuestros partidos pol\u00edticos ah\u00ed\u201d.<br>Tambi\u00e9n revisan si las casillas fueron instaladas en los lugares que autoriz\u00f3 la autoridad electoral, pues han encontrado irregularidades en 160 paquetes.<\/p>\n\n\n\n<p>VOTOS FAVORABLES PARA RICARDO EXSOME<\/p>\n\n\n\n<p>Con esa primera parte de la impugnaci\u00f3n, estiman que despu\u00e9s de anular esas casillas obtendr\u00e1n un aproximado de 5 mil votos favorables a Ricardo Exsome, pero si eso no ocurriera pedir\u00e1n la nulidad de la elecci\u00f3n en tres ejes: Todas las irregularidades que hubo en el c\u00f3mputo municipal, la entrega completa de la parcialidad del presidente del Consejo Municipal del OPLE en el puerto de Veracruz, Roberto Castillo Guti\u00e9rrez a favor del PAN; c\u00f3mo cometi\u00f3 acciones unilaterales sin someterlas a votaci\u00f3n del propio consejo, cotej\u00f3 actas de notarios hechas de manera ilegal, sobre una copia que usaron como un documento original.<\/p>\n\n\n\n<p>NEGLIGENCIA DE P\u00c9RDIDA DE 20 ACTAS<\/p>\n\n\n\n<p>Est\u00e1 el descuido que hubo y la negligencia al perder 20 actas de paquetes que fueron recontados, pues primero a trav\u00e9s de la secretaria del consejo del OPLE dijeron que se extraviaron, luego dijeron que no, que nunca lo sacaron de la bodega y acabaron recontando tres veces lo que es contrario a la norma.<br>Solicitaron una relaci\u00f3n de los c\u00f3digos QR del sistema que ellos utilizaron para extraer los paquetes de la bodega, pero nunca se los proporcionaron, como tampoco les dieron el acta de c\u00f3mputo municipal, ni los cortes del c\u00f3mputo, fue un desorden por completo ah\u00ed.<br>La Polic\u00eda Municipal de Veracruz permaneci\u00f3 apostada a las afueras del Consejo controlando los accesos de los representantes a las mesas de recuento de votaci\u00f3n, propiciando que no tuvieran representaci\u00f3n por lapsos amplios, con lo que se alter\u00f3 la certeza que ah\u00ed pasaba.<\/p>\n\n\n\n<p>ELECCI\u00d3N PLAGADA DE IRREGULARIDADES<\/p>\n\n\n\n<p>En el recuento voto por voto, casilla por casilla que hicieron al exhibir una diferencia num\u00e9rica del .89 por ciento entre el segundo y primer lugar, tan s\u00f3lo por esto se debi\u00f3 haber decretado autom\u00e1ticamente el recuento total de paquetes, pero no lo resolvi\u00f3 el presidente del Consejo; se abstuvo de hacerlo y sigui\u00f3 fallando a favor del PAN junto con el Consejo Municipal de manera reiterada<br>Promovieron un impedimento del presidente, una excusa, su remoci\u00f3n contra esas conductas; una apelaci\u00f3n porque en el Consejo General del OPLE no atrajeron esta elecci\u00f3n y adjuntaron todas las denuncias y las quejas que est\u00e1n pendientes, no s\u00f3lo en materia electoral que son aproximadamente 10 entre procedimientos de fiscalizaci\u00f3n y procedimientos sancionadores, sino tambi\u00e9n las del contexto de la elecci\u00f3n.<\/p>\n\n\n\n<p>FRAUDE ELECTORAL DURANTE TODO EL PROCESO<\/p>\n\n\n\n<p>Eso los lleva al segundo de los argumentos: Hicieron ellos un fraude electoral, cometieron fraude de manera sistem\u00e1tica durante todo el proceso, desde el inicio del procedimiento interno del PAN en donde se impidi\u00f3 la participaci\u00f3n de sus militantes, lastimaron a sus compa\u00f1eros y esto da un antecedente de c\u00f3mo operan los procesos electorales, se los roban.<br>El robo continu\u00f3 de manera dolosa, creando artificios para poder registrar a un candidato que no cumpl\u00eda con las cualidades que la ley establece y a sabiendas de eso pidieron el registro ante la autoridad y lo litigaron tratando de hacer v\u00e1lidas actuaciones que fueron obtenidas con declaraciones falsas; en eso hay responsabilidades penales para todas estas situaciones.<br>El entrevistado dijo que todo lo est\u00e1n recogiendo para se\u00f1alar que si bien el Tribunal Estatal Electoral invalid\u00f3 la candidatura de Miguel \u00c1ngel Yunes M\u00e1rquez, \u00e9l continu\u00f3 haciendo su campa\u00f1a con m\u00edtines y marchas multitudinarias y que sigui\u00f3 pidiendo el voto a trav\u00e9s de la se\u00f1ora Patricia Lobeira.<\/p>\n\n\n\n<p>REBASE EN TOPE DE GASTOS DE CAMPA\u00d1A<\/p>\n\n\n\n<p>La tercera parte es que ellos cometieron un rebase en el tope de gastos de campa\u00f1a, tenemos documentados y cuantificado todo el despliegue que hubo de m\u00faltiples eventos que hicieron, que el INE registr\u00f3 como eventos no onerosos, siendo que s\u00ed representaban gastos.<br>En el momento procesal oportuno, cuando ellos hayan desahogado su contabilidad, aportar\u00e1n eso para que el Tribunal resuelva y cuantifique, porque ellos gastaron much\u00edsimo m\u00e1s dinero que las prerrogativas del partido y de los partidos que su coalici\u00f3n les puede llegar a acumular.<br>Tendr\u00e1n que aclarar las aportaciones, los proveedores, que ellos tienen el antecedente de utilizar proveedores fantasmas.<br>Hacen toda esta investigaci\u00f3n y lo pondr\u00e1n en conocimiento de la autoridad para que de no considerar que con la nulidad de la votaci\u00f3n recibida en casillas haya un cambio de ganador, pues s\u00ed pedir la nulidad de toda la elecci\u00f3n para que se vuelva a hacer de manera pulcra y sin la intervenci\u00f3n del ayuntamiento de Veracruz, que fue un hecho por todos conocidos que intervino el d\u00eda de la jornada a trav\u00e9s de su alcalde Fernando Yunes M\u00e1rquez.<br>Tras entregar el recurso el OPLE lo publicita por 72 horas y resuelve.<br>\u201cEllos contestar\u00e1n a nuestra demanda defendi\u00e9ndose de lo que nosotros se\u00f1alamos, ellos posiblemente presenten una demanda tambi\u00e9n, nosotros contestaremos la demanda de ellos\u201d.<br>Despu\u00e9s el recurso se remite al Tribunal donde van a llamar a todas estas autoridades ante las que qued\u00f3 evidencia de las ilegalidades que ellos cometieron todo este tiempo y va a revisar todo, desde que inici\u00f3 el proceso, lo que pas\u00f3 el d\u00eda de la jornada y toda esta desviaci\u00f3n de poder que hizo el presidente del Consejo Municipal del OPLE y el fraude a la ley que ellos pretendieron hacer mediante la postulaci\u00f3n ilegal de un candidato que no tiene la residencia aqu\u00ed en el puerto de Veracruz\u201d.<br>\u201cEn un lapso de cuatro a seis semanas pudieran tenerse una primera sentencia, para despu\u00e9s acudir en todo caso ganando a la Sala Regional a defender la sentencia favorable, que siempre es un proceso que se agota en dos instancias, uno estatal y una federal y all\u00e1, yo creo en un lapso de dos o tres semanas posteriores a la nueva demanda podr\u00eda terminar de resolverse en definitiva\u201d, expres\u00f3 Chirinos Ben\u00edtez.<\/p>\n","protected":false},"excerpt":{"rendered":"<p>VeracruzLa coalici\u00f3n \u201cJuntos Haremos Historia en Veracruz\u201d que integran Morena-PVEM-PT present\u00f3 ante el Consejo Municipal del OPLE en Veracruz el recurso de inconformidad contra los resultados del acta de c\u00f3mputo, la entrega de constancia de mayor\u00eda y validez de la elecci\u00f3n para la alcald\u00eda de Veracruz.Los partidos pol\u00edticos que tambi\u00e9n impugnaron fueron: Partido Encuentro Social [&hellip;]<\/p>\n","protected":false},"author":2,"featured_media":0,"comment_status":"closed","ping_status":"closed","sticky":false,"template":"","format":"standard","meta":{"tdm_status":"","tdm_grid_status":"","footnotes":""},"categories":[73],"tags":[26116,12446,28226,28889,437,13435,195],"class_list":{"0":"post-75555","1":"post","2":"type-post","3":"status-publish","4":"format-standard","6":"category-de-boleto","7":"tag-morena-pvem-pt","8":"tag-ople-veracruz","9":"tag-paty-lobeira-de-yunes","10":"tag-pedro-pablo-chirinos-benitez","11":"tag-pes","12":"tag-ricardo-exsome-zapata","13":"tag-veracruz"},"yoast_head":"<!-- This site is optimized with the Yoast SEO plugin v27.4 - https:\/\/yoast.com\/product\/yoast-seo-wordpress\/ -->\n<title>Bolita a Paty! - Los pol\u00edticos Veracruz<\/title>\n<meta name=\"robots\" content=\"index, follow, max-snippet:-1, max-image-preview:large, max-video-preview:-1\" \/>\n<link rel=\"canonical\" href=\"https:\/\/lospoliticosveracruz.com\/?p=75555\" \/>\n<meta property=\"og:locale\" content=\"es_ES\" \/>\n<meta property=\"og:type\" content=\"article\" \/>\n<meta property=\"og:title\" content=\"Bolita a Paty! - Los pol\u00edticos Veracruz\" \/>\n<meta property=\"og:description\" content=\"VeracruzLa coalici\u00f3n \u201cJuntos Haremos Historia en Veracruz\u201d que integran Morena-PVEM-PT present\u00f3 ante el Consejo Municipal del OPLE en Veracruz el recurso de inconformidad contra los resultados del acta de c\u00f3mputo, la entrega de constancia de mayor\u00eda y validez de la elecci\u00f3n para la alcald\u00eda de Veracruz.Los partidos pol\u00edticos que tambi\u00e9n impugnaron fueron: Partido Encuentro Social [&hellip;]\" \/>\n<meta property=\"og:url\" content=\"https:\/\/lospoliticosveracruz.com\/?p=75555\" \/>\n<meta property=\"og:site_name\" content=\"Los pol\u00edticos Veracruz\" \/>\n<meta property=\"article:publisher\" content=\"https:\/\/www.facebook.com\/people\/Notimemes-de-los-Polticos\/61565672886568\/\" \/>\n<meta property=\"article:published_time\" content=\"2021-06-17T04:01:56+00:00\" \/>\n<meta property=\"article:modified_time\" content=\"2021-06-17T04:02:02+00:00\" \/>\n<meta property=\"og:image\" content=\"https:\/\/lospoliticosveracruz.com\/wp-content\/uploads\/2016\/07\/Logo-Dor.jpg\" \/>\n\t<meta property=\"og:image:width\" content=\"200\" \/>\n\t<meta property=\"og:image:height\" content=\"200\" \/>\n\t<meta property=\"og:image:type\" content=\"image\/jpeg\" \/>\n<meta name=\"author\" content=\"Lo viste en Los Pol\u00edticos\" \/>\n<meta name=\"twitter:card\" content=\"summary_large_image\" \/>\n<meta name=\"twitter:creator\" content=\"@LosPoliticosVer\" \/>\n<meta name=\"twitter:site\" content=\"@LosPoliticosVer\" \/>\n<meta name=\"twitter:label1\" content=\"Escrito por\" \/>\n\t<meta name=\"twitter:data1\" content=\"Lo viste en Los Pol\u00edticos\" \/>\n\t<meta name=\"twitter:label2\" content=\"Tiempo de lectura\" \/>\n\t<meta name=\"twitter:data2\" content=\"7 minutos\" \/>\n<script type=\"application\/ld+json\" class=\"yoast-schema-graph\">{\"@context\":\"https:\\\/\\\/schema.org\",\"@graph\":[{\"@type\":\"Article\",\"@id\":\"https:\\\/\\\/lospoliticosveracruz.com\\\/?p=75555#article\",\"isPartOf\":{\"@id\":\"https:\\\/\\\/lospoliticosveracruz.com\\\/?p=75555\"},\"author\":{\"name\":\"Lo viste en Los Pol\u00edticos\",\"@id\":\"https:\\\/\\\/lospoliticosveracruz.com\\\/#\\\/schema\\\/person\\\/b8702bb0e538456e6efd07080bf2a4a2\"},\"headline\":\"Bolita a Paty!\",\"datePublished\":\"2021-06-17T04:01:56+00:00\",\"dateModified\":\"2021-06-17T04:02:02+00:00\",\"mainEntityOfPage\":{\"@id\":\"https:\\\/\\\/lospoliticosveracruz.com\\\/?p=75555\"},\"wordCount\":1315,\"publisher\":{\"@id\":\"https:\\\/\\\/lospoliticosveracruz.com\\\/#organization\"},\"keywords\":[\"MORENA-PVEM-PT\",\"OPLE Veracruz\",\"Paty Lobeira de Yunes\",\"Pedro Pablo Chirinos Ben\u00edtez\",\"PES\",\"Ricardo Exsome Zapata\",\"Veracruz\"],\"articleSection\":[\"De Boleto\"],\"inLanguage\":\"es\"},{\"@type\":\"WebPage\",\"@id\":\"https:\\\/\\\/lospoliticosveracruz.com\\\/?p=75555\",\"url\":\"https:\\\/\\\/lospoliticosveracruz.com\\\/?p=75555\",\"name\":\"Bolita a Paty! - Los pol\u00edticos Veracruz\",\"isPartOf\":{\"@id\":\"https:\\\/\\\/lospoliticosveracruz.com\\\/#website\"},\"datePublished\":\"2021-06-17T04:01:56+00:00\",\"dateModified\":\"2021-06-17T04:02:02+00:00\",\"breadcrumb\":{\"@id\":\"https:\\\/\\\/lospoliticosveracruz.com\\\/?p=75555#breadcrumb\"},\"inLanguage\":\"es\",\"potentialAction\":[{\"@type\":\"ReadAction\",\"target\":[\"https:\\\/\\\/lospoliticosveracruz.com\\\/?p=75555\"]}]},{\"@type\":\"BreadcrumbList\",\"@id\":\"https:\\\/\\\/lospoliticosveracruz.com\\\/?p=75555#breadcrumb\",\"itemListElement\":[{\"@type\":\"ListItem\",\"position\":1,\"name\":\"Portada\",\"item\":\"https:\\\/\\\/lospoliticosveracruz.com\\\/\"},{\"@type\":\"ListItem\",\"position\":2,\"name\":\"Bolita a Paty!\"}]},{\"@type\":\"WebSite\",\"@id\":\"https:\\\/\\\/lospoliticosveracruz.com\\\/#website\",\"url\":\"https:\\\/\\\/lospoliticosveracruz.com\\\/\",\"name\":\"Los pol\u00edticos Veracruz\",\"description\":\"\",\"publisher\":{\"@id\":\"https:\\\/\\\/lospoliticosveracruz.com\\\/#organization\"},\"potentialAction\":[{\"@type\":\"SearchAction\",\"target\":{\"@type\":\"EntryPoint\",\"urlTemplate\":\"https:\\\/\\\/lospoliticosveracruz.com\\\/?s={search_term_string}\"},\"query-input\":{\"@type\":\"PropertyValueSpecification\",\"valueRequired\":true,\"valueName\":\"search_term_string\"}}],\"inLanguage\":\"es\"},{\"@type\":\"Organization\",\"@id\":\"https:\\\/\\\/lospoliticosveracruz.com\\\/#organization\",\"name\":\"Los pol\u00edticos Veracruz\",\"url\":\"https:\\\/\\\/lospoliticosveracruz.com\\\/\",\"logo\":{\"@type\":\"ImageObject\",\"inLanguage\":\"es\",\"@id\":\"https:\\\/\\\/lospoliticosveracruz.com\\\/#\\\/schema\\\/logo\\\/image\\\/\",\"url\":\"https:\\\/\\\/lospoliticosveracruz.com\\\/wp-content\\\/uploads\\\/2025\\\/12\\\/Logo-Nuevo-LOS-POLITICOS-1.jpg\",\"contentUrl\":\"https:\\\/\\\/lospoliticosveracruz.com\\\/wp-content\\\/uploads\\\/2025\\\/12\\\/Logo-Nuevo-LOS-POLITICOS-1.jpg\",\"width\":260,\"height\":70,\"caption\":\"Los pol\u00edticos Veracruz\"},\"image\":{\"@id\":\"https:\\\/\\\/lospoliticosveracruz.com\\\/#\\\/schema\\\/logo\\\/image\\\/\"},\"sameAs\":[\"https:\\\/\\\/www.facebook.com\\\/people\\\/Notimemes-de-los-Polticos\\\/61565672886568\\\/\",\"https:\\\/\\\/x.com\\\/LosPoliticosVer\"]},{\"@type\":\"Person\",\"@id\":\"https:\\\/\\\/lospoliticosveracruz.com\\\/#\\\/schema\\\/person\\\/b8702bb0e538456e6efd07080bf2a4a2\",\"name\":\"Lo viste en Los Pol\u00edticos\",\"image\":{\"@type\":\"ImageObject\",\"inLanguage\":\"es\",\"@id\":\"https:\\\/\\\/secure.gravatar.com\\\/avatar\\\/3a8de04a2656d44082be478bd6c086daa447c4651605818287b9532d3d0bd435?s=96&d=mm&r=g\",\"url\":\"https:\\\/\\\/secure.gravatar.com\\\/avatar\\\/3a8de04a2656d44082be478bd6c086daa447c4651605818287b9532d3d0bd435?s=96&d=mm&r=g\",\"contentUrl\":\"https:\\\/\\\/secure.gravatar.com\\\/avatar\\\/3a8de04a2656d44082be478bd6c086daa447c4651605818287b9532d3d0bd435?s=96&d=mm&r=g\",\"caption\":\"Lo viste en Los Pol\u00edticos\"},\"url\":\"https:\\\/\\\/lospoliticosveracruz.com\\\/?author=2\"}]}<\/script>\n<!-- \/ Yoast SEO plugin. -->","yoast_head_json":{"title":"Bolita a Paty! - Los pol\u00edticos Veracruz","robots":{"index":"index","follow":"follow","max-snippet":"max-snippet:-1","max-image-preview":"max-image-preview:large","max-video-preview":"max-video-preview:-1"},"canonical":"https:\/\/lospoliticosveracruz.com\/?p=75555","og_locale":"es_ES","og_type":"article","og_title":"Bolita a Paty! - Los pol\u00edticos Veracruz","og_description":"VeracruzLa coalici\u00f3n \u201cJuntos Haremos Historia en Veracruz\u201d que integran Morena-PVEM-PT present\u00f3 ante el Consejo Municipal del OPLE en Veracruz el recurso de inconformidad contra los resultados del acta de c\u00f3mputo, la entrega de constancia de mayor\u00eda y validez de la elecci\u00f3n para la alcald\u00eda de Veracruz.Los partidos pol\u00edticos que tambi\u00e9n impugnaron fueron: Partido Encuentro Social [&hellip;]","og_url":"https:\/\/lospoliticosveracruz.com\/?p=75555","og_site_name":"Los pol\u00edticos Veracruz","article_publisher":"https:\/\/www.facebook.com\/people\/Notimemes-de-los-Polticos\/61565672886568\/","article_published_time":"2021-06-17T04:01:56+00:00","article_modified_time":"2021-06-17T04:02:02+00:00","og_image":[{"width":200,"height":200,"url":"https:\/\/lospoliticosveracruz.com\/wp-content\/uploads\/2016\/07\/Logo-Dor.jpg","type":"image\/jpeg"}],"author":"Lo viste en Los Pol\u00edticos","twitter_card":"summary_large_image","twitter_creator":"@LosPoliticosVer","twitter_site":"@LosPoliticosVer","twitter_misc":{"Escrito por":"Lo viste en Los Pol\u00edticos","Tiempo de lectura":"7 minutos"},"schema":{"@context":"https:\/\/schema.org","@graph":[{"@type":"Article","@id":"https:\/\/lospoliticosveracruz.com\/?p=75555#article","isPartOf":{"@id":"https:\/\/lospoliticosveracruz.com\/?p=75555"},"author":{"name":"Lo viste en Los Pol\u00edticos","@id":"https:\/\/lospoliticosveracruz.com\/#\/schema\/person\/b8702bb0e538456e6efd07080bf2a4a2"},"headline":"Bolita a Paty!","datePublished":"2021-06-17T04:01:56+00:00","dateModified":"2021-06-17T04:02:02+00:00","mainEntityOfPage":{"@id":"https:\/\/lospoliticosveracruz.com\/?p=75555"},"wordCount":1315,"publisher":{"@id":"https:\/\/lospoliticosveracruz.com\/#organization"},"keywords":["MORENA-PVEM-PT","OPLE Veracruz","Paty Lobeira de Yunes","Pedro Pablo Chirinos Ben\u00edtez","PES","Ricardo Exsome Zapata","Veracruz"],"articleSection":["De Boleto"],"inLanguage":"es"},{"@type":"WebPage","@id":"https:\/\/lospoliticosveracruz.com\/?p=75555","url":"https:\/\/lospoliticosveracruz.com\/?p=75555","name":"Bolita a Paty! - Los pol\u00edticos Veracruz","isPartOf":{"@id":"https:\/\/lospoliticosveracruz.com\/#website"},"datePublished":"2021-06-17T04:01:56+00:00","dateModified":"2021-06-17T04:02:02+00:00","breadcrumb":{"@id":"https:\/\/lospoliticosveracruz.com\/?p=75555#breadcrumb"},"inLanguage":"es","potentialAction":[{"@type":"ReadAction","target":["https:\/\/lospoliticosveracruz.com\/?p=75555"]}]},{"@type":"BreadcrumbList","@id":"https:\/\/lospoliticosveracruz.com\/?p=75555#breadcrumb","itemListElement":[{"@type":"ListItem","position":1,"name":"Portada","item":"https:\/\/lospoliticosveracruz.com\/"},{"@type":"ListItem","position":2,"name":"Bolita a Paty!"}]},{"@type":"WebSite","@id":"https:\/\/lospoliticosveracruz.com\/#website","url":"https:\/\/lospoliticosveracruz.com\/","name":"Los pol\u00edticos Veracruz","description":"","publisher":{"@id":"https:\/\/lospoliticosveracruz.com\/#organization"},"potentialAction":[{"@type":"SearchAction","target":{"@type":"EntryPoint","urlTemplate":"https:\/\/lospoliticosveracruz.com\/?s={search_term_string}"},"query-input":{"@type":"PropertyValueSpecification","valueRequired":true,"valueName":"search_term_string"}}],"inLanguage":"es"},{"@type":"Organization","@id":"https:\/\/lospoliticosveracruz.com\/#organization","name":"Los pol\u00edticos Veracruz","url":"https:\/\/lospoliticosveracruz.com\/","logo":{"@type":"ImageObject","inLanguage":"es","@id":"https:\/\/lospoliticosveracruz.com\/#\/schema\/logo\/image\/","url":"https:\/\/lospoliticosveracruz.com\/wp-content\/uploads\/2025\/12\/Logo-Nuevo-LOS-POLITICOS-1.jpg","contentUrl":"https:\/\/lospoliticosveracruz.com\/wp-content\/uploads\/2025\/12\/Logo-Nuevo-LOS-POLITICOS-1.jpg","width":260,"height":70,"caption":"Los pol\u00edticos Veracruz"},"image":{"@id":"https:\/\/lospoliticosveracruz.com\/#\/schema\/logo\/image\/"},"sameAs":["https:\/\/www.facebook.com\/people\/Notimemes-de-los-Polticos\/61565672886568\/","https:\/\/x.com\/LosPoliticosVer"]},{"@type":"Person","@id":"https:\/\/lospoliticosveracruz.com\/#\/schema\/person\/b8702bb0e538456e6efd07080bf2a4a2","name":"Lo viste en Los Pol\u00edticos","image":{"@type":"ImageObject","inLanguage":"es","@id":"https:\/\/secure.gravatar.com\/avatar\/3a8de04a2656d44082be478bd6c086daa447c4651605818287b9532d3d0bd435?s=96&d=mm&r=g","url":"https:\/\/secure.gravatar.com\/avatar\/3a8de04a2656d44082be478bd6c086daa447c4651605818287b9532d3d0bd435?s=96&d=mm&r=g","contentUrl":"https:\/\/secure.gravatar.com\/avatar\/3a8de04a2656d44082be478bd6c086daa447c4651605818287b9532d3d0bd435?s=96&d=mm&r=g","caption":"Lo viste en Los Pol\u00edticos"},"url":"https:\/\/lospoliticosveracruz.com\/?author=2"}]}},"_links":{"self":[{"href":"https:\/\/lospoliticosveracruz.com\/index.php?rest_route=\/wp\/v2\/posts\/75555","targetHints":{"allow":["GET"]}}],"collection":[{"href":"https:\/\/lospoliticosveracruz.com\/index.php?rest_route=\/wp\/v2\/posts"}],"about":[{"href":"https:\/\/lospoliticosveracruz.com\/index.php?rest_route=\/wp\/v2\/types\/post"}],"author":[{"embeddable":true,"href":"https:\/\/lospoliticosveracruz.com\/index.php?rest_route=\/wp\/v2\/users\/2"}],"replies":[{"embeddable":true,"href":"https:\/\/lospoliticosveracruz.com\/index.php?rest_route=%2Fwp%2Fv2%2Fcomments&post=75555"}],"version-history":[{"count":1,"href":"https:\/\/lospoliticosveracruz.com\/index.php?rest_route=\/wp\/v2\/posts\/75555\/revisions"}],"predecessor-version":[{"id":75557,"href":"https:\/\/lospoliticosveracruz.com\/index.php?rest_route=\/wp\/v2\/posts\/75555\/revisions\/75557"}],"wp:attachment":[{"href":"https:\/\/lospoliticosveracruz.com\/index.php?rest_route=%2Fwp%2Fv2%2Fmedia&parent=75555"}],"wp:term":[{"taxonomy":"category","embeddable":true,"href":"https:\/\/lospoliticosveracruz.com\/index.php?rest_route=%2Fwp%2Fv2%2Fcategories&post=75555"},{"taxonomy":"post_tag","embeddable":true,"href":"https:\/\/lospoliticosveracruz.com\/index.php?rest_route=%2Fwp%2Fv2%2Ftags&post=75555"}],"curies":[{"name":"wp","href":"https:\/\/api.w.org\/{rel}","templated":true}]}}