{"id":75623,"date":"2021-06-18T07:46:21","date_gmt":"2021-06-18T12:46:21","guid":{"rendered":"http:\/\/www.lospoliticosveracruz.com.mx\/?p=75623"},"modified":"2021-06-18T07:46:53","modified_gmt":"2021-06-18T12:46:53","slug":"exsome-2024-un-chiquiyunes-en-alto-lucero","status":"publish","type":"post","link":"https:\/\/lospoliticosveracruz.com\/?p=75623","title":{"rendered":"Exsome, 2024; un \u201cChiquiyunes\u201d en Alto Lucero"},"content":{"rendered":"\n<p><strong>Salvador Mu\u00f1oz<\/strong><\/p>\n\n\n\n<p><em>Los Pol\u00edticos<br><\/em><\/p>\n\n\n\n<p>Quien crey\u00f3 que pasado el 6 de junio todo hab\u00eda terminado, se equivoca\u2026 despu\u00e9s del c\u00f3mputo de casillas, ya est\u00e1n en el horno las impugnaciones que dicho sea de paso, tienen sus asegunes, dependiendo de c\u00f3mo se les vea y en algunos casos, la trascendencia pol\u00edtica que implica un rev\u00e9s en los resultados\u2026<\/p>\n\n\n\n<div class=\"wp-block-image\"><figure class=\"alignleft size-large\"><a href=\"http:\/\/www.lospoliticosveracruz.com.mx\/wp-content\/uploads\/2021\/06\/WhatsApp-Image-2021-06-16-at-17.12.21.jpeg\"><img decoding=\"async\" src=\"http:\/\/www.lospoliticosveracruz.com.mx\/wp-content\/uploads\/2021\/06\/WhatsApp-Image-2021-06-16-at-17.12.21.jpeg\" alt=\"\" class=\"wp-image-75531\"\/><\/a><\/figure><\/div>\n\n\n\n<p><br>Un ejemplo de ello es el Puerto de Veracruz donde Ricardo Exsome no quita el dedo del rengl\u00f3n para tratar de ganar ahora, en los Tribunales, como \u00e9l mismo lo cit\u00f3, la presidencia municipal de Veracruz.<br>Hagamos uso del imaginario y d\u00e9mosle el triunfo en los Tribunales a Ricardo Exsome\u2026 a simple vista, el mantener en manos de Morena la capital de la entidad, se vuelve intrascendente en esos momentos, para hacer de Exsome Zapata \u201cel h\u00e9roe de la pel\u00edcula, pap\u00e1\u201d, y lo ubicar\u00eda entre los ediles m\u00e1s poderosos del estado y del pa\u00eds por todo lo que conlleva el primer ayuntamiento del pa\u00eds, tanto en lo cultural, hist\u00f3rico y sobre todo, econ\u00f3mico\u2026<br>Agregue que el triunfo en Tribunales de Exsome, podr\u00eda significar un tropez\u00f3n muy severo, hasta con raspado de rodillas, para las aspiraciones de cualquiera de los dos Yunes con miras al 2024\u2026 \u00a1doblemente \u201ch\u00e9roe de la pel\u00edcula, pap\u00e1\u201d!<br>\u00bfY la cereza del pastel? El Puerto, guste o no, es un referente sin igual tanto para nosotros los nacidos en el estado, como para el resto del pa\u00eds que ven a este municipio como uno que encierra al resto. De Norte a Sur, Veracruz es el Puerto, todos somos jarochos. El Puerto pues, es el balc\u00f3n al que cualquier pol\u00edtico quisiera asomarse nom\u00e1s pa\u2019 que le d\u00e9 el aire\u2026 en este caso, si se asoma Ricardo, lo convierte en autom\u00e1tico como un serio aspirante a la gubernatura para este 2024, y han de disculpar los ahuedistas y nahlistas, pero con mayor peso\u2026 y pesos.<br>V\u00e9anlo as\u00ed:<br>Si acaso cualquiera de los dos Yunes (Fer o Miguel) contendiera por la gubernatura este 2024, el poner a Exsome en la misma justa, quedar\u00edan en el escenario electoral un derrotado contra un vencedor del proceso 2021. Pongan esto en la percepci\u00f3n ciudadana.<br>As\u00ed, f\u00e1cilmente, con un Exsome triunfador en los Tribunales, estar\u00edamos dejando fuera a una zacatecana Roc\u00edo Nahle y a un pachuquense Ricardo Ahued, para poner a un jarocho 100 por ciento en la pugna por la gubernatura en el siguiente proceso\u2026<br>Ac\u00e1, tenemos una percepci\u00f3n totalmente pol\u00edtica de la impugnaci\u00f3n a un triunfo\u2026 aunque tambi\u00e9n tenemos otros casos donde podemos abanderar unos aspectos que hablan de la legalidad, la justicia y la congruencia, como en Alto Lucero.<br>Uno de los argumentos que Morena utiliz\u00f3 para tumbar la candidatura de Miguel \u00c1ngel Yunes M\u00e1rquez, fue el requisito de Residencia. Pues uno de los candidatos en este municipio cuna de Paquita la del Barrio, ni naci\u00f3 en Alto Lucero ni ten\u00eda residencia en Alto Lucero.<br>Nos referimos a Vicente Aguilar Castillo, hijo del dirigente estatal del PT, quien contendi\u00f3 por la presidencia municipal de Alto Lucero.<br>Hasta donde se sabe, por estos d\u00edas, por fin ha de habitar una casa en Cerrillos, sito que dio a las autoridades para \u201ccumplir\u201d el requisito de domicilio pero que ma\u00f1osamente no hubo constancia de ello.<br>Entonces, si no vive en Alto Lucero y tampoco no naci\u00f3 en Alto Lucero, \u00bfde d\u00f3nde chinitas es? Fue registrado en Naucalpan de Ju\u00e1rez, Estado de M\u00e9xico.<br>Agregue que en el 2017 estaba contemplado como candidato a regidor Tercero \u00a1en Emiliano Zapata!<br>Vamos, si hubo mucha exigencia por la residencia del Chiquiyunes, bien se ver\u00eda el partido en el Poder y sus aliados, que le echaran una miradita a la viga que se cargan.<br>\u00a1Conste! Que por principio, hablamos de la posibilidad de falsificaci\u00f3n de documentos y por ende, la ilegalidad del candidato del PT a la presidencia municipal\u2026 aparte se cuecen las irregularidades en el proceso electoral donde se involucra al OPLE local\u2026 pero eso es tema para otra columna\u2026<\/p>\n\n\n\n<p>smcainito@gmail.com<\/p>\n","protected":false},"excerpt":{"rendered":"<p>Salvador Mu\u00f1oz Los Pol\u00edticos Quien crey\u00f3 que pasado el 6 de junio todo hab\u00eda terminado, se equivoca\u2026 despu\u00e9s del c\u00f3mputo de casillas, ya est\u00e1n en el horno las impugnaciones que dicho sea de paso, tienen sus asegunes, dependiendo de c\u00f3mo se les vea y en algunos casos, la trascendencia pol\u00edtica que implica un rev\u00e9s en [&hellip;]<\/p>\n","protected":false},"author":2,"featured_media":0,"comment_status":"closed","ping_status":"closed","sticky":false,"template":"","format":"standard","meta":{"tdm_status":"","tdm_grid_status":"","footnotes":""},"categories":[70],"tags":[4733,818,2289,876,13435,3578,2646,195],"class_list":{"0":"post-75623","1":"post","2":"type-post","3":"status-publish","4":"format-standard","6":"category-de-opinion","7":"tag-alto-lucero","8":"tag-fernando-yunes-marquez","9":"tag-pt","10":"tag-ricardo-ahued","11":"tag-ricardo-exsome-zapata","12":"tag-rocio-nahle","13":"tag-salvador-munoz","14":"tag-veracruz"},"yoast_head":"<!-- This site is optimized with the Yoast SEO plugin v27.4 - https:\/\/yoast.com\/product\/yoast-seo-wordpress\/ -->\n<title>Exsome, 2024; un \u201cChiquiyunes\u201d en Alto Lucero - Los pol\u00edticos Veracruz<\/title>\n<meta name=\"robots\" content=\"index, follow, max-snippet:-1, max-image-preview:large, max-video-preview:-1\" \/>\n<link rel=\"canonical\" href=\"https:\/\/lospoliticosveracruz.com\/?p=75623\" \/>\n<meta property=\"og:locale\" content=\"es_ES\" \/>\n<meta property=\"og:type\" content=\"article\" \/>\n<meta property=\"og:title\" content=\"Exsome, 2024; un \u201cChiquiyunes\u201d en Alto Lucero - Los pol\u00edticos Veracruz\" \/>\n<meta property=\"og:description\" content=\"Salvador Mu\u00f1oz Los Pol\u00edticos Quien crey\u00f3 que pasado el 6 de junio todo hab\u00eda terminado, se equivoca\u2026 despu\u00e9s del c\u00f3mputo de casillas, ya est\u00e1n en el horno las impugnaciones que dicho sea de paso, tienen sus asegunes, dependiendo de c\u00f3mo se les vea y en algunos casos, la trascendencia pol\u00edtica que implica un rev\u00e9s en [&hellip;]\" \/>\n<meta property=\"og:url\" content=\"https:\/\/lospoliticosveracruz.com\/?p=75623\" \/>\n<meta property=\"og:site_name\" content=\"Los pol\u00edticos Veracruz\" \/>\n<meta property=\"article:publisher\" content=\"https:\/\/www.facebook.com\/people\/Notimemes-de-los-Polticos\/61565672886568\/\" \/>\n<meta property=\"article:published_time\" content=\"2021-06-18T12:46:21+00:00\" \/>\n<meta property=\"article:modified_time\" content=\"2021-06-18T12:46:53+00:00\" \/>\n<meta property=\"og:image\" content=\"http:\/\/www.lospoliticosveracruz.com.mx\/wp-content\/uploads\/2021\/06\/WhatsApp-Image-2021-06-16-at-17.12.21.jpeg\" \/>\n<meta name=\"author\" content=\"Lo viste en Los Pol\u00edticos\" \/>\n<meta name=\"twitter:card\" content=\"summary_large_image\" \/>\n<meta name=\"twitter:creator\" content=\"@LosPoliticosVer\" \/>\n<meta name=\"twitter:site\" content=\"@LosPoliticosVer\" \/>\n<meta name=\"twitter:label1\" content=\"Escrito por\" \/>\n\t<meta name=\"twitter:data1\" content=\"Lo viste en Los Pol\u00edticos\" \/>\n\t<meta name=\"twitter:label2\" content=\"Tiempo de lectura\" \/>\n\t<meta name=\"twitter:data2\" content=\"4 minutos\" \/>\n<script type=\"application\/ld+json\" class=\"yoast-schema-graph\">{\"@context\":\"https:\\\/\\\/schema.org\",\"@graph\":[{\"@type\":\"Article\",\"@id\":\"https:\\\/\\\/lospoliticosveracruz.com\\\/?p=75623#article\",\"isPartOf\":{\"@id\":\"https:\\\/\\\/lospoliticosveracruz.com\\\/?p=75623\"},\"author\":{\"name\":\"Lo viste en Los Pol\u00edticos\",\"@id\":\"https:\\\/\\\/lospoliticosveracruz.com\\\/#\\\/schema\\\/person\\\/b8702bb0e538456e6efd07080bf2a4a2\"},\"headline\":\"Exsome, 2024; un \u201cChiquiyunes\u201d en Alto Lucero\",\"datePublished\":\"2021-06-18T12:46:21+00:00\",\"dateModified\":\"2021-06-18T12:46:53+00:00\",\"mainEntityOfPage\":{\"@id\":\"https:\\\/\\\/lospoliticosveracruz.com\\\/?p=75623\"},\"wordCount\":708,\"publisher\":{\"@id\":\"https:\\\/\\\/lospoliticosveracruz.com\\\/#organization\"},\"image\":{\"@id\":\"https:\\\/\\\/lospoliticosveracruz.com\\\/?p=75623#primaryimage\"},\"thumbnailUrl\":\"http:\\\/\\\/www.lospoliticosveracruz.com.mx\\\/wp-content\\\/uploads\\\/2021\\\/06\\\/WhatsApp-Image-2021-06-16-at-17.12.21.jpeg\",\"keywords\":[\"Alto Lucero\",\"Fernando Yunes M\u00e1rquez\",\"PT\",\"Ricardo Ahued\",\"Ricardo Exsome Zapata\",\"Roc\u00edo Nahle\",\"Salvador Mu\u00f1oz\",\"Veracruz\"],\"articleSection\":[\"De Opini\u00f3n\"],\"inLanguage\":\"es\"},{\"@type\":\"WebPage\",\"@id\":\"https:\\\/\\\/lospoliticosveracruz.com\\\/?p=75623\",\"url\":\"https:\\\/\\\/lospoliticosveracruz.com\\\/?p=75623\",\"name\":\"Exsome, 2024; un \u201cChiquiyunes\u201d en Alto Lucero - Los pol\u00edticos Veracruz\",\"isPartOf\":{\"@id\":\"https:\\\/\\\/lospoliticosveracruz.com\\\/#website\"},\"primaryImageOfPage\":{\"@id\":\"https:\\\/\\\/lospoliticosveracruz.com\\\/?p=75623#primaryimage\"},\"image\":{\"@id\":\"https:\\\/\\\/lospoliticosveracruz.com\\\/?p=75623#primaryimage\"},\"thumbnailUrl\":\"http:\\\/\\\/www.lospoliticosveracruz.com.mx\\\/wp-content\\\/uploads\\\/2021\\\/06\\\/WhatsApp-Image-2021-06-16-at-17.12.21.jpeg\",\"datePublished\":\"2021-06-18T12:46:21+00:00\",\"dateModified\":\"2021-06-18T12:46:53+00:00\",\"breadcrumb\":{\"@id\":\"https:\\\/\\\/lospoliticosveracruz.com\\\/?p=75623#breadcrumb\"},\"inLanguage\":\"es\",\"potentialAction\":[{\"@type\":\"ReadAction\",\"target\":[\"https:\\\/\\\/lospoliticosveracruz.com\\\/?p=75623\"]}]},{\"@type\":\"ImageObject\",\"inLanguage\":\"es\",\"@id\":\"https:\\\/\\\/lospoliticosveracruz.com\\\/?p=75623#primaryimage\",\"url\":\"http:\\\/\\\/www.lospoliticosveracruz.com.mx\\\/wp-content\\\/uploads\\\/2021\\\/06\\\/WhatsApp-Image-2021-06-16-at-17.12.21.jpeg\",\"contentUrl\":\"http:\\\/\\\/www.lospoliticosveracruz.com.mx\\\/wp-content\\\/uploads\\\/2021\\\/06\\\/WhatsApp-Image-2021-06-16-at-17.12.21.jpeg\"},{\"@type\":\"BreadcrumbList\",\"@id\":\"https:\\\/\\\/lospoliticosveracruz.com\\\/?p=75623#breadcrumb\",\"itemListElement\":[{\"@type\":\"ListItem\",\"position\":1,\"name\":\"Portada\",\"item\":\"https:\\\/\\\/lospoliticosveracruz.com\\\/\"},{\"@type\":\"ListItem\",\"position\":2,\"name\":\"Exsome, 2024; un \u201cChiquiyunes\u201d en Alto Lucero\"}]},{\"@type\":\"WebSite\",\"@id\":\"https:\\\/\\\/lospoliticosveracruz.com\\\/#website\",\"url\":\"https:\\\/\\\/lospoliticosveracruz.com\\\/\",\"name\":\"Los pol\u00edticos Veracruz\",\"description\":\"\",\"publisher\":{\"@id\":\"https:\\\/\\\/lospoliticosveracruz.com\\\/#organization\"},\"potentialAction\":[{\"@type\":\"SearchAction\",\"target\":{\"@type\":\"EntryPoint\",\"urlTemplate\":\"https:\\\/\\\/lospoliticosveracruz.com\\\/?s={search_term_string}\"},\"query-input\":{\"@type\":\"PropertyValueSpecification\",\"valueRequired\":true,\"valueName\":\"search_term_string\"}}],\"inLanguage\":\"es\"},{\"@type\":\"Organization\",\"@id\":\"https:\\\/\\\/lospoliticosveracruz.com\\\/#organization\",\"name\":\"Los pol\u00edticos Veracruz\",\"url\":\"https:\\\/\\\/lospoliticosveracruz.com\\\/\",\"logo\":{\"@type\":\"ImageObject\",\"inLanguage\":\"es\",\"@id\":\"https:\\\/\\\/lospoliticosveracruz.com\\\/#\\\/schema\\\/logo\\\/image\\\/\",\"url\":\"https:\\\/\\\/lospoliticosveracruz.com\\\/wp-content\\\/uploads\\\/2025\\\/12\\\/Logo-Nuevo-LOS-POLITICOS-1.jpg\",\"contentUrl\":\"https:\\\/\\\/lospoliticosveracruz.com\\\/wp-content\\\/uploads\\\/2025\\\/12\\\/Logo-Nuevo-LOS-POLITICOS-1.jpg\",\"width\":260,\"height\":70,\"caption\":\"Los pol\u00edticos Veracruz\"},\"image\":{\"@id\":\"https:\\\/\\\/lospoliticosveracruz.com\\\/#\\\/schema\\\/logo\\\/image\\\/\"},\"sameAs\":[\"https:\\\/\\\/www.facebook.com\\\/people\\\/Notimemes-de-los-Polticos\\\/61565672886568\\\/\",\"https:\\\/\\\/x.com\\\/LosPoliticosVer\"]},{\"@type\":\"Person\",\"@id\":\"https:\\\/\\\/lospoliticosveracruz.com\\\/#\\\/schema\\\/person\\\/b8702bb0e538456e6efd07080bf2a4a2\",\"name\":\"Lo viste en Los Pol\u00edticos\",\"image\":{\"@type\":\"ImageObject\",\"inLanguage\":\"es\",\"@id\":\"https:\\\/\\\/secure.gravatar.com\\\/avatar\\\/3a8de04a2656d44082be478bd6c086daa447c4651605818287b9532d3d0bd435?s=96&d=mm&r=g\",\"url\":\"https:\\\/\\\/secure.gravatar.com\\\/avatar\\\/3a8de04a2656d44082be478bd6c086daa447c4651605818287b9532d3d0bd435?s=96&d=mm&r=g\",\"contentUrl\":\"https:\\\/\\\/secure.gravatar.com\\\/avatar\\\/3a8de04a2656d44082be478bd6c086daa447c4651605818287b9532d3d0bd435?s=96&d=mm&r=g\",\"caption\":\"Lo viste en Los Pol\u00edticos\"},\"url\":\"https:\\\/\\\/lospoliticosveracruz.com\\\/?author=2\"}]}<\/script>\n<!-- \/ Yoast SEO plugin. -->","yoast_head_json":{"title":"Exsome, 2024; un \u201cChiquiyunes\u201d en Alto Lucero - Los pol\u00edticos Veracruz","robots":{"index":"index","follow":"follow","max-snippet":"max-snippet:-1","max-image-preview":"max-image-preview:large","max-video-preview":"max-video-preview:-1"},"canonical":"https:\/\/lospoliticosveracruz.com\/?p=75623","og_locale":"es_ES","og_type":"article","og_title":"Exsome, 2024; un \u201cChiquiyunes\u201d en Alto Lucero - Los pol\u00edticos Veracruz","og_description":"Salvador Mu\u00f1oz Los Pol\u00edticos Quien crey\u00f3 que pasado el 6 de junio todo hab\u00eda terminado, se equivoca\u2026 despu\u00e9s del c\u00f3mputo de casillas, ya est\u00e1n en el horno las impugnaciones que dicho sea de paso, tienen sus asegunes, dependiendo de c\u00f3mo se les vea y en algunos casos, la trascendencia pol\u00edtica que implica un rev\u00e9s en [&hellip;]","og_url":"https:\/\/lospoliticosveracruz.com\/?p=75623","og_site_name":"Los pol\u00edticos Veracruz","article_publisher":"https:\/\/www.facebook.com\/people\/Notimemes-de-los-Polticos\/61565672886568\/","article_published_time":"2021-06-18T12:46:21+00:00","article_modified_time":"2021-06-18T12:46:53+00:00","og_image":[{"url":"http:\/\/www.lospoliticosveracruz.com.mx\/wp-content\/uploads\/2021\/06\/WhatsApp-Image-2021-06-16-at-17.12.21.jpeg","type":"","width":"","height":""}],"author":"Lo viste en Los Pol\u00edticos","twitter_card":"summary_large_image","twitter_creator":"@LosPoliticosVer","twitter_site":"@LosPoliticosVer","twitter_misc":{"Escrito por":"Lo viste en Los Pol\u00edticos","Tiempo de lectura":"4 minutos"},"schema":{"@context":"https:\/\/schema.org","@graph":[{"@type":"Article","@id":"https:\/\/lospoliticosveracruz.com\/?p=75623#article","isPartOf":{"@id":"https:\/\/lospoliticosveracruz.com\/?p=75623"},"author":{"name":"Lo viste en Los Pol\u00edticos","@id":"https:\/\/lospoliticosveracruz.com\/#\/schema\/person\/b8702bb0e538456e6efd07080bf2a4a2"},"headline":"Exsome, 2024; un \u201cChiquiyunes\u201d en Alto Lucero","datePublished":"2021-06-18T12:46:21+00:00","dateModified":"2021-06-18T12:46:53+00:00","mainEntityOfPage":{"@id":"https:\/\/lospoliticosveracruz.com\/?p=75623"},"wordCount":708,"publisher":{"@id":"https:\/\/lospoliticosveracruz.com\/#organization"},"image":{"@id":"https:\/\/lospoliticosveracruz.com\/?p=75623#primaryimage"},"thumbnailUrl":"http:\/\/www.lospoliticosveracruz.com.mx\/wp-content\/uploads\/2021\/06\/WhatsApp-Image-2021-06-16-at-17.12.21.jpeg","keywords":["Alto Lucero","Fernando Yunes M\u00e1rquez","PT","Ricardo Ahued","Ricardo Exsome Zapata","Roc\u00edo Nahle","Salvador Mu\u00f1oz","Veracruz"],"articleSection":["De Opini\u00f3n"],"inLanguage":"es"},{"@type":"WebPage","@id":"https:\/\/lospoliticosveracruz.com\/?p=75623","url":"https:\/\/lospoliticosveracruz.com\/?p=75623","name":"Exsome, 2024; un \u201cChiquiyunes\u201d en Alto Lucero - Los pol\u00edticos Veracruz","isPartOf":{"@id":"https:\/\/lospoliticosveracruz.com\/#website"},"primaryImageOfPage":{"@id":"https:\/\/lospoliticosveracruz.com\/?p=75623#primaryimage"},"image":{"@id":"https:\/\/lospoliticosveracruz.com\/?p=75623#primaryimage"},"thumbnailUrl":"http:\/\/www.lospoliticosveracruz.com.mx\/wp-content\/uploads\/2021\/06\/WhatsApp-Image-2021-06-16-at-17.12.21.jpeg","datePublished":"2021-06-18T12:46:21+00:00","dateModified":"2021-06-18T12:46:53+00:00","breadcrumb":{"@id":"https:\/\/lospoliticosveracruz.com\/?p=75623#breadcrumb"},"inLanguage":"es","potentialAction":[{"@type":"ReadAction","target":["https:\/\/lospoliticosveracruz.com\/?p=75623"]}]},{"@type":"ImageObject","inLanguage":"es","@id":"https:\/\/lospoliticosveracruz.com\/?p=75623#primaryimage","url":"http:\/\/www.lospoliticosveracruz.com.mx\/wp-content\/uploads\/2021\/06\/WhatsApp-Image-2021-06-16-at-17.12.21.jpeg","contentUrl":"http:\/\/www.lospoliticosveracruz.com.mx\/wp-content\/uploads\/2021\/06\/WhatsApp-Image-2021-06-16-at-17.12.21.jpeg"},{"@type":"BreadcrumbList","@id":"https:\/\/lospoliticosveracruz.com\/?p=75623#breadcrumb","itemListElement":[{"@type":"ListItem","position":1,"name":"Portada","item":"https:\/\/lospoliticosveracruz.com\/"},{"@type":"ListItem","position":2,"name":"Exsome, 2024; un \u201cChiquiyunes\u201d en Alto Lucero"}]},{"@type":"WebSite","@id":"https:\/\/lospoliticosveracruz.com\/#website","url":"https:\/\/lospoliticosveracruz.com\/","name":"Los pol\u00edticos Veracruz","description":"","publisher":{"@id":"https:\/\/lospoliticosveracruz.com\/#organization"},"potentialAction":[{"@type":"SearchAction","target":{"@type":"EntryPoint","urlTemplate":"https:\/\/lospoliticosveracruz.com\/?s={search_term_string}"},"query-input":{"@type":"PropertyValueSpecification","valueRequired":true,"valueName":"search_term_string"}}],"inLanguage":"es"},{"@type":"Organization","@id":"https:\/\/lospoliticosveracruz.com\/#organization","name":"Los pol\u00edticos Veracruz","url":"https:\/\/lospoliticosveracruz.com\/","logo":{"@type":"ImageObject","inLanguage":"es","@id":"https:\/\/lospoliticosveracruz.com\/#\/schema\/logo\/image\/","url":"https:\/\/lospoliticosveracruz.com\/wp-content\/uploads\/2025\/12\/Logo-Nuevo-LOS-POLITICOS-1.jpg","contentUrl":"https:\/\/lospoliticosveracruz.com\/wp-content\/uploads\/2025\/12\/Logo-Nuevo-LOS-POLITICOS-1.jpg","width":260,"height":70,"caption":"Los pol\u00edticos Veracruz"},"image":{"@id":"https:\/\/lospoliticosveracruz.com\/#\/schema\/logo\/image\/"},"sameAs":["https:\/\/www.facebook.com\/people\/Notimemes-de-los-Polticos\/61565672886568\/","https:\/\/x.com\/LosPoliticosVer"]},{"@type":"Person","@id":"https:\/\/lospoliticosveracruz.com\/#\/schema\/person\/b8702bb0e538456e6efd07080bf2a4a2","name":"Lo viste en Los Pol\u00edticos","image":{"@type":"ImageObject","inLanguage":"es","@id":"https:\/\/secure.gravatar.com\/avatar\/3a8de04a2656d44082be478bd6c086daa447c4651605818287b9532d3d0bd435?s=96&d=mm&r=g","url":"https:\/\/secure.gravatar.com\/avatar\/3a8de04a2656d44082be478bd6c086daa447c4651605818287b9532d3d0bd435?s=96&d=mm&r=g","contentUrl":"https:\/\/secure.gravatar.com\/avatar\/3a8de04a2656d44082be478bd6c086daa447c4651605818287b9532d3d0bd435?s=96&d=mm&r=g","caption":"Lo viste en Los Pol\u00edticos"},"url":"https:\/\/lospoliticosveracruz.com\/?author=2"}]}},"_links":{"self":[{"href":"https:\/\/lospoliticosveracruz.com\/index.php?rest_route=\/wp\/v2\/posts\/75623","targetHints":{"allow":["GET"]}}],"collection":[{"href":"https:\/\/lospoliticosveracruz.com\/index.php?rest_route=\/wp\/v2\/posts"}],"about":[{"href":"https:\/\/lospoliticosveracruz.com\/index.php?rest_route=\/wp\/v2\/types\/post"}],"author":[{"embeddable":true,"href":"https:\/\/lospoliticosveracruz.com\/index.php?rest_route=\/wp\/v2\/users\/2"}],"replies":[{"embeddable":true,"href":"https:\/\/lospoliticosveracruz.com\/index.php?rest_route=%2Fwp%2Fv2%2Fcomments&post=75623"}],"version-history":[{"count":2,"href":"https:\/\/lospoliticosveracruz.com\/index.php?rest_route=\/wp\/v2\/posts\/75623\/revisions"}],"predecessor-version":[{"id":75625,"href":"https:\/\/lospoliticosveracruz.com\/index.php?rest_route=\/wp\/v2\/posts\/75623\/revisions\/75625"}],"wp:attachment":[{"href":"https:\/\/lospoliticosveracruz.com\/index.php?rest_route=%2Fwp%2Fv2%2Fmedia&parent=75623"}],"wp:term":[{"taxonomy":"category","embeddable":true,"href":"https:\/\/lospoliticosveracruz.com\/index.php?rest_route=%2Fwp%2Fv2%2Fcategories&post=75623"},{"taxonomy":"post_tag","embeddable":true,"href":"https:\/\/lospoliticosveracruz.com\/index.php?rest_route=%2Fwp%2Fv2%2Ftags&post=75623"}],"curies":[{"name":"wp","href":"https:\/\/api.w.org\/{rel}","templated":true}]}}