{"id":75779,"date":"2021-06-22T08:24:44","date_gmt":"2021-06-22T13:24:44","guid":{"rendered":"http:\/\/www.lospoliticosveracruz.com.mx\/?p=75779"},"modified":"2021-06-22T08:24:48","modified_gmt":"2021-06-22T13:24:48","slug":"el-tapado-de-cuic","status":"publish","type":"post","link":"https:\/\/lospoliticosveracruz.com\/?p=75779","title":{"rendered":"El tapado de Cuic"},"content":{"rendered":"\n<p><strong>Ricardo Ch\u00faa<br><\/strong><em>Sale y Vale<\/em><\/p>\n\n\n\n<p>LA TORRE DE LA DISCORDIA\u2026 Muchos en toda la entidad veracruzana y de otras partes del pa\u00eds\u2026 Tienen la idea que la famosa \u00abTorre Centro\u00bb, la que mencion\u00f3 L\u00f3pez Obrador en su \u00abma\u00f1anera\u00bb que \u00abafeaba\u00bb el entorno visual al \u00abFaro Carranza\u00bb en el centro hist\u00f3rico de Veracruz puerto\u2026 Y que ahora es USADA como una \u00abbandera\u00bb pol\u00edtica para fustigar a los Yunes Azules en estos tiempos postelectorales despu\u00e9s de la elecci\u00f3n a la alcald\u00eda\u2026 Cuando s\u00ed algo poco les importa a Fernando o Miguel Yunes, es esa torre en construcci\u00f3n.. NO LES AFECTA\u2026.<\/p>\n\n\n\n<div class=\"wp-block-image\"><figure class=\"alignleft size-large\"><a href=\"http:\/\/www.lospoliticosveracruz.com.mx\/wp-content\/uploads\/2021\/06\/WhatsApp-Image-2021-06-16-at-17.12.21.jpeg\"><img decoding=\"async\" src=\"http:\/\/www.lospoliticosveracruz.com.mx\/wp-content\/uploads\/2021\/06\/WhatsApp-Image-2021-06-16-at-17.12.21.jpeg\" alt=\"\" class=\"wp-image-75531\"\/><\/a><\/figure><\/div>\n\n\n\n<p>Si quer\u00edan ver preocupados a los Yunes Azules por ese tema, pues, se van a quedar con las ganas\u2026 Ya que los que verdaderamente saben del tema\u2026 Tienen claro que ellos no tienen dinero invertido ah\u00ed.. Tampoco inter\u00e9s alguno.. Este asunto de la torre, es un tema personal entre dos personajes millonarios que ahora est\u00e1n m\u00e1s que distanciados\u2026 Pero ese pleito pas\u00f3 a \u00abarder\u00bb a uno de los socios de esa torre: El suplente de Fernando Yunes\u2026 Pero de ah\u00ed, no pasa\u2026 EL QUE ENTENDI\u00d3, ENTENDI\u00d3\u2026 El son de otros dos\u2026 LOS RICOS TAMBI\u00c9N LLORAN\u2026<\/p>\n\n\n\n<p>LOS CAMBIOS\u2026.Hace 10 d\u00edas en este mismo espacio\u2026 Comentamos que se preve\u00edan cambios en el gabinete estatal de Cuitl\u00e1huac Garc\u00eda, despu\u00e9s de pasadas las elecciones\u2026 Ayer se dio el primero de ellos con Eduardo Cadena Cer\u00f3n, que sale de la SEDARPA por \u00abmotivos personales\u00bb\u2026 A pesar de que las \u00ablenguas de doble filo\u00bb se\u00f1alan que esto ocurri\u00f3 debido a que los municipios encargados para que los ganara por MORENA\u2026 Se perdieron\u2026 Hasta Tempoal, donde a cercanos suyos, la oposici\u00f3n los mandaron hasta el tercer lugar\u2026 Por eso BYE\u2026<br>Sin embargo, dentro del Palacio de Gobierno se habla de otros movimientos y enroques en el gobierno estatal\u2026 Para empezar a trabajar en el tema de la sucesi\u00f3n estatal en 2024\u2026 Se\u00f1alan que Cuitl\u00e1huac Garc\u00eda ha \u00abdado permiso\u00bb para que los \u00abaspirantes\u00bb presidenciales visibles, puedan empezar a \u00abcolocar alfiles\u00bb en donde se necesiten\u2026 Hay quien dice que vendr\u00e1n m\u00e1s recomendados de CDMX\u2026 Y que los cambios se prev\u00e9n en Secretar\u00eda de Gobierno, Educaci\u00f3n, Turismo y SEDECOP\u2026 En estos d\u00edas se decide todo\u2026 QUIETAS FIERAS\u2026<\/p>\n\n\n\n<p>\u00bfCAZARIN A MORENA O SEDESOL?\u2026 Dentro de esos cambios mencionados que se pueden dar en el gabinete estatal\u2026 Se encuentra el de Juan Javier G\u00f3mez Cazar\u00edn, diputado local de MORENA y presidente de la Junta de Coordinaci\u00f3n Pol\u00edtica del Congreso Local\u2026 El cual se puede quedar fuera de la pr\u00f3xima legislatura estatal, pese a ser diputado plurinominal, por el tema de equidad y g\u00e9nero\u2026 Por eso, se\u00f1alan que podr\u00edan integrarlo al gabinete de Cuitl\u00e1huac a un puesto de primer nivel\u2026 Cazar\u00edn tiene el poder para llegar\u2026<br>Se\u00f1alan que Cazar\u00edn tambi\u00e9n en dado caso que as\u00ed convenga a los planes de MORENA en 2024\u2026 Podr\u00eda ser habilitado como el nuevo l\u00edder estatal del partido, a partir de diciembre pr\u00f3ximo\u2026 Con todo el reconocimiento otorgado por Mario Delgado\u2026 Esteban Ram\u00edrez Zepeta, amigo de Cuitl\u00e1huac, es qui\u00e9n entonces podr\u00eda ir a SEDESOL aunque se asegura, que ese ser\u00eda el destino final de Cazar\u00edn\u2026 Con ello tendr\u00edan un operador m\u00e1s leal a Cuitl\u00e1huac\u2026 Y que Manuel Huerta no se los \u00abcoma\u00bb a todos\u2026 LA SUERTE EST\u00c1 ECHADA.. AMEN\u2026<\/p>\n\n\n\n<p>UV, EL CANDIDATO DE CUITL\u00c1HUAC\u2026 A pesar de que se ha dicho que el gobernador, Cuitl\u00e1huac Garcia, no meter\u00e1 la \u00abmano\u00bb para la sucesi\u00f3n de la rector\u00eda de la Universidad Veracruzana\u2026 Fuentes Fidedignas se\u00f1alan que Cuitl\u00e1huac, al puro estilo PRI, tiene un \u00abtapado\u00bb\u2026 Y que a la misma forma del \u00abviejo r\u00e9gimen\u00bb, el gobernador protege a su \u00abfavorito\u00bb con otros personajes que le sirven de \u00abtapadera\u00bb\u2026 Como es el caso del Consejero del INE, Jos\u00e9 Roberto Ruiz Salda\u00f1a, que se supone es una posici\u00f3n de Palacio de Gobierno\u2026 Pero NO\u2026<br>A Ruiz Salda\u00f1a lo hacen ver como el m\u00e1s \u00abpoderoso\u00bb y que m\u00e1s est\u00e1 promoviendo el gobierno estatal\u2026 Pero eso es una \u00abfinta\u00bb\u2026 Ese es el \u00abjuego\u00bb que no se ha visto o pocos se han dado cuenta\u2026 Lo ponen a \u00e9l para exponerlo medi\u00e1ticamente y que sea el \u00abgolpeado\u00bb\u2026 Y despu\u00e9s PUM sale uno de los que parec\u00eda m\u00e1s insignificante y es qui\u00e9n ser\u00e1 elegido como el nuevo rector de la UV en sustituci\u00f3n de Sara Ladr\u00f3n de Guevara\u2026 Ese es el verdadero candidato del gobernador\u2026 Un personaje que trabaja en SEFIPLAN\u2026<br>Ya que todo parece indicar que \u00abEl Tapado\u00bb se llama Dario Fabian Hern\u00e1ndez, es doctor en Educaci\u00f3n y hasta hace poco fung\u00eda en Sefiplan como Director del Sistema Estatal de Planeaci\u00f3n de SEFIPLAN\u2026 Es tambi\u00e9n una persona muy cercana a Jos\u00e9 Luis Lima Franco, titular de la secretar\u00eda de Finanzas\u2026 Con ese respaldo de Cuitl\u00e1huac, est\u00e1n provocando que Lima Franco,se quede con su gente con todo lo que representa la UV para el tema de la sucesi\u00f3n del 2024\u2026 Ser\u00e1 que Cuitl\u00e1huac ya tiene otro \u00abdelf\u00edn\u00bb\u2026<br>Este personaje que Cuitl\u00e1huac impulsa y tiene como su \u00abTapado\u00bb es Licenciado en Econom\u00eda por la UV\u2026 Tiene una Maestr\u00eda en Desarrollo Territorial y Urbano\u2026 Cuenta con otra Maestr\u00eda en Pol\u00edtica Econ\u00f3mica de Desarrollo Industrial y tiene un Doctorado en Educaci\u00f3n\u2026 Por su perfil es un tipo muy preparado acad\u00e9micamente pero que NO TIENE UN PERFIL POL\u00cdTICO adecuado para ocupar la Rector\u00eda de la UV\u2026 Aun as\u00ed lo est\u00e1n \u00abimpulsando\u00bb con todo\u2026 Y por eso lo cuidan tanto\u2026<br>Al final de cuentas, con este presunto caso\u2026 Cuitl\u00e1huac va por la UV y todo lo que representa\u2026. Y que esta \u00aboperaci\u00f3n\u00bb que hacen para Dario Fabian Hern\u00e1ndez\u2026 Ya es muy vista en MORENA y se le entiende como \u00abjuegan\u00bb en Palacio de Gobierno para lograr su cometido\u2026 As\u00ed lo hicieron con la CEAPP, con los Consejeros Electorales del OPLE, con los magistrados del Poder Judicial del Estado y una larga lista de etc\u00e9teras\u2026 As\u00ed que todo indica que va por la l\u00ednea de Fabian Hwrn\u00e1ndez\u2026<br>Hasta los \u00abmal pensados\u00bb en pol\u00edtica pueden se\u00f1alar, que conociendo como operan en MORENA y m\u00e1s en Veracruz.. Es que esta \u00abjugada\u00bb ser\u00eda para beneficiar a Jos\u00e9 Luis Lima Franco y que con ello, le estar\u00edan entregando a su grupo La Rector\u00eda de la UV\u2026 Y que eso lo convertir\u00eda en uno de los aspirantes reales para ser el candidato de MORENA en 2024\u2026 Y convertirse en el \u00abfavorito\u00bb de Cuitl\u00e1huac para ese proceso\u2026 Ya que el gobernador por los resultados obtenidos este 2021\u2026 De seguro en 2024 tendr\u00e1 DERECHO DE VETO\u2026 AMEN<\/p>\n","protected":false},"excerpt":{"rendered":"<p>Ricardo Ch\u00faaSale y Vale LA TORRE DE LA DISCORDIA\u2026 Muchos en toda la entidad veracruzana y de otras partes del pa\u00eds\u2026 Tienen la idea que la famosa \u00abTorre Centro\u00bb, la que mencion\u00f3 L\u00f3pez Obrador en su \u00abma\u00f1anera\u00bb que \u00abafeaba\u00bb el entorno visual al \u00abFaro Carranza\u00bb en el centro hist\u00f3rico de Veracruz puerto\u2026 Y que ahora [&hellip;]<\/p>\n","protected":false},"author":2,"featured_media":0,"comment_status":"closed","ping_status":"closed","sticky":false,"template":"","format":"standard","meta":{"tdm_status":"","tdm_grid_status":"","footnotes":""},"categories":[70],"tags":[4476,1681,28968,14457,17053,554,27001,13713,12033,1026,13604],"class_list":{"0":"post-75779","1":"post","2":"type-post","3":"status-publish","4":"format-standard","6":"category-de-opinion","7":"tag-ceapp","8":"tag-cuitlahuac-garcia","9":"tag-dario-fabian-hernandez","10":"tag-eduardo-cadena-ceron","11":"tag-esteban-ramirez-zepeta","12":"tag-ine","13":"tag-javier-gomez-cazarin-2","14":"tag-jose-luis-lima-franco","15":"tag-jose-roberto-ruiz-saldana","16":"tag-morena","17":"tag-ricardo-chua"},"yoast_head":"<!-- This site is optimized with the Yoast SEO plugin v27.4 - https:\/\/yoast.com\/product\/yoast-seo-wordpress\/ -->\n<title>El tapado de Cuic - Los pol\u00edticos Veracruz<\/title>\n<meta name=\"robots\" content=\"index, follow, max-snippet:-1, max-image-preview:large, max-video-preview:-1\" \/>\n<link rel=\"canonical\" href=\"https:\/\/lospoliticosveracruz.com\/?p=75779\" \/>\n<meta property=\"og:locale\" content=\"es_ES\" \/>\n<meta property=\"og:type\" content=\"article\" \/>\n<meta property=\"og:title\" content=\"El tapado de Cuic - Los pol\u00edticos Veracruz\" \/>\n<meta property=\"og:description\" content=\"Ricardo Ch\u00faaSale y Vale LA TORRE DE LA DISCORDIA\u2026 Muchos en toda la entidad veracruzana y de otras partes del pa\u00eds\u2026 Tienen la idea que la famosa \u00abTorre Centro\u00bb, la que mencion\u00f3 L\u00f3pez Obrador en su \u00abma\u00f1anera\u00bb que \u00abafeaba\u00bb el entorno visual al \u00abFaro Carranza\u00bb en el centro hist\u00f3rico de Veracruz puerto\u2026 Y que ahora [&hellip;]\" \/>\n<meta property=\"og:url\" content=\"https:\/\/lospoliticosveracruz.com\/?p=75779\" \/>\n<meta property=\"og:site_name\" content=\"Los pol\u00edticos Veracruz\" \/>\n<meta property=\"article:publisher\" content=\"https:\/\/www.facebook.com\/people\/Notimemes-de-los-Polticos\/61565672886568\/\" \/>\n<meta property=\"article:published_time\" content=\"2021-06-22T13:24:44+00:00\" \/>\n<meta property=\"article:modified_time\" content=\"2021-06-22T13:24:48+00:00\" \/>\n<meta property=\"og:image\" content=\"http:\/\/www.lospoliticosveracruz.com.mx\/wp-content\/uploads\/2021\/06\/WhatsApp-Image-2021-06-16-at-17.12.21.jpeg\" \/>\n<meta name=\"author\" content=\"Lo viste en Los Pol\u00edticos\" \/>\n<meta name=\"twitter:card\" content=\"summary_large_image\" \/>\n<meta name=\"twitter:creator\" content=\"@LosPoliticosVer\" \/>\n<meta name=\"twitter:site\" content=\"@LosPoliticosVer\" \/>\n<meta name=\"twitter:label1\" content=\"Escrito por\" \/>\n\t<meta name=\"twitter:data1\" content=\"Lo viste en Los Pol\u00edticos\" \/>\n\t<meta name=\"twitter:label2\" content=\"Tiempo de lectura\" \/>\n\t<meta name=\"twitter:data2\" content=\"6 minutos\" \/>\n<script type=\"application\/ld+json\" class=\"yoast-schema-graph\">{\"@context\":\"https:\\\/\\\/schema.org\",\"@graph\":[{\"@type\":\"Article\",\"@id\":\"https:\\\/\\\/lospoliticosveracruz.com\\\/?p=75779#article\",\"isPartOf\":{\"@id\":\"https:\\\/\\\/lospoliticosveracruz.com\\\/?p=75779\"},\"author\":{\"name\":\"Lo viste en Los Pol\u00edticos\",\"@id\":\"https:\\\/\\\/lospoliticosveracruz.com\\\/#\\\/schema\\\/person\\\/b8702bb0e538456e6efd07080bf2a4a2\"},\"headline\":\"El tapado de Cuic\",\"datePublished\":\"2021-06-22T13:24:44+00:00\",\"dateModified\":\"2021-06-22T13:24:48+00:00\",\"mainEntityOfPage\":{\"@id\":\"https:\\\/\\\/lospoliticosveracruz.com\\\/?p=75779\"},\"wordCount\":1177,\"publisher\":{\"@id\":\"https:\\\/\\\/lospoliticosveracruz.com\\\/#organization\"},\"image\":{\"@id\":\"https:\\\/\\\/lospoliticosveracruz.com\\\/?p=75779#primaryimage\"},\"thumbnailUrl\":\"http:\\\/\\\/www.lospoliticosveracruz.com.mx\\\/wp-content\\\/uploads\\\/2021\\\/06\\\/WhatsApp-Image-2021-06-16-at-17.12.21.jpeg\",\"keywords\":[\"CEAPP\",\"Cuitl\u00e1huac Garc\u00eda\",\"Dario Fabian Hern\u00e1ndez\",\"Eduardo Cadena Cer\u00f3n\",\"Esteban Ram\u00edrez Zepeta\",\"INE\",\"Javier G\u00f3mez Cazarin\",\"Jos\u00e9 Luis Lima Franco\",\"Jos\u00e9 Roberto Ruiz Salda\u00f1a\",\"Morena\",\"Ricardo Ch\u00faa\"],\"articleSection\":[\"De Opini\u00f3n\"],\"inLanguage\":\"es\"},{\"@type\":\"WebPage\",\"@id\":\"https:\\\/\\\/lospoliticosveracruz.com\\\/?p=75779\",\"url\":\"https:\\\/\\\/lospoliticosveracruz.com\\\/?p=75779\",\"name\":\"El tapado de Cuic - Los pol\u00edticos Veracruz\",\"isPartOf\":{\"@id\":\"https:\\\/\\\/lospoliticosveracruz.com\\\/#website\"},\"primaryImageOfPage\":{\"@id\":\"https:\\\/\\\/lospoliticosveracruz.com\\\/?p=75779#primaryimage\"},\"image\":{\"@id\":\"https:\\\/\\\/lospoliticosveracruz.com\\\/?p=75779#primaryimage\"},\"thumbnailUrl\":\"http:\\\/\\\/www.lospoliticosveracruz.com.mx\\\/wp-content\\\/uploads\\\/2021\\\/06\\\/WhatsApp-Image-2021-06-16-at-17.12.21.jpeg\",\"datePublished\":\"2021-06-22T13:24:44+00:00\",\"dateModified\":\"2021-06-22T13:24:48+00:00\",\"breadcrumb\":{\"@id\":\"https:\\\/\\\/lospoliticosveracruz.com\\\/?p=75779#breadcrumb\"},\"inLanguage\":\"es\",\"potentialAction\":[{\"@type\":\"ReadAction\",\"target\":[\"https:\\\/\\\/lospoliticosveracruz.com\\\/?p=75779\"]}]},{\"@type\":\"ImageObject\",\"inLanguage\":\"es\",\"@id\":\"https:\\\/\\\/lospoliticosveracruz.com\\\/?p=75779#primaryimage\",\"url\":\"http:\\\/\\\/www.lospoliticosveracruz.com.mx\\\/wp-content\\\/uploads\\\/2021\\\/06\\\/WhatsApp-Image-2021-06-16-at-17.12.21.jpeg\",\"contentUrl\":\"http:\\\/\\\/www.lospoliticosveracruz.com.mx\\\/wp-content\\\/uploads\\\/2021\\\/06\\\/WhatsApp-Image-2021-06-16-at-17.12.21.jpeg\"},{\"@type\":\"BreadcrumbList\",\"@id\":\"https:\\\/\\\/lospoliticosveracruz.com\\\/?p=75779#breadcrumb\",\"itemListElement\":[{\"@type\":\"ListItem\",\"position\":1,\"name\":\"Portada\",\"item\":\"https:\\\/\\\/lospoliticosveracruz.com\\\/\"},{\"@type\":\"ListItem\",\"position\":2,\"name\":\"El tapado de Cuic\"}]},{\"@type\":\"WebSite\",\"@id\":\"https:\\\/\\\/lospoliticosveracruz.com\\\/#website\",\"url\":\"https:\\\/\\\/lospoliticosveracruz.com\\\/\",\"name\":\"Los pol\u00edticos Veracruz\",\"description\":\"\",\"publisher\":{\"@id\":\"https:\\\/\\\/lospoliticosveracruz.com\\\/#organization\"},\"potentialAction\":[{\"@type\":\"SearchAction\",\"target\":{\"@type\":\"EntryPoint\",\"urlTemplate\":\"https:\\\/\\\/lospoliticosveracruz.com\\\/?s={search_term_string}\"},\"query-input\":{\"@type\":\"PropertyValueSpecification\",\"valueRequired\":true,\"valueName\":\"search_term_string\"}}],\"inLanguage\":\"es\"},{\"@type\":\"Organization\",\"@id\":\"https:\\\/\\\/lospoliticosveracruz.com\\\/#organization\",\"name\":\"Los pol\u00edticos Veracruz\",\"url\":\"https:\\\/\\\/lospoliticosveracruz.com\\\/\",\"logo\":{\"@type\":\"ImageObject\",\"inLanguage\":\"es\",\"@id\":\"https:\\\/\\\/lospoliticosveracruz.com\\\/#\\\/schema\\\/logo\\\/image\\\/\",\"url\":\"https:\\\/\\\/lospoliticosveracruz.com\\\/wp-content\\\/uploads\\\/2025\\\/12\\\/Logo-Nuevo-LOS-POLITICOS-1.jpg\",\"contentUrl\":\"https:\\\/\\\/lospoliticosveracruz.com\\\/wp-content\\\/uploads\\\/2025\\\/12\\\/Logo-Nuevo-LOS-POLITICOS-1.jpg\",\"width\":260,\"height\":70,\"caption\":\"Los pol\u00edticos Veracruz\"},\"image\":{\"@id\":\"https:\\\/\\\/lospoliticosveracruz.com\\\/#\\\/schema\\\/logo\\\/image\\\/\"},\"sameAs\":[\"https:\\\/\\\/www.facebook.com\\\/people\\\/Notimemes-de-los-Polticos\\\/61565672886568\\\/\",\"https:\\\/\\\/x.com\\\/LosPoliticosVer\"]},{\"@type\":\"Person\",\"@id\":\"https:\\\/\\\/lospoliticosveracruz.com\\\/#\\\/schema\\\/person\\\/b8702bb0e538456e6efd07080bf2a4a2\",\"name\":\"Lo viste en Los Pol\u00edticos\",\"image\":{\"@type\":\"ImageObject\",\"inLanguage\":\"es\",\"@id\":\"https:\\\/\\\/secure.gravatar.com\\\/avatar\\\/3a8de04a2656d44082be478bd6c086daa447c4651605818287b9532d3d0bd435?s=96&d=mm&r=g\",\"url\":\"https:\\\/\\\/secure.gravatar.com\\\/avatar\\\/3a8de04a2656d44082be478bd6c086daa447c4651605818287b9532d3d0bd435?s=96&d=mm&r=g\",\"contentUrl\":\"https:\\\/\\\/secure.gravatar.com\\\/avatar\\\/3a8de04a2656d44082be478bd6c086daa447c4651605818287b9532d3d0bd435?s=96&d=mm&r=g\",\"caption\":\"Lo viste en Los Pol\u00edticos\"},\"url\":\"https:\\\/\\\/lospoliticosveracruz.com\\\/?author=2\"}]}<\/script>\n<!-- \/ Yoast SEO plugin. -->","yoast_head_json":{"title":"El tapado de Cuic - Los pol\u00edticos Veracruz","robots":{"index":"index","follow":"follow","max-snippet":"max-snippet:-1","max-image-preview":"max-image-preview:large","max-video-preview":"max-video-preview:-1"},"canonical":"https:\/\/lospoliticosveracruz.com\/?p=75779","og_locale":"es_ES","og_type":"article","og_title":"El tapado de Cuic - Los pol\u00edticos Veracruz","og_description":"Ricardo Ch\u00faaSale y Vale LA TORRE DE LA DISCORDIA\u2026 Muchos en toda la entidad veracruzana y de otras partes del pa\u00eds\u2026 Tienen la idea que la famosa \u00abTorre Centro\u00bb, la que mencion\u00f3 L\u00f3pez Obrador en su \u00abma\u00f1anera\u00bb que \u00abafeaba\u00bb el entorno visual al \u00abFaro Carranza\u00bb en el centro hist\u00f3rico de Veracruz puerto\u2026 Y que ahora [&hellip;]","og_url":"https:\/\/lospoliticosveracruz.com\/?p=75779","og_site_name":"Los pol\u00edticos Veracruz","article_publisher":"https:\/\/www.facebook.com\/people\/Notimemes-de-los-Polticos\/61565672886568\/","article_published_time":"2021-06-22T13:24:44+00:00","article_modified_time":"2021-06-22T13:24:48+00:00","og_image":[{"url":"http:\/\/www.lospoliticosveracruz.com.mx\/wp-content\/uploads\/2021\/06\/WhatsApp-Image-2021-06-16-at-17.12.21.jpeg","type":"","width":"","height":""}],"author":"Lo viste en Los Pol\u00edticos","twitter_card":"summary_large_image","twitter_creator":"@LosPoliticosVer","twitter_site":"@LosPoliticosVer","twitter_misc":{"Escrito por":"Lo viste en Los Pol\u00edticos","Tiempo de lectura":"6 minutos"},"schema":{"@context":"https:\/\/schema.org","@graph":[{"@type":"Article","@id":"https:\/\/lospoliticosveracruz.com\/?p=75779#article","isPartOf":{"@id":"https:\/\/lospoliticosveracruz.com\/?p=75779"},"author":{"name":"Lo viste en Los Pol\u00edticos","@id":"https:\/\/lospoliticosveracruz.com\/#\/schema\/person\/b8702bb0e538456e6efd07080bf2a4a2"},"headline":"El tapado de Cuic","datePublished":"2021-06-22T13:24:44+00:00","dateModified":"2021-06-22T13:24:48+00:00","mainEntityOfPage":{"@id":"https:\/\/lospoliticosveracruz.com\/?p=75779"},"wordCount":1177,"publisher":{"@id":"https:\/\/lospoliticosveracruz.com\/#organization"},"image":{"@id":"https:\/\/lospoliticosveracruz.com\/?p=75779#primaryimage"},"thumbnailUrl":"http:\/\/www.lospoliticosveracruz.com.mx\/wp-content\/uploads\/2021\/06\/WhatsApp-Image-2021-06-16-at-17.12.21.jpeg","keywords":["CEAPP","Cuitl\u00e1huac Garc\u00eda","Dario Fabian Hern\u00e1ndez","Eduardo Cadena Cer\u00f3n","Esteban Ram\u00edrez Zepeta","INE","Javier G\u00f3mez Cazarin","Jos\u00e9 Luis Lima Franco","Jos\u00e9 Roberto Ruiz Salda\u00f1a","Morena","Ricardo Ch\u00faa"],"articleSection":["De Opini\u00f3n"],"inLanguage":"es"},{"@type":"WebPage","@id":"https:\/\/lospoliticosveracruz.com\/?p=75779","url":"https:\/\/lospoliticosveracruz.com\/?p=75779","name":"El tapado de Cuic - Los pol\u00edticos Veracruz","isPartOf":{"@id":"https:\/\/lospoliticosveracruz.com\/#website"},"primaryImageOfPage":{"@id":"https:\/\/lospoliticosveracruz.com\/?p=75779#primaryimage"},"image":{"@id":"https:\/\/lospoliticosveracruz.com\/?p=75779#primaryimage"},"thumbnailUrl":"http:\/\/www.lospoliticosveracruz.com.mx\/wp-content\/uploads\/2021\/06\/WhatsApp-Image-2021-06-16-at-17.12.21.jpeg","datePublished":"2021-06-22T13:24:44+00:00","dateModified":"2021-06-22T13:24:48+00:00","breadcrumb":{"@id":"https:\/\/lospoliticosveracruz.com\/?p=75779#breadcrumb"},"inLanguage":"es","potentialAction":[{"@type":"ReadAction","target":["https:\/\/lospoliticosveracruz.com\/?p=75779"]}]},{"@type":"ImageObject","inLanguage":"es","@id":"https:\/\/lospoliticosveracruz.com\/?p=75779#primaryimage","url":"http:\/\/www.lospoliticosveracruz.com.mx\/wp-content\/uploads\/2021\/06\/WhatsApp-Image-2021-06-16-at-17.12.21.jpeg","contentUrl":"http:\/\/www.lospoliticosveracruz.com.mx\/wp-content\/uploads\/2021\/06\/WhatsApp-Image-2021-06-16-at-17.12.21.jpeg"},{"@type":"BreadcrumbList","@id":"https:\/\/lospoliticosveracruz.com\/?p=75779#breadcrumb","itemListElement":[{"@type":"ListItem","position":1,"name":"Portada","item":"https:\/\/lospoliticosveracruz.com\/"},{"@type":"ListItem","position":2,"name":"El tapado de Cuic"}]},{"@type":"WebSite","@id":"https:\/\/lospoliticosveracruz.com\/#website","url":"https:\/\/lospoliticosveracruz.com\/","name":"Los pol\u00edticos Veracruz","description":"","publisher":{"@id":"https:\/\/lospoliticosveracruz.com\/#organization"},"potentialAction":[{"@type":"SearchAction","target":{"@type":"EntryPoint","urlTemplate":"https:\/\/lospoliticosveracruz.com\/?s={search_term_string}"},"query-input":{"@type":"PropertyValueSpecification","valueRequired":true,"valueName":"search_term_string"}}],"inLanguage":"es"},{"@type":"Organization","@id":"https:\/\/lospoliticosveracruz.com\/#organization","name":"Los pol\u00edticos Veracruz","url":"https:\/\/lospoliticosveracruz.com\/","logo":{"@type":"ImageObject","inLanguage":"es","@id":"https:\/\/lospoliticosveracruz.com\/#\/schema\/logo\/image\/","url":"https:\/\/lospoliticosveracruz.com\/wp-content\/uploads\/2025\/12\/Logo-Nuevo-LOS-POLITICOS-1.jpg","contentUrl":"https:\/\/lospoliticosveracruz.com\/wp-content\/uploads\/2025\/12\/Logo-Nuevo-LOS-POLITICOS-1.jpg","width":260,"height":70,"caption":"Los pol\u00edticos Veracruz"},"image":{"@id":"https:\/\/lospoliticosveracruz.com\/#\/schema\/logo\/image\/"},"sameAs":["https:\/\/www.facebook.com\/people\/Notimemes-de-los-Polticos\/61565672886568\/","https:\/\/x.com\/LosPoliticosVer"]},{"@type":"Person","@id":"https:\/\/lospoliticosveracruz.com\/#\/schema\/person\/b8702bb0e538456e6efd07080bf2a4a2","name":"Lo viste en Los Pol\u00edticos","image":{"@type":"ImageObject","inLanguage":"es","@id":"https:\/\/secure.gravatar.com\/avatar\/3a8de04a2656d44082be478bd6c086daa447c4651605818287b9532d3d0bd435?s=96&d=mm&r=g","url":"https:\/\/secure.gravatar.com\/avatar\/3a8de04a2656d44082be478bd6c086daa447c4651605818287b9532d3d0bd435?s=96&d=mm&r=g","contentUrl":"https:\/\/secure.gravatar.com\/avatar\/3a8de04a2656d44082be478bd6c086daa447c4651605818287b9532d3d0bd435?s=96&d=mm&r=g","caption":"Lo viste en Los Pol\u00edticos"},"url":"https:\/\/lospoliticosveracruz.com\/?author=2"}]}},"_links":{"self":[{"href":"https:\/\/lospoliticosveracruz.com\/index.php?rest_route=\/wp\/v2\/posts\/75779","targetHints":{"allow":["GET"]}}],"collection":[{"href":"https:\/\/lospoliticosveracruz.com\/index.php?rest_route=\/wp\/v2\/posts"}],"about":[{"href":"https:\/\/lospoliticosveracruz.com\/index.php?rest_route=\/wp\/v2\/types\/post"}],"author":[{"embeddable":true,"href":"https:\/\/lospoliticosveracruz.com\/index.php?rest_route=\/wp\/v2\/users\/2"}],"replies":[{"embeddable":true,"href":"https:\/\/lospoliticosveracruz.com\/index.php?rest_route=%2Fwp%2Fv2%2Fcomments&post=75779"}],"version-history":[{"count":1,"href":"https:\/\/lospoliticosveracruz.com\/index.php?rest_route=\/wp\/v2\/posts\/75779\/revisions"}],"predecessor-version":[{"id":75781,"href":"https:\/\/lospoliticosveracruz.com\/index.php?rest_route=\/wp\/v2\/posts\/75779\/revisions\/75781"}],"wp:attachment":[{"href":"https:\/\/lospoliticosveracruz.com\/index.php?rest_route=%2Fwp%2Fv2%2Fmedia&parent=75779"}],"wp:term":[{"taxonomy":"category","embeddable":true,"href":"https:\/\/lospoliticosveracruz.com\/index.php?rest_route=%2Fwp%2Fv2%2Fcategories&post=75779"},{"taxonomy":"post_tag","embeddable":true,"href":"https:\/\/lospoliticosveracruz.com\/index.php?rest_route=%2Fwp%2Fv2%2Ftags&post=75779"}],"curies":[{"name":"wp","href":"https:\/\/api.w.org\/{rel}","templated":true}]}}