{"id":75829,"date":"2021-06-23T07:56:09","date_gmt":"2021-06-23T12:56:09","guid":{"rendered":"http:\/\/www.lospoliticosveracruz.com.mx\/?p=75829"},"modified":"2021-06-23T07:59:12","modified_gmt":"2021-06-23T12:59:12","slug":"uv-candidato-patito","status":"publish","type":"post","link":"https:\/\/lospoliticosveracruz.com\/?p=75829","title":{"rendered":"UV: Candidato patito"},"content":{"rendered":"\n<p><\/p>\n\n\n\n<p><br><strong>Ricardo Ch\u00faa<br><\/strong><em>Sale y Vale<\/em><\/p>\n\n\n\n<p>CUITL\u00c1HUAC Y JUANGA\u2026 Pese a la cantidad de casos por COVID que se han presentado y que contin\u00faa creciendo sus cifras en la entidad en los \u00faltimos d\u00edas\u2026 Y sin importar el n\u00famero de fallecidos en el Estado, a causa de la pandemia del Coronavirus\u2026 En Veracruz\u2026 \u00abEste es un lugar de ambiente, donde todo es diferente, donde siempre alegremente, bailaras todas las noches\u2026 Ahiiiiii\u2026. Esta noche te invito a bailar esta noche\u2026 Lara lara lara lara.. Quieres bailar esta noche\u00bb\u2026<\/p>\n\n\n\n<div class=\"wp-block-image\"><figure class=\"alignleft size-large\"><a href=\"http:\/\/www.lospoliticosveracruz.com.mx\/wp-content\/uploads\/2021\/06\/WhatsApp-Image-2021-06-16-at-17.12.21.jpeg\"><img decoding=\"async\" src=\"http:\/\/www.lospoliticosveracruz.com.mx\/wp-content\/uploads\/2021\/06\/WhatsApp-Image-2021-06-16-at-17.12.21.jpeg\" alt=\"\" class=\"wp-image-75531\"\/><\/a><\/figure><\/div>\n\n\n\n<p><br>Y ya en el tema\u2026 C\u00faal canci\u00f3n de \u00abJuanGa\u00bb le dedicar\u00eda Joaqu\u00edn Guzm\u00e1n Avil\u00e9s al CDE del PAN, despu\u00e9s del 6 de junio: \u00abDios te perdone, lo que hiciste t\u00fa conmigo\u2026 Voy a empezar a olvidarte\u2026 No s\u00e9 cu\u00e1nto tiempo sufra de dolor por extra\u00f1arte\u2026. Aunque me muera por verte, nunca m\u00e1s ir\u00e9 a buscarte (La reelecci\u00f3n)\u00bb\u2026 La cancion del \u00abDivo\u00bb de Ju\u00e1rez, que cant\u00f3 Cuitl\u00e1huac, la noche que triunf\u00f3 MORENA: \u00abQue sepan que hoy tome y que hoy me emborrache, por ti\u00bb.. PD\u2026 Sin alusi\u00f3n a nadie y sin da\u00f1os a terceros\u2026 Todos extra\u00f1amos a Juanga\u2026<\/p>\n\n\n\n<p>UV, EL CANDIDATO DE CUITL\u00c1HUAC BAJO SOSPECHA\u2026 En el espacio anterior comentamos que el Doctor en Educaci\u00f3n y ex funcionario de SEFIPLAN, Dario Fab\u00edan Hern\u00e1ndez, era el \u00abtapado\u00bb del gobernador, Cuitl\u00e1huac Garc\u00eda, PRESUNTAMENTE para ocupar la silla de la Rector\u00eda de la Universidad Veracruzana, que dejar\u00e1 Sara Ladr\u00f3n de Guevara\u2026 Pero ha surgido un problema\u2026 Ya que entre los aspirantes a este cargo, m\u00e1s de uno de ellos sospecha, que es un candidato \u00abbal\u00edn\u00bb porque, al parecer, no puede acreditar ninguno de sus postgrados\u2026<\/p>\n\n\n\n<p>Si se echan un \u00abclavado\u00bb para buscar en la SEP el registro nacional de C\u00e9dulas Profesionales\u2026 Da como resultado que a Fab\u00edan Hern\u00e1ndez s\u00f3lo se le reconoce oficialmente los estudios de licenciatura en Econom\u00eda por la UV\u2026 Lo que lo dejar\u00eda fuera de la candidatura de la Rector\u00eda, porque uno de los requisitos de la Ley Org\u00e1nica de la UV establece que para ser Rector \u00abpreferentemente que tenga estudios de doctorado\u00bb\u2026 Lo que significa que m\u00ednimo debe tener Maestr\u00eda\u2026 Y es la c\u00e9dulas que no se encuentran en la SEP de ninguna de las 2\u2026<\/p>\n\n\n\n<p>Ayer mencionamos que MORENA siempre \u00abjuega\u00bb tratando de despistar y escondiendo a sus \u00abtapados\u00bb\u2026 Pero s\u00f3lo que en esta ocasi\u00f3n, escogieron a uno que no cumple con los requisitos\u2026 As\u00ed que tendr\u00e1 Dario Fab\u00edan Hern\u00e1ndez acreditada su antig\u00fcedad de 12 a\u00f1os.. Pero lo m\u00e1s importante en esta \u00e9poca es que un Rector, tenga las cartas credenciales que se necesitan para el cargo\u2026 Pero dice \u00abGarganta Profunda Universitaria\u00bb que este Doctorado en Educaci\u00f3n de \u00abEl Tapado\u00bb fue un convenio que hizo la UV con una universidad de Costa Rica..<\/p>\n\n\n\n<p>Pero se sabe que Fab\u00edan s\u00f3lo hizo, PRESUNTAMENTE, 3 o 4 materias y fue a Costa Rica a que le validaran eso y le dieran una especie de constancia\u2026 Despu\u00e9s la revalid\u00f3 en una Universidad en M\u00e9xico\u2026 No se sabe como lo hizo\u2026 Pareciera un doctorado \u00abpatito\u00bb\u2026 Pero lo raro, es que no te pueden otorgar un Doctorado si no tienes Maestr\u00eda\u2026 S\u00f3lo en Espa\u00f1a en el modelo educativo que dur\u00f3 hasta el 2015, te permit\u00eda que de licenciatura se pudiera cursar un doctorado, pero en M\u00e9xico NO\u2026 \u00bfEntonces?\u2026 Es Doctor o \u00abdoitor\u00bb,.. OJO SARA o por lo menos aclararlo porque est\u00e1 BAJO SOSPECHA\u2026 AMEN\u2026<\/p>\n\n\n\n<p>\u00bfGUTI\u00c9RREZ DE VELASCO AL PAN?\u2026 Contin\u00faa creciendo el rumor al interior del PAN estatal\u2026 Que muchos de los aspirantes panistas a diputados federales y locales, que no ganaron en las urnas la elecci\u00f3n del pasado 6 de junio, pero que no tuvieron malos n\u00fameros en su proceso electoral y que perdieron por s\u00f3lo unos cientos de votos\u2026 Est\u00e1n apuntalando, la candidatura de Francisco Guti\u00e9rrez de Velasco para que se apunte y busque la dirigencia estatal del PAN a renovarse en noviembre pr\u00f3ximo\u2026 A OTRA AVENTURA AZUL\u2026<\/p>\n\n\n\n<p>Ya que hasta el momento, no se tiene informes si Joaqu\u00edn Guzm\u00e1n Avil\u00e9s buscar\u00e1 la reelecci\u00f3n del CDE panista o dejar\u00e1 libre el paso para un nuevo l\u00edder de partido\u2026 Y algunos grupos del PAN apuntalan a Paco Guti\u00e9rrez de Velasco, despu\u00e9s de que los \u00abcaciques\u00bb azules fueron derrotados en las urnas y su fuerza ante la militancia ha decrecido porque dejaron de ser opci\u00f3n y tomarlos en cuenta\u2026 Adem\u00e1s de que el constructor logr\u00f3 un capital pol\u00edtico propio en la pasada elecci\u00f3n nada despreciable, sin la ayuda de Los Yunes Azules\u2026<\/p>\n\n\n\n<p>Pero adem\u00e1s PRAGM\u00c1TICO como es el ex alcalde boque\u00f1o\u2026 Tiene esa ventaja de interactuar y transitar con todos los grupos pol\u00edticos que est\u00e1n divididos en Veracruz\u2026 Debido a que es empresario habla el mismo idioma de V\u00edctor Serralde\u2026 Pacto con Los Yunes Azules y negoci\u00f3 con Julen\u2026 Con Enrique Cambranis y Tito Delf\u00edn acuerdan\u2026 As\u00ed que podr\u00eda ser uno de los aspirantes con posibilidades para no \u00abfracturar\u00bb al PAN\u2026 Sobre todo porque el que lo hizo candidato por el puerto de Veracruz fue Marko Cort\u00e9s\u2026 \u00bfTendr\u00e1 chance?\u2026 ES LA DUDA\u2026<\/p>\n\n\n\n<p>OSORIO CHONG SE APUNTA\u2026 Hay quien dice que el senador y ex secretario de Gobernaci\u00f3n, Miguel \u00c1ngel Osorio Chong\u2026 Ya alz\u00f3 la mano por la dirigencia nacional del PRI.. Si es que Alejandro Moreno C\u00e1rdenas, dejar\u00e1 el partido para irse de diputado federal plurinominal\u2026 Es muy poco probable ese escenario en este momento, pero si eso ocurre\u2026 Los beneficiados de ese \u00abenroque\u00bb en Veracruz, ser\u00edan los aliados: Marl\u00f3n Ram\u00edrez Mar\u00edn y Anil\u00fa Ingram\u2026 Los dos diputados locales electos\u2026 Los dos la jugaron juntos en el 2019 y as\u00ed siguen en 2021\u2026<\/p>\n\n\n\n<p>Pero como en Veracruz, el rumor, la intriga y el enga\u00f1o es el deporte estatal preferido\u2026 Se\u00f1alan que con el posible arribo del hidalguense\u2026 Hasta en el PAN estatal habr\u00eda movimientos y que esto de seguro provocar\u00eda que el alcalde de Veracruz puerto, Fernando Yunes, ser\u00eda el nuevo dirigente estatal del PAN, de acuerdo con Marko Cort\u00e9s\u2026 Adem\u00e1s habr\u00eda alianza para el 2024 entre PRI, PAN, PRD, MC y hasta el PVEM promovido por Osorio\u2026 Ya que hasta muchos ex priistas veracruzanos podr\u00edan volver al PRI\u2026<\/p>\n\n\n\n<p>Adem\u00e1s el senador priista podr\u00eda \u00abarmar\u00bb con su hom\u00f3logo Dante Delgado y Julen Rementeria esta alianza en Veracruz\u2026 Hablar al \u00abo\u00eddo\u00bb con Manuel Velasco y Javier Herrera Borunda\u2026 Y esto puede beneficiar que el candidato a gobernador para el 2024 por la oposici\u00f3n sea un senador, un Yunes Azul\u2026 Pero el que m\u00e1s posibilidades tendr\u00eda ser\u00eda el orizabe\u00f1o, Juan Manuel D\u00edez Francos, por sus ligas empresariales con esos grupos de poder.. \u00abSo\u00f1ar no cuesta nada\u00bb, pero este escenario es improbable\u2026 Osorio tiene la fuerza de un \u00abtehuac\u00e1n sin gas\u00bb\u2026 AMEN..<\/p>\n","protected":false},"excerpt":{"rendered":"<p>Ricardo Ch\u00faaSale y Vale CUITL\u00c1HUAC Y JUANGA\u2026 Pese a la cantidad de casos por COVID que se han presentado y que contin\u00faa creciendo sus cifras en la entidad en los \u00faltimos d\u00edas\u2026 Y sin importar el n\u00famero de fallecidos en el Estado, a causa de la pandemia del Coronavirus\u2026 En Veracruz\u2026 \u00abEste es un lugar [&hellip;]<\/p>\n","protected":false},"author":2,"featured_media":0,"comment_status":"closed","ping_status":"closed","sticky":false,"template":"","format":"standard","meta":{"tdm_status":"","tdm_grid_status":"","footnotes":""},"categories":[70],"tags":[1563,2226,28992,12562,445,1895,13604,6352,2224,172],"class_list":{"0":"post-75829","1":"post","2":"type-post","3":"status-publish","4":"format-standard","6":"category-de-opinion","7":"tag-cuitlahuac-garcia-jimenez","8":"tag-enrique-cambranis","9":"tag-fabian-hernandez","10":"tag-marko-cortes","11":"tag-miguel-angel-osorio-chong","12":"tag-paco-gutierrez-de-velasco","13":"tag-ricardo-chua","14":"tag-sep","15":"tag-tito-delfin","16":"tag-uv"},"yoast_head":"<!-- This site is optimized with the Yoast SEO plugin v27.4 - https:\/\/yoast.com\/product\/yoast-seo-wordpress\/ -->\n<title>UV: Candidato patito - Los pol\u00edticos Veracruz<\/title>\n<meta name=\"robots\" content=\"index, follow, max-snippet:-1, max-image-preview:large, max-video-preview:-1\" \/>\n<link rel=\"canonical\" href=\"https:\/\/lospoliticosveracruz.com\/?p=75829\" \/>\n<meta property=\"og:locale\" content=\"es_ES\" \/>\n<meta property=\"og:type\" content=\"article\" \/>\n<meta property=\"og:title\" content=\"UV: Candidato patito - Los pol\u00edticos Veracruz\" \/>\n<meta property=\"og:description\" content=\"Ricardo Ch\u00faaSale y Vale CUITL\u00c1HUAC Y JUANGA\u2026 Pese a la cantidad de casos por COVID que se han presentado y que contin\u00faa creciendo sus cifras en la entidad en los \u00faltimos d\u00edas\u2026 Y sin importar el n\u00famero de fallecidos en el Estado, a causa de la pandemia del Coronavirus\u2026 En Veracruz\u2026 \u00abEste es un lugar [&hellip;]\" \/>\n<meta property=\"og:url\" content=\"https:\/\/lospoliticosveracruz.com\/?p=75829\" \/>\n<meta property=\"og:site_name\" content=\"Los pol\u00edticos Veracruz\" \/>\n<meta property=\"article:publisher\" content=\"https:\/\/www.facebook.com\/people\/Notimemes-de-los-Polticos\/61565672886568\/\" \/>\n<meta property=\"article:published_time\" content=\"2021-06-23T12:56:09+00:00\" \/>\n<meta property=\"article:modified_time\" content=\"2021-06-23T12:59:12+00:00\" \/>\n<meta property=\"og:image\" content=\"http:\/\/www.lospoliticosveracruz.com.mx\/wp-content\/uploads\/2021\/06\/WhatsApp-Image-2021-06-16-at-17.12.21.jpeg\" \/>\n<meta name=\"author\" content=\"Lo viste en Los Pol\u00edticos\" \/>\n<meta name=\"twitter:card\" content=\"summary_large_image\" \/>\n<meta name=\"twitter:creator\" content=\"@LosPoliticosVer\" \/>\n<meta name=\"twitter:site\" content=\"@LosPoliticosVer\" \/>\n<meta name=\"twitter:label1\" content=\"Escrito por\" \/>\n\t<meta name=\"twitter:data1\" content=\"Lo viste en Los Pol\u00edticos\" \/>\n\t<meta name=\"twitter:label2\" content=\"Tiempo de lectura\" \/>\n\t<meta name=\"twitter:data2\" content=\"6 minutos\" \/>\n<script type=\"application\/ld+json\" class=\"yoast-schema-graph\">{\"@context\":\"https:\\\/\\\/schema.org\",\"@graph\":[{\"@type\":\"Article\",\"@id\":\"https:\\\/\\\/lospoliticosveracruz.com\\\/?p=75829#article\",\"isPartOf\":{\"@id\":\"https:\\\/\\\/lospoliticosveracruz.com\\\/?p=75829\"},\"author\":{\"name\":\"Lo viste en Los Pol\u00edticos\",\"@id\":\"https:\\\/\\\/lospoliticosveracruz.com\\\/#\\\/schema\\\/person\\\/b8702bb0e538456e6efd07080bf2a4a2\"},\"headline\":\"UV: Candidato patito\",\"datePublished\":\"2021-06-23T12:56:09+00:00\",\"dateModified\":\"2021-06-23T12:59:12+00:00\",\"mainEntityOfPage\":{\"@id\":\"https:\\\/\\\/lospoliticosveracruz.com\\\/?p=75829\"},\"wordCount\":1196,\"publisher\":{\"@id\":\"https:\\\/\\\/lospoliticosveracruz.com\\\/#organization\"},\"image\":{\"@id\":\"https:\\\/\\\/lospoliticosveracruz.com\\\/?p=75829#primaryimage\"},\"thumbnailUrl\":\"http:\\\/\\\/www.lospoliticosveracruz.com.mx\\\/wp-content\\\/uploads\\\/2021\\\/06\\\/WhatsApp-Image-2021-06-16-at-17.12.21.jpeg\",\"keywords\":[\"Cuitl\u00e1huac Garc\u00eda Jim\u00e9nez\",\"Enrique Cambranis\",\"Fabi\u00e1n Hern\u00e1ndez\",\"Marko Cort\u00e9s\",\"Miguel \u00c1ngel Osorio Chong\",\"Paco Guti\u00e9rrez de Velasco\",\"Ricardo Ch\u00faa\",\"SEP\",\"Tito Delf\u00edn\",\"UV\"],\"articleSection\":[\"De Opini\u00f3n\"],\"inLanguage\":\"es\"},{\"@type\":\"WebPage\",\"@id\":\"https:\\\/\\\/lospoliticosveracruz.com\\\/?p=75829\",\"url\":\"https:\\\/\\\/lospoliticosveracruz.com\\\/?p=75829\",\"name\":\"UV: Candidato patito - Los pol\u00edticos Veracruz\",\"isPartOf\":{\"@id\":\"https:\\\/\\\/lospoliticosveracruz.com\\\/#website\"},\"primaryImageOfPage\":{\"@id\":\"https:\\\/\\\/lospoliticosveracruz.com\\\/?p=75829#primaryimage\"},\"image\":{\"@id\":\"https:\\\/\\\/lospoliticosveracruz.com\\\/?p=75829#primaryimage\"},\"thumbnailUrl\":\"http:\\\/\\\/www.lospoliticosveracruz.com.mx\\\/wp-content\\\/uploads\\\/2021\\\/06\\\/WhatsApp-Image-2021-06-16-at-17.12.21.jpeg\",\"datePublished\":\"2021-06-23T12:56:09+00:00\",\"dateModified\":\"2021-06-23T12:59:12+00:00\",\"breadcrumb\":{\"@id\":\"https:\\\/\\\/lospoliticosveracruz.com\\\/?p=75829#breadcrumb\"},\"inLanguage\":\"es\",\"potentialAction\":[{\"@type\":\"ReadAction\",\"target\":[\"https:\\\/\\\/lospoliticosveracruz.com\\\/?p=75829\"]}]},{\"@type\":\"ImageObject\",\"inLanguage\":\"es\",\"@id\":\"https:\\\/\\\/lospoliticosveracruz.com\\\/?p=75829#primaryimage\",\"url\":\"http:\\\/\\\/www.lospoliticosveracruz.com.mx\\\/wp-content\\\/uploads\\\/2021\\\/06\\\/WhatsApp-Image-2021-06-16-at-17.12.21.jpeg\",\"contentUrl\":\"http:\\\/\\\/www.lospoliticosveracruz.com.mx\\\/wp-content\\\/uploads\\\/2021\\\/06\\\/WhatsApp-Image-2021-06-16-at-17.12.21.jpeg\"},{\"@type\":\"BreadcrumbList\",\"@id\":\"https:\\\/\\\/lospoliticosveracruz.com\\\/?p=75829#breadcrumb\",\"itemListElement\":[{\"@type\":\"ListItem\",\"position\":1,\"name\":\"Portada\",\"item\":\"https:\\\/\\\/lospoliticosveracruz.com\\\/\"},{\"@type\":\"ListItem\",\"position\":2,\"name\":\"UV: Candidato patito\"}]},{\"@type\":\"WebSite\",\"@id\":\"https:\\\/\\\/lospoliticosveracruz.com\\\/#website\",\"url\":\"https:\\\/\\\/lospoliticosveracruz.com\\\/\",\"name\":\"Los pol\u00edticos Veracruz\",\"description\":\"\",\"publisher\":{\"@id\":\"https:\\\/\\\/lospoliticosveracruz.com\\\/#organization\"},\"potentialAction\":[{\"@type\":\"SearchAction\",\"target\":{\"@type\":\"EntryPoint\",\"urlTemplate\":\"https:\\\/\\\/lospoliticosveracruz.com\\\/?s={search_term_string}\"},\"query-input\":{\"@type\":\"PropertyValueSpecification\",\"valueRequired\":true,\"valueName\":\"search_term_string\"}}],\"inLanguage\":\"es\"},{\"@type\":\"Organization\",\"@id\":\"https:\\\/\\\/lospoliticosveracruz.com\\\/#organization\",\"name\":\"Los pol\u00edticos Veracruz\",\"url\":\"https:\\\/\\\/lospoliticosveracruz.com\\\/\",\"logo\":{\"@type\":\"ImageObject\",\"inLanguage\":\"es\",\"@id\":\"https:\\\/\\\/lospoliticosveracruz.com\\\/#\\\/schema\\\/logo\\\/image\\\/\",\"url\":\"https:\\\/\\\/lospoliticosveracruz.com\\\/wp-content\\\/uploads\\\/2025\\\/12\\\/Logo-Nuevo-LOS-POLITICOS-1.jpg\",\"contentUrl\":\"https:\\\/\\\/lospoliticosveracruz.com\\\/wp-content\\\/uploads\\\/2025\\\/12\\\/Logo-Nuevo-LOS-POLITICOS-1.jpg\",\"width\":260,\"height\":70,\"caption\":\"Los pol\u00edticos Veracruz\"},\"image\":{\"@id\":\"https:\\\/\\\/lospoliticosveracruz.com\\\/#\\\/schema\\\/logo\\\/image\\\/\"},\"sameAs\":[\"https:\\\/\\\/www.facebook.com\\\/people\\\/Notimemes-de-los-Polticos\\\/61565672886568\\\/\",\"https:\\\/\\\/x.com\\\/LosPoliticosVer\"]},{\"@type\":\"Person\",\"@id\":\"https:\\\/\\\/lospoliticosveracruz.com\\\/#\\\/schema\\\/person\\\/b8702bb0e538456e6efd07080bf2a4a2\",\"name\":\"Lo viste en Los Pol\u00edticos\",\"image\":{\"@type\":\"ImageObject\",\"inLanguage\":\"es\",\"@id\":\"https:\\\/\\\/secure.gravatar.com\\\/avatar\\\/3a8de04a2656d44082be478bd6c086daa447c4651605818287b9532d3d0bd435?s=96&d=mm&r=g\",\"url\":\"https:\\\/\\\/secure.gravatar.com\\\/avatar\\\/3a8de04a2656d44082be478bd6c086daa447c4651605818287b9532d3d0bd435?s=96&d=mm&r=g\",\"contentUrl\":\"https:\\\/\\\/secure.gravatar.com\\\/avatar\\\/3a8de04a2656d44082be478bd6c086daa447c4651605818287b9532d3d0bd435?s=96&d=mm&r=g\",\"caption\":\"Lo viste en Los Pol\u00edticos\"},\"url\":\"https:\\\/\\\/lospoliticosveracruz.com\\\/?author=2\"}]}<\/script>\n<!-- \/ Yoast SEO plugin. -->","yoast_head_json":{"title":"UV: Candidato patito - Los pol\u00edticos Veracruz","robots":{"index":"index","follow":"follow","max-snippet":"max-snippet:-1","max-image-preview":"max-image-preview:large","max-video-preview":"max-video-preview:-1"},"canonical":"https:\/\/lospoliticosveracruz.com\/?p=75829","og_locale":"es_ES","og_type":"article","og_title":"UV: Candidato patito - Los pol\u00edticos Veracruz","og_description":"Ricardo Ch\u00faaSale y Vale CUITL\u00c1HUAC Y JUANGA\u2026 Pese a la cantidad de casos por COVID que se han presentado y que contin\u00faa creciendo sus cifras en la entidad en los \u00faltimos d\u00edas\u2026 Y sin importar el n\u00famero de fallecidos en el Estado, a causa de la pandemia del Coronavirus\u2026 En Veracruz\u2026 \u00abEste es un lugar [&hellip;]","og_url":"https:\/\/lospoliticosveracruz.com\/?p=75829","og_site_name":"Los pol\u00edticos Veracruz","article_publisher":"https:\/\/www.facebook.com\/people\/Notimemes-de-los-Polticos\/61565672886568\/","article_published_time":"2021-06-23T12:56:09+00:00","article_modified_time":"2021-06-23T12:59:12+00:00","og_image":[{"url":"http:\/\/www.lospoliticosveracruz.com.mx\/wp-content\/uploads\/2021\/06\/WhatsApp-Image-2021-06-16-at-17.12.21.jpeg","type":"","width":"","height":""}],"author":"Lo viste en Los Pol\u00edticos","twitter_card":"summary_large_image","twitter_creator":"@LosPoliticosVer","twitter_site":"@LosPoliticosVer","twitter_misc":{"Escrito por":"Lo viste en Los Pol\u00edticos","Tiempo de lectura":"6 minutos"},"schema":{"@context":"https:\/\/schema.org","@graph":[{"@type":"Article","@id":"https:\/\/lospoliticosveracruz.com\/?p=75829#article","isPartOf":{"@id":"https:\/\/lospoliticosveracruz.com\/?p=75829"},"author":{"name":"Lo viste en Los Pol\u00edticos","@id":"https:\/\/lospoliticosveracruz.com\/#\/schema\/person\/b8702bb0e538456e6efd07080bf2a4a2"},"headline":"UV: Candidato patito","datePublished":"2021-06-23T12:56:09+00:00","dateModified":"2021-06-23T12:59:12+00:00","mainEntityOfPage":{"@id":"https:\/\/lospoliticosveracruz.com\/?p=75829"},"wordCount":1196,"publisher":{"@id":"https:\/\/lospoliticosveracruz.com\/#organization"},"image":{"@id":"https:\/\/lospoliticosveracruz.com\/?p=75829#primaryimage"},"thumbnailUrl":"http:\/\/www.lospoliticosveracruz.com.mx\/wp-content\/uploads\/2021\/06\/WhatsApp-Image-2021-06-16-at-17.12.21.jpeg","keywords":["Cuitl\u00e1huac Garc\u00eda Jim\u00e9nez","Enrique Cambranis","Fabi\u00e1n Hern\u00e1ndez","Marko Cort\u00e9s","Miguel \u00c1ngel Osorio Chong","Paco Guti\u00e9rrez de Velasco","Ricardo Ch\u00faa","SEP","Tito Delf\u00edn","UV"],"articleSection":["De Opini\u00f3n"],"inLanguage":"es"},{"@type":"WebPage","@id":"https:\/\/lospoliticosveracruz.com\/?p=75829","url":"https:\/\/lospoliticosveracruz.com\/?p=75829","name":"UV: Candidato patito - Los pol\u00edticos Veracruz","isPartOf":{"@id":"https:\/\/lospoliticosveracruz.com\/#website"},"primaryImageOfPage":{"@id":"https:\/\/lospoliticosveracruz.com\/?p=75829#primaryimage"},"image":{"@id":"https:\/\/lospoliticosveracruz.com\/?p=75829#primaryimage"},"thumbnailUrl":"http:\/\/www.lospoliticosveracruz.com.mx\/wp-content\/uploads\/2021\/06\/WhatsApp-Image-2021-06-16-at-17.12.21.jpeg","datePublished":"2021-06-23T12:56:09+00:00","dateModified":"2021-06-23T12:59:12+00:00","breadcrumb":{"@id":"https:\/\/lospoliticosveracruz.com\/?p=75829#breadcrumb"},"inLanguage":"es","potentialAction":[{"@type":"ReadAction","target":["https:\/\/lospoliticosveracruz.com\/?p=75829"]}]},{"@type":"ImageObject","inLanguage":"es","@id":"https:\/\/lospoliticosveracruz.com\/?p=75829#primaryimage","url":"http:\/\/www.lospoliticosveracruz.com.mx\/wp-content\/uploads\/2021\/06\/WhatsApp-Image-2021-06-16-at-17.12.21.jpeg","contentUrl":"http:\/\/www.lospoliticosveracruz.com.mx\/wp-content\/uploads\/2021\/06\/WhatsApp-Image-2021-06-16-at-17.12.21.jpeg"},{"@type":"BreadcrumbList","@id":"https:\/\/lospoliticosveracruz.com\/?p=75829#breadcrumb","itemListElement":[{"@type":"ListItem","position":1,"name":"Portada","item":"https:\/\/lospoliticosveracruz.com\/"},{"@type":"ListItem","position":2,"name":"UV: Candidato patito"}]},{"@type":"WebSite","@id":"https:\/\/lospoliticosveracruz.com\/#website","url":"https:\/\/lospoliticosveracruz.com\/","name":"Los pol\u00edticos Veracruz","description":"","publisher":{"@id":"https:\/\/lospoliticosveracruz.com\/#organization"},"potentialAction":[{"@type":"SearchAction","target":{"@type":"EntryPoint","urlTemplate":"https:\/\/lospoliticosveracruz.com\/?s={search_term_string}"},"query-input":{"@type":"PropertyValueSpecification","valueRequired":true,"valueName":"search_term_string"}}],"inLanguage":"es"},{"@type":"Organization","@id":"https:\/\/lospoliticosveracruz.com\/#organization","name":"Los pol\u00edticos Veracruz","url":"https:\/\/lospoliticosveracruz.com\/","logo":{"@type":"ImageObject","inLanguage":"es","@id":"https:\/\/lospoliticosveracruz.com\/#\/schema\/logo\/image\/","url":"https:\/\/lospoliticosveracruz.com\/wp-content\/uploads\/2025\/12\/Logo-Nuevo-LOS-POLITICOS-1.jpg","contentUrl":"https:\/\/lospoliticosveracruz.com\/wp-content\/uploads\/2025\/12\/Logo-Nuevo-LOS-POLITICOS-1.jpg","width":260,"height":70,"caption":"Los pol\u00edticos Veracruz"},"image":{"@id":"https:\/\/lospoliticosveracruz.com\/#\/schema\/logo\/image\/"},"sameAs":["https:\/\/www.facebook.com\/people\/Notimemes-de-los-Polticos\/61565672886568\/","https:\/\/x.com\/LosPoliticosVer"]},{"@type":"Person","@id":"https:\/\/lospoliticosveracruz.com\/#\/schema\/person\/b8702bb0e538456e6efd07080bf2a4a2","name":"Lo viste en Los Pol\u00edticos","image":{"@type":"ImageObject","inLanguage":"es","@id":"https:\/\/secure.gravatar.com\/avatar\/3a8de04a2656d44082be478bd6c086daa447c4651605818287b9532d3d0bd435?s=96&d=mm&r=g","url":"https:\/\/secure.gravatar.com\/avatar\/3a8de04a2656d44082be478bd6c086daa447c4651605818287b9532d3d0bd435?s=96&d=mm&r=g","contentUrl":"https:\/\/secure.gravatar.com\/avatar\/3a8de04a2656d44082be478bd6c086daa447c4651605818287b9532d3d0bd435?s=96&d=mm&r=g","caption":"Lo viste en Los Pol\u00edticos"},"url":"https:\/\/lospoliticosveracruz.com\/?author=2"}]}},"_links":{"self":[{"href":"https:\/\/lospoliticosveracruz.com\/index.php?rest_route=\/wp\/v2\/posts\/75829","targetHints":{"allow":["GET"]}}],"collection":[{"href":"https:\/\/lospoliticosveracruz.com\/index.php?rest_route=\/wp\/v2\/posts"}],"about":[{"href":"https:\/\/lospoliticosveracruz.com\/index.php?rest_route=\/wp\/v2\/types\/post"}],"author":[{"embeddable":true,"href":"https:\/\/lospoliticosveracruz.com\/index.php?rest_route=\/wp\/v2\/users\/2"}],"replies":[{"embeddable":true,"href":"https:\/\/lospoliticosveracruz.com\/index.php?rest_route=%2Fwp%2Fv2%2Fcomments&post=75829"}],"version-history":[{"count":2,"href":"https:\/\/lospoliticosveracruz.com\/index.php?rest_route=\/wp\/v2\/posts\/75829\/revisions"}],"predecessor-version":[{"id":75833,"href":"https:\/\/lospoliticosveracruz.com\/index.php?rest_route=\/wp\/v2\/posts\/75829\/revisions\/75833"}],"wp:attachment":[{"href":"https:\/\/lospoliticosveracruz.com\/index.php?rest_route=%2Fwp%2Fv2%2Fmedia&parent=75829"}],"wp:term":[{"taxonomy":"category","embeddable":true,"href":"https:\/\/lospoliticosveracruz.com\/index.php?rest_route=%2Fwp%2Fv2%2Fcategories&post=75829"},{"taxonomy":"post_tag","embeddable":true,"href":"https:\/\/lospoliticosveracruz.com\/index.php?rest_route=%2Fwp%2Fv2%2Ftags&post=75829"}],"curies":[{"name":"wp","href":"https:\/\/api.w.org\/{rel}","templated":true}]}}