{"id":75839,"date":"2021-06-23T08:17:29","date_gmt":"2021-06-23T13:17:29","guid":{"rendered":"http:\/\/www.lospoliticosveracruz.com.mx\/?p=75839"},"modified":"2021-06-23T08:17:34","modified_gmt":"2021-06-23T13:17:34","slug":"municipios-morenistas-con-legado","status":"publish","type":"post","link":"https:\/\/lospoliticosveracruz.com\/?p=75839","title":{"rendered":"Municipios morenistas con legado"},"content":{"rendered":"\n<p><strong>Eduardo Venegas Naranjo<\/strong><\/p>\n\n\n\n<p><em>Aqu\u00ed Entre Nos\u2026<br><\/em><br><\/p>\n\n\n\n<p>La herencia del poder en la pol\u00edtica no es f\u00e1cil nada, m\u00e1s ahora cuando los gobernantes se enfrentan a cr\u00edticas severas en redes sociales y a un electorado despierto, cansado de mentiras pero en la regi\u00f3n Cuenca del Papaloapan en tres municipios hubo alcaldes que pudieron dejar a familiares debido a su buen y extraordinario trabajo, un pulcro manejo de los recursos p\u00fablicos; esto as demarcaciones en los \u00faltimos 4 a\u00f1os lograron transformarse con obras y acciones visibles, Chacaltianguis, Acula y Tuxtilla.<\/p>\n\n\n\n<div class=\"wp-block-image\"><figure class=\"alignleft size-large\"><a href=\"http:\/\/www.lospoliticosveracruz.com.mx\/wp-content\/uploads\/2021\/06\/WhatsApp-Image-2021-06-16-at-17.12.21.jpeg\"><img decoding=\"async\" src=\"http:\/\/www.lospoliticosveracruz.com.mx\/wp-content\/uploads\/2021\/06\/WhatsApp-Image-2021-06-16-at-17.12.21.jpeg\" alt=\"\" class=\"wp-image-75531\"\/><\/a><\/figure><\/div>\n\n\n\n<p><strong>-Dra. Mayra Torres y Bertha Mu\u00f1oz juntas transforman Chacaltianguis.<\/strong><\/p>\n\n\n\n<p>La Alcaldesa de Chacaltianguis, Dra. Mayra Janeth Torres Dom\u00ednguez, ha sido una mujer responsable con su tierra, ha enfrentado severas cr\u00edticas, pero trabajo mata grilla en estos 42 meses de gobierno los resultados son visibles, en la pasada elecci\u00f3n la candidata fue su hija Bertha Isabel Mu\u00f1oz Torres gan\u00f3 con el respaldo del pueblo, el poder no se hereda, pero cuando las cosas se hacen bien, con vocaci\u00f3n de servicio la ciudadan\u00eda da el respaldo al gobierno, el buen Ayuntamiento de la doctora Mayra tendr\u00e1 continuidad, Chacaltianguis seguir\u00e1 por buen rumbo; Bertha al igual que su madre mantiene buena relaci\u00f3n con el gobierno de Cuitl\u00e1huac Garc\u00eda y el respaldo de Eric Cisneros.&nbsp;<\/p>\n\n\n\n<p><strong>-Con Felipe y Chio Acula es otro.<\/strong><\/p>\n\n\n\n<p>El Presidente Municipal de Acula, Felipe Pineda Barradas ha logrado una verdadera transformaci\u00f3n del municipio, es originario de Perote, se cas\u00f3 con Roc\u00edo Cruz Dom\u00ednguez, juntos han logrado consolidar un gobierno diferente, de obras, de acciones, tuvieron verg\u00fcenza y lo hicieron bien, su gente los respald\u00f3 y les dieron nuevamente la confianza, Chio Cruz fue candidata y arras\u00f3 en la pasada elecci\u00f3n, gan\u00f3 todas las casillas.<br>Los acule\u00f1os saben que tienen y tendr\u00e1n un excelente gobierno, las obras han sido detonadas como nunca, el pueblo ha obtenido beneficios en general, apoyo del estado es notorio as\u00ed como la buena relaci\u00f3n con el dos de palacio de gobierno; Felipe y Chio son gestores, atentos tienen el don de servir. A Acula le esperan buenos a\u00f1os con Roc\u00edo Cruz al frente.&nbsp;<\/p>\n\n\n\n<p><strong>-Froylan y Leidy para la historia de Tuxtilla.<\/strong><\/p>\n\n\n\n<p>Uno de los municipios m\u00e1s peque\u00f1os del estado es Tuxtilla actualmente gobernado por el joven Froylan Estrada Rend\u00f3n, quien en tres a\u00f1os y medio logr\u00f3 darle resulta a su gente.<br>En esta traves\u00eda lo acompa\u00f1\u00f3 su esposa Leidy Vergara quien el pasado 6 de junio gan\u00f3 de manera contundente la elecci\u00f3n y ser\u00e1 la pr\u00f3xima alcaldesa.&nbsp;<br>Froy y Leidy son j\u00f3venes con visi\u00f3n que dejar\u00e1n huella en Tuxtilla, saben hacer campa\u00f1a y saben gobernar, su continuidad le har\u00e1 bien a este municipio, las obras y programas establecidos ser\u00e1n parte de un seguimiento trazado en la transformaci\u00f3n de Tuxtilla, ambos mantiene buena relaci\u00f3n con el gobierno de Cuitl\u00e1huac,&nbsp;&nbsp;al municipio le esperan buenos tiempos, no hay duda.&nbsp;<br>lalo_tlaco@hotmail.com<br>@lalo2808<\/p>\n","protected":false},"excerpt":{"rendered":"<p>Eduardo Venegas Naranjo Aqu\u00ed Entre Nos\u2026 La herencia del poder en la pol\u00edtica no es f\u00e1cil nada, m\u00e1s ahora cuando los gobernantes se enfrentan a cr\u00edticas severas en redes sociales y a un electorado despierto, cansado de mentiras pero en la regi\u00f3n Cuenca del Papaloapan en tres municipios hubo alcaldes que pudieron dejar a familiares [&hellip;]<\/p>\n","protected":false},"author":2,"featured_media":0,"comment_status":"closed","ping_status":"closed","sticky":false,"template":"","format":"standard","meta":{"tdm_status":"","tdm_grid_status":"","footnotes":""},"categories":[70],"tags":[1563,24502,13170,12299,12584,28995,12757],"class_list":{"0":"post-75839","1":"post","2":"type-post","3":"status-publish","4":"format-standard","6":"category-de-opinion","7":"tag-cuitlahuac-garcia-jimenez","8":"tag-dra-mayra-janeth-torres-dominguez","9":"tag-eduardo-venegas-naranjo","10":"tag-eric-cisneros-burgos","11":"tag-felipe-pineda-barradas","12":"tag-froylan-estrada-rendon-2","13":"tag-tuxtilla"},"yoast_head":"<!-- This site is optimized with the Yoast SEO plugin v27.4 - https:\/\/yoast.com\/product\/yoast-seo-wordpress\/ -->\n<title>Municipios morenistas con legado - Los pol\u00edticos Veracruz<\/title>\n<meta name=\"robots\" content=\"index, follow, max-snippet:-1, max-image-preview:large, max-video-preview:-1\" \/>\n<link rel=\"canonical\" href=\"https:\/\/lospoliticosveracruz.com\/?p=75839\" \/>\n<meta property=\"og:locale\" content=\"es_ES\" \/>\n<meta property=\"og:type\" content=\"article\" \/>\n<meta property=\"og:title\" content=\"Municipios morenistas con legado - Los pol\u00edticos Veracruz\" \/>\n<meta property=\"og:description\" content=\"Eduardo Venegas Naranjo Aqu\u00ed Entre Nos\u2026 La herencia del poder en la pol\u00edtica no es f\u00e1cil nada, m\u00e1s ahora cuando los gobernantes se enfrentan a cr\u00edticas severas en redes sociales y a un electorado despierto, cansado de mentiras pero en la regi\u00f3n Cuenca del Papaloapan en tres municipios hubo alcaldes que pudieron dejar a familiares [&hellip;]\" \/>\n<meta property=\"og:url\" content=\"https:\/\/lospoliticosveracruz.com\/?p=75839\" \/>\n<meta property=\"og:site_name\" content=\"Los pol\u00edticos Veracruz\" \/>\n<meta property=\"article:publisher\" content=\"https:\/\/www.facebook.com\/people\/Notimemes-de-los-Polticos\/61565672886568\/\" \/>\n<meta property=\"article:published_time\" content=\"2021-06-23T13:17:29+00:00\" \/>\n<meta property=\"article:modified_time\" content=\"2021-06-23T13:17:34+00:00\" \/>\n<meta property=\"og:image\" content=\"http:\/\/www.lospoliticosveracruz.com.mx\/wp-content\/uploads\/2021\/06\/WhatsApp-Image-2021-06-16-at-17.12.21.jpeg\" \/>\n<meta name=\"author\" content=\"Lo viste en Los Pol\u00edticos\" \/>\n<meta name=\"twitter:card\" content=\"summary_large_image\" \/>\n<meta name=\"twitter:creator\" content=\"@LosPoliticosVer\" \/>\n<meta name=\"twitter:site\" content=\"@LosPoliticosVer\" \/>\n<meta name=\"twitter:label1\" content=\"Escrito por\" \/>\n\t<meta name=\"twitter:data1\" content=\"Lo viste en Los Pol\u00edticos\" \/>\n\t<meta name=\"twitter:label2\" content=\"Tiempo de lectura\" \/>\n\t<meta name=\"twitter:data2\" content=\"3 minutos\" \/>\n<script type=\"application\/ld+json\" class=\"yoast-schema-graph\">{\"@context\":\"https:\\\/\\\/schema.org\",\"@graph\":[{\"@type\":\"Article\",\"@id\":\"https:\\\/\\\/lospoliticosveracruz.com\\\/?p=75839#article\",\"isPartOf\":{\"@id\":\"https:\\\/\\\/lospoliticosveracruz.com\\\/?p=75839\"},\"author\":{\"name\":\"Lo viste en Los Pol\u00edticos\",\"@id\":\"https:\\\/\\\/lospoliticosveracruz.com\\\/#\\\/schema\\\/person\\\/b8702bb0e538456e6efd07080bf2a4a2\"},\"headline\":\"Municipios morenistas con legado\",\"datePublished\":\"2021-06-23T13:17:29+00:00\",\"dateModified\":\"2021-06-23T13:17:34+00:00\",\"mainEntityOfPage\":{\"@id\":\"https:\\\/\\\/lospoliticosveracruz.com\\\/?p=75839\"},\"wordCount\":523,\"publisher\":{\"@id\":\"https:\\\/\\\/lospoliticosveracruz.com\\\/#organization\"},\"image\":{\"@id\":\"https:\\\/\\\/lospoliticosveracruz.com\\\/?p=75839#primaryimage\"},\"thumbnailUrl\":\"http:\\\/\\\/www.lospoliticosveracruz.com.mx\\\/wp-content\\\/uploads\\\/2021\\\/06\\\/WhatsApp-Image-2021-06-16-at-17.12.21.jpeg\",\"keywords\":[\"Cuitl\u00e1huac Garc\u00eda Jim\u00e9nez\",\"Dra. Mayra Janeth Torres Dom\u00ednguez\",\"Eduardo Venegas Naranjo\",\"Eric Cisneros Burgos\",\"Felipe Pineda Barradas\",\"Froylan Estrada Rend\u00f3n\",\"Tuxtilla\"],\"articleSection\":[\"De Opini\u00f3n\"],\"inLanguage\":\"es\"},{\"@type\":\"WebPage\",\"@id\":\"https:\\\/\\\/lospoliticosveracruz.com\\\/?p=75839\",\"url\":\"https:\\\/\\\/lospoliticosveracruz.com\\\/?p=75839\",\"name\":\"Municipios morenistas con legado - Los pol\u00edticos Veracruz\",\"isPartOf\":{\"@id\":\"https:\\\/\\\/lospoliticosveracruz.com\\\/#website\"},\"primaryImageOfPage\":{\"@id\":\"https:\\\/\\\/lospoliticosveracruz.com\\\/?p=75839#primaryimage\"},\"image\":{\"@id\":\"https:\\\/\\\/lospoliticosveracruz.com\\\/?p=75839#primaryimage\"},\"thumbnailUrl\":\"http:\\\/\\\/www.lospoliticosveracruz.com.mx\\\/wp-content\\\/uploads\\\/2021\\\/06\\\/WhatsApp-Image-2021-06-16-at-17.12.21.jpeg\",\"datePublished\":\"2021-06-23T13:17:29+00:00\",\"dateModified\":\"2021-06-23T13:17:34+00:00\",\"breadcrumb\":{\"@id\":\"https:\\\/\\\/lospoliticosveracruz.com\\\/?p=75839#breadcrumb\"},\"inLanguage\":\"es\",\"potentialAction\":[{\"@type\":\"ReadAction\",\"target\":[\"https:\\\/\\\/lospoliticosveracruz.com\\\/?p=75839\"]}]},{\"@type\":\"ImageObject\",\"inLanguage\":\"es\",\"@id\":\"https:\\\/\\\/lospoliticosveracruz.com\\\/?p=75839#primaryimage\",\"url\":\"http:\\\/\\\/www.lospoliticosveracruz.com.mx\\\/wp-content\\\/uploads\\\/2021\\\/06\\\/WhatsApp-Image-2021-06-16-at-17.12.21.jpeg\",\"contentUrl\":\"http:\\\/\\\/www.lospoliticosveracruz.com.mx\\\/wp-content\\\/uploads\\\/2021\\\/06\\\/WhatsApp-Image-2021-06-16-at-17.12.21.jpeg\"},{\"@type\":\"BreadcrumbList\",\"@id\":\"https:\\\/\\\/lospoliticosveracruz.com\\\/?p=75839#breadcrumb\",\"itemListElement\":[{\"@type\":\"ListItem\",\"position\":1,\"name\":\"Portada\",\"item\":\"https:\\\/\\\/lospoliticosveracruz.com\\\/\"},{\"@type\":\"ListItem\",\"position\":2,\"name\":\"Municipios morenistas con legado\"}]},{\"@type\":\"WebSite\",\"@id\":\"https:\\\/\\\/lospoliticosveracruz.com\\\/#website\",\"url\":\"https:\\\/\\\/lospoliticosveracruz.com\\\/\",\"name\":\"Los pol\u00edticos Veracruz\",\"description\":\"\",\"publisher\":{\"@id\":\"https:\\\/\\\/lospoliticosveracruz.com\\\/#organization\"},\"potentialAction\":[{\"@type\":\"SearchAction\",\"target\":{\"@type\":\"EntryPoint\",\"urlTemplate\":\"https:\\\/\\\/lospoliticosveracruz.com\\\/?s={search_term_string}\"},\"query-input\":{\"@type\":\"PropertyValueSpecification\",\"valueRequired\":true,\"valueName\":\"search_term_string\"}}],\"inLanguage\":\"es\"},{\"@type\":\"Organization\",\"@id\":\"https:\\\/\\\/lospoliticosveracruz.com\\\/#organization\",\"name\":\"Los pol\u00edticos Veracruz\",\"url\":\"https:\\\/\\\/lospoliticosveracruz.com\\\/\",\"logo\":{\"@type\":\"ImageObject\",\"inLanguage\":\"es\",\"@id\":\"https:\\\/\\\/lospoliticosveracruz.com\\\/#\\\/schema\\\/logo\\\/image\\\/\",\"url\":\"https:\\\/\\\/lospoliticosveracruz.com\\\/wp-content\\\/uploads\\\/2025\\\/12\\\/Logo-Nuevo-LOS-POLITICOS-1.jpg\",\"contentUrl\":\"https:\\\/\\\/lospoliticosveracruz.com\\\/wp-content\\\/uploads\\\/2025\\\/12\\\/Logo-Nuevo-LOS-POLITICOS-1.jpg\",\"width\":260,\"height\":70,\"caption\":\"Los pol\u00edticos Veracruz\"},\"image\":{\"@id\":\"https:\\\/\\\/lospoliticosveracruz.com\\\/#\\\/schema\\\/logo\\\/image\\\/\"},\"sameAs\":[\"https:\\\/\\\/www.facebook.com\\\/people\\\/Notimemes-de-los-Polticos\\\/61565672886568\\\/\",\"https:\\\/\\\/x.com\\\/LosPoliticosVer\"]},{\"@type\":\"Person\",\"@id\":\"https:\\\/\\\/lospoliticosveracruz.com\\\/#\\\/schema\\\/person\\\/b8702bb0e538456e6efd07080bf2a4a2\",\"name\":\"Lo viste en Los Pol\u00edticos\",\"image\":{\"@type\":\"ImageObject\",\"inLanguage\":\"es\",\"@id\":\"https:\\\/\\\/secure.gravatar.com\\\/avatar\\\/3a8de04a2656d44082be478bd6c086daa447c4651605818287b9532d3d0bd435?s=96&d=mm&r=g\",\"url\":\"https:\\\/\\\/secure.gravatar.com\\\/avatar\\\/3a8de04a2656d44082be478bd6c086daa447c4651605818287b9532d3d0bd435?s=96&d=mm&r=g\",\"contentUrl\":\"https:\\\/\\\/secure.gravatar.com\\\/avatar\\\/3a8de04a2656d44082be478bd6c086daa447c4651605818287b9532d3d0bd435?s=96&d=mm&r=g\",\"caption\":\"Lo viste en Los Pol\u00edticos\"},\"url\":\"https:\\\/\\\/lospoliticosveracruz.com\\\/?author=2\"}]}<\/script>\n<!-- \/ Yoast SEO plugin. -->","yoast_head_json":{"title":"Municipios morenistas con legado - Los pol\u00edticos Veracruz","robots":{"index":"index","follow":"follow","max-snippet":"max-snippet:-1","max-image-preview":"max-image-preview:large","max-video-preview":"max-video-preview:-1"},"canonical":"https:\/\/lospoliticosveracruz.com\/?p=75839","og_locale":"es_ES","og_type":"article","og_title":"Municipios morenistas con legado - Los pol\u00edticos Veracruz","og_description":"Eduardo Venegas Naranjo Aqu\u00ed Entre Nos\u2026 La herencia del poder en la pol\u00edtica no es f\u00e1cil nada, m\u00e1s ahora cuando los gobernantes se enfrentan a cr\u00edticas severas en redes sociales y a un electorado despierto, cansado de mentiras pero en la regi\u00f3n Cuenca del Papaloapan en tres municipios hubo alcaldes que pudieron dejar a familiares [&hellip;]","og_url":"https:\/\/lospoliticosveracruz.com\/?p=75839","og_site_name":"Los pol\u00edticos Veracruz","article_publisher":"https:\/\/www.facebook.com\/people\/Notimemes-de-los-Polticos\/61565672886568\/","article_published_time":"2021-06-23T13:17:29+00:00","article_modified_time":"2021-06-23T13:17:34+00:00","og_image":[{"url":"http:\/\/www.lospoliticosveracruz.com.mx\/wp-content\/uploads\/2021\/06\/WhatsApp-Image-2021-06-16-at-17.12.21.jpeg","type":"","width":"","height":""}],"author":"Lo viste en Los Pol\u00edticos","twitter_card":"summary_large_image","twitter_creator":"@LosPoliticosVer","twitter_site":"@LosPoliticosVer","twitter_misc":{"Escrito por":"Lo viste en Los Pol\u00edticos","Tiempo de lectura":"3 minutos"},"schema":{"@context":"https:\/\/schema.org","@graph":[{"@type":"Article","@id":"https:\/\/lospoliticosveracruz.com\/?p=75839#article","isPartOf":{"@id":"https:\/\/lospoliticosveracruz.com\/?p=75839"},"author":{"name":"Lo viste en Los Pol\u00edticos","@id":"https:\/\/lospoliticosveracruz.com\/#\/schema\/person\/b8702bb0e538456e6efd07080bf2a4a2"},"headline":"Municipios morenistas con legado","datePublished":"2021-06-23T13:17:29+00:00","dateModified":"2021-06-23T13:17:34+00:00","mainEntityOfPage":{"@id":"https:\/\/lospoliticosveracruz.com\/?p=75839"},"wordCount":523,"publisher":{"@id":"https:\/\/lospoliticosveracruz.com\/#organization"},"image":{"@id":"https:\/\/lospoliticosveracruz.com\/?p=75839#primaryimage"},"thumbnailUrl":"http:\/\/www.lospoliticosveracruz.com.mx\/wp-content\/uploads\/2021\/06\/WhatsApp-Image-2021-06-16-at-17.12.21.jpeg","keywords":["Cuitl\u00e1huac Garc\u00eda Jim\u00e9nez","Dra. Mayra Janeth Torres Dom\u00ednguez","Eduardo Venegas Naranjo","Eric Cisneros Burgos","Felipe Pineda Barradas","Froylan Estrada Rend\u00f3n","Tuxtilla"],"articleSection":["De Opini\u00f3n"],"inLanguage":"es"},{"@type":"WebPage","@id":"https:\/\/lospoliticosveracruz.com\/?p=75839","url":"https:\/\/lospoliticosveracruz.com\/?p=75839","name":"Municipios morenistas con legado - Los pol\u00edticos Veracruz","isPartOf":{"@id":"https:\/\/lospoliticosveracruz.com\/#website"},"primaryImageOfPage":{"@id":"https:\/\/lospoliticosveracruz.com\/?p=75839#primaryimage"},"image":{"@id":"https:\/\/lospoliticosveracruz.com\/?p=75839#primaryimage"},"thumbnailUrl":"http:\/\/www.lospoliticosveracruz.com.mx\/wp-content\/uploads\/2021\/06\/WhatsApp-Image-2021-06-16-at-17.12.21.jpeg","datePublished":"2021-06-23T13:17:29+00:00","dateModified":"2021-06-23T13:17:34+00:00","breadcrumb":{"@id":"https:\/\/lospoliticosveracruz.com\/?p=75839#breadcrumb"},"inLanguage":"es","potentialAction":[{"@type":"ReadAction","target":["https:\/\/lospoliticosveracruz.com\/?p=75839"]}]},{"@type":"ImageObject","inLanguage":"es","@id":"https:\/\/lospoliticosveracruz.com\/?p=75839#primaryimage","url":"http:\/\/www.lospoliticosveracruz.com.mx\/wp-content\/uploads\/2021\/06\/WhatsApp-Image-2021-06-16-at-17.12.21.jpeg","contentUrl":"http:\/\/www.lospoliticosveracruz.com.mx\/wp-content\/uploads\/2021\/06\/WhatsApp-Image-2021-06-16-at-17.12.21.jpeg"},{"@type":"BreadcrumbList","@id":"https:\/\/lospoliticosveracruz.com\/?p=75839#breadcrumb","itemListElement":[{"@type":"ListItem","position":1,"name":"Portada","item":"https:\/\/lospoliticosveracruz.com\/"},{"@type":"ListItem","position":2,"name":"Municipios morenistas con legado"}]},{"@type":"WebSite","@id":"https:\/\/lospoliticosveracruz.com\/#website","url":"https:\/\/lospoliticosveracruz.com\/","name":"Los pol\u00edticos Veracruz","description":"","publisher":{"@id":"https:\/\/lospoliticosveracruz.com\/#organization"},"potentialAction":[{"@type":"SearchAction","target":{"@type":"EntryPoint","urlTemplate":"https:\/\/lospoliticosveracruz.com\/?s={search_term_string}"},"query-input":{"@type":"PropertyValueSpecification","valueRequired":true,"valueName":"search_term_string"}}],"inLanguage":"es"},{"@type":"Organization","@id":"https:\/\/lospoliticosveracruz.com\/#organization","name":"Los pol\u00edticos Veracruz","url":"https:\/\/lospoliticosveracruz.com\/","logo":{"@type":"ImageObject","inLanguage":"es","@id":"https:\/\/lospoliticosveracruz.com\/#\/schema\/logo\/image\/","url":"https:\/\/lospoliticosveracruz.com\/wp-content\/uploads\/2025\/12\/Logo-Nuevo-LOS-POLITICOS-1.jpg","contentUrl":"https:\/\/lospoliticosveracruz.com\/wp-content\/uploads\/2025\/12\/Logo-Nuevo-LOS-POLITICOS-1.jpg","width":260,"height":70,"caption":"Los pol\u00edticos Veracruz"},"image":{"@id":"https:\/\/lospoliticosveracruz.com\/#\/schema\/logo\/image\/"},"sameAs":["https:\/\/www.facebook.com\/people\/Notimemes-de-los-Polticos\/61565672886568\/","https:\/\/x.com\/LosPoliticosVer"]},{"@type":"Person","@id":"https:\/\/lospoliticosveracruz.com\/#\/schema\/person\/b8702bb0e538456e6efd07080bf2a4a2","name":"Lo viste en Los Pol\u00edticos","image":{"@type":"ImageObject","inLanguage":"es","@id":"https:\/\/secure.gravatar.com\/avatar\/3a8de04a2656d44082be478bd6c086daa447c4651605818287b9532d3d0bd435?s=96&d=mm&r=g","url":"https:\/\/secure.gravatar.com\/avatar\/3a8de04a2656d44082be478bd6c086daa447c4651605818287b9532d3d0bd435?s=96&d=mm&r=g","contentUrl":"https:\/\/secure.gravatar.com\/avatar\/3a8de04a2656d44082be478bd6c086daa447c4651605818287b9532d3d0bd435?s=96&d=mm&r=g","caption":"Lo viste en Los Pol\u00edticos"},"url":"https:\/\/lospoliticosveracruz.com\/?author=2"}]}},"_links":{"self":[{"href":"https:\/\/lospoliticosveracruz.com\/index.php?rest_route=\/wp\/v2\/posts\/75839","targetHints":{"allow":["GET"]}}],"collection":[{"href":"https:\/\/lospoliticosveracruz.com\/index.php?rest_route=\/wp\/v2\/posts"}],"about":[{"href":"https:\/\/lospoliticosveracruz.com\/index.php?rest_route=\/wp\/v2\/types\/post"}],"author":[{"embeddable":true,"href":"https:\/\/lospoliticosveracruz.com\/index.php?rest_route=\/wp\/v2\/users\/2"}],"replies":[{"embeddable":true,"href":"https:\/\/lospoliticosveracruz.com\/index.php?rest_route=%2Fwp%2Fv2%2Fcomments&post=75839"}],"version-history":[{"count":1,"href":"https:\/\/lospoliticosveracruz.com\/index.php?rest_route=\/wp\/v2\/posts\/75839\/revisions"}],"predecessor-version":[{"id":75841,"href":"https:\/\/lospoliticosveracruz.com\/index.php?rest_route=\/wp\/v2\/posts\/75839\/revisions\/75841"}],"wp:attachment":[{"href":"https:\/\/lospoliticosveracruz.com\/index.php?rest_route=%2Fwp%2Fv2%2Fmedia&parent=75839"}],"wp:term":[{"taxonomy":"category","embeddable":true,"href":"https:\/\/lospoliticosveracruz.com\/index.php?rest_route=%2Fwp%2Fv2%2Fcategories&post=75839"},{"taxonomy":"post_tag","embeddable":true,"href":"https:\/\/lospoliticosveracruz.com\/index.php?rest_route=%2Fwp%2Fv2%2Ftags&post=75839"}],"curies":[{"name":"wp","href":"https:\/\/api.w.org\/{rel}","templated":true}]}}