{"id":75842,"date":"2021-06-23T08:24:52","date_gmt":"2021-06-23T13:24:52","guid":{"rendered":"http:\/\/www.lospoliticosveracruz.com.mx\/?p=75842"},"modified":"2021-06-23T08:24:56","modified_gmt":"2021-06-23T13:24:56","slug":"derechos-de-la-infancia","status":"publish","type":"post","link":"https:\/\/lospoliticosveracruz.com\/?p=75842","title":{"rendered":"Derechos de la infancia"},"content":{"rendered":"\n<p><strong>Maricarmen Garc\u00eda El\u00edas<\/strong><\/p>\n\n\n\n<p><em>Animalia<br><\/em><\/p>\n\n\n\n<p>Proteger los derechos de la infancia y de cualquier otro sector vulnerable es vital para transitar en una sociedad arm\u00f3nica y llena de valores humanos. Ya el C\u00f3digo Penal de Veracruz contempla sanciones a quien maltrate a un menor de edad, existen incluso dependencias en los tres niveles de gobierno especializadas en la protecci\u00f3n de ni\u00f1as, ni\u00f1os y adolescentes.<br><\/p>\n\n\n\n<div class=\"wp-block-image\"><figure class=\"alignleft size-large\"><a href=\"http:\/\/www.lospoliticosveracruz.com.mx\/wp-content\/uploads\/2021\/06\/WhatsApp-Image-2021-06-16-at-17.12.21.jpeg\"><img decoding=\"async\" src=\"http:\/\/www.lospoliticosveracruz.com.mx\/wp-content\/uploads\/2021\/06\/WhatsApp-Image-2021-06-16-at-17.12.21.jpeg\" alt=\"\" class=\"wp-image-75531\"\/><\/a><\/figure><\/div>\n\n\n\n<p>Una maestra psic\u00f3loga en la Universidad de Yale nos dec\u00eda en clases, el a\u00f1o pasado, la importancia de fomentar un entorno familiar seguro y con valores para las y los ni\u00f1os si queremos tener futuras generaciones de excelencia. Hace unas semanas platicaba en Girona con un compa\u00f1ero de otro doctorado que estudia el bestialismo y sus causas (relaciones sexuales con animales) y dentro de sus an\u00e1lisis reflexionaba en que quienes cometen tales actos no tuvieron una infancia sana.<br>Siendo parte de organizaciones nacionales e internacionales que abogan por los derechos de la infancia y de los animales se ha dicho en distintos foros organizados por especialistas con ponentes como la Dra. Nuria Querol Vi\u00f1as, quien es una de las coordinadoras del libro \u00abViolencia contra los animales\u00bb donde participan expertos incluyendo al FBI , el Dr. Miguel \u00c1ngel Soria y la investigadora Alba Company que quien maltrata a un animal tuvo una infancia muy dif\u00edcil donde predomin\u00f3 la violencia dom\u00e9stica pero lo preocupante es que de no sanar esas heridas cuando se es adulto existe una delgada l\u00ednea entre maltratar tambi\u00e9n a una persona , el maltrato a los animales es una cuesti\u00f3n de \u00e9tica, de salud mental y de seguridad p\u00fablica afirma la Dra. Nuria y los especialistas.<br>Por eso la importancia de ofrecer a los ni\u00f1os una infancia segura con todos los derechos que establece la ley como es educaci\u00f3n, salud, vivienda digna, esparcimiento, etc. Pero sobre todo preservar el Inter\u00e9s Superior del Ni\u00f1o establecido por un m\u00e1ximo organismo como son las Naciones Unidas (ONU) que considera el bienestar integral de las ni\u00f1as, ni\u00f1os y adolescentes ante todas las cosas y reconoce a los menores de edad como sujetos de derechos.<br>La semana pasada la presidenta de la Comisi\u00f3n Permanente de Derechos de la Ni\u00f1ez y la Familia en el Congreso de Veracruz Cristina Alarc\u00f3n, propuso una iniciativa con proyecto de Decreto que reforma y adiciona diversas disposiciones de la Ley de los Derechos de Ni\u00f1as, Ni\u00f1os y Adolescentes del Estado de Veracruz, para prohibir el castigo corporal o humillante como m\u00e9todo correctivo o disciplinario en ni\u00f1as, ni\u00f1os y adolescentes. homologar dicha normativa con la Ley General, a\u00f1adiendo un inciso G de la fracci\u00f3n I del art\u00edculo 41, correspondiente al Cap\u00edtulo VIII, denominado \u00abDel Derecho de Acceso a una Vida Libre de Violencia y a la Integridad Personal\u00bb, bajo el concepto de castigo corporal o f\u00edsico, as\u00ed como castigo humillante. destac\u00f3 que, a pesar que en el pa\u00eds este tipo de correctivos prevalecen en los diversos entornos en donde ni\u00f1as, ni\u00f1os y adolescentes crecen, conviven y se desarrollan, representa una violaci\u00f3n a los derechos de ni\u00f1as, ni\u00f1os y adolescentes, generando efectos adversos en las dimensiones f\u00edsicas, emocionales de su desarrollo.<br>La iniciativa se\u00f1ala la prohibici\u00f3n a quienes ejerzan la patria potestad de los menores, tutela o guarda y custodia, as\u00ed como de los encargados o personal de instituciones educativas, deportivas, religiosas, salud, asistencia social, el ejercicio del uso de castigos corporales o humillantes. Al respecto, contin\u00faa la propuesta, deber\u00e1 entenderse como castigo corporal, todo acto en el que se utilice la fuerza f\u00edsica, incluyendo golpes con la mano o con alg\u00fan objeto, empujones, pellizcos, mordidas, tirones de cabello o de orejas, obligar a sostener posturas inc\u00f3modas, quemaduras, ingesta de alimentos hirviendo, as\u00ed como cualquier otro que tenga como objeto causar dolor o malestar, aunque sea leve. La iniciativa se\u00f1ala la prohibici\u00f3n a quienes ejerzan la patria potestad de los menores, tutela o guarda y custodia, as\u00ed como de los encargados o personal de instituciones educativas, deportivas, religiosas, salud, asistencia social, el ejercicio del uso de castigos corporales o humillantes. Por el bien de las y los ni\u00f1os veracruzanos ojal\u00e1 las fuerzas pol\u00edticas de la legislatura aprueben esta iniciativa homolog\u00e1ndose con la federaci\u00f3n.<br>Bienestar para todos<br>Una amable lectora de este espacio me escribe una buena reflexi\u00f3n a compartir y en lo cual coincido en absoluto: \u00abSoy maestra de universidad no simpatizo con las corridas de toros, las peleas de gallos ni de perros, las luchas, el boxeo y espect\u00e1culos similares veo que mis alumnos tampoco, nunca tuve acercamientos con animales por alergias desde ni\u00f1a pero siempre he considerado que son seres sintientes como cualquier otro ser vivo creo que esa es la premisa de que tengan derechos , sin embargo, deseo que los empresarios de ese sector no se vieran afectados econ\u00f3micamente como ellos lo mencionan en sus argumentos que son v\u00e1lidos, que existieran alternativas para ellos y sea la ley por medio de sus instancias quienes resuelvan una legislaci\u00f3n en beneficio de todos.\u00bb<\/p>\n","protected":false},"excerpt":{"rendered":"<p>Maricarmen Garc\u00eda El\u00edas Animalia Proteger los derechos de la infancia y de cualquier otro sector vulnerable es vital para transitar en una sociedad arm\u00f3nica y llena de valores humanos. Ya el C\u00f3digo Penal de Veracruz contempla sanciones a quien maltrate a un menor de edad, existen incluso dependencias en los tres niveles de gobierno especializadas [&hellip;]<\/p>\n","protected":false},"author":2,"featured_media":0,"comment_status":"closed","ping_status":"closed","sticky":false,"template":"","format":"standard","meta":{"tdm_status":"","tdm_grid_status":"","footnotes":""},"categories":[6451],"tags":[14742,28998,28997,278,195],"class_list":{"0":"post-75842","1":"post","2":"type-post","3":"status-publish","4":"format-standard","6":"category-historias_de_amigos","7":"tag-codigo-penal-de-veracruz","8":"tag-derechos-de-la-infancia","9":"tag-entorno-familiar-seguro","10":"tag-maltrato-animal","11":"tag-veracruz"},"yoast_head":"<!-- This site is optimized with the Yoast SEO plugin v27.4 - https:\/\/yoast.com\/product\/yoast-seo-wordpress\/ -->\n<title>Derechos de la infancia - Los pol\u00edticos Veracruz<\/title>\n<meta name=\"robots\" content=\"index, follow, max-snippet:-1, max-image-preview:large, max-video-preview:-1\" \/>\n<link rel=\"canonical\" href=\"https:\/\/lospoliticosveracruz.com\/?p=75842\" \/>\n<meta property=\"og:locale\" content=\"es_ES\" \/>\n<meta property=\"og:type\" content=\"article\" \/>\n<meta property=\"og:title\" content=\"Derechos de la infancia - Los pol\u00edticos Veracruz\" \/>\n<meta property=\"og:description\" content=\"Maricarmen Garc\u00eda El\u00edas Animalia Proteger los derechos de la infancia y de cualquier otro sector vulnerable es vital para transitar en una sociedad arm\u00f3nica y llena de valores humanos. Ya el C\u00f3digo Penal de Veracruz contempla sanciones a quien maltrate a un menor de edad, existen incluso dependencias en los tres niveles de gobierno especializadas [&hellip;]\" \/>\n<meta property=\"og:url\" content=\"https:\/\/lospoliticosveracruz.com\/?p=75842\" \/>\n<meta property=\"og:site_name\" content=\"Los pol\u00edticos Veracruz\" \/>\n<meta property=\"article:publisher\" content=\"https:\/\/www.facebook.com\/people\/Notimemes-de-los-Polticos\/61565672886568\/\" \/>\n<meta property=\"article:published_time\" content=\"2021-06-23T13:24:52+00:00\" \/>\n<meta property=\"article:modified_time\" content=\"2021-06-23T13:24:56+00:00\" \/>\n<meta property=\"og:image\" content=\"http:\/\/www.lospoliticosveracruz.com.mx\/wp-content\/uploads\/2021\/06\/WhatsApp-Image-2021-06-16-at-17.12.21.jpeg\" \/>\n<meta name=\"author\" content=\"Lo viste en Los Pol\u00edticos\" \/>\n<meta name=\"twitter:card\" content=\"summary_large_image\" \/>\n<meta name=\"twitter:creator\" content=\"@LosPoliticosVer\" \/>\n<meta name=\"twitter:site\" content=\"@LosPoliticosVer\" \/>\n<meta name=\"twitter:label1\" content=\"Escrito por\" \/>\n\t<meta name=\"twitter:data1\" content=\"Lo viste en Los Pol\u00edticos\" \/>\n\t<meta name=\"twitter:label2\" content=\"Tiempo de lectura\" \/>\n\t<meta name=\"twitter:data2\" content=\"4 minutos\" \/>\n<script type=\"application\/ld+json\" class=\"yoast-schema-graph\">{\"@context\":\"https:\\\/\\\/schema.org\",\"@graph\":[{\"@type\":\"Article\",\"@id\":\"https:\\\/\\\/lospoliticosveracruz.com\\\/?p=75842#article\",\"isPartOf\":{\"@id\":\"https:\\\/\\\/lospoliticosveracruz.com\\\/?p=75842\"},\"author\":{\"name\":\"Lo viste en Los Pol\u00edticos\",\"@id\":\"https:\\\/\\\/lospoliticosveracruz.com\\\/#\\\/schema\\\/person\\\/b8702bb0e538456e6efd07080bf2a4a2\"},\"headline\":\"Derechos de la infancia\",\"datePublished\":\"2021-06-23T13:24:52+00:00\",\"dateModified\":\"2021-06-23T13:24:56+00:00\",\"mainEntityOfPage\":{\"@id\":\"https:\\\/\\\/lospoliticosveracruz.com\\\/?p=75842\"},\"wordCount\":882,\"publisher\":{\"@id\":\"https:\\\/\\\/lospoliticosveracruz.com\\\/#organization\"},\"image\":{\"@id\":\"https:\\\/\\\/lospoliticosveracruz.com\\\/?p=75842#primaryimage\"},\"thumbnailUrl\":\"http:\\\/\\\/www.lospoliticosveracruz.com.mx\\\/wp-content\\\/uploads\\\/2021\\\/06\\\/WhatsApp-Image-2021-06-16-at-17.12.21.jpeg\",\"keywords\":[\"C\u00f3digo Penal de Veracruz\",\"derechos de la infancia\",\"entorno familiar seguro\",\"Maltrato Animal\",\"Veracruz\"],\"articleSection\":[\"Historias de Amigos\"],\"inLanguage\":\"es\"},{\"@type\":\"WebPage\",\"@id\":\"https:\\\/\\\/lospoliticosveracruz.com\\\/?p=75842\",\"url\":\"https:\\\/\\\/lospoliticosveracruz.com\\\/?p=75842\",\"name\":\"Derechos de la infancia - Los pol\u00edticos Veracruz\",\"isPartOf\":{\"@id\":\"https:\\\/\\\/lospoliticosveracruz.com\\\/#website\"},\"primaryImageOfPage\":{\"@id\":\"https:\\\/\\\/lospoliticosveracruz.com\\\/?p=75842#primaryimage\"},\"image\":{\"@id\":\"https:\\\/\\\/lospoliticosveracruz.com\\\/?p=75842#primaryimage\"},\"thumbnailUrl\":\"http:\\\/\\\/www.lospoliticosveracruz.com.mx\\\/wp-content\\\/uploads\\\/2021\\\/06\\\/WhatsApp-Image-2021-06-16-at-17.12.21.jpeg\",\"datePublished\":\"2021-06-23T13:24:52+00:00\",\"dateModified\":\"2021-06-23T13:24:56+00:00\",\"breadcrumb\":{\"@id\":\"https:\\\/\\\/lospoliticosveracruz.com\\\/?p=75842#breadcrumb\"},\"inLanguage\":\"es\",\"potentialAction\":[{\"@type\":\"ReadAction\",\"target\":[\"https:\\\/\\\/lospoliticosveracruz.com\\\/?p=75842\"]}]},{\"@type\":\"ImageObject\",\"inLanguage\":\"es\",\"@id\":\"https:\\\/\\\/lospoliticosveracruz.com\\\/?p=75842#primaryimage\",\"url\":\"http:\\\/\\\/www.lospoliticosveracruz.com.mx\\\/wp-content\\\/uploads\\\/2021\\\/06\\\/WhatsApp-Image-2021-06-16-at-17.12.21.jpeg\",\"contentUrl\":\"http:\\\/\\\/www.lospoliticosveracruz.com.mx\\\/wp-content\\\/uploads\\\/2021\\\/06\\\/WhatsApp-Image-2021-06-16-at-17.12.21.jpeg\"},{\"@type\":\"BreadcrumbList\",\"@id\":\"https:\\\/\\\/lospoliticosveracruz.com\\\/?p=75842#breadcrumb\",\"itemListElement\":[{\"@type\":\"ListItem\",\"position\":1,\"name\":\"Portada\",\"item\":\"https:\\\/\\\/lospoliticosveracruz.com\\\/\"},{\"@type\":\"ListItem\",\"position\":2,\"name\":\"Derechos de la infancia\"}]},{\"@type\":\"WebSite\",\"@id\":\"https:\\\/\\\/lospoliticosveracruz.com\\\/#website\",\"url\":\"https:\\\/\\\/lospoliticosveracruz.com\\\/\",\"name\":\"Los pol\u00edticos Veracruz\",\"description\":\"\",\"publisher\":{\"@id\":\"https:\\\/\\\/lospoliticosveracruz.com\\\/#organization\"},\"potentialAction\":[{\"@type\":\"SearchAction\",\"target\":{\"@type\":\"EntryPoint\",\"urlTemplate\":\"https:\\\/\\\/lospoliticosveracruz.com\\\/?s={search_term_string}\"},\"query-input\":{\"@type\":\"PropertyValueSpecification\",\"valueRequired\":true,\"valueName\":\"search_term_string\"}}],\"inLanguage\":\"es\"},{\"@type\":\"Organization\",\"@id\":\"https:\\\/\\\/lospoliticosveracruz.com\\\/#organization\",\"name\":\"Los pol\u00edticos Veracruz\",\"url\":\"https:\\\/\\\/lospoliticosveracruz.com\\\/\",\"logo\":{\"@type\":\"ImageObject\",\"inLanguage\":\"es\",\"@id\":\"https:\\\/\\\/lospoliticosveracruz.com\\\/#\\\/schema\\\/logo\\\/image\\\/\",\"url\":\"https:\\\/\\\/lospoliticosveracruz.com\\\/wp-content\\\/uploads\\\/2025\\\/12\\\/Logo-Nuevo-LOS-POLITICOS-1.jpg\",\"contentUrl\":\"https:\\\/\\\/lospoliticosveracruz.com\\\/wp-content\\\/uploads\\\/2025\\\/12\\\/Logo-Nuevo-LOS-POLITICOS-1.jpg\",\"width\":260,\"height\":70,\"caption\":\"Los pol\u00edticos Veracruz\"},\"image\":{\"@id\":\"https:\\\/\\\/lospoliticosveracruz.com\\\/#\\\/schema\\\/logo\\\/image\\\/\"},\"sameAs\":[\"https:\\\/\\\/www.facebook.com\\\/people\\\/Notimemes-de-los-Polticos\\\/61565672886568\\\/\",\"https:\\\/\\\/x.com\\\/LosPoliticosVer\"]},{\"@type\":\"Person\",\"@id\":\"https:\\\/\\\/lospoliticosveracruz.com\\\/#\\\/schema\\\/person\\\/b8702bb0e538456e6efd07080bf2a4a2\",\"name\":\"Lo viste en Los Pol\u00edticos\",\"image\":{\"@type\":\"ImageObject\",\"inLanguage\":\"es\",\"@id\":\"https:\\\/\\\/secure.gravatar.com\\\/avatar\\\/3a8de04a2656d44082be478bd6c086daa447c4651605818287b9532d3d0bd435?s=96&d=mm&r=g\",\"url\":\"https:\\\/\\\/secure.gravatar.com\\\/avatar\\\/3a8de04a2656d44082be478bd6c086daa447c4651605818287b9532d3d0bd435?s=96&d=mm&r=g\",\"contentUrl\":\"https:\\\/\\\/secure.gravatar.com\\\/avatar\\\/3a8de04a2656d44082be478bd6c086daa447c4651605818287b9532d3d0bd435?s=96&d=mm&r=g\",\"caption\":\"Lo viste en Los Pol\u00edticos\"},\"url\":\"https:\\\/\\\/lospoliticosveracruz.com\\\/?author=2\"}]}<\/script>\n<!-- \/ Yoast SEO plugin. -->","yoast_head_json":{"title":"Derechos de la infancia - Los pol\u00edticos Veracruz","robots":{"index":"index","follow":"follow","max-snippet":"max-snippet:-1","max-image-preview":"max-image-preview:large","max-video-preview":"max-video-preview:-1"},"canonical":"https:\/\/lospoliticosveracruz.com\/?p=75842","og_locale":"es_ES","og_type":"article","og_title":"Derechos de la infancia - Los pol\u00edticos Veracruz","og_description":"Maricarmen Garc\u00eda El\u00edas Animalia Proteger los derechos de la infancia y de cualquier otro sector vulnerable es vital para transitar en una sociedad arm\u00f3nica y llena de valores humanos. Ya el C\u00f3digo Penal de Veracruz contempla sanciones a quien maltrate a un menor de edad, existen incluso dependencias en los tres niveles de gobierno especializadas [&hellip;]","og_url":"https:\/\/lospoliticosveracruz.com\/?p=75842","og_site_name":"Los pol\u00edticos Veracruz","article_publisher":"https:\/\/www.facebook.com\/people\/Notimemes-de-los-Polticos\/61565672886568\/","article_published_time":"2021-06-23T13:24:52+00:00","article_modified_time":"2021-06-23T13:24:56+00:00","og_image":[{"url":"http:\/\/www.lospoliticosveracruz.com.mx\/wp-content\/uploads\/2021\/06\/WhatsApp-Image-2021-06-16-at-17.12.21.jpeg","type":"","width":"","height":""}],"author":"Lo viste en Los Pol\u00edticos","twitter_card":"summary_large_image","twitter_creator":"@LosPoliticosVer","twitter_site":"@LosPoliticosVer","twitter_misc":{"Escrito por":"Lo viste en Los Pol\u00edticos","Tiempo de lectura":"4 minutos"},"schema":{"@context":"https:\/\/schema.org","@graph":[{"@type":"Article","@id":"https:\/\/lospoliticosveracruz.com\/?p=75842#article","isPartOf":{"@id":"https:\/\/lospoliticosveracruz.com\/?p=75842"},"author":{"name":"Lo viste en Los Pol\u00edticos","@id":"https:\/\/lospoliticosveracruz.com\/#\/schema\/person\/b8702bb0e538456e6efd07080bf2a4a2"},"headline":"Derechos de la infancia","datePublished":"2021-06-23T13:24:52+00:00","dateModified":"2021-06-23T13:24:56+00:00","mainEntityOfPage":{"@id":"https:\/\/lospoliticosveracruz.com\/?p=75842"},"wordCount":882,"publisher":{"@id":"https:\/\/lospoliticosveracruz.com\/#organization"},"image":{"@id":"https:\/\/lospoliticosveracruz.com\/?p=75842#primaryimage"},"thumbnailUrl":"http:\/\/www.lospoliticosveracruz.com.mx\/wp-content\/uploads\/2021\/06\/WhatsApp-Image-2021-06-16-at-17.12.21.jpeg","keywords":["C\u00f3digo Penal de Veracruz","derechos de la infancia","entorno familiar seguro","Maltrato Animal","Veracruz"],"articleSection":["Historias de Amigos"],"inLanguage":"es"},{"@type":"WebPage","@id":"https:\/\/lospoliticosveracruz.com\/?p=75842","url":"https:\/\/lospoliticosveracruz.com\/?p=75842","name":"Derechos de la infancia - Los pol\u00edticos Veracruz","isPartOf":{"@id":"https:\/\/lospoliticosveracruz.com\/#website"},"primaryImageOfPage":{"@id":"https:\/\/lospoliticosveracruz.com\/?p=75842#primaryimage"},"image":{"@id":"https:\/\/lospoliticosveracruz.com\/?p=75842#primaryimage"},"thumbnailUrl":"http:\/\/www.lospoliticosveracruz.com.mx\/wp-content\/uploads\/2021\/06\/WhatsApp-Image-2021-06-16-at-17.12.21.jpeg","datePublished":"2021-06-23T13:24:52+00:00","dateModified":"2021-06-23T13:24:56+00:00","breadcrumb":{"@id":"https:\/\/lospoliticosveracruz.com\/?p=75842#breadcrumb"},"inLanguage":"es","potentialAction":[{"@type":"ReadAction","target":["https:\/\/lospoliticosveracruz.com\/?p=75842"]}]},{"@type":"ImageObject","inLanguage":"es","@id":"https:\/\/lospoliticosveracruz.com\/?p=75842#primaryimage","url":"http:\/\/www.lospoliticosveracruz.com.mx\/wp-content\/uploads\/2021\/06\/WhatsApp-Image-2021-06-16-at-17.12.21.jpeg","contentUrl":"http:\/\/www.lospoliticosveracruz.com.mx\/wp-content\/uploads\/2021\/06\/WhatsApp-Image-2021-06-16-at-17.12.21.jpeg"},{"@type":"BreadcrumbList","@id":"https:\/\/lospoliticosveracruz.com\/?p=75842#breadcrumb","itemListElement":[{"@type":"ListItem","position":1,"name":"Portada","item":"https:\/\/lospoliticosveracruz.com\/"},{"@type":"ListItem","position":2,"name":"Derechos de la infancia"}]},{"@type":"WebSite","@id":"https:\/\/lospoliticosveracruz.com\/#website","url":"https:\/\/lospoliticosveracruz.com\/","name":"Los pol\u00edticos Veracruz","description":"","publisher":{"@id":"https:\/\/lospoliticosveracruz.com\/#organization"},"potentialAction":[{"@type":"SearchAction","target":{"@type":"EntryPoint","urlTemplate":"https:\/\/lospoliticosveracruz.com\/?s={search_term_string}"},"query-input":{"@type":"PropertyValueSpecification","valueRequired":true,"valueName":"search_term_string"}}],"inLanguage":"es"},{"@type":"Organization","@id":"https:\/\/lospoliticosveracruz.com\/#organization","name":"Los pol\u00edticos Veracruz","url":"https:\/\/lospoliticosveracruz.com\/","logo":{"@type":"ImageObject","inLanguage":"es","@id":"https:\/\/lospoliticosveracruz.com\/#\/schema\/logo\/image\/","url":"https:\/\/lospoliticosveracruz.com\/wp-content\/uploads\/2025\/12\/Logo-Nuevo-LOS-POLITICOS-1.jpg","contentUrl":"https:\/\/lospoliticosveracruz.com\/wp-content\/uploads\/2025\/12\/Logo-Nuevo-LOS-POLITICOS-1.jpg","width":260,"height":70,"caption":"Los pol\u00edticos Veracruz"},"image":{"@id":"https:\/\/lospoliticosveracruz.com\/#\/schema\/logo\/image\/"},"sameAs":["https:\/\/www.facebook.com\/people\/Notimemes-de-los-Polticos\/61565672886568\/","https:\/\/x.com\/LosPoliticosVer"]},{"@type":"Person","@id":"https:\/\/lospoliticosveracruz.com\/#\/schema\/person\/b8702bb0e538456e6efd07080bf2a4a2","name":"Lo viste en Los Pol\u00edticos","image":{"@type":"ImageObject","inLanguage":"es","@id":"https:\/\/secure.gravatar.com\/avatar\/3a8de04a2656d44082be478bd6c086daa447c4651605818287b9532d3d0bd435?s=96&d=mm&r=g","url":"https:\/\/secure.gravatar.com\/avatar\/3a8de04a2656d44082be478bd6c086daa447c4651605818287b9532d3d0bd435?s=96&d=mm&r=g","contentUrl":"https:\/\/secure.gravatar.com\/avatar\/3a8de04a2656d44082be478bd6c086daa447c4651605818287b9532d3d0bd435?s=96&d=mm&r=g","caption":"Lo viste en Los Pol\u00edticos"},"url":"https:\/\/lospoliticosveracruz.com\/?author=2"}]}},"_links":{"self":[{"href":"https:\/\/lospoliticosveracruz.com\/index.php?rest_route=\/wp\/v2\/posts\/75842","targetHints":{"allow":["GET"]}}],"collection":[{"href":"https:\/\/lospoliticosveracruz.com\/index.php?rest_route=\/wp\/v2\/posts"}],"about":[{"href":"https:\/\/lospoliticosveracruz.com\/index.php?rest_route=\/wp\/v2\/types\/post"}],"author":[{"embeddable":true,"href":"https:\/\/lospoliticosveracruz.com\/index.php?rest_route=\/wp\/v2\/users\/2"}],"replies":[{"embeddable":true,"href":"https:\/\/lospoliticosveracruz.com\/index.php?rest_route=%2Fwp%2Fv2%2Fcomments&post=75842"}],"version-history":[{"count":1,"href":"https:\/\/lospoliticosveracruz.com\/index.php?rest_route=\/wp\/v2\/posts\/75842\/revisions"}],"predecessor-version":[{"id":75844,"href":"https:\/\/lospoliticosveracruz.com\/index.php?rest_route=\/wp\/v2\/posts\/75842\/revisions\/75844"}],"wp:attachment":[{"href":"https:\/\/lospoliticosveracruz.com\/index.php?rest_route=%2Fwp%2Fv2%2Fmedia&parent=75842"}],"wp:term":[{"taxonomy":"category","embeddable":true,"href":"https:\/\/lospoliticosveracruz.com\/index.php?rest_route=%2Fwp%2Fv2%2Fcategories&post=75842"},{"taxonomy":"post_tag","embeddable":true,"href":"https:\/\/lospoliticosveracruz.com\/index.php?rest_route=%2Fwp%2Fv2%2Ftags&post=75842"}],"curies":[{"name":"wp","href":"https:\/\/api.w.org\/{rel}","templated":true}]}}