{"id":75851,"date":"2021-06-23T12:00:56","date_gmt":"2021-06-23T17:00:56","guid":{"rendered":"http:\/\/www.lospoliticosveracruz.com.mx\/?p=75851"},"modified":"2021-06-23T12:01:00","modified_gmt":"2021-06-23T17:01:00","slug":"tren-ligero-de-cuic-para-el-23-amlo","status":"publish","type":"post","link":"https:\/\/lospoliticosveracruz.com\/?p=75851","title":{"rendered":"Tren ligero de Cuic, para el 23: AMLO"},"content":{"rendered":"\n<div class=\"wp-block-image\"><figure class=\"alignleft size-large is-resized\"><a href=\"http:\/\/www.lospoliticosveracruz.com.mx\/wp-content\/uploads\/2021\/06\/WhatsApp-Image-2021-06-16-at-17.12.21.jpeg\"><img loading=\"lazy\" decoding=\"async\" src=\"http:\/\/www.lospoliticosveracruz.com.mx\/wp-content\/uploads\/2021\/06\/WhatsApp-Image-2021-06-16-at-17.12.21.jpeg\" alt=\"\" class=\"wp-image-75531\" width=\"200\" height=\"400\"\/><\/a><\/figure><\/div>\n\n\n\n<p><strong>Xalapa<br><\/strong>El presidente Andr\u00e9s Manuel L\u00f3pez Obrador advirti\u00f3 que el tren ligero de Xalapa debe quedar en dos a\u00f1os \u00abporque no queremos dejar nada inconcluso\u00bb.<br>De ah\u00ed que se mida el tiempo \u00abel problema que tenemos es que no queremos dejar nada inconcluso, entonces estamos midiendo el tiempo\u00bb.<br>En la ma\u00f1anera, el presidente Andr\u00e9s Manuel L\u00f3pez Obrador fue cuestionado sobre ese proyecto anunciado por el gobernador Cuitl\u00e1huac Garc\u00eda Jim\u00e9nez de construir un tren ligero para la regi\u00f3n de Xalapa.<br>\u00abSi terminamos a finales del 2023, si tenemos el proyecto este a\u00f1o y lo hacemos en dos va\u00bb, precis\u00f3.<br>Explic\u00f3 que para el 2024 \u00abno queremos tener obras en proceso, porque no queremos hacer lo mismo que se hac\u00eda antes de dejar obras tiradas, inconclusas, porque as\u00ed como puede llegar un gobierno responsable que no le guste la obra diga ni modo ya se invirti\u00f3 y no es un da\u00f1o mayor\u00bb.<br>El Tren Ligero Urbano de la Regi\u00f3n Capital, conocido coloquialmente como Tren ligero de Xalapa es un proyecto de un sistema de transporte colectivo ferroviario metropolitano que busca mejorar la movilidad de la zona metropolitana de Xalapa, que es la regi\u00f3n capital del estado de Veracruz de Ignacio de la Llave organizado por la Secretar\u00eda de Comunicaciones y Transportes de M\u00e9xico, Agencia Reguladora del Transporte Ferroviario y el Gobierno del Estado de Veracruz de Ignacio de la Llave y comenzando los estudios del proyecto desde octubre de 2019. Ser\u00e1 construido sobre una v\u00edas de tren ya existentes y que atraviesan la ciudad de Xalapa.<\/p>\n","protected":false},"excerpt":{"rendered":"<p>XalapaEl presidente Andr\u00e9s Manuel L\u00f3pez Obrador advirti\u00f3 que el tren ligero de Xalapa debe quedar en dos a\u00f1os \u00abporque no queremos dejar nada inconcluso\u00bb.De ah\u00ed que se mida el tiempo \u00abel problema que tenemos es que no queremos dejar nada inconcluso, entonces estamos midiendo el tiempo\u00bb.En la ma\u00f1anera, el presidente Andr\u00e9s Manuel L\u00f3pez Obrador fue [&hellip;]<\/p>\n","protected":false},"author":2,"featured_media":0,"comment_status":"closed","ping_status":"closed","sticky":false,"template":"","format":"standard","meta":{"tdm_status":"","tdm_grid_status":"","footnotes":""},"categories":[6446],"tags":[618,1563,14270,29002,15075,96],"class_list":{"0":"post-75851","1":"post","2":"type-post","3":"status-publish","4":"format-standard","6":"category-la-nota","7":"tag-andres-manuel-lopez-obrador","8":"tag-cuitlahuac-garcia-jimenez","9":"tag-mananera","10":"tag-proyecto","11":"tag-tren-ligero","12":"tag-xalapa"},"yoast_head":"<!-- This site is optimized with the Yoast SEO plugin v27.4 - https:\/\/yoast.com\/product\/yoast-seo-wordpress\/ -->\n<title>Tren ligero de Cuic, para el 23: AMLO - Los pol\u00edticos Veracruz<\/title>\n<meta name=\"robots\" content=\"index, follow, max-snippet:-1, max-image-preview:large, max-video-preview:-1\" \/>\n<link rel=\"canonical\" href=\"https:\/\/lospoliticosveracruz.com\/?p=75851\" \/>\n<meta property=\"og:locale\" content=\"es_ES\" \/>\n<meta property=\"og:type\" content=\"article\" \/>\n<meta property=\"og:title\" content=\"Tren ligero de Cuic, para el 23: AMLO - Los pol\u00edticos Veracruz\" \/>\n<meta property=\"og:description\" content=\"XalapaEl presidente Andr\u00e9s Manuel L\u00f3pez Obrador advirti\u00f3 que el tren ligero de Xalapa debe quedar en dos a\u00f1os \u00abporque no queremos dejar nada inconcluso\u00bb.De ah\u00ed que se mida el tiempo \u00abel problema que tenemos es que no queremos dejar nada inconcluso, entonces estamos midiendo el tiempo\u00bb.En la ma\u00f1anera, el presidente Andr\u00e9s Manuel L\u00f3pez Obrador fue [&hellip;]\" \/>\n<meta property=\"og:url\" content=\"https:\/\/lospoliticosveracruz.com\/?p=75851\" \/>\n<meta property=\"og:site_name\" content=\"Los pol\u00edticos Veracruz\" \/>\n<meta property=\"article:publisher\" content=\"https:\/\/www.facebook.com\/people\/Notimemes-de-los-Polticos\/61565672886568\/\" \/>\n<meta property=\"article:published_time\" content=\"2021-06-23T17:00:56+00:00\" \/>\n<meta property=\"article:modified_time\" content=\"2021-06-23T17:01:00+00:00\" \/>\n<meta property=\"og:image\" content=\"http:\/\/www.lospoliticosveracruz.com.mx\/wp-content\/uploads\/2021\/06\/WhatsApp-Image-2021-06-16-at-17.12.21.jpeg\" \/>\n<meta name=\"author\" content=\"Lo viste en Los Pol\u00edticos\" \/>\n<meta name=\"twitter:card\" content=\"summary_large_image\" \/>\n<meta name=\"twitter:creator\" content=\"@LosPoliticosVer\" \/>\n<meta name=\"twitter:site\" content=\"@LosPoliticosVer\" \/>\n<meta name=\"twitter:label1\" content=\"Escrito por\" \/>\n\t<meta name=\"twitter:data1\" content=\"Lo viste en Los Pol\u00edticos\" \/>\n\t<meta name=\"twitter:label2\" content=\"Tiempo de lectura\" \/>\n\t<meta name=\"twitter:data2\" content=\"1 minuto\" \/>\n<script type=\"application\/ld+json\" class=\"yoast-schema-graph\">{\"@context\":\"https:\\\/\\\/schema.org\",\"@graph\":[{\"@type\":\"Article\",\"@id\":\"https:\\\/\\\/lospoliticosveracruz.com\\\/?p=75851#article\",\"isPartOf\":{\"@id\":\"https:\\\/\\\/lospoliticosveracruz.com\\\/?p=75851\"},\"author\":{\"name\":\"Lo viste en Los Pol\u00edticos\",\"@id\":\"https:\\\/\\\/lospoliticosveracruz.com\\\/#\\\/schema\\\/person\\\/b8702bb0e538456e6efd07080bf2a4a2\"},\"headline\":\"Tren ligero de Cuic, para el 23: AMLO\",\"datePublished\":\"2021-06-23T17:00:56+00:00\",\"dateModified\":\"2021-06-23T17:01:00+00:00\",\"mainEntityOfPage\":{\"@id\":\"https:\\\/\\\/lospoliticosveracruz.com\\\/?p=75851\"},\"wordCount\":276,\"publisher\":{\"@id\":\"https:\\\/\\\/lospoliticosveracruz.com\\\/#organization\"},\"image\":{\"@id\":\"https:\\\/\\\/lospoliticosveracruz.com\\\/?p=75851#primaryimage\"},\"thumbnailUrl\":\"http:\\\/\\\/www.lospoliticosveracruz.com.mx\\\/wp-content\\\/uploads\\\/2021\\\/06\\\/WhatsApp-Image-2021-06-16-at-17.12.21.jpeg\",\"keywords\":[\"Andr\u00e9s Manuel L\u00f3pez Obrador\",\"Cuitl\u00e1huac Garc\u00eda Jim\u00e9nez\",\"ma\u00f1anera\",\"proyecto\",\"tren ligero\",\"Xalapa\"],\"articleSection\":[\"La Nota\"],\"inLanguage\":\"es\"},{\"@type\":\"WebPage\",\"@id\":\"https:\\\/\\\/lospoliticosveracruz.com\\\/?p=75851\",\"url\":\"https:\\\/\\\/lospoliticosveracruz.com\\\/?p=75851\",\"name\":\"Tren ligero de Cuic, para el 23: AMLO - Los pol\u00edticos Veracruz\",\"isPartOf\":{\"@id\":\"https:\\\/\\\/lospoliticosveracruz.com\\\/#website\"},\"primaryImageOfPage\":{\"@id\":\"https:\\\/\\\/lospoliticosveracruz.com\\\/?p=75851#primaryimage\"},\"image\":{\"@id\":\"https:\\\/\\\/lospoliticosveracruz.com\\\/?p=75851#primaryimage\"},\"thumbnailUrl\":\"http:\\\/\\\/www.lospoliticosveracruz.com.mx\\\/wp-content\\\/uploads\\\/2021\\\/06\\\/WhatsApp-Image-2021-06-16-at-17.12.21.jpeg\",\"datePublished\":\"2021-06-23T17:00:56+00:00\",\"dateModified\":\"2021-06-23T17:01:00+00:00\",\"breadcrumb\":{\"@id\":\"https:\\\/\\\/lospoliticosveracruz.com\\\/?p=75851#breadcrumb\"},\"inLanguage\":\"es\",\"potentialAction\":[{\"@type\":\"ReadAction\",\"target\":[\"https:\\\/\\\/lospoliticosveracruz.com\\\/?p=75851\"]}]},{\"@type\":\"ImageObject\",\"inLanguage\":\"es\",\"@id\":\"https:\\\/\\\/lospoliticosveracruz.com\\\/?p=75851#primaryimage\",\"url\":\"http:\\\/\\\/www.lospoliticosveracruz.com.mx\\\/wp-content\\\/uploads\\\/2021\\\/06\\\/WhatsApp-Image-2021-06-16-at-17.12.21.jpeg\",\"contentUrl\":\"http:\\\/\\\/www.lospoliticosveracruz.com.mx\\\/wp-content\\\/uploads\\\/2021\\\/06\\\/WhatsApp-Image-2021-06-16-at-17.12.21.jpeg\"},{\"@type\":\"BreadcrumbList\",\"@id\":\"https:\\\/\\\/lospoliticosveracruz.com\\\/?p=75851#breadcrumb\",\"itemListElement\":[{\"@type\":\"ListItem\",\"position\":1,\"name\":\"Portada\",\"item\":\"https:\\\/\\\/lospoliticosveracruz.com\\\/\"},{\"@type\":\"ListItem\",\"position\":2,\"name\":\"Tren ligero de Cuic, para el 23: AMLO\"}]},{\"@type\":\"WebSite\",\"@id\":\"https:\\\/\\\/lospoliticosveracruz.com\\\/#website\",\"url\":\"https:\\\/\\\/lospoliticosveracruz.com\\\/\",\"name\":\"Los pol\u00edticos Veracruz\",\"description\":\"\",\"publisher\":{\"@id\":\"https:\\\/\\\/lospoliticosveracruz.com\\\/#organization\"},\"potentialAction\":[{\"@type\":\"SearchAction\",\"target\":{\"@type\":\"EntryPoint\",\"urlTemplate\":\"https:\\\/\\\/lospoliticosveracruz.com\\\/?s={search_term_string}\"},\"query-input\":{\"@type\":\"PropertyValueSpecification\",\"valueRequired\":true,\"valueName\":\"search_term_string\"}}],\"inLanguage\":\"es\"},{\"@type\":\"Organization\",\"@id\":\"https:\\\/\\\/lospoliticosveracruz.com\\\/#organization\",\"name\":\"Los pol\u00edticos Veracruz\",\"url\":\"https:\\\/\\\/lospoliticosveracruz.com\\\/\",\"logo\":{\"@type\":\"ImageObject\",\"inLanguage\":\"es\",\"@id\":\"https:\\\/\\\/lospoliticosveracruz.com\\\/#\\\/schema\\\/logo\\\/image\\\/\",\"url\":\"https:\\\/\\\/lospoliticosveracruz.com\\\/wp-content\\\/uploads\\\/2025\\\/12\\\/Logo-Nuevo-LOS-POLITICOS-1.jpg\",\"contentUrl\":\"https:\\\/\\\/lospoliticosveracruz.com\\\/wp-content\\\/uploads\\\/2025\\\/12\\\/Logo-Nuevo-LOS-POLITICOS-1.jpg\",\"width\":260,\"height\":70,\"caption\":\"Los pol\u00edticos Veracruz\"},\"image\":{\"@id\":\"https:\\\/\\\/lospoliticosveracruz.com\\\/#\\\/schema\\\/logo\\\/image\\\/\"},\"sameAs\":[\"https:\\\/\\\/www.facebook.com\\\/people\\\/Notimemes-de-los-Polticos\\\/61565672886568\\\/\",\"https:\\\/\\\/x.com\\\/LosPoliticosVer\"]},{\"@type\":\"Person\",\"@id\":\"https:\\\/\\\/lospoliticosveracruz.com\\\/#\\\/schema\\\/person\\\/b8702bb0e538456e6efd07080bf2a4a2\",\"name\":\"Lo viste en Los Pol\u00edticos\",\"image\":{\"@type\":\"ImageObject\",\"inLanguage\":\"es\",\"@id\":\"https:\\\/\\\/secure.gravatar.com\\\/avatar\\\/3a8de04a2656d44082be478bd6c086daa447c4651605818287b9532d3d0bd435?s=96&d=mm&r=g\",\"url\":\"https:\\\/\\\/secure.gravatar.com\\\/avatar\\\/3a8de04a2656d44082be478bd6c086daa447c4651605818287b9532d3d0bd435?s=96&d=mm&r=g\",\"contentUrl\":\"https:\\\/\\\/secure.gravatar.com\\\/avatar\\\/3a8de04a2656d44082be478bd6c086daa447c4651605818287b9532d3d0bd435?s=96&d=mm&r=g\",\"caption\":\"Lo viste en Los Pol\u00edticos\"},\"url\":\"https:\\\/\\\/lospoliticosveracruz.com\\\/?author=2\"}]}<\/script>\n<!-- \/ Yoast SEO plugin. -->","yoast_head_json":{"title":"Tren ligero de Cuic, para el 23: AMLO - Los pol\u00edticos Veracruz","robots":{"index":"index","follow":"follow","max-snippet":"max-snippet:-1","max-image-preview":"max-image-preview:large","max-video-preview":"max-video-preview:-1"},"canonical":"https:\/\/lospoliticosveracruz.com\/?p=75851","og_locale":"es_ES","og_type":"article","og_title":"Tren ligero de Cuic, para el 23: AMLO - Los pol\u00edticos Veracruz","og_description":"XalapaEl presidente Andr\u00e9s Manuel L\u00f3pez Obrador advirti\u00f3 que el tren ligero de Xalapa debe quedar en dos a\u00f1os \u00abporque no queremos dejar nada inconcluso\u00bb.De ah\u00ed que se mida el tiempo \u00abel problema que tenemos es que no queremos dejar nada inconcluso, entonces estamos midiendo el tiempo\u00bb.En la ma\u00f1anera, el presidente Andr\u00e9s Manuel L\u00f3pez Obrador fue [&hellip;]","og_url":"https:\/\/lospoliticosveracruz.com\/?p=75851","og_site_name":"Los pol\u00edticos Veracruz","article_publisher":"https:\/\/www.facebook.com\/people\/Notimemes-de-los-Polticos\/61565672886568\/","article_published_time":"2021-06-23T17:00:56+00:00","article_modified_time":"2021-06-23T17:01:00+00:00","og_image":[{"url":"http:\/\/www.lospoliticosveracruz.com.mx\/wp-content\/uploads\/2021\/06\/WhatsApp-Image-2021-06-16-at-17.12.21.jpeg","type":"","width":"","height":""}],"author":"Lo viste en Los Pol\u00edticos","twitter_card":"summary_large_image","twitter_creator":"@LosPoliticosVer","twitter_site":"@LosPoliticosVer","twitter_misc":{"Escrito por":"Lo viste en Los Pol\u00edticos","Tiempo de lectura":"1 minuto"},"schema":{"@context":"https:\/\/schema.org","@graph":[{"@type":"Article","@id":"https:\/\/lospoliticosveracruz.com\/?p=75851#article","isPartOf":{"@id":"https:\/\/lospoliticosveracruz.com\/?p=75851"},"author":{"name":"Lo viste en Los Pol\u00edticos","@id":"https:\/\/lospoliticosveracruz.com\/#\/schema\/person\/b8702bb0e538456e6efd07080bf2a4a2"},"headline":"Tren ligero de Cuic, para el 23: AMLO","datePublished":"2021-06-23T17:00:56+00:00","dateModified":"2021-06-23T17:01:00+00:00","mainEntityOfPage":{"@id":"https:\/\/lospoliticosveracruz.com\/?p=75851"},"wordCount":276,"publisher":{"@id":"https:\/\/lospoliticosveracruz.com\/#organization"},"image":{"@id":"https:\/\/lospoliticosveracruz.com\/?p=75851#primaryimage"},"thumbnailUrl":"http:\/\/www.lospoliticosveracruz.com.mx\/wp-content\/uploads\/2021\/06\/WhatsApp-Image-2021-06-16-at-17.12.21.jpeg","keywords":["Andr\u00e9s Manuel L\u00f3pez Obrador","Cuitl\u00e1huac Garc\u00eda Jim\u00e9nez","ma\u00f1anera","proyecto","tren ligero","Xalapa"],"articleSection":["La Nota"],"inLanguage":"es"},{"@type":"WebPage","@id":"https:\/\/lospoliticosveracruz.com\/?p=75851","url":"https:\/\/lospoliticosveracruz.com\/?p=75851","name":"Tren ligero de Cuic, para el 23: AMLO - Los pol\u00edticos Veracruz","isPartOf":{"@id":"https:\/\/lospoliticosveracruz.com\/#website"},"primaryImageOfPage":{"@id":"https:\/\/lospoliticosveracruz.com\/?p=75851#primaryimage"},"image":{"@id":"https:\/\/lospoliticosveracruz.com\/?p=75851#primaryimage"},"thumbnailUrl":"http:\/\/www.lospoliticosveracruz.com.mx\/wp-content\/uploads\/2021\/06\/WhatsApp-Image-2021-06-16-at-17.12.21.jpeg","datePublished":"2021-06-23T17:00:56+00:00","dateModified":"2021-06-23T17:01:00+00:00","breadcrumb":{"@id":"https:\/\/lospoliticosveracruz.com\/?p=75851#breadcrumb"},"inLanguage":"es","potentialAction":[{"@type":"ReadAction","target":["https:\/\/lospoliticosveracruz.com\/?p=75851"]}]},{"@type":"ImageObject","inLanguage":"es","@id":"https:\/\/lospoliticosveracruz.com\/?p=75851#primaryimage","url":"http:\/\/www.lospoliticosveracruz.com.mx\/wp-content\/uploads\/2021\/06\/WhatsApp-Image-2021-06-16-at-17.12.21.jpeg","contentUrl":"http:\/\/www.lospoliticosveracruz.com.mx\/wp-content\/uploads\/2021\/06\/WhatsApp-Image-2021-06-16-at-17.12.21.jpeg"},{"@type":"BreadcrumbList","@id":"https:\/\/lospoliticosveracruz.com\/?p=75851#breadcrumb","itemListElement":[{"@type":"ListItem","position":1,"name":"Portada","item":"https:\/\/lospoliticosveracruz.com\/"},{"@type":"ListItem","position":2,"name":"Tren ligero de Cuic, para el 23: AMLO"}]},{"@type":"WebSite","@id":"https:\/\/lospoliticosveracruz.com\/#website","url":"https:\/\/lospoliticosveracruz.com\/","name":"Los pol\u00edticos Veracruz","description":"","publisher":{"@id":"https:\/\/lospoliticosveracruz.com\/#organization"},"potentialAction":[{"@type":"SearchAction","target":{"@type":"EntryPoint","urlTemplate":"https:\/\/lospoliticosveracruz.com\/?s={search_term_string}"},"query-input":{"@type":"PropertyValueSpecification","valueRequired":true,"valueName":"search_term_string"}}],"inLanguage":"es"},{"@type":"Organization","@id":"https:\/\/lospoliticosveracruz.com\/#organization","name":"Los pol\u00edticos Veracruz","url":"https:\/\/lospoliticosveracruz.com\/","logo":{"@type":"ImageObject","inLanguage":"es","@id":"https:\/\/lospoliticosveracruz.com\/#\/schema\/logo\/image\/","url":"https:\/\/lospoliticosveracruz.com\/wp-content\/uploads\/2025\/12\/Logo-Nuevo-LOS-POLITICOS-1.jpg","contentUrl":"https:\/\/lospoliticosveracruz.com\/wp-content\/uploads\/2025\/12\/Logo-Nuevo-LOS-POLITICOS-1.jpg","width":260,"height":70,"caption":"Los pol\u00edticos Veracruz"},"image":{"@id":"https:\/\/lospoliticosveracruz.com\/#\/schema\/logo\/image\/"},"sameAs":["https:\/\/www.facebook.com\/people\/Notimemes-de-los-Polticos\/61565672886568\/","https:\/\/x.com\/LosPoliticosVer"]},{"@type":"Person","@id":"https:\/\/lospoliticosveracruz.com\/#\/schema\/person\/b8702bb0e538456e6efd07080bf2a4a2","name":"Lo viste en Los Pol\u00edticos","image":{"@type":"ImageObject","inLanguage":"es","@id":"https:\/\/secure.gravatar.com\/avatar\/3a8de04a2656d44082be478bd6c086daa447c4651605818287b9532d3d0bd435?s=96&d=mm&r=g","url":"https:\/\/secure.gravatar.com\/avatar\/3a8de04a2656d44082be478bd6c086daa447c4651605818287b9532d3d0bd435?s=96&d=mm&r=g","contentUrl":"https:\/\/secure.gravatar.com\/avatar\/3a8de04a2656d44082be478bd6c086daa447c4651605818287b9532d3d0bd435?s=96&d=mm&r=g","caption":"Lo viste en Los Pol\u00edticos"},"url":"https:\/\/lospoliticosveracruz.com\/?author=2"}]}},"_links":{"self":[{"href":"https:\/\/lospoliticosveracruz.com\/index.php?rest_route=\/wp\/v2\/posts\/75851","targetHints":{"allow":["GET"]}}],"collection":[{"href":"https:\/\/lospoliticosveracruz.com\/index.php?rest_route=\/wp\/v2\/posts"}],"about":[{"href":"https:\/\/lospoliticosveracruz.com\/index.php?rest_route=\/wp\/v2\/types\/post"}],"author":[{"embeddable":true,"href":"https:\/\/lospoliticosveracruz.com\/index.php?rest_route=\/wp\/v2\/users\/2"}],"replies":[{"embeddable":true,"href":"https:\/\/lospoliticosveracruz.com\/index.php?rest_route=%2Fwp%2Fv2%2Fcomments&post=75851"}],"version-history":[{"count":1,"href":"https:\/\/lospoliticosveracruz.com\/index.php?rest_route=\/wp\/v2\/posts\/75851\/revisions"}],"predecessor-version":[{"id":75853,"href":"https:\/\/lospoliticosveracruz.com\/index.php?rest_route=\/wp\/v2\/posts\/75851\/revisions\/75853"}],"wp:attachment":[{"href":"https:\/\/lospoliticosveracruz.com\/index.php?rest_route=%2Fwp%2Fv2%2Fmedia&parent=75851"}],"wp:term":[{"taxonomy":"category","embeddable":true,"href":"https:\/\/lospoliticosveracruz.com\/index.php?rest_route=%2Fwp%2Fv2%2Fcategories&post=75851"},{"taxonomy":"post_tag","embeddable":true,"href":"https:\/\/lospoliticosveracruz.com\/index.php?rest_route=%2Fwp%2Fv2%2Ftags&post=75851"}],"curies":[{"name":"wp","href":"https:\/\/api.w.org\/{rel}","templated":true}]}}