{"id":75854,"date":"2021-06-23T12:42:11","date_gmt":"2021-06-23T17:42:11","guid":{"rendered":"http:\/\/www.lospoliticosveracruz.com.mx\/?p=75854"},"modified":"2021-06-23T12:43:58","modified_gmt":"2021-06-23T17:43:58","slug":"pasen-a-la-consulta-para-enjuiciar-a-expresidentes-rosa-maria","status":"publish","type":"post","link":"https:\/\/lospoliticosveracruz.com\/?p=75854","title":{"rendered":"Pasen a la consulta para enjuiciar a expresidentes: Rosa Mar\u00eda"},"content":{"rendered":"\n<p><\/p>\n\n\n\n<p>Rosa Mar\u00eda Hern\u00e1ndez Espejo, en calidad de ciudadana veracruzana, convoc\u00f3 a la poblaci\u00f3n en general a la Consulta Popular para enjuiciar a los ex-presidentes de M\u00e9xico que se efectuar\u00e1 el pr\u00f3ximo domingo 1 de agosto del presente a\u00f1o.<\/p>\n\n\n\n<div class=\"wp-block-image\"><figure class=\"alignleft size-large\"><a href=\"http:\/\/www.lospoliticosveracruz.com.mx\/wp-content\/uploads\/2021\/06\/WhatsApp-Image-2021-06-16-at-17.12.21.jpeg\"><img decoding=\"async\" src=\"http:\/\/www.lospoliticosveracruz.com.mx\/wp-content\/uploads\/2021\/06\/WhatsApp-Image-2021-06-16-at-17.12.21.jpeg\" alt=\"\" class=\"wp-image-75531\"\/><\/a><\/figure><\/div>\n\n\n\n<p>Dijo que por primera vez en la historia del pa\u00eds, el pueblo logra que se consulte de manera directa, a trav\u00e9s del sufragio, una decisi\u00f3n de dicha magnitud que tiene que ver con el pasado reciente, entre las acciones del ejecutivo federal y la aprobaci\u00f3n o insatisfacci\u00f3n de sus gobernados.<\/p>\n\n\n\n<p>\u201cQueremos convocar a todos los ciudadanos de Veracruz a que participemos el primero de agosto en la consulta popular, que por primera vez en la historia se va a llevar un ejercicio democr\u00e1tico, donde decidiremos todos los ciudadanos si queremos que se les enjuicie a los expresidentes o no\u201d, explic\u00f3.<\/p>\n\n\n\n<p>Hern\u00e1ndez Espejo remarc\u00f3 que por mandato de la Suprema Corte de Justicia la Naci\u00f3n (SCJN), se decidi\u00f3 que fuese el Instituto Nacional Electoral (INE) el responsable de organizar la consulta popular por primera vez a iniciativa de un grupo de ciudadanos, si procede o no el juicio a los expresidentes de la naci\u00f3n.<\/p>\n\n\n\n<p>En compa\u00f1\u00eda de Iv\u00e1n Chincoya, tambi\u00e9n ciudadanos veracruzanos, explic\u00f3 que el d\u00eda de la votaci\u00f3n los electores deber\u00e1n ubicar su casilla, para emitir su voto s\u00f3lo tienen que presentarse con su credencial de elector, y en un documento que les ser\u00e1 entregado, \u00fanicamente deben responder s\u00ed o no est\u00e1n de acuerdo con que se enjuicie a los ex mandatarios.<\/p>\n\n\n\n<p>La tambi\u00e9n periodista de profesi\u00f3n fue clara al afirmar que quienes deseen ser observadores en este sencillo proceso, a partir del viernes 18 , el INE abrir\u00e1 su portal para quienes deseen inscribirse, al mismo tiempo mencion\u00f3 que se requiere la participaci\u00f3n de 37 millones de votantes o bien el 40 por ciento del padr\u00f3n electoral nacional \u201ca trav\u00e9s de un s\u00ed o un no\u201d, y ser\u00e1n las autoridades correspondientes quienes determinen las acciones jur\u00eddicas en caso de ser positiva la consulta popular.<\/p>\n","protected":false},"excerpt":{"rendered":"<p>Rosa Mar\u00eda Hern\u00e1ndez Espejo, en calidad de ciudadana veracruzana, convoc\u00f3 a la poblaci\u00f3n en general a la Consulta Popular para enjuiciar a los ex-presidentes de M\u00e9xico que se efectuar\u00e1 el pr\u00f3ximo domingo 1 de agosto del presente a\u00f1o. Dijo que por primera vez en la historia del pa\u00eds, el pueblo logra que se consulte de [&hellip;]<\/p>\n","protected":false},"author":2,"featured_media":0,"comment_status":"closed","ping_status":"closed","sticky":false,"template":"","format":"standard","meta":{"tdm_status":"","tdm_grid_status":"","footnotes":""},"categories":[73],"tags":[14239,29005,29004,554,29006,11900,3965],"class_list":{"0":"post-75854","1":"post","2":"type-post","3":"status-publish","4":"format-standard","6":"category-de-boleto","7":"tag-consulta-popular","8":"tag-ejercicio-democratico","9":"tag-ex-presidentes","10":"tag-ine","11":"tag-ivan-chincoya","12":"tag-rosa-maria-hernandez-espejo","13":"tag-scjn"},"yoast_head":"<!-- This site is optimized with the Yoast SEO plugin v27.4 - https:\/\/yoast.com\/product\/yoast-seo-wordpress\/ -->\n<title>Pasen a la consulta para enjuiciar a expresidentes: Rosa Mar\u00eda - Los pol\u00edticos Veracruz<\/title>\n<meta name=\"robots\" content=\"index, follow, max-snippet:-1, max-image-preview:large, max-video-preview:-1\" \/>\n<link rel=\"canonical\" href=\"https:\/\/lospoliticosveracruz.com\/?p=75854\" \/>\n<meta property=\"og:locale\" content=\"es_ES\" \/>\n<meta property=\"og:type\" content=\"article\" \/>\n<meta property=\"og:title\" content=\"Pasen a la consulta para enjuiciar a expresidentes: Rosa Mar\u00eda - Los pol\u00edticos Veracruz\" \/>\n<meta property=\"og:description\" content=\"Rosa Mar\u00eda Hern\u00e1ndez Espejo, en calidad de ciudadana veracruzana, convoc\u00f3 a la poblaci\u00f3n en general a la Consulta Popular para enjuiciar a los ex-presidentes de M\u00e9xico que se efectuar\u00e1 el pr\u00f3ximo domingo 1 de agosto del presente a\u00f1o. Dijo que por primera vez en la historia del pa\u00eds, el pueblo logra que se consulte de [&hellip;]\" \/>\n<meta property=\"og:url\" content=\"https:\/\/lospoliticosveracruz.com\/?p=75854\" \/>\n<meta property=\"og:site_name\" content=\"Los pol\u00edticos Veracruz\" \/>\n<meta property=\"article:publisher\" content=\"https:\/\/www.facebook.com\/people\/Notimemes-de-los-Polticos\/61565672886568\/\" \/>\n<meta property=\"article:published_time\" content=\"2021-06-23T17:42:11+00:00\" \/>\n<meta property=\"article:modified_time\" content=\"2021-06-23T17:43:58+00:00\" \/>\n<meta property=\"og:image\" content=\"http:\/\/www.lospoliticosveracruz.com.mx\/wp-content\/uploads\/2021\/06\/WhatsApp-Image-2021-06-16-at-17.12.21.jpeg\" \/>\n<meta name=\"author\" content=\"Lo viste en Los Pol\u00edticos\" \/>\n<meta name=\"twitter:card\" content=\"summary_large_image\" \/>\n<meta name=\"twitter:creator\" content=\"@LosPoliticosVer\" \/>\n<meta name=\"twitter:site\" content=\"@LosPoliticosVer\" \/>\n<meta name=\"twitter:label1\" content=\"Escrito por\" \/>\n\t<meta name=\"twitter:data1\" content=\"Lo viste en Los Pol\u00edticos\" \/>\n\t<meta name=\"twitter:label2\" content=\"Tiempo de lectura\" \/>\n\t<meta name=\"twitter:data2\" content=\"2 minutos\" \/>\n<script type=\"application\/ld+json\" class=\"yoast-schema-graph\">{\"@context\":\"https:\\\/\\\/schema.org\",\"@graph\":[{\"@type\":\"Article\",\"@id\":\"https:\\\/\\\/lospoliticosveracruz.com\\\/?p=75854#article\",\"isPartOf\":{\"@id\":\"https:\\\/\\\/lospoliticosveracruz.com\\\/?p=75854\"},\"author\":{\"name\":\"Lo viste en Los Pol\u00edticos\",\"@id\":\"https:\\\/\\\/lospoliticosveracruz.com\\\/#\\\/schema\\\/person\\\/b8702bb0e538456e6efd07080bf2a4a2\"},\"headline\":\"Pasen a la consulta para enjuiciar a expresidentes: Rosa Mar\u00eda\",\"datePublished\":\"2021-06-23T17:42:11+00:00\",\"dateModified\":\"2021-06-23T17:43:58+00:00\",\"mainEntityOfPage\":{\"@id\":\"https:\\\/\\\/lospoliticosveracruz.com\\\/?p=75854\"},\"wordCount\":369,\"publisher\":{\"@id\":\"https:\\\/\\\/lospoliticosveracruz.com\\\/#organization\"},\"image\":{\"@id\":\"https:\\\/\\\/lospoliticosveracruz.com\\\/?p=75854#primaryimage\"},\"thumbnailUrl\":\"http:\\\/\\\/www.lospoliticosveracruz.com.mx\\\/wp-content\\\/uploads\\\/2021\\\/06\\\/WhatsApp-Image-2021-06-16-at-17.12.21.jpeg\",\"keywords\":[\"Consulta Popular\",\"ejercicio democr\u00e1tico\",\"ex-presidentes\",\"INE\",\"Iv\u00e1n Chincoya\",\"Rosa Mar\u00eda Hern\u00e1ndez Espejo\",\"SCJN\"],\"articleSection\":[\"De Boleto\"],\"inLanguage\":\"es\"},{\"@type\":\"WebPage\",\"@id\":\"https:\\\/\\\/lospoliticosveracruz.com\\\/?p=75854\",\"url\":\"https:\\\/\\\/lospoliticosveracruz.com\\\/?p=75854\",\"name\":\"Pasen a la consulta para enjuiciar a expresidentes: Rosa Mar\u00eda - Los pol\u00edticos Veracruz\",\"isPartOf\":{\"@id\":\"https:\\\/\\\/lospoliticosveracruz.com\\\/#website\"},\"primaryImageOfPage\":{\"@id\":\"https:\\\/\\\/lospoliticosveracruz.com\\\/?p=75854#primaryimage\"},\"image\":{\"@id\":\"https:\\\/\\\/lospoliticosveracruz.com\\\/?p=75854#primaryimage\"},\"thumbnailUrl\":\"http:\\\/\\\/www.lospoliticosveracruz.com.mx\\\/wp-content\\\/uploads\\\/2021\\\/06\\\/WhatsApp-Image-2021-06-16-at-17.12.21.jpeg\",\"datePublished\":\"2021-06-23T17:42:11+00:00\",\"dateModified\":\"2021-06-23T17:43:58+00:00\",\"breadcrumb\":{\"@id\":\"https:\\\/\\\/lospoliticosveracruz.com\\\/?p=75854#breadcrumb\"},\"inLanguage\":\"es\",\"potentialAction\":[{\"@type\":\"ReadAction\",\"target\":[\"https:\\\/\\\/lospoliticosveracruz.com\\\/?p=75854\"]}]},{\"@type\":\"ImageObject\",\"inLanguage\":\"es\",\"@id\":\"https:\\\/\\\/lospoliticosveracruz.com\\\/?p=75854#primaryimage\",\"url\":\"http:\\\/\\\/www.lospoliticosveracruz.com.mx\\\/wp-content\\\/uploads\\\/2021\\\/06\\\/WhatsApp-Image-2021-06-16-at-17.12.21.jpeg\",\"contentUrl\":\"http:\\\/\\\/www.lospoliticosveracruz.com.mx\\\/wp-content\\\/uploads\\\/2021\\\/06\\\/WhatsApp-Image-2021-06-16-at-17.12.21.jpeg\"},{\"@type\":\"BreadcrumbList\",\"@id\":\"https:\\\/\\\/lospoliticosveracruz.com\\\/?p=75854#breadcrumb\",\"itemListElement\":[{\"@type\":\"ListItem\",\"position\":1,\"name\":\"Portada\",\"item\":\"https:\\\/\\\/lospoliticosveracruz.com\\\/\"},{\"@type\":\"ListItem\",\"position\":2,\"name\":\"Pasen a la consulta para enjuiciar a expresidentes: Rosa Mar\u00eda\"}]},{\"@type\":\"WebSite\",\"@id\":\"https:\\\/\\\/lospoliticosveracruz.com\\\/#website\",\"url\":\"https:\\\/\\\/lospoliticosveracruz.com\\\/\",\"name\":\"Los pol\u00edticos Veracruz\",\"description\":\"\",\"publisher\":{\"@id\":\"https:\\\/\\\/lospoliticosveracruz.com\\\/#organization\"},\"potentialAction\":[{\"@type\":\"SearchAction\",\"target\":{\"@type\":\"EntryPoint\",\"urlTemplate\":\"https:\\\/\\\/lospoliticosveracruz.com\\\/?s={search_term_string}\"},\"query-input\":{\"@type\":\"PropertyValueSpecification\",\"valueRequired\":true,\"valueName\":\"search_term_string\"}}],\"inLanguage\":\"es\"},{\"@type\":\"Organization\",\"@id\":\"https:\\\/\\\/lospoliticosveracruz.com\\\/#organization\",\"name\":\"Los pol\u00edticos Veracruz\",\"url\":\"https:\\\/\\\/lospoliticosveracruz.com\\\/\",\"logo\":{\"@type\":\"ImageObject\",\"inLanguage\":\"es\",\"@id\":\"https:\\\/\\\/lospoliticosveracruz.com\\\/#\\\/schema\\\/logo\\\/image\\\/\",\"url\":\"https:\\\/\\\/lospoliticosveracruz.com\\\/wp-content\\\/uploads\\\/2025\\\/12\\\/Logo-Nuevo-LOS-POLITICOS-1.jpg\",\"contentUrl\":\"https:\\\/\\\/lospoliticosveracruz.com\\\/wp-content\\\/uploads\\\/2025\\\/12\\\/Logo-Nuevo-LOS-POLITICOS-1.jpg\",\"width\":260,\"height\":70,\"caption\":\"Los pol\u00edticos Veracruz\"},\"image\":{\"@id\":\"https:\\\/\\\/lospoliticosveracruz.com\\\/#\\\/schema\\\/logo\\\/image\\\/\"},\"sameAs\":[\"https:\\\/\\\/www.facebook.com\\\/people\\\/Notimemes-de-los-Polticos\\\/61565672886568\\\/\",\"https:\\\/\\\/x.com\\\/LosPoliticosVer\"]},{\"@type\":\"Person\",\"@id\":\"https:\\\/\\\/lospoliticosveracruz.com\\\/#\\\/schema\\\/person\\\/b8702bb0e538456e6efd07080bf2a4a2\",\"name\":\"Lo viste en Los Pol\u00edticos\",\"image\":{\"@type\":\"ImageObject\",\"inLanguage\":\"es\",\"@id\":\"https:\\\/\\\/secure.gravatar.com\\\/avatar\\\/3a8de04a2656d44082be478bd6c086daa447c4651605818287b9532d3d0bd435?s=96&d=mm&r=g\",\"url\":\"https:\\\/\\\/secure.gravatar.com\\\/avatar\\\/3a8de04a2656d44082be478bd6c086daa447c4651605818287b9532d3d0bd435?s=96&d=mm&r=g\",\"contentUrl\":\"https:\\\/\\\/secure.gravatar.com\\\/avatar\\\/3a8de04a2656d44082be478bd6c086daa447c4651605818287b9532d3d0bd435?s=96&d=mm&r=g\",\"caption\":\"Lo viste en Los Pol\u00edticos\"},\"url\":\"https:\\\/\\\/lospoliticosveracruz.com\\\/?author=2\"}]}<\/script>\n<!-- \/ Yoast SEO plugin. -->","yoast_head_json":{"title":"Pasen a la consulta para enjuiciar a expresidentes: Rosa Mar\u00eda - Los pol\u00edticos Veracruz","robots":{"index":"index","follow":"follow","max-snippet":"max-snippet:-1","max-image-preview":"max-image-preview:large","max-video-preview":"max-video-preview:-1"},"canonical":"https:\/\/lospoliticosveracruz.com\/?p=75854","og_locale":"es_ES","og_type":"article","og_title":"Pasen a la consulta para enjuiciar a expresidentes: Rosa Mar\u00eda - Los pol\u00edticos Veracruz","og_description":"Rosa Mar\u00eda Hern\u00e1ndez Espejo, en calidad de ciudadana veracruzana, convoc\u00f3 a la poblaci\u00f3n en general a la Consulta Popular para enjuiciar a los ex-presidentes de M\u00e9xico que se efectuar\u00e1 el pr\u00f3ximo domingo 1 de agosto del presente a\u00f1o. Dijo que por primera vez en la historia del pa\u00eds, el pueblo logra que se consulte de [&hellip;]","og_url":"https:\/\/lospoliticosveracruz.com\/?p=75854","og_site_name":"Los pol\u00edticos Veracruz","article_publisher":"https:\/\/www.facebook.com\/people\/Notimemes-de-los-Polticos\/61565672886568\/","article_published_time":"2021-06-23T17:42:11+00:00","article_modified_time":"2021-06-23T17:43:58+00:00","og_image":[{"url":"http:\/\/www.lospoliticosveracruz.com.mx\/wp-content\/uploads\/2021\/06\/WhatsApp-Image-2021-06-16-at-17.12.21.jpeg","type":"","width":"","height":""}],"author":"Lo viste en Los Pol\u00edticos","twitter_card":"summary_large_image","twitter_creator":"@LosPoliticosVer","twitter_site":"@LosPoliticosVer","twitter_misc":{"Escrito por":"Lo viste en Los Pol\u00edticos","Tiempo de lectura":"2 minutos"},"schema":{"@context":"https:\/\/schema.org","@graph":[{"@type":"Article","@id":"https:\/\/lospoliticosveracruz.com\/?p=75854#article","isPartOf":{"@id":"https:\/\/lospoliticosveracruz.com\/?p=75854"},"author":{"name":"Lo viste en Los Pol\u00edticos","@id":"https:\/\/lospoliticosveracruz.com\/#\/schema\/person\/b8702bb0e538456e6efd07080bf2a4a2"},"headline":"Pasen a la consulta para enjuiciar a expresidentes: Rosa Mar\u00eda","datePublished":"2021-06-23T17:42:11+00:00","dateModified":"2021-06-23T17:43:58+00:00","mainEntityOfPage":{"@id":"https:\/\/lospoliticosveracruz.com\/?p=75854"},"wordCount":369,"publisher":{"@id":"https:\/\/lospoliticosveracruz.com\/#organization"},"image":{"@id":"https:\/\/lospoliticosveracruz.com\/?p=75854#primaryimage"},"thumbnailUrl":"http:\/\/www.lospoliticosveracruz.com.mx\/wp-content\/uploads\/2021\/06\/WhatsApp-Image-2021-06-16-at-17.12.21.jpeg","keywords":["Consulta Popular","ejercicio democr\u00e1tico","ex-presidentes","INE","Iv\u00e1n Chincoya","Rosa Mar\u00eda Hern\u00e1ndez Espejo","SCJN"],"articleSection":["De Boleto"],"inLanguage":"es"},{"@type":"WebPage","@id":"https:\/\/lospoliticosveracruz.com\/?p=75854","url":"https:\/\/lospoliticosveracruz.com\/?p=75854","name":"Pasen a la consulta para enjuiciar a expresidentes: Rosa Mar\u00eda - Los pol\u00edticos Veracruz","isPartOf":{"@id":"https:\/\/lospoliticosveracruz.com\/#website"},"primaryImageOfPage":{"@id":"https:\/\/lospoliticosveracruz.com\/?p=75854#primaryimage"},"image":{"@id":"https:\/\/lospoliticosveracruz.com\/?p=75854#primaryimage"},"thumbnailUrl":"http:\/\/www.lospoliticosveracruz.com.mx\/wp-content\/uploads\/2021\/06\/WhatsApp-Image-2021-06-16-at-17.12.21.jpeg","datePublished":"2021-06-23T17:42:11+00:00","dateModified":"2021-06-23T17:43:58+00:00","breadcrumb":{"@id":"https:\/\/lospoliticosveracruz.com\/?p=75854#breadcrumb"},"inLanguage":"es","potentialAction":[{"@type":"ReadAction","target":["https:\/\/lospoliticosveracruz.com\/?p=75854"]}]},{"@type":"ImageObject","inLanguage":"es","@id":"https:\/\/lospoliticosveracruz.com\/?p=75854#primaryimage","url":"http:\/\/www.lospoliticosveracruz.com.mx\/wp-content\/uploads\/2021\/06\/WhatsApp-Image-2021-06-16-at-17.12.21.jpeg","contentUrl":"http:\/\/www.lospoliticosveracruz.com.mx\/wp-content\/uploads\/2021\/06\/WhatsApp-Image-2021-06-16-at-17.12.21.jpeg"},{"@type":"BreadcrumbList","@id":"https:\/\/lospoliticosveracruz.com\/?p=75854#breadcrumb","itemListElement":[{"@type":"ListItem","position":1,"name":"Portada","item":"https:\/\/lospoliticosveracruz.com\/"},{"@type":"ListItem","position":2,"name":"Pasen a la consulta para enjuiciar a expresidentes: Rosa Mar\u00eda"}]},{"@type":"WebSite","@id":"https:\/\/lospoliticosveracruz.com\/#website","url":"https:\/\/lospoliticosveracruz.com\/","name":"Los pol\u00edticos Veracruz","description":"","publisher":{"@id":"https:\/\/lospoliticosveracruz.com\/#organization"},"potentialAction":[{"@type":"SearchAction","target":{"@type":"EntryPoint","urlTemplate":"https:\/\/lospoliticosveracruz.com\/?s={search_term_string}"},"query-input":{"@type":"PropertyValueSpecification","valueRequired":true,"valueName":"search_term_string"}}],"inLanguage":"es"},{"@type":"Organization","@id":"https:\/\/lospoliticosveracruz.com\/#organization","name":"Los pol\u00edticos Veracruz","url":"https:\/\/lospoliticosveracruz.com\/","logo":{"@type":"ImageObject","inLanguage":"es","@id":"https:\/\/lospoliticosveracruz.com\/#\/schema\/logo\/image\/","url":"https:\/\/lospoliticosveracruz.com\/wp-content\/uploads\/2025\/12\/Logo-Nuevo-LOS-POLITICOS-1.jpg","contentUrl":"https:\/\/lospoliticosveracruz.com\/wp-content\/uploads\/2025\/12\/Logo-Nuevo-LOS-POLITICOS-1.jpg","width":260,"height":70,"caption":"Los pol\u00edticos Veracruz"},"image":{"@id":"https:\/\/lospoliticosveracruz.com\/#\/schema\/logo\/image\/"},"sameAs":["https:\/\/www.facebook.com\/people\/Notimemes-de-los-Polticos\/61565672886568\/","https:\/\/x.com\/LosPoliticosVer"]},{"@type":"Person","@id":"https:\/\/lospoliticosveracruz.com\/#\/schema\/person\/b8702bb0e538456e6efd07080bf2a4a2","name":"Lo viste en Los Pol\u00edticos","image":{"@type":"ImageObject","inLanguage":"es","@id":"https:\/\/secure.gravatar.com\/avatar\/3a8de04a2656d44082be478bd6c086daa447c4651605818287b9532d3d0bd435?s=96&d=mm&r=g","url":"https:\/\/secure.gravatar.com\/avatar\/3a8de04a2656d44082be478bd6c086daa447c4651605818287b9532d3d0bd435?s=96&d=mm&r=g","contentUrl":"https:\/\/secure.gravatar.com\/avatar\/3a8de04a2656d44082be478bd6c086daa447c4651605818287b9532d3d0bd435?s=96&d=mm&r=g","caption":"Lo viste en Los Pol\u00edticos"},"url":"https:\/\/lospoliticosveracruz.com\/?author=2"}]}},"_links":{"self":[{"href":"https:\/\/lospoliticosveracruz.com\/index.php?rest_route=\/wp\/v2\/posts\/75854","targetHints":{"allow":["GET"]}}],"collection":[{"href":"https:\/\/lospoliticosveracruz.com\/index.php?rest_route=\/wp\/v2\/posts"}],"about":[{"href":"https:\/\/lospoliticosveracruz.com\/index.php?rest_route=\/wp\/v2\/types\/post"}],"author":[{"embeddable":true,"href":"https:\/\/lospoliticosveracruz.com\/index.php?rest_route=\/wp\/v2\/users\/2"}],"replies":[{"embeddable":true,"href":"https:\/\/lospoliticosveracruz.com\/index.php?rest_route=%2Fwp%2Fv2%2Fcomments&post=75854"}],"version-history":[{"count":2,"href":"https:\/\/lospoliticosveracruz.com\/index.php?rest_route=\/wp\/v2\/posts\/75854\/revisions"}],"predecessor-version":[{"id":75858,"href":"https:\/\/lospoliticosveracruz.com\/index.php?rest_route=\/wp\/v2\/posts\/75854\/revisions\/75858"}],"wp:attachment":[{"href":"https:\/\/lospoliticosveracruz.com\/index.php?rest_route=%2Fwp%2Fv2%2Fmedia&parent=75854"}],"wp:term":[{"taxonomy":"category","embeddable":true,"href":"https:\/\/lospoliticosveracruz.com\/index.php?rest_route=%2Fwp%2Fv2%2Fcategories&post=75854"},{"taxonomy":"post_tag","embeddable":true,"href":"https:\/\/lospoliticosveracruz.com\/index.php?rest_route=%2Fwp%2Fv2%2Ftags&post=75854"}],"curies":[{"name":"wp","href":"https:\/\/api.w.org\/{rel}","templated":true}]}}