{"id":75869,"date":"2021-06-23T18:25:31","date_gmt":"2021-06-23T23:25:31","guid":{"rendered":"http:\/\/www.lospoliticosveracruz.com.mx\/?p=75869"},"modified":"2021-06-23T18:25:35","modified_gmt":"2021-06-23T23:25:35","slug":"tres-historias-en-el-puerto-de-veracruz","status":"publish","type":"post","link":"https:\/\/lospoliticosveracruz.com\/?p=75869","title":{"rendered":"Tres historias en el Puerto de Veracruz"},"content":{"rendered":"\n<p><strong>Manolo Victorio<\/strong><\/p>\n\n\n\n<p><em>Carpe Diem<br><\/em><\/p>\n\n\n\n<p>I.<br>La elecci\u00f3n municipal en el Puerto de Veracruz a\u00fan no recibe el claquetazo final; a\u00fan no se cierra el tel\u00f3n de fondo que marca el termino de la obra relacionada con el cochinero que hicieron los Yunes azules en el proceso del domingo 6 de junio.<\/p>\n\n\n\n<div class=\"wp-block-image\"><figure class=\"alignleft size-large\"><a href=\"http:\/\/www.lospoliticosveracruz.com.mx\/wp-content\/uploads\/2021\/06\/WhatsApp-Image-2021-06-16-at-17.12.21.jpeg\"><img decoding=\"async\" src=\"http:\/\/www.lospoliticosveracruz.com.mx\/wp-content\/uploads\/2021\/06\/WhatsApp-Image-2021-06-16-at-17.12.21.jpeg\" alt=\"\" class=\"wp-image-75531\"\/><\/a><\/figure><\/div>\n\n\n\n<p><br>Ricardo Francisco Exsome Zapata, abanderado de la trinca Morena-PVEM-PT, dijo que hay irregularidades graves, documentadas, sustentadas jur\u00eddicamente, en por lo menos 107 de las 808 casillas instaladas el d\u00eda de la elecci\u00f3n.<br>Ese es un recurso que ya tienen en el escritorio los magistrados Claudia D\u00edaz Tablada, Tania Celina V\u00e1squez Mu\u00f1oz y Eduardo Cigala Aguilar, en el Tribunal Electoral de Veracruz.<br>Los abogados del constructor documentaron las deficiencias, altamente sospechosas, de los funcionarios el Consejo Municipal del Organismo P\u00fablico Local Electoral a trav\u00e9s de los capturistas del Programa de Resultados Electorales Preliminares, quienes, de un teclazo, borraron votos a favor del candidato morenista.<br>Circularon videos donde la paqueter\u00eda electoral qued\u00f3 al garete, sin vigilancia, en las oficinas del Consejo Municipal del OPLE, como bot\u00edn en arca abierta para los mapaches electorales enquistados -a decir Ricardo Exsome- en las oficinas del \u00e1rbitro electoral.<br>Otra causal de nulidad de la elecci\u00f3n, es el gasto dispendioso, ofensivo y descarado que hicieron en la coalici\u00f3n PAN-PRI-PRD para ganar, por todos los medios, legales y legaloides, la contienda electoral a base de billetazos.<br>Ser\u00e1 un semestre largo, un tiempo donde los tribunales revisen y dictaminen la elecci\u00f3n m\u00e1s cochina en la historia del Puerto de Veracruz.<br>Ricardo Exsome Zapata se mueve en el altiplano, donde se dio la orden que se revise a conciencia la elecci\u00f3n municipal, ante el c\u00famulo de evidencias respecto a la truculencia del proceso.<br>Ante el cuestionamiento directo sobre la aceptaci\u00f3n del resultado, una vez que se agoten los recursos jur\u00eddicos en tribunales, el diputado federal con licencia sostiene que aceptar\u00eda n\u00fameros rojos en caso del recuento total.<br>Sin embargo, conf\u00eda en que, en el recuento de las irregularidades, los tribunales se decanten por la repetici\u00f3n de la elecci\u00f3n.<br>La elecci\u00f3n podr\u00eda repetirse en febrero-marzo si los tribunales lo ordenan luego del an\u00e1lisis minucioso del c\u00famulo de evidencia que presentaron, \u00a1para Ripley!, todos los partidos pol\u00edticos que mandaron candidatos y candidatas en pos de la alcald\u00eda m\u00e1s importante del estado.<\/p>\n\n\n\n<p><br>II.<br>A Ricardo Exsome Zapata lo dejan morir solo en el frente de batalla. Los morenos lo han olvidado en la trinchera m\u00e1s importante del estado porque est\u00e1n embelesados con las 103 parcelas municipales conquistadas y andan ocupados en llenar las butacas de representaci\u00f3n popular que tendr\u00e1n en la LXVI Legislatura que engordar\u00e1n a\u00fan m\u00e1s las 28 diputaciones conseguidas a golpe de urna.<br>El dueto Cazar\u00edn-Zepeta s\u00f3lo se apersonaron un d\u00eda en la sede el OPLE para lanzar arengas al viento, sin tocar con el p\u00e9talo de un se\u00f1alamiento a los inquilinos de Palacio Municipal, en excesivo modo diplom\u00e1tico hacia los rivales que al paso de tres a\u00f1os pueden erigirse en verdugos azules de horca y cuchillo contra los morenos, hoy embriagados de poder.<br>Ricardo Exsome pidi\u00f3 a un personero del Gobierno del Estado tramitara una mayor presencia de la Guardia Nacional en el d\u00eda de la elecci\u00f3n, domingo 6 de junio. El tr\u00e1mite nunca se hizo.<br>En el proyectado electoral, el Puerto de Veracruz no estaba en el mapa de Morena, quiz\u00e1 porque la invitaci\u00f3n a Ricardo Exsome para que participara como candidato a la presidencia municipal se hizo en el altiplano.<br>Los morenos enquistados en el poder estatal simplemente no se movieron, bajaron banderas, moldearon guerreros de terracota, lanzaron bravatas medi\u00e1ticas que no asustaron a nadie.<br>Veracruz no estuvo nunca en el presupuesto ni en la agenda.<br>Nadie vino, nadie organiz\u00f3 a las huestes morenistas que se movieron con el coraz\u00f3n; y eso no fue suficiente.<\/p>\n\n\n\n<p>III.<br>Oscar Agust\u00edn Lara Hern\u00e1ndez, el ex director del Wolrd Trade Center, quien sospechosamente se emberrinch\u00f3 con una candidatura a una diputaci\u00f3n federal por Morena y quien al cuarto para las doce rompi\u00f3 con Exsome y contendi\u00f3 por la alcald\u00eda siglado por Movimiento Ciudadano, cosech\u00f3 6,361 votos que meti\u00f3 en la buchaca del MC, rest\u00e1ndole esas papeletas a su antiguo aliado y jefe pol\u00edtico.<br>Los n\u00fameros de Oscar Lara son el fiel de la balanza en el delicado juego de ganar o perder. El resultado obtenido por un desbocado Oscar Lara Hern\u00e1ndez, fue el factor que incidi\u00f3 en la cuenta final.<br>Ricardo Exsome reflexiona, a casi tres semanas del domingo de la tragedia anunciada hasta el cansancio.<br>Se desliga a posteriori del da\u00f1o causado por el ex director del WTC con una frase lac\u00f3nica: \u00aba \u00d3scar Lara le pueden revivir las cuentas en el Wolrd Trade Center, se lo dije, y eso lo enoj\u00f3\u00bb.<br>Pese al escenario plagado de traiciones y deslealtades, Ricardo Exsome dice que la elecci\u00f3n a\u00fan no est\u00e1 calificada.<br>Hay que esperar, sostiene, aferrado a la esperanza jur\u00eddica.<br>Conf\u00eda en la definici\u00f3n cl\u00e1sica de la justicia como la permanente e invariable voluntad de darle a cada quien lo que le corresponda, lo que le toca.<br>@ManoloVictorio<\/p>\n","protected":false},"excerpt":{"rendered":"<p>Manolo Victorio Carpe Diem I.La elecci\u00f3n municipal en el Puerto de Veracruz a\u00fan no recibe el claquetazo final; a\u00fan no se cierra el tel\u00f3n de fondo que marca el termino de la obra relacionada con el cochinero que hicieron los Yunes azules en el proceso del domingo 6 de junio. Ricardo Francisco Exsome Zapata, abanderado [&hellip;]<\/p>\n","protected":false},"author":2,"featured_media":0,"comment_status":"closed","ping_status":"closed","sticky":false,"template":"","format":"standard","meta":{"tdm_status":"","tdm_grid_status":"","footnotes":""},"categories":[70],"tags":[15924,29010,26116,3272,22333,29009,9141,8317,195],"class_list":{"0":"post-75869","1":"post","2":"type-post","3":"status-publish","4":"format-standard","6":"category-de-opinion","7":"tag-claudia-diaz-tablada","8":"tag-eduardo-cigala-aguilar","9":"tag-morena-pvem-pt","10":"tag-ople","11":"tag-pan-pri-prd","12":"tag-ricardo-francisco-exsome-zapata","13":"tag-tania-celina-vasquez-munoz","14":"tag-tev","15":"tag-veracruz"},"yoast_head":"<!-- This site is optimized with the Yoast SEO plugin v27.4 - https:\/\/yoast.com\/product\/yoast-seo-wordpress\/ -->\n<title>Tres historias en el Puerto de Veracruz - Los pol\u00edticos Veracruz<\/title>\n<meta name=\"robots\" content=\"index, follow, max-snippet:-1, max-image-preview:large, max-video-preview:-1\" \/>\n<link rel=\"canonical\" href=\"https:\/\/lospoliticosveracruz.com\/?p=75869\" \/>\n<meta property=\"og:locale\" content=\"es_ES\" \/>\n<meta property=\"og:type\" content=\"article\" \/>\n<meta property=\"og:title\" content=\"Tres historias en el Puerto de Veracruz - Los pol\u00edticos Veracruz\" \/>\n<meta property=\"og:description\" content=\"Manolo Victorio Carpe Diem I.La elecci\u00f3n municipal en el Puerto de Veracruz a\u00fan no recibe el claquetazo final; a\u00fan no se cierra el tel\u00f3n de fondo que marca el termino de la obra relacionada con el cochinero que hicieron los Yunes azules en el proceso del domingo 6 de junio. Ricardo Francisco Exsome Zapata, abanderado [&hellip;]\" \/>\n<meta property=\"og:url\" content=\"https:\/\/lospoliticosveracruz.com\/?p=75869\" \/>\n<meta property=\"og:site_name\" content=\"Los pol\u00edticos Veracruz\" \/>\n<meta property=\"article:publisher\" content=\"https:\/\/www.facebook.com\/people\/Notimemes-de-los-Polticos\/61565672886568\/\" \/>\n<meta property=\"article:published_time\" content=\"2021-06-23T23:25:31+00:00\" \/>\n<meta property=\"article:modified_time\" content=\"2021-06-23T23:25:35+00:00\" \/>\n<meta property=\"og:image\" content=\"http:\/\/www.lospoliticosveracruz.com.mx\/wp-content\/uploads\/2021\/06\/WhatsApp-Image-2021-06-16-at-17.12.21.jpeg\" \/>\n<meta name=\"author\" content=\"Lo viste en Los Pol\u00edticos\" \/>\n<meta name=\"twitter:card\" content=\"summary_large_image\" \/>\n<meta name=\"twitter:creator\" content=\"@LosPoliticosVer\" \/>\n<meta name=\"twitter:site\" content=\"@LosPoliticosVer\" \/>\n<meta name=\"twitter:label1\" content=\"Escrito por\" \/>\n\t<meta name=\"twitter:data1\" content=\"Lo viste en Los Pol\u00edticos\" \/>\n\t<meta name=\"twitter:label2\" content=\"Tiempo de lectura\" \/>\n\t<meta name=\"twitter:data2\" content=\"5 minutos\" \/>\n<script type=\"application\/ld+json\" class=\"yoast-schema-graph\">{\"@context\":\"https:\\\/\\\/schema.org\",\"@graph\":[{\"@type\":\"Article\",\"@id\":\"https:\\\/\\\/lospoliticosveracruz.com\\\/?p=75869#article\",\"isPartOf\":{\"@id\":\"https:\\\/\\\/lospoliticosveracruz.com\\\/?p=75869\"},\"author\":{\"name\":\"Lo viste en Los Pol\u00edticos\",\"@id\":\"https:\\\/\\\/lospoliticosveracruz.com\\\/#\\\/schema\\\/person\\\/b8702bb0e538456e6efd07080bf2a4a2\"},\"headline\":\"Tres historias en el Puerto de Veracruz\",\"datePublished\":\"2021-06-23T23:25:31+00:00\",\"dateModified\":\"2021-06-23T23:25:35+00:00\",\"mainEntityOfPage\":{\"@id\":\"https:\\\/\\\/lospoliticosveracruz.com\\\/?p=75869\"},\"wordCount\":907,\"publisher\":{\"@id\":\"https:\\\/\\\/lospoliticosveracruz.com\\\/#organization\"},\"image\":{\"@id\":\"https:\\\/\\\/lospoliticosveracruz.com\\\/?p=75869#primaryimage\"},\"thumbnailUrl\":\"http:\\\/\\\/www.lospoliticosveracruz.com.mx\\\/wp-content\\\/uploads\\\/2021\\\/06\\\/WhatsApp-Image-2021-06-16-at-17.12.21.jpeg\",\"keywords\":[\"Claudia D\u00edaz Tablada\",\"Eduardo Cigala Aguilar\",\"MORENA-PVEM-PT\",\"OPLE\",\"PAN-PRI-PRD\",\"Ricardo Francisco Exsome Zapata\",\"Tania Celina V\u00e1squez Mu\u00f1oz\",\"TEV\",\"Veracruz\"],\"articleSection\":[\"De Opini\u00f3n\"],\"inLanguage\":\"es\"},{\"@type\":\"WebPage\",\"@id\":\"https:\\\/\\\/lospoliticosveracruz.com\\\/?p=75869\",\"url\":\"https:\\\/\\\/lospoliticosveracruz.com\\\/?p=75869\",\"name\":\"Tres historias en el Puerto de Veracruz - Los pol\u00edticos Veracruz\",\"isPartOf\":{\"@id\":\"https:\\\/\\\/lospoliticosveracruz.com\\\/#website\"},\"primaryImageOfPage\":{\"@id\":\"https:\\\/\\\/lospoliticosveracruz.com\\\/?p=75869#primaryimage\"},\"image\":{\"@id\":\"https:\\\/\\\/lospoliticosveracruz.com\\\/?p=75869#primaryimage\"},\"thumbnailUrl\":\"http:\\\/\\\/www.lospoliticosveracruz.com.mx\\\/wp-content\\\/uploads\\\/2021\\\/06\\\/WhatsApp-Image-2021-06-16-at-17.12.21.jpeg\",\"datePublished\":\"2021-06-23T23:25:31+00:00\",\"dateModified\":\"2021-06-23T23:25:35+00:00\",\"breadcrumb\":{\"@id\":\"https:\\\/\\\/lospoliticosveracruz.com\\\/?p=75869#breadcrumb\"},\"inLanguage\":\"es\",\"potentialAction\":[{\"@type\":\"ReadAction\",\"target\":[\"https:\\\/\\\/lospoliticosveracruz.com\\\/?p=75869\"]}]},{\"@type\":\"ImageObject\",\"inLanguage\":\"es\",\"@id\":\"https:\\\/\\\/lospoliticosveracruz.com\\\/?p=75869#primaryimage\",\"url\":\"http:\\\/\\\/www.lospoliticosveracruz.com.mx\\\/wp-content\\\/uploads\\\/2021\\\/06\\\/WhatsApp-Image-2021-06-16-at-17.12.21.jpeg\",\"contentUrl\":\"http:\\\/\\\/www.lospoliticosveracruz.com.mx\\\/wp-content\\\/uploads\\\/2021\\\/06\\\/WhatsApp-Image-2021-06-16-at-17.12.21.jpeg\"},{\"@type\":\"BreadcrumbList\",\"@id\":\"https:\\\/\\\/lospoliticosveracruz.com\\\/?p=75869#breadcrumb\",\"itemListElement\":[{\"@type\":\"ListItem\",\"position\":1,\"name\":\"Portada\",\"item\":\"https:\\\/\\\/lospoliticosveracruz.com\\\/\"},{\"@type\":\"ListItem\",\"position\":2,\"name\":\"Tres historias en el Puerto de Veracruz\"}]},{\"@type\":\"WebSite\",\"@id\":\"https:\\\/\\\/lospoliticosveracruz.com\\\/#website\",\"url\":\"https:\\\/\\\/lospoliticosveracruz.com\\\/\",\"name\":\"Los pol\u00edticos Veracruz\",\"description\":\"\",\"publisher\":{\"@id\":\"https:\\\/\\\/lospoliticosveracruz.com\\\/#organization\"},\"potentialAction\":[{\"@type\":\"SearchAction\",\"target\":{\"@type\":\"EntryPoint\",\"urlTemplate\":\"https:\\\/\\\/lospoliticosveracruz.com\\\/?s={search_term_string}\"},\"query-input\":{\"@type\":\"PropertyValueSpecification\",\"valueRequired\":true,\"valueName\":\"search_term_string\"}}],\"inLanguage\":\"es\"},{\"@type\":\"Organization\",\"@id\":\"https:\\\/\\\/lospoliticosveracruz.com\\\/#organization\",\"name\":\"Los pol\u00edticos Veracruz\",\"url\":\"https:\\\/\\\/lospoliticosveracruz.com\\\/\",\"logo\":{\"@type\":\"ImageObject\",\"inLanguage\":\"es\",\"@id\":\"https:\\\/\\\/lospoliticosveracruz.com\\\/#\\\/schema\\\/logo\\\/image\\\/\",\"url\":\"https:\\\/\\\/lospoliticosveracruz.com\\\/wp-content\\\/uploads\\\/2025\\\/12\\\/Logo-Nuevo-LOS-POLITICOS-1.jpg\",\"contentUrl\":\"https:\\\/\\\/lospoliticosveracruz.com\\\/wp-content\\\/uploads\\\/2025\\\/12\\\/Logo-Nuevo-LOS-POLITICOS-1.jpg\",\"width\":260,\"height\":70,\"caption\":\"Los pol\u00edticos Veracruz\"},\"image\":{\"@id\":\"https:\\\/\\\/lospoliticosveracruz.com\\\/#\\\/schema\\\/logo\\\/image\\\/\"},\"sameAs\":[\"https:\\\/\\\/www.facebook.com\\\/people\\\/Notimemes-de-los-Polticos\\\/61565672886568\\\/\",\"https:\\\/\\\/x.com\\\/LosPoliticosVer\"]},{\"@type\":\"Person\",\"@id\":\"https:\\\/\\\/lospoliticosveracruz.com\\\/#\\\/schema\\\/person\\\/b8702bb0e538456e6efd07080bf2a4a2\",\"name\":\"Lo viste en Los Pol\u00edticos\",\"image\":{\"@type\":\"ImageObject\",\"inLanguage\":\"es\",\"@id\":\"https:\\\/\\\/secure.gravatar.com\\\/avatar\\\/3a8de04a2656d44082be478bd6c086daa447c4651605818287b9532d3d0bd435?s=96&d=mm&r=g\",\"url\":\"https:\\\/\\\/secure.gravatar.com\\\/avatar\\\/3a8de04a2656d44082be478bd6c086daa447c4651605818287b9532d3d0bd435?s=96&d=mm&r=g\",\"contentUrl\":\"https:\\\/\\\/secure.gravatar.com\\\/avatar\\\/3a8de04a2656d44082be478bd6c086daa447c4651605818287b9532d3d0bd435?s=96&d=mm&r=g\",\"caption\":\"Lo viste en Los Pol\u00edticos\"},\"url\":\"https:\\\/\\\/lospoliticosveracruz.com\\\/?author=2\"}]}<\/script>\n<!-- \/ Yoast SEO plugin. -->","yoast_head_json":{"title":"Tres historias en el Puerto de Veracruz - Los pol\u00edticos Veracruz","robots":{"index":"index","follow":"follow","max-snippet":"max-snippet:-1","max-image-preview":"max-image-preview:large","max-video-preview":"max-video-preview:-1"},"canonical":"https:\/\/lospoliticosveracruz.com\/?p=75869","og_locale":"es_ES","og_type":"article","og_title":"Tres historias en el Puerto de Veracruz - Los pol\u00edticos Veracruz","og_description":"Manolo Victorio Carpe Diem I.La elecci\u00f3n municipal en el Puerto de Veracruz a\u00fan no recibe el claquetazo final; a\u00fan no se cierra el tel\u00f3n de fondo que marca el termino de la obra relacionada con el cochinero que hicieron los Yunes azules en el proceso del domingo 6 de junio. Ricardo Francisco Exsome Zapata, abanderado [&hellip;]","og_url":"https:\/\/lospoliticosveracruz.com\/?p=75869","og_site_name":"Los pol\u00edticos Veracruz","article_publisher":"https:\/\/www.facebook.com\/people\/Notimemes-de-los-Polticos\/61565672886568\/","article_published_time":"2021-06-23T23:25:31+00:00","article_modified_time":"2021-06-23T23:25:35+00:00","og_image":[{"url":"http:\/\/www.lospoliticosveracruz.com.mx\/wp-content\/uploads\/2021\/06\/WhatsApp-Image-2021-06-16-at-17.12.21.jpeg","type":"","width":"","height":""}],"author":"Lo viste en Los Pol\u00edticos","twitter_card":"summary_large_image","twitter_creator":"@LosPoliticosVer","twitter_site":"@LosPoliticosVer","twitter_misc":{"Escrito por":"Lo viste en Los Pol\u00edticos","Tiempo de lectura":"5 minutos"},"schema":{"@context":"https:\/\/schema.org","@graph":[{"@type":"Article","@id":"https:\/\/lospoliticosveracruz.com\/?p=75869#article","isPartOf":{"@id":"https:\/\/lospoliticosveracruz.com\/?p=75869"},"author":{"name":"Lo viste en Los Pol\u00edticos","@id":"https:\/\/lospoliticosveracruz.com\/#\/schema\/person\/b8702bb0e538456e6efd07080bf2a4a2"},"headline":"Tres historias en el Puerto de Veracruz","datePublished":"2021-06-23T23:25:31+00:00","dateModified":"2021-06-23T23:25:35+00:00","mainEntityOfPage":{"@id":"https:\/\/lospoliticosveracruz.com\/?p=75869"},"wordCount":907,"publisher":{"@id":"https:\/\/lospoliticosveracruz.com\/#organization"},"image":{"@id":"https:\/\/lospoliticosveracruz.com\/?p=75869#primaryimage"},"thumbnailUrl":"http:\/\/www.lospoliticosveracruz.com.mx\/wp-content\/uploads\/2021\/06\/WhatsApp-Image-2021-06-16-at-17.12.21.jpeg","keywords":["Claudia D\u00edaz Tablada","Eduardo Cigala Aguilar","MORENA-PVEM-PT","OPLE","PAN-PRI-PRD","Ricardo Francisco Exsome Zapata","Tania Celina V\u00e1squez Mu\u00f1oz","TEV","Veracruz"],"articleSection":["De Opini\u00f3n"],"inLanguage":"es"},{"@type":"WebPage","@id":"https:\/\/lospoliticosveracruz.com\/?p=75869","url":"https:\/\/lospoliticosveracruz.com\/?p=75869","name":"Tres historias en el Puerto de Veracruz - Los pol\u00edticos Veracruz","isPartOf":{"@id":"https:\/\/lospoliticosveracruz.com\/#website"},"primaryImageOfPage":{"@id":"https:\/\/lospoliticosveracruz.com\/?p=75869#primaryimage"},"image":{"@id":"https:\/\/lospoliticosveracruz.com\/?p=75869#primaryimage"},"thumbnailUrl":"http:\/\/www.lospoliticosveracruz.com.mx\/wp-content\/uploads\/2021\/06\/WhatsApp-Image-2021-06-16-at-17.12.21.jpeg","datePublished":"2021-06-23T23:25:31+00:00","dateModified":"2021-06-23T23:25:35+00:00","breadcrumb":{"@id":"https:\/\/lospoliticosveracruz.com\/?p=75869#breadcrumb"},"inLanguage":"es","potentialAction":[{"@type":"ReadAction","target":["https:\/\/lospoliticosveracruz.com\/?p=75869"]}]},{"@type":"ImageObject","inLanguage":"es","@id":"https:\/\/lospoliticosveracruz.com\/?p=75869#primaryimage","url":"http:\/\/www.lospoliticosveracruz.com.mx\/wp-content\/uploads\/2021\/06\/WhatsApp-Image-2021-06-16-at-17.12.21.jpeg","contentUrl":"http:\/\/www.lospoliticosveracruz.com.mx\/wp-content\/uploads\/2021\/06\/WhatsApp-Image-2021-06-16-at-17.12.21.jpeg"},{"@type":"BreadcrumbList","@id":"https:\/\/lospoliticosveracruz.com\/?p=75869#breadcrumb","itemListElement":[{"@type":"ListItem","position":1,"name":"Portada","item":"https:\/\/lospoliticosveracruz.com\/"},{"@type":"ListItem","position":2,"name":"Tres historias en el Puerto de Veracruz"}]},{"@type":"WebSite","@id":"https:\/\/lospoliticosveracruz.com\/#website","url":"https:\/\/lospoliticosveracruz.com\/","name":"Los pol\u00edticos Veracruz","description":"","publisher":{"@id":"https:\/\/lospoliticosveracruz.com\/#organization"},"potentialAction":[{"@type":"SearchAction","target":{"@type":"EntryPoint","urlTemplate":"https:\/\/lospoliticosveracruz.com\/?s={search_term_string}"},"query-input":{"@type":"PropertyValueSpecification","valueRequired":true,"valueName":"search_term_string"}}],"inLanguage":"es"},{"@type":"Organization","@id":"https:\/\/lospoliticosveracruz.com\/#organization","name":"Los pol\u00edticos Veracruz","url":"https:\/\/lospoliticosveracruz.com\/","logo":{"@type":"ImageObject","inLanguage":"es","@id":"https:\/\/lospoliticosveracruz.com\/#\/schema\/logo\/image\/","url":"https:\/\/lospoliticosveracruz.com\/wp-content\/uploads\/2025\/12\/Logo-Nuevo-LOS-POLITICOS-1.jpg","contentUrl":"https:\/\/lospoliticosveracruz.com\/wp-content\/uploads\/2025\/12\/Logo-Nuevo-LOS-POLITICOS-1.jpg","width":260,"height":70,"caption":"Los pol\u00edticos Veracruz"},"image":{"@id":"https:\/\/lospoliticosveracruz.com\/#\/schema\/logo\/image\/"},"sameAs":["https:\/\/www.facebook.com\/people\/Notimemes-de-los-Polticos\/61565672886568\/","https:\/\/x.com\/LosPoliticosVer"]},{"@type":"Person","@id":"https:\/\/lospoliticosveracruz.com\/#\/schema\/person\/b8702bb0e538456e6efd07080bf2a4a2","name":"Lo viste en Los Pol\u00edticos","image":{"@type":"ImageObject","inLanguage":"es","@id":"https:\/\/secure.gravatar.com\/avatar\/3a8de04a2656d44082be478bd6c086daa447c4651605818287b9532d3d0bd435?s=96&d=mm&r=g","url":"https:\/\/secure.gravatar.com\/avatar\/3a8de04a2656d44082be478bd6c086daa447c4651605818287b9532d3d0bd435?s=96&d=mm&r=g","contentUrl":"https:\/\/secure.gravatar.com\/avatar\/3a8de04a2656d44082be478bd6c086daa447c4651605818287b9532d3d0bd435?s=96&d=mm&r=g","caption":"Lo viste en Los Pol\u00edticos"},"url":"https:\/\/lospoliticosveracruz.com\/?author=2"}]}},"_links":{"self":[{"href":"https:\/\/lospoliticosveracruz.com\/index.php?rest_route=\/wp\/v2\/posts\/75869","targetHints":{"allow":["GET"]}}],"collection":[{"href":"https:\/\/lospoliticosveracruz.com\/index.php?rest_route=\/wp\/v2\/posts"}],"about":[{"href":"https:\/\/lospoliticosveracruz.com\/index.php?rest_route=\/wp\/v2\/types\/post"}],"author":[{"embeddable":true,"href":"https:\/\/lospoliticosveracruz.com\/index.php?rest_route=\/wp\/v2\/users\/2"}],"replies":[{"embeddable":true,"href":"https:\/\/lospoliticosveracruz.com\/index.php?rest_route=%2Fwp%2Fv2%2Fcomments&post=75869"}],"version-history":[{"count":1,"href":"https:\/\/lospoliticosveracruz.com\/index.php?rest_route=\/wp\/v2\/posts\/75869\/revisions"}],"predecessor-version":[{"id":75870,"href":"https:\/\/lospoliticosveracruz.com\/index.php?rest_route=\/wp\/v2\/posts\/75869\/revisions\/75870"}],"wp:attachment":[{"href":"https:\/\/lospoliticosveracruz.com\/index.php?rest_route=%2Fwp%2Fv2%2Fmedia&parent=75869"}],"wp:term":[{"taxonomy":"category","embeddable":true,"href":"https:\/\/lospoliticosveracruz.com\/index.php?rest_route=%2Fwp%2Fv2%2Fcategories&post=75869"},{"taxonomy":"post_tag","embeddable":true,"href":"https:\/\/lospoliticosveracruz.com\/index.php?rest_route=%2Fwp%2Fv2%2Ftags&post=75869"}],"curies":[{"name":"wp","href":"https:\/\/api.w.org\/{rel}","templated":true}]}}