{"id":75886,"date":"2021-06-24T07:51:44","date_gmt":"2021-06-24T12:51:44","guid":{"rendered":"http:\/\/www.lospoliticosveracruz.com.mx\/?p=75886"},"modified":"2021-06-24T08:08:09","modified_gmt":"2021-06-24T13:08:09","slug":"al-gym-con-nuevas-reglas","status":"publish","type":"post","link":"https:\/\/lospoliticosveracruz.com\/?p=75886","title":{"rendered":"Al Gym, con nuevas reglas!"},"content":{"rendered":"\n<p><strong>C\u00f3rdoba<\/strong><br>Propietarios y operadores de gimnasios tuvieron reuni\u00f3n informativa con integrantes de la Mesa COVID del Ayuntamiento de C\u00f3rdoba para conocer las nuevas disposiciones preventivas ante el cambio en la situaci\u00f3n epidemiol\u00f3gica.<\/p>\n\n\n\n<div class=\"wp-block-image\"><figure class=\"alignleft size-large\"><a href=\"http:\/\/www.lospoliticosveracruz.com.mx\/wp-content\/uploads\/2021\/06\/WhatsApp-Image-2021-06-16-at-17.12.21.jpeg\"><img decoding=\"async\" src=\"http:\/\/www.lospoliticosveracruz.com.mx\/wp-content\/uploads\/2021\/06\/WhatsApp-Image-2021-06-16-at-17.12.21.jpeg\" alt=\"\" class=\"wp-image-75531\"\/><\/a><\/figure><\/div>\n\n\n\n<p>El doctor Israel Alejandro Lara Guti\u00e9rrez, titular de la jefatura de salud del Ayuntamiento de C\u00f3rdoba, detall\u00f3 que el aforo en los gimnasios se redujo al 75% y que las personas usuarias y personal de apoyo y entrenamiento tendr\u00e1n la obligatoriedad de usar cubreboca al interior del establecimiento.<\/p>\n\n\n\n<p>Agreg\u00f3 que los propietarios y operadores de gimnasios deber\u00e1n instalar filtros sanitarios en sus accesos, as\u00ed como aplicar la distancia social entre personas al interior de sus establecimientos, promover el lavado constante de manos y mantener limpieza y desinfecci\u00f3n de equipos y espacios.<\/p>\n\n\n\n<p>Jorge L\u00f3pez Tress, director de educaci\u00f3n, deporte y cultura del Ayuntamiento de C\u00f3rdoba, se\u00f1al\u00f3 que las medidas aplicadas por la autoridad municipal corresponden al per\u00edodo que finaliza el pr\u00f3ximo cuatro de julio y con concordantes a lo establecido por el gobierno estatal en el decreto No Hagas Olas, Evita la Tercera.<\/p>\n\n\n\n<p>Convoc\u00f3 a los diferentes actores sociales y productivos a sumarse a las medidas a fin de contribuir a evitar un aumento en los casos de contagios por COVID.<\/p>\n\n\n\n<p>Edgar Puig reiter\u00f3 el compromiso de propietarios y operadores de gimnasios de continuar trabajando con el Ayuntamiento de C\u00f3rdoba para proteger a las personas usuarias y al personal que labora en estos establecimientos.<\/p>\n","protected":false},"excerpt":{"rendered":"<p>C\u00f3rdobaPropietarios y operadores de gimnasios tuvieron reuni\u00f3n informativa con integrantes de la Mesa COVID del Ayuntamiento de C\u00f3rdoba para conocer las nuevas disposiciones preventivas ante el cambio en la situaci\u00f3n epidemiol\u00f3gica. El doctor Israel Alejandro Lara Guti\u00e9rrez, titular de la jefatura de salud del Ayuntamiento de C\u00f3rdoba, detall\u00f3 que el aforo en los gimnasios se [&hellip;]<\/p>\n","protected":false},"author":2,"featured_media":0,"comment_status":"closed","ping_status":"closed","sticky":false,"template":"","format":"standard","meta":{"tdm_status":"","tdm_grid_status":"","footnotes":""},"categories":[73],"tags":[19645,19127,18828,7641,27773,29015],"class_list":{"0":"post-75886","1":"post","2":"type-post","3":"status-publish","4":"format-standard","6":"category-de-boleto","7":"tag-gimnasios","8":"tag-israel-alejandro-lara-gutierrez","9":"tag-jorge-lopez-tress","10":"tag-leticia-lopez-landero","11":"tag-mesa-covid","12":"tag-no-hagas-olas"},"yoast_head":"<!-- This site is optimized with the Yoast SEO plugin v27.4 - https:\/\/yoast.com\/product\/yoast-seo-wordpress\/ -->\n<title>Al Gym, con nuevas reglas! - Los pol\u00edticos Veracruz<\/title>\n<meta name=\"robots\" content=\"index, follow, max-snippet:-1, max-image-preview:large, max-video-preview:-1\" \/>\n<link rel=\"canonical\" href=\"https:\/\/lospoliticosveracruz.com\/?p=75886\" \/>\n<meta property=\"og:locale\" content=\"es_ES\" \/>\n<meta property=\"og:type\" content=\"article\" \/>\n<meta property=\"og:title\" content=\"Al Gym, con nuevas reglas! - Los pol\u00edticos Veracruz\" \/>\n<meta property=\"og:description\" content=\"C\u00f3rdobaPropietarios y operadores de gimnasios tuvieron reuni\u00f3n informativa con integrantes de la Mesa COVID del Ayuntamiento de C\u00f3rdoba para conocer las nuevas disposiciones preventivas ante el cambio en la situaci\u00f3n epidemiol\u00f3gica. El doctor Israel Alejandro Lara Guti\u00e9rrez, titular de la jefatura de salud del Ayuntamiento de C\u00f3rdoba, detall\u00f3 que el aforo en los gimnasios se [&hellip;]\" \/>\n<meta property=\"og:url\" content=\"https:\/\/lospoliticosveracruz.com\/?p=75886\" \/>\n<meta property=\"og:site_name\" content=\"Los pol\u00edticos Veracruz\" \/>\n<meta property=\"article:publisher\" content=\"https:\/\/www.facebook.com\/people\/Notimemes-de-los-Polticos\/61565672886568\/\" \/>\n<meta property=\"article:published_time\" content=\"2021-06-24T12:51:44+00:00\" \/>\n<meta property=\"article:modified_time\" content=\"2021-06-24T13:08:09+00:00\" \/>\n<meta property=\"og:image\" content=\"http:\/\/www.lospoliticosveracruz.com.mx\/wp-content\/uploads\/2021\/06\/WhatsApp-Image-2021-06-16-at-17.12.21.jpeg\" \/>\n<meta name=\"author\" content=\"Lo viste en Los Pol\u00edticos\" \/>\n<meta name=\"twitter:card\" content=\"summary_large_image\" \/>\n<meta name=\"twitter:creator\" content=\"@LosPoliticosVer\" \/>\n<meta name=\"twitter:site\" content=\"@LosPoliticosVer\" \/>\n<meta name=\"twitter:label1\" content=\"Escrito por\" \/>\n\t<meta name=\"twitter:data1\" content=\"Lo viste en Los Pol\u00edticos\" \/>\n\t<meta name=\"twitter:label2\" content=\"Tiempo de lectura\" \/>\n\t<meta name=\"twitter:data2\" content=\"1 minuto\" \/>\n<script type=\"application\/ld+json\" class=\"yoast-schema-graph\">{\"@context\":\"https:\\\/\\\/schema.org\",\"@graph\":[{\"@type\":\"Article\",\"@id\":\"https:\\\/\\\/lospoliticosveracruz.com\\\/?p=75886#article\",\"isPartOf\":{\"@id\":\"https:\\\/\\\/lospoliticosveracruz.com\\\/?p=75886\"},\"author\":{\"name\":\"Lo viste en Los Pol\u00edticos\",\"@id\":\"https:\\\/\\\/lospoliticosveracruz.com\\\/#\\\/schema\\\/person\\\/b8702bb0e538456e6efd07080bf2a4a2\"},\"headline\":\"Al Gym, con nuevas reglas!\",\"datePublished\":\"2021-06-24T12:51:44+00:00\",\"dateModified\":\"2021-06-24T13:08:09+00:00\",\"mainEntityOfPage\":{\"@id\":\"https:\\\/\\\/lospoliticosveracruz.com\\\/?p=75886\"},\"wordCount\":256,\"publisher\":{\"@id\":\"https:\\\/\\\/lospoliticosveracruz.com\\\/#organization\"},\"image\":{\"@id\":\"https:\\\/\\\/lospoliticosveracruz.com\\\/?p=75886#primaryimage\"},\"thumbnailUrl\":\"http:\\\/\\\/www.lospoliticosveracruz.com.mx\\\/wp-content\\\/uploads\\\/2021\\\/06\\\/WhatsApp-Image-2021-06-16-at-17.12.21.jpeg\",\"keywords\":[\"Gimnasios\",\"Israel Alejandro Lara Guti\u00e9rrez\",\"Jorge L\u00f3pez Tress\",\"Leticia L\u00f3pez Landero\",\"Mesa COVID\",\"No Hagas Olas\"],\"articleSection\":[\"De Boleto\"],\"inLanguage\":\"es\"},{\"@type\":\"WebPage\",\"@id\":\"https:\\\/\\\/lospoliticosveracruz.com\\\/?p=75886\",\"url\":\"https:\\\/\\\/lospoliticosveracruz.com\\\/?p=75886\",\"name\":\"Al Gym, con nuevas reglas! - Los pol\u00edticos Veracruz\",\"isPartOf\":{\"@id\":\"https:\\\/\\\/lospoliticosveracruz.com\\\/#website\"},\"primaryImageOfPage\":{\"@id\":\"https:\\\/\\\/lospoliticosveracruz.com\\\/?p=75886#primaryimage\"},\"image\":{\"@id\":\"https:\\\/\\\/lospoliticosveracruz.com\\\/?p=75886#primaryimage\"},\"thumbnailUrl\":\"http:\\\/\\\/www.lospoliticosveracruz.com.mx\\\/wp-content\\\/uploads\\\/2021\\\/06\\\/WhatsApp-Image-2021-06-16-at-17.12.21.jpeg\",\"datePublished\":\"2021-06-24T12:51:44+00:00\",\"dateModified\":\"2021-06-24T13:08:09+00:00\",\"breadcrumb\":{\"@id\":\"https:\\\/\\\/lospoliticosveracruz.com\\\/?p=75886#breadcrumb\"},\"inLanguage\":\"es\",\"potentialAction\":[{\"@type\":\"ReadAction\",\"target\":[\"https:\\\/\\\/lospoliticosveracruz.com\\\/?p=75886\"]}]},{\"@type\":\"ImageObject\",\"inLanguage\":\"es\",\"@id\":\"https:\\\/\\\/lospoliticosveracruz.com\\\/?p=75886#primaryimage\",\"url\":\"http:\\\/\\\/www.lospoliticosveracruz.com.mx\\\/wp-content\\\/uploads\\\/2021\\\/06\\\/WhatsApp-Image-2021-06-16-at-17.12.21.jpeg\",\"contentUrl\":\"http:\\\/\\\/www.lospoliticosveracruz.com.mx\\\/wp-content\\\/uploads\\\/2021\\\/06\\\/WhatsApp-Image-2021-06-16-at-17.12.21.jpeg\"},{\"@type\":\"BreadcrumbList\",\"@id\":\"https:\\\/\\\/lospoliticosveracruz.com\\\/?p=75886#breadcrumb\",\"itemListElement\":[{\"@type\":\"ListItem\",\"position\":1,\"name\":\"Portada\",\"item\":\"https:\\\/\\\/lospoliticosveracruz.com\\\/\"},{\"@type\":\"ListItem\",\"position\":2,\"name\":\"Al Gym, con nuevas reglas!\"}]},{\"@type\":\"WebSite\",\"@id\":\"https:\\\/\\\/lospoliticosveracruz.com\\\/#website\",\"url\":\"https:\\\/\\\/lospoliticosveracruz.com\\\/\",\"name\":\"Los pol\u00edticos Veracruz\",\"description\":\"\",\"publisher\":{\"@id\":\"https:\\\/\\\/lospoliticosveracruz.com\\\/#organization\"},\"potentialAction\":[{\"@type\":\"SearchAction\",\"target\":{\"@type\":\"EntryPoint\",\"urlTemplate\":\"https:\\\/\\\/lospoliticosveracruz.com\\\/?s={search_term_string}\"},\"query-input\":{\"@type\":\"PropertyValueSpecification\",\"valueRequired\":true,\"valueName\":\"search_term_string\"}}],\"inLanguage\":\"es\"},{\"@type\":\"Organization\",\"@id\":\"https:\\\/\\\/lospoliticosveracruz.com\\\/#organization\",\"name\":\"Los pol\u00edticos Veracruz\",\"url\":\"https:\\\/\\\/lospoliticosveracruz.com\\\/\",\"logo\":{\"@type\":\"ImageObject\",\"inLanguage\":\"es\",\"@id\":\"https:\\\/\\\/lospoliticosveracruz.com\\\/#\\\/schema\\\/logo\\\/image\\\/\",\"url\":\"https:\\\/\\\/lospoliticosveracruz.com\\\/wp-content\\\/uploads\\\/2025\\\/12\\\/Logo-Nuevo-LOS-POLITICOS-1.jpg\",\"contentUrl\":\"https:\\\/\\\/lospoliticosveracruz.com\\\/wp-content\\\/uploads\\\/2025\\\/12\\\/Logo-Nuevo-LOS-POLITICOS-1.jpg\",\"width\":260,\"height\":70,\"caption\":\"Los pol\u00edticos Veracruz\"},\"image\":{\"@id\":\"https:\\\/\\\/lospoliticosveracruz.com\\\/#\\\/schema\\\/logo\\\/image\\\/\"},\"sameAs\":[\"https:\\\/\\\/www.facebook.com\\\/people\\\/Notimemes-de-los-Polticos\\\/61565672886568\\\/\",\"https:\\\/\\\/x.com\\\/LosPoliticosVer\"]},{\"@type\":\"Person\",\"@id\":\"https:\\\/\\\/lospoliticosveracruz.com\\\/#\\\/schema\\\/person\\\/b8702bb0e538456e6efd07080bf2a4a2\",\"name\":\"Lo viste en Los Pol\u00edticos\",\"image\":{\"@type\":\"ImageObject\",\"inLanguage\":\"es\",\"@id\":\"https:\\\/\\\/secure.gravatar.com\\\/avatar\\\/3a8de04a2656d44082be478bd6c086daa447c4651605818287b9532d3d0bd435?s=96&d=mm&r=g\",\"url\":\"https:\\\/\\\/secure.gravatar.com\\\/avatar\\\/3a8de04a2656d44082be478bd6c086daa447c4651605818287b9532d3d0bd435?s=96&d=mm&r=g\",\"contentUrl\":\"https:\\\/\\\/secure.gravatar.com\\\/avatar\\\/3a8de04a2656d44082be478bd6c086daa447c4651605818287b9532d3d0bd435?s=96&d=mm&r=g\",\"caption\":\"Lo viste en Los Pol\u00edticos\"},\"url\":\"https:\\\/\\\/lospoliticosveracruz.com\\\/?author=2\"}]}<\/script>\n<!-- \/ Yoast SEO plugin. -->","yoast_head_json":{"title":"Al Gym, con nuevas reglas! - Los pol\u00edticos Veracruz","robots":{"index":"index","follow":"follow","max-snippet":"max-snippet:-1","max-image-preview":"max-image-preview:large","max-video-preview":"max-video-preview:-1"},"canonical":"https:\/\/lospoliticosveracruz.com\/?p=75886","og_locale":"es_ES","og_type":"article","og_title":"Al Gym, con nuevas reglas! - Los pol\u00edticos Veracruz","og_description":"C\u00f3rdobaPropietarios y operadores de gimnasios tuvieron reuni\u00f3n informativa con integrantes de la Mesa COVID del Ayuntamiento de C\u00f3rdoba para conocer las nuevas disposiciones preventivas ante el cambio en la situaci\u00f3n epidemiol\u00f3gica. El doctor Israel Alejandro Lara Guti\u00e9rrez, titular de la jefatura de salud del Ayuntamiento de C\u00f3rdoba, detall\u00f3 que el aforo en los gimnasios se [&hellip;]","og_url":"https:\/\/lospoliticosveracruz.com\/?p=75886","og_site_name":"Los pol\u00edticos Veracruz","article_publisher":"https:\/\/www.facebook.com\/people\/Notimemes-de-los-Polticos\/61565672886568\/","article_published_time":"2021-06-24T12:51:44+00:00","article_modified_time":"2021-06-24T13:08:09+00:00","og_image":[{"url":"http:\/\/www.lospoliticosveracruz.com.mx\/wp-content\/uploads\/2021\/06\/WhatsApp-Image-2021-06-16-at-17.12.21.jpeg","type":"","width":"","height":""}],"author":"Lo viste en Los Pol\u00edticos","twitter_card":"summary_large_image","twitter_creator":"@LosPoliticosVer","twitter_site":"@LosPoliticosVer","twitter_misc":{"Escrito por":"Lo viste en Los Pol\u00edticos","Tiempo de lectura":"1 minuto"},"schema":{"@context":"https:\/\/schema.org","@graph":[{"@type":"Article","@id":"https:\/\/lospoliticosveracruz.com\/?p=75886#article","isPartOf":{"@id":"https:\/\/lospoliticosveracruz.com\/?p=75886"},"author":{"name":"Lo viste en Los Pol\u00edticos","@id":"https:\/\/lospoliticosveracruz.com\/#\/schema\/person\/b8702bb0e538456e6efd07080bf2a4a2"},"headline":"Al Gym, con nuevas reglas!","datePublished":"2021-06-24T12:51:44+00:00","dateModified":"2021-06-24T13:08:09+00:00","mainEntityOfPage":{"@id":"https:\/\/lospoliticosveracruz.com\/?p=75886"},"wordCount":256,"publisher":{"@id":"https:\/\/lospoliticosveracruz.com\/#organization"},"image":{"@id":"https:\/\/lospoliticosveracruz.com\/?p=75886#primaryimage"},"thumbnailUrl":"http:\/\/www.lospoliticosveracruz.com.mx\/wp-content\/uploads\/2021\/06\/WhatsApp-Image-2021-06-16-at-17.12.21.jpeg","keywords":["Gimnasios","Israel Alejandro Lara Guti\u00e9rrez","Jorge L\u00f3pez Tress","Leticia L\u00f3pez Landero","Mesa COVID","No Hagas Olas"],"articleSection":["De Boleto"],"inLanguage":"es"},{"@type":"WebPage","@id":"https:\/\/lospoliticosveracruz.com\/?p=75886","url":"https:\/\/lospoliticosveracruz.com\/?p=75886","name":"Al Gym, con nuevas reglas! - Los pol\u00edticos Veracruz","isPartOf":{"@id":"https:\/\/lospoliticosveracruz.com\/#website"},"primaryImageOfPage":{"@id":"https:\/\/lospoliticosveracruz.com\/?p=75886#primaryimage"},"image":{"@id":"https:\/\/lospoliticosveracruz.com\/?p=75886#primaryimage"},"thumbnailUrl":"http:\/\/www.lospoliticosveracruz.com.mx\/wp-content\/uploads\/2021\/06\/WhatsApp-Image-2021-06-16-at-17.12.21.jpeg","datePublished":"2021-06-24T12:51:44+00:00","dateModified":"2021-06-24T13:08:09+00:00","breadcrumb":{"@id":"https:\/\/lospoliticosveracruz.com\/?p=75886#breadcrumb"},"inLanguage":"es","potentialAction":[{"@type":"ReadAction","target":["https:\/\/lospoliticosveracruz.com\/?p=75886"]}]},{"@type":"ImageObject","inLanguage":"es","@id":"https:\/\/lospoliticosveracruz.com\/?p=75886#primaryimage","url":"http:\/\/www.lospoliticosveracruz.com.mx\/wp-content\/uploads\/2021\/06\/WhatsApp-Image-2021-06-16-at-17.12.21.jpeg","contentUrl":"http:\/\/www.lospoliticosveracruz.com.mx\/wp-content\/uploads\/2021\/06\/WhatsApp-Image-2021-06-16-at-17.12.21.jpeg"},{"@type":"BreadcrumbList","@id":"https:\/\/lospoliticosveracruz.com\/?p=75886#breadcrumb","itemListElement":[{"@type":"ListItem","position":1,"name":"Portada","item":"https:\/\/lospoliticosveracruz.com\/"},{"@type":"ListItem","position":2,"name":"Al Gym, con nuevas reglas!"}]},{"@type":"WebSite","@id":"https:\/\/lospoliticosveracruz.com\/#website","url":"https:\/\/lospoliticosveracruz.com\/","name":"Los pol\u00edticos Veracruz","description":"","publisher":{"@id":"https:\/\/lospoliticosveracruz.com\/#organization"},"potentialAction":[{"@type":"SearchAction","target":{"@type":"EntryPoint","urlTemplate":"https:\/\/lospoliticosveracruz.com\/?s={search_term_string}"},"query-input":{"@type":"PropertyValueSpecification","valueRequired":true,"valueName":"search_term_string"}}],"inLanguage":"es"},{"@type":"Organization","@id":"https:\/\/lospoliticosveracruz.com\/#organization","name":"Los pol\u00edticos Veracruz","url":"https:\/\/lospoliticosveracruz.com\/","logo":{"@type":"ImageObject","inLanguage":"es","@id":"https:\/\/lospoliticosveracruz.com\/#\/schema\/logo\/image\/","url":"https:\/\/lospoliticosveracruz.com\/wp-content\/uploads\/2025\/12\/Logo-Nuevo-LOS-POLITICOS-1.jpg","contentUrl":"https:\/\/lospoliticosveracruz.com\/wp-content\/uploads\/2025\/12\/Logo-Nuevo-LOS-POLITICOS-1.jpg","width":260,"height":70,"caption":"Los pol\u00edticos Veracruz"},"image":{"@id":"https:\/\/lospoliticosveracruz.com\/#\/schema\/logo\/image\/"},"sameAs":["https:\/\/www.facebook.com\/people\/Notimemes-de-los-Polticos\/61565672886568\/","https:\/\/x.com\/LosPoliticosVer"]},{"@type":"Person","@id":"https:\/\/lospoliticosveracruz.com\/#\/schema\/person\/b8702bb0e538456e6efd07080bf2a4a2","name":"Lo viste en Los Pol\u00edticos","image":{"@type":"ImageObject","inLanguage":"es","@id":"https:\/\/secure.gravatar.com\/avatar\/3a8de04a2656d44082be478bd6c086daa447c4651605818287b9532d3d0bd435?s=96&d=mm&r=g","url":"https:\/\/secure.gravatar.com\/avatar\/3a8de04a2656d44082be478bd6c086daa447c4651605818287b9532d3d0bd435?s=96&d=mm&r=g","contentUrl":"https:\/\/secure.gravatar.com\/avatar\/3a8de04a2656d44082be478bd6c086daa447c4651605818287b9532d3d0bd435?s=96&d=mm&r=g","caption":"Lo viste en Los Pol\u00edticos"},"url":"https:\/\/lospoliticosveracruz.com\/?author=2"}]}},"_links":{"self":[{"href":"https:\/\/lospoliticosveracruz.com\/index.php?rest_route=\/wp\/v2\/posts\/75886","targetHints":{"allow":["GET"]}}],"collection":[{"href":"https:\/\/lospoliticosveracruz.com\/index.php?rest_route=\/wp\/v2\/posts"}],"about":[{"href":"https:\/\/lospoliticosveracruz.com\/index.php?rest_route=\/wp\/v2\/types\/post"}],"author":[{"embeddable":true,"href":"https:\/\/lospoliticosveracruz.com\/index.php?rest_route=\/wp\/v2\/users\/2"}],"replies":[{"embeddable":true,"href":"https:\/\/lospoliticosveracruz.com\/index.php?rest_route=%2Fwp%2Fv2%2Fcomments&post=75886"}],"version-history":[{"count":1,"href":"https:\/\/lospoliticosveracruz.com\/index.php?rest_route=\/wp\/v2\/posts\/75886\/revisions"}],"predecessor-version":[{"id":75892,"href":"https:\/\/lospoliticosveracruz.com\/index.php?rest_route=\/wp\/v2\/posts\/75886\/revisions\/75892"}],"wp:attachment":[{"href":"https:\/\/lospoliticosveracruz.com\/index.php?rest_route=%2Fwp%2Fv2%2Fmedia&parent=75886"}],"wp:term":[{"taxonomy":"category","embeddable":true,"href":"https:\/\/lospoliticosveracruz.com\/index.php?rest_route=%2Fwp%2Fv2%2Fcategories&post=75886"},{"taxonomy":"post_tag","embeddable":true,"href":"https:\/\/lospoliticosveracruz.com\/index.php?rest_route=%2Fwp%2Fv2%2Ftags&post=75886"}],"curies":[{"name":"wp","href":"https:\/\/api.w.org\/{rel}","templated":true}]}}