{"id":75896,"date":"2021-06-24T08:10:30","date_gmt":"2021-06-24T13:10:30","guid":{"rendered":"http:\/\/www.lospoliticosveracruz.com.mx\/?p=75896"},"modified":"2021-06-24T08:10:34","modified_gmt":"2021-06-24T13:10:34","slug":"el-otro-tapado-de-cuic","status":"publish","type":"post","link":"https:\/\/lospoliticosveracruz.com\/?p=75896","title":{"rendered":"El otro Tapado de Cuic"},"content":{"rendered":"\n<p><strong>Ricardo Ch\u00faa<br><\/strong><em>Sale y Vale<\/em><\/p>\n\n\n\n<p>Pero est\u00e1 vez no se trata de un aspirante a la Rector\u00eda de la Universidad Veracruzana\u2026 Sino que todo indica que debido al empoderamiento que en estas \u00faltimas dos semanas ha agarrado Cuitl\u00e1huac Garc\u00eda dentro de MORENA despu\u00e9s de que en Veracruz ha ganado todo\u2026 18 diputaciones federales de 20\u2026 26 distritos locales de 30 y 103 alcald\u00edas de 212 municipios\u2026 Este personaje ya tiene un \u00abfavorito\u00bb para que sea candidato de su partido para sucederlo en el 2024\u2026<\/p>\n\n\n\n<div class=\"wp-block-image\"><figure class=\"alignleft size-large\"><a href=\"http:\/\/www.lospoliticosveracruz.com.mx\/wp-content\/uploads\/2021\/06\/WhatsApp-Image-2021-06-16-at-17.12.21.jpeg\"><img decoding=\"async\" src=\"http:\/\/www.lospoliticosveracruz.com.mx\/wp-content\/uploads\/2021\/06\/WhatsApp-Image-2021-06-16-at-17.12.21.jpeg\" alt=\"\" class=\"wp-image-75531\"\/><\/a><\/figure><\/div>\n\n\n\n<p><br>Al parecer todo apunta que el \u00abDelf\u00edn\u00bb del gobernador \u00abjarocho\u00bb a 3 a\u00f1os de la elecci\u00f3n para sucederlo, ser\u00e1 el titular de la Secretar\u00eda de Finanzas, Jos\u00e9 Luis Lima Franco\u2026 De perfil joven, con un \u00abpadrino\u00bb muy poderoso en Palacio Nacional\u2026 Que reporta all\u00e1 y con \u00e9l directamente\u2026 Que mantiene relaci\u00f3n directa con Marcelo Ebrard y Ricardo Monreal\u2026 Y como, dicen los propios pol\u00edticos de oposici\u00f3n, es lo m\u00e1s \u00abpresentable\u00bb que tiene como funcionario el gobierno de Veracruz junto con Enrique Nach\u00f3n de SEDECOP\u2026<br>De esa manera, el viraje hecho por Cuitl\u00e1huac\u2026 Quien ten\u00eda en \u00abmente\u00bb a otro personaje, hasta antes del 6 de junio\u2026 Se debe a que ahora le han hecho ver de Palacio Nacional, que se tiene que presentar como un \u00abestadista y pol\u00edtico\u00bb para elegir a su sucesor\u2026 Que logre la postulaci\u00f3n para su \u00abDelf\u00edn\u00bb, ser\u00e1 otra cosa\u2026 Pero por lo logrado en esta elecci\u00f3n del 2021, que era la suya como gobernador y el haber entregado buenas cuentas a AMLO, le permite tener \u00abderecho de veto\u00bb\u2026 Pero a Lima le van a salir m\u00e1s enemigos del gabinete de los que tiene\u2026<br>Ya que si a Cuitl\u00e1huac en Palacio Nacional no le permiten escoger a su sucesor\u2026 C\u00f3mo lo hizo Fidel Herrera y Miguel \u00c1ngel Yunes Linares, a pesar de tener mejores resultados electorales que estos dos \u00abanimales pol\u00edticos\u00bb priistas en Veracruz\u2026 Por lo menos, el podr\u00e1 decidir SI ACEPTA O NO a tal o cual candidato de MORENA a sucederlo\u2026 Ese derecho se lo ha ganado\u2026 Qui\u00e9n lo dir\u00eda hace semanas\u2026 Ya ven, hasta el martes se mofaron de \u00e9l por el tema Juan Gabriel\u2026 Y NO PASO NADA\u2026 Este es un lugar de ambiente\u2026<br>Adem\u00e1s para rematar\u2026 Estos 3 a\u00f1os venideros\u2026 Cuitl\u00e1huac puede decir que su misi\u00f3n est\u00e1 cumplida\u2026 Dej\u00f3 a MORENA en una posici\u00f3n inmejorable para ganar el 2024\u2026 Ya que la elecci\u00f3n de ese a\u00f1o, ser\u00e1 responsabilidad de los futuros candidatos a gobernador y presidencial\u2026 NO DE \u00c9L\u2026 M\u00e1s si no le aceptan a su \u00abDelf\u00edn\u00bb, Lima Franco\u2026 Ahora seguramente con todo el poder del Estado, se ver\u00e1 m\u00e1s a Cuitl\u00e1huac en todo el Estado de manera p\u00fablica\u2026 De qu\u00e9 se va a esconder\u2026. LO GAN\u00d3 TODO y ya tiene \u00abgallo\u00bb\u2026 ES CUANTO\u2026<\/p>\n\n\n\n<p>VERACRUZ, ELECCI\u00d3N FALLIDA\u2026 Seg\u00fan informes obtenidos al interior del OPLE\u2026 Se\u00f1alan que debido a los conflictos postelectorales, pruebas presentadas por irregularidades cometidas el d\u00eda de los comicios, el pasado 6 de junio y por las mismas inconformidades de los candidatos perdedores en esta elecci\u00f3n por los documentos de presuntos fraudes en casillas\u2026 Es muy probable que en 25 elecciones a las alcald\u00edas en Veracruz\u2026 SEAN ANULADAS\u2026 Y se repite una elecci\u00f3n extraordinaria el pr\u00f3ximo a\u00f1o 2022 en estos municipios a presidente municipal\u2026<br>As\u00ed como lo leen\u2026 No se sorprendan\u2026 Lo cual dar\u00eda como resultado, que por lo menos el 11 por ciento de los procesos electorales municipales en Veracruz fueron fallidos y habr\u00eda que repetirlos\u2026 Ser\u00eda el n\u00famero m\u00e1s alto en la historia moderna de Veracruz, de que sean anuladas elecciones municipales por presunto fraude e irregularidades en esta contienda\u2026 Si son 212 municipios y se repiten elecciones en 25 ayuntamientos\u2026 Es el 11 por ciento del total de las alcald\u00edas que fueron disputadas el pasado 6 de junio\u2026<br>Obviamente hay ayuntamientos que levantan m\u00e1s morbo pol\u00edtico que otros\u2026 Ah\u00ed est\u00e1n los casos m\u00e1s famosos como son Veracruz puerto y Alvarado\u2026 Pero para \u00abjoder al vecino\u00bb te encuentras a municipios como Orizaba\u2026 El caso es que en pocos d\u00edas y semanas\u2026 Estas impugnaciones tendr\u00e1n que pasar el primer \u00abfiltro\u00bb que es el Tribunal Electoral de Veracruz y de seguro despu\u00e9s veremos la decisi\u00f3n final tomada en las instancias electorales federales\u2026 No hay de otra\u2026 La elecci\u00f3n tambi\u00e9n est\u00e1 bajo sospecha\u2026 AMEN\u2026<\/p>\n\n\n\n<p>MC \u00bfJUSTICIA O VENGANZA?\u2026 El tema del crimen de Ren\u00e9 Tovar, candidato a la alcald\u00eda de Cazones de Herrera, municipio al norte de Veracruz, ocurrido el pasado 4 de junio, dos d\u00edas antes de las elecciones locales, deja muchas dudas entorno de como se dieron los hechos\u2026 Ya que si bien es cierto el aspirante lo asesinan y gana la elecci\u00f3n, el candidato sustituto del mismo partido, ahora detenido y acusado de este crimen, Omar \u00abN\u00bb, quien es el alcalde electo.. El caso tiene aristas muy raras\u2026<br>Primero se sabe por fuentes fidedignas que \u00abfiltraron\u00bb de la propia Fiscal\u00eda General de Veracruz (FGE) que Omar \u00abN\u00bb, alcalde electo, no fue detenido la noche del martes sino desde el mediod\u00eda y que r\u00e1pidamente fue llevado a Pacho Viejo\u2026 Ah\u00ed lo tuvieron por varias horas\u2026 Hasta que Movimiento Ciudadano como corresponde le puso un abogado para su defensa.. Al parecer este asunto tiene mucho detr\u00e1s\u2026 Cosas graves y hasta esot\u00e9ricas\u2026 Pero si el asunto era \u00abquemar\u00bb pol\u00edticamente a MC por sus triunfos lo lograron\u2026 La opini\u00f3n p\u00fablica es dura\u2026<br>La suerte de Omar \u00abN\u00bb est\u00e1 en manos de sus abogados, FGE y Poder Judicial del Estado\u2026 Pero por el delito que es\u2026 Seguro tendr\u00e1n prisi\u00f3n preventiva por un 1 a\u00f1o y no tomar\u00e1 protesta como alcalde\u2026 Si Rogelio Franco ha estado preso meses por romper una camisa a un polic\u00eda\u2026 Este tendr\u00e1 peor suerte\u2026 El caso es que seguro que el suplente, que es el mismo personaje que estaba de suplente con Ren\u00e9 Tovar\u2026 Por dos ocasiones sali\u00f3 ganador\u2026 Dos veces, el destino le quit\u00f3 a quienes le imped\u00edan ser alcalde\u2026. Ahora \u00e9l se queda como alcalde\u2026<br>Con ello pareciera una \u00abnovela polic\u00edaca perfecta\u00bb\u2026 Ya que con una situaci\u00f3n as\u00ed\u2026 Evidencias a un partido donde presuntamente no existe un \u00abfiltro\u00bb de personajes a los que postulas a un cargo de elecci\u00f3n popular\u2026 Y van de candidato, presuntamente, una persona sin valores que asesina a otro por obtener el poder\u2026 Y luego descubren tu crimen y te detienen y no logras la alcald\u00eda\u2026 Y el de la suerte, es el suplente del asesinado y del presunto asesino\u2026 Ahora falta que el destino este ya no sea alcalde de MC\u2026 Se vuelva de MORENA\u2026 AMEN\u2026<\/p>\n","protected":false},"excerpt":{"rendered":"<p>Ricardo Ch\u00faaSale y Vale Pero est\u00e1 vez no se trata de un aspirante a la Rector\u00eda de la Universidad Veracruzana\u2026 Sino que todo indica que debido al empoderamiento que en estas \u00faltimas dos semanas ha agarrado Cuitl\u00e1huac Garc\u00eda dentro de MORENA despu\u00e9s de que en Veracruz ha ganado todo\u2026 18 diputaciones federales de 20\u2026 26 [&hellip;]<\/p>\n","protected":false},"author":2,"featured_media":0,"comment_status":"closed","ping_status":"closed","sticky":false,"template":"","format":"standard","meta":{"tdm_status":"","tdm_grid_status":"","footnotes":""},"categories":[70],"tags":[2275,29017,1563,15936,6870,14703,1026,8167,29000,10353,108,2108,5102,6753,219,195],"class_list":{"0":"post-75896","1":"post","2":"type-post","3":"status-publish","4":"format-standard","6":"category-de-opinion","7":"tag-comicios","8":"tag-conflictos-postelectorales","9":"tag-cuitlahuac-garcia-jimenez","10":"tag-enrique-nachon","11":"tag-fge","12":"tag-marcelo-ebrard","13":"tag-morena","14":"tag-rectoria","15":"tag-rene-tovar","16":"tag-ricardo-monreal","17":"tag-rogelio-franco","18":"tag-secretaria-de-finanzas","19":"tag-sedecop","20":"tag-tribunal-electoral-de-veracruz","21":"tag-universidad-veracruzana","22":"tag-veracruz"},"yoast_head":"<!-- This site is optimized with the Yoast SEO plugin v27.4 - https:\/\/yoast.com\/product\/yoast-seo-wordpress\/ -->\n<title>El otro Tapado de Cuic - Los pol\u00edticos Veracruz<\/title>\n<meta name=\"robots\" content=\"index, follow, max-snippet:-1, max-image-preview:large, max-video-preview:-1\" \/>\n<link rel=\"canonical\" href=\"https:\/\/lospoliticosveracruz.com\/?p=75896\" \/>\n<meta property=\"og:locale\" content=\"es_ES\" \/>\n<meta property=\"og:type\" content=\"article\" \/>\n<meta property=\"og:title\" content=\"El otro Tapado de Cuic - Los pol\u00edticos Veracruz\" \/>\n<meta property=\"og:description\" content=\"Ricardo Ch\u00faaSale y Vale Pero est\u00e1 vez no se trata de un aspirante a la Rector\u00eda de la Universidad Veracruzana\u2026 Sino que todo indica que debido al empoderamiento que en estas \u00faltimas dos semanas ha agarrado Cuitl\u00e1huac Garc\u00eda dentro de MORENA despu\u00e9s de que en Veracruz ha ganado todo\u2026 18 diputaciones federales de 20\u2026 26 [&hellip;]\" \/>\n<meta property=\"og:url\" content=\"https:\/\/lospoliticosveracruz.com\/?p=75896\" \/>\n<meta property=\"og:site_name\" content=\"Los pol\u00edticos Veracruz\" \/>\n<meta property=\"article:publisher\" content=\"https:\/\/www.facebook.com\/people\/Notimemes-de-los-Polticos\/61565672886568\/\" \/>\n<meta property=\"article:published_time\" content=\"2021-06-24T13:10:30+00:00\" \/>\n<meta property=\"article:modified_time\" content=\"2021-06-24T13:10:34+00:00\" \/>\n<meta property=\"og:image\" content=\"http:\/\/www.lospoliticosveracruz.com.mx\/wp-content\/uploads\/2021\/06\/WhatsApp-Image-2021-06-16-at-17.12.21.jpeg\" \/>\n<meta name=\"author\" content=\"Lo viste en Los Pol\u00edticos\" \/>\n<meta name=\"twitter:card\" content=\"summary_large_image\" \/>\n<meta name=\"twitter:creator\" content=\"@LosPoliticosVer\" \/>\n<meta name=\"twitter:site\" content=\"@LosPoliticosVer\" \/>\n<meta name=\"twitter:label1\" content=\"Escrito por\" \/>\n\t<meta name=\"twitter:data1\" content=\"Lo viste en Los Pol\u00edticos\" \/>\n\t<meta name=\"twitter:label2\" content=\"Tiempo de lectura\" \/>\n\t<meta name=\"twitter:data2\" content=\"6 minutos\" \/>\n<script type=\"application\/ld+json\" class=\"yoast-schema-graph\">{\"@context\":\"https:\\\/\\\/schema.org\",\"@graph\":[{\"@type\":\"Article\",\"@id\":\"https:\\\/\\\/lospoliticosveracruz.com\\\/?p=75896#article\",\"isPartOf\":{\"@id\":\"https:\\\/\\\/lospoliticosveracruz.com\\\/?p=75896\"},\"author\":{\"name\":\"Lo viste en Los Pol\u00edticos\",\"@id\":\"https:\\\/\\\/lospoliticosveracruz.com\\\/#\\\/schema\\\/person\\\/b8702bb0e538456e6efd07080bf2a4a2\"},\"headline\":\"El otro Tapado de Cuic\",\"datePublished\":\"2021-06-24T13:10:30+00:00\",\"dateModified\":\"2021-06-24T13:10:34+00:00\",\"mainEntityOfPage\":{\"@id\":\"https:\\\/\\\/lospoliticosveracruz.com\\\/?p=75896\"},\"wordCount\":1144,\"publisher\":{\"@id\":\"https:\\\/\\\/lospoliticosveracruz.com\\\/#organization\"},\"image\":{\"@id\":\"https:\\\/\\\/lospoliticosveracruz.com\\\/?p=75896#primaryimage\"},\"thumbnailUrl\":\"http:\\\/\\\/www.lospoliticosveracruz.com.mx\\\/wp-content\\\/uploads\\\/2021\\\/06\\\/WhatsApp-Image-2021-06-16-at-17.12.21.jpeg\",\"keywords\":[\"Comicios\",\"conflictos postelectorales\",\"Cuitl\u00e1huac Garc\u00eda Jim\u00e9nez\",\"Enrique Nach\u00f3n\",\"FGE\",\"Marcelo Ebrard\",\"Morena\",\"Rector\u00eda\",\"Ren\u00e9 Tovar\",\"Ricardo Monreal\",\"Rogelio Franco\",\"Secretar\u00eda de Finanzas\",\"Sedecop\",\"Tribunal Electoral de Veracruz\",\"Universidad Veracruzana\",\"Veracruz\"],\"articleSection\":[\"De Opini\u00f3n\"],\"inLanguage\":\"es\"},{\"@type\":\"WebPage\",\"@id\":\"https:\\\/\\\/lospoliticosveracruz.com\\\/?p=75896\",\"url\":\"https:\\\/\\\/lospoliticosveracruz.com\\\/?p=75896\",\"name\":\"El otro Tapado de Cuic - Los pol\u00edticos Veracruz\",\"isPartOf\":{\"@id\":\"https:\\\/\\\/lospoliticosveracruz.com\\\/#website\"},\"primaryImageOfPage\":{\"@id\":\"https:\\\/\\\/lospoliticosveracruz.com\\\/?p=75896#primaryimage\"},\"image\":{\"@id\":\"https:\\\/\\\/lospoliticosveracruz.com\\\/?p=75896#primaryimage\"},\"thumbnailUrl\":\"http:\\\/\\\/www.lospoliticosveracruz.com.mx\\\/wp-content\\\/uploads\\\/2021\\\/06\\\/WhatsApp-Image-2021-06-16-at-17.12.21.jpeg\",\"datePublished\":\"2021-06-24T13:10:30+00:00\",\"dateModified\":\"2021-06-24T13:10:34+00:00\",\"breadcrumb\":{\"@id\":\"https:\\\/\\\/lospoliticosveracruz.com\\\/?p=75896#breadcrumb\"},\"inLanguage\":\"es\",\"potentialAction\":[{\"@type\":\"ReadAction\",\"target\":[\"https:\\\/\\\/lospoliticosveracruz.com\\\/?p=75896\"]}]},{\"@type\":\"ImageObject\",\"inLanguage\":\"es\",\"@id\":\"https:\\\/\\\/lospoliticosveracruz.com\\\/?p=75896#primaryimage\",\"url\":\"http:\\\/\\\/www.lospoliticosveracruz.com.mx\\\/wp-content\\\/uploads\\\/2021\\\/06\\\/WhatsApp-Image-2021-06-16-at-17.12.21.jpeg\",\"contentUrl\":\"http:\\\/\\\/www.lospoliticosveracruz.com.mx\\\/wp-content\\\/uploads\\\/2021\\\/06\\\/WhatsApp-Image-2021-06-16-at-17.12.21.jpeg\"},{\"@type\":\"BreadcrumbList\",\"@id\":\"https:\\\/\\\/lospoliticosveracruz.com\\\/?p=75896#breadcrumb\",\"itemListElement\":[{\"@type\":\"ListItem\",\"position\":1,\"name\":\"Portada\",\"item\":\"https:\\\/\\\/lospoliticosveracruz.com\\\/\"},{\"@type\":\"ListItem\",\"position\":2,\"name\":\"El otro Tapado de Cuic\"}]},{\"@type\":\"WebSite\",\"@id\":\"https:\\\/\\\/lospoliticosveracruz.com\\\/#website\",\"url\":\"https:\\\/\\\/lospoliticosveracruz.com\\\/\",\"name\":\"Los pol\u00edticos Veracruz\",\"description\":\"\",\"publisher\":{\"@id\":\"https:\\\/\\\/lospoliticosveracruz.com\\\/#organization\"},\"potentialAction\":[{\"@type\":\"SearchAction\",\"target\":{\"@type\":\"EntryPoint\",\"urlTemplate\":\"https:\\\/\\\/lospoliticosveracruz.com\\\/?s={search_term_string}\"},\"query-input\":{\"@type\":\"PropertyValueSpecification\",\"valueRequired\":true,\"valueName\":\"search_term_string\"}}],\"inLanguage\":\"es\"},{\"@type\":\"Organization\",\"@id\":\"https:\\\/\\\/lospoliticosveracruz.com\\\/#organization\",\"name\":\"Los pol\u00edticos Veracruz\",\"url\":\"https:\\\/\\\/lospoliticosveracruz.com\\\/\",\"logo\":{\"@type\":\"ImageObject\",\"inLanguage\":\"es\",\"@id\":\"https:\\\/\\\/lospoliticosveracruz.com\\\/#\\\/schema\\\/logo\\\/image\\\/\",\"url\":\"https:\\\/\\\/lospoliticosveracruz.com\\\/wp-content\\\/uploads\\\/2025\\\/12\\\/Logo-Nuevo-LOS-POLITICOS-1.jpg\",\"contentUrl\":\"https:\\\/\\\/lospoliticosveracruz.com\\\/wp-content\\\/uploads\\\/2025\\\/12\\\/Logo-Nuevo-LOS-POLITICOS-1.jpg\",\"width\":260,\"height\":70,\"caption\":\"Los pol\u00edticos Veracruz\"},\"image\":{\"@id\":\"https:\\\/\\\/lospoliticosveracruz.com\\\/#\\\/schema\\\/logo\\\/image\\\/\"},\"sameAs\":[\"https:\\\/\\\/www.facebook.com\\\/people\\\/Notimemes-de-los-Polticos\\\/61565672886568\\\/\",\"https:\\\/\\\/x.com\\\/LosPoliticosVer\"]},{\"@type\":\"Person\",\"@id\":\"https:\\\/\\\/lospoliticosveracruz.com\\\/#\\\/schema\\\/person\\\/b8702bb0e538456e6efd07080bf2a4a2\",\"name\":\"Lo viste en Los Pol\u00edticos\",\"image\":{\"@type\":\"ImageObject\",\"inLanguage\":\"es\",\"@id\":\"https:\\\/\\\/secure.gravatar.com\\\/avatar\\\/3a8de04a2656d44082be478bd6c086daa447c4651605818287b9532d3d0bd435?s=96&d=mm&r=g\",\"url\":\"https:\\\/\\\/secure.gravatar.com\\\/avatar\\\/3a8de04a2656d44082be478bd6c086daa447c4651605818287b9532d3d0bd435?s=96&d=mm&r=g\",\"contentUrl\":\"https:\\\/\\\/secure.gravatar.com\\\/avatar\\\/3a8de04a2656d44082be478bd6c086daa447c4651605818287b9532d3d0bd435?s=96&d=mm&r=g\",\"caption\":\"Lo viste en Los Pol\u00edticos\"},\"url\":\"https:\\\/\\\/lospoliticosveracruz.com\\\/?author=2\"}]}<\/script>\n<!-- \/ Yoast SEO plugin. -->","yoast_head_json":{"title":"El otro Tapado de Cuic - Los pol\u00edticos Veracruz","robots":{"index":"index","follow":"follow","max-snippet":"max-snippet:-1","max-image-preview":"max-image-preview:large","max-video-preview":"max-video-preview:-1"},"canonical":"https:\/\/lospoliticosveracruz.com\/?p=75896","og_locale":"es_ES","og_type":"article","og_title":"El otro Tapado de Cuic - Los pol\u00edticos Veracruz","og_description":"Ricardo Ch\u00faaSale y Vale Pero est\u00e1 vez no se trata de un aspirante a la Rector\u00eda de la Universidad Veracruzana\u2026 Sino que todo indica que debido al empoderamiento que en estas \u00faltimas dos semanas ha agarrado Cuitl\u00e1huac Garc\u00eda dentro de MORENA despu\u00e9s de que en Veracruz ha ganado todo\u2026 18 diputaciones federales de 20\u2026 26 [&hellip;]","og_url":"https:\/\/lospoliticosveracruz.com\/?p=75896","og_site_name":"Los pol\u00edticos Veracruz","article_publisher":"https:\/\/www.facebook.com\/people\/Notimemes-de-los-Polticos\/61565672886568\/","article_published_time":"2021-06-24T13:10:30+00:00","article_modified_time":"2021-06-24T13:10:34+00:00","og_image":[{"url":"http:\/\/www.lospoliticosveracruz.com.mx\/wp-content\/uploads\/2021\/06\/WhatsApp-Image-2021-06-16-at-17.12.21.jpeg","type":"","width":"","height":""}],"author":"Lo viste en Los Pol\u00edticos","twitter_card":"summary_large_image","twitter_creator":"@LosPoliticosVer","twitter_site":"@LosPoliticosVer","twitter_misc":{"Escrito por":"Lo viste en Los Pol\u00edticos","Tiempo de lectura":"6 minutos"},"schema":{"@context":"https:\/\/schema.org","@graph":[{"@type":"Article","@id":"https:\/\/lospoliticosveracruz.com\/?p=75896#article","isPartOf":{"@id":"https:\/\/lospoliticosveracruz.com\/?p=75896"},"author":{"name":"Lo viste en Los Pol\u00edticos","@id":"https:\/\/lospoliticosveracruz.com\/#\/schema\/person\/b8702bb0e538456e6efd07080bf2a4a2"},"headline":"El otro Tapado de Cuic","datePublished":"2021-06-24T13:10:30+00:00","dateModified":"2021-06-24T13:10:34+00:00","mainEntityOfPage":{"@id":"https:\/\/lospoliticosveracruz.com\/?p=75896"},"wordCount":1144,"publisher":{"@id":"https:\/\/lospoliticosveracruz.com\/#organization"},"image":{"@id":"https:\/\/lospoliticosveracruz.com\/?p=75896#primaryimage"},"thumbnailUrl":"http:\/\/www.lospoliticosveracruz.com.mx\/wp-content\/uploads\/2021\/06\/WhatsApp-Image-2021-06-16-at-17.12.21.jpeg","keywords":["Comicios","conflictos postelectorales","Cuitl\u00e1huac Garc\u00eda Jim\u00e9nez","Enrique Nach\u00f3n","FGE","Marcelo Ebrard","Morena","Rector\u00eda","Ren\u00e9 Tovar","Ricardo Monreal","Rogelio Franco","Secretar\u00eda de Finanzas","Sedecop","Tribunal Electoral de Veracruz","Universidad Veracruzana","Veracruz"],"articleSection":["De Opini\u00f3n"],"inLanguage":"es"},{"@type":"WebPage","@id":"https:\/\/lospoliticosveracruz.com\/?p=75896","url":"https:\/\/lospoliticosveracruz.com\/?p=75896","name":"El otro Tapado de Cuic - Los pol\u00edticos Veracruz","isPartOf":{"@id":"https:\/\/lospoliticosveracruz.com\/#website"},"primaryImageOfPage":{"@id":"https:\/\/lospoliticosveracruz.com\/?p=75896#primaryimage"},"image":{"@id":"https:\/\/lospoliticosveracruz.com\/?p=75896#primaryimage"},"thumbnailUrl":"http:\/\/www.lospoliticosveracruz.com.mx\/wp-content\/uploads\/2021\/06\/WhatsApp-Image-2021-06-16-at-17.12.21.jpeg","datePublished":"2021-06-24T13:10:30+00:00","dateModified":"2021-06-24T13:10:34+00:00","breadcrumb":{"@id":"https:\/\/lospoliticosveracruz.com\/?p=75896#breadcrumb"},"inLanguage":"es","potentialAction":[{"@type":"ReadAction","target":["https:\/\/lospoliticosveracruz.com\/?p=75896"]}]},{"@type":"ImageObject","inLanguage":"es","@id":"https:\/\/lospoliticosveracruz.com\/?p=75896#primaryimage","url":"http:\/\/www.lospoliticosveracruz.com.mx\/wp-content\/uploads\/2021\/06\/WhatsApp-Image-2021-06-16-at-17.12.21.jpeg","contentUrl":"http:\/\/www.lospoliticosveracruz.com.mx\/wp-content\/uploads\/2021\/06\/WhatsApp-Image-2021-06-16-at-17.12.21.jpeg"},{"@type":"BreadcrumbList","@id":"https:\/\/lospoliticosveracruz.com\/?p=75896#breadcrumb","itemListElement":[{"@type":"ListItem","position":1,"name":"Portada","item":"https:\/\/lospoliticosveracruz.com\/"},{"@type":"ListItem","position":2,"name":"El otro Tapado de Cuic"}]},{"@type":"WebSite","@id":"https:\/\/lospoliticosveracruz.com\/#website","url":"https:\/\/lospoliticosveracruz.com\/","name":"Los pol\u00edticos Veracruz","description":"","publisher":{"@id":"https:\/\/lospoliticosveracruz.com\/#organization"},"potentialAction":[{"@type":"SearchAction","target":{"@type":"EntryPoint","urlTemplate":"https:\/\/lospoliticosveracruz.com\/?s={search_term_string}"},"query-input":{"@type":"PropertyValueSpecification","valueRequired":true,"valueName":"search_term_string"}}],"inLanguage":"es"},{"@type":"Organization","@id":"https:\/\/lospoliticosveracruz.com\/#organization","name":"Los pol\u00edticos Veracruz","url":"https:\/\/lospoliticosveracruz.com\/","logo":{"@type":"ImageObject","inLanguage":"es","@id":"https:\/\/lospoliticosveracruz.com\/#\/schema\/logo\/image\/","url":"https:\/\/lospoliticosveracruz.com\/wp-content\/uploads\/2025\/12\/Logo-Nuevo-LOS-POLITICOS-1.jpg","contentUrl":"https:\/\/lospoliticosveracruz.com\/wp-content\/uploads\/2025\/12\/Logo-Nuevo-LOS-POLITICOS-1.jpg","width":260,"height":70,"caption":"Los pol\u00edticos Veracruz"},"image":{"@id":"https:\/\/lospoliticosveracruz.com\/#\/schema\/logo\/image\/"},"sameAs":["https:\/\/www.facebook.com\/people\/Notimemes-de-los-Polticos\/61565672886568\/","https:\/\/x.com\/LosPoliticosVer"]},{"@type":"Person","@id":"https:\/\/lospoliticosveracruz.com\/#\/schema\/person\/b8702bb0e538456e6efd07080bf2a4a2","name":"Lo viste en Los Pol\u00edticos","image":{"@type":"ImageObject","inLanguage":"es","@id":"https:\/\/secure.gravatar.com\/avatar\/3a8de04a2656d44082be478bd6c086daa447c4651605818287b9532d3d0bd435?s=96&d=mm&r=g","url":"https:\/\/secure.gravatar.com\/avatar\/3a8de04a2656d44082be478bd6c086daa447c4651605818287b9532d3d0bd435?s=96&d=mm&r=g","contentUrl":"https:\/\/secure.gravatar.com\/avatar\/3a8de04a2656d44082be478bd6c086daa447c4651605818287b9532d3d0bd435?s=96&d=mm&r=g","caption":"Lo viste en Los Pol\u00edticos"},"url":"https:\/\/lospoliticosveracruz.com\/?author=2"}]}},"_links":{"self":[{"href":"https:\/\/lospoliticosveracruz.com\/index.php?rest_route=\/wp\/v2\/posts\/75896","targetHints":{"allow":["GET"]}}],"collection":[{"href":"https:\/\/lospoliticosveracruz.com\/index.php?rest_route=\/wp\/v2\/posts"}],"about":[{"href":"https:\/\/lospoliticosveracruz.com\/index.php?rest_route=\/wp\/v2\/types\/post"}],"author":[{"embeddable":true,"href":"https:\/\/lospoliticosveracruz.com\/index.php?rest_route=\/wp\/v2\/users\/2"}],"replies":[{"embeddable":true,"href":"https:\/\/lospoliticosveracruz.com\/index.php?rest_route=%2Fwp%2Fv2%2Fcomments&post=75896"}],"version-history":[{"count":1,"href":"https:\/\/lospoliticosveracruz.com\/index.php?rest_route=\/wp\/v2\/posts\/75896\/revisions"}],"predecessor-version":[{"id":75897,"href":"https:\/\/lospoliticosveracruz.com\/index.php?rest_route=\/wp\/v2\/posts\/75896\/revisions\/75897"}],"wp:attachment":[{"href":"https:\/\/lospoliticosveracruz.com\/index.php?rest_route=%2Fwp%2Fv2%2Fmedia&parent=75896"}],"wp:term":[{"taxonomy":"category","embeddable":true,"href":"https:\/\/lospoliticosveracruz.com\/index.php?rest_route=%2Fwp%2Fv2%2Fcategories&post=75896"},{"taxonomy":"post_tag","embeddable":true,"href":"https:\/\/lospoliticosveracruz.com\/index.php?rest_route=%2Fwp%2Fv2%2Ftags&post=75896"}],"curies":[{"name":"wp","href":"https:\/\/api.w.org\/{rel}","templated":true}]}}