{"id":75901,"date":"2021-06-24T08:54:50","date_gmt":"2021-06-24T13:54:50","guid":{"rendered":"http:\/\/www.lospoliticosveracruz.com.mx\/?p=75901"},"modified":"2021-06-24T08:54:52","modified_gmt":"2021-06-24T13:54:52","slug":"la-consulta-era-para-las-elecciones","status":"publish","type":"post","link":"https:\/\/lospoliticosveracruz.com\/?p=75901","title":{"rendered":"La Consulta era para las elecciones"},"content":{"rendered":"\n<p><strong>Uriel Flores Aguayo<\/strong><\/p>\n\n\n\n<p>El pr\u00f3ximo d\u00eda primero de agosto se realizar\u00e1 la consulta popular que estaba pensada para llevarse a cabo el d\u00eda de la jornada electoral reciente y con un cuestionamiento expreso respecto de los \u00faltimos cinco presidentes de M\u00e9xico. La obvia intencionalidad ten\u00eda que ver con su incidencia en las elecciones mencionadas. Para conseguirlo se despleg\u00f3 una militante labor de proselitismo, en reactivaci\u00f3n de las bases morenistas u obradoristas, enfocada en las figuras de los expresidentes enumerados. Sin eco social tuvieron serias dificultades para conseguir las firmas requeridas, teniendo que echar mano de acciones corporativas y obligatorias para los empleados p\u00fablicos; al final, el propio presidente de la Rep\u00fablica hizo la solicitud correspondiente. La suprema corte fij\u00f3 una fecha distinta a la solicitada y modific\u00f3 la pregunta inicial. Es de se\u00f1alarse el lamentable papel, de sometimiento, de la Suprema Corte, que concluy\u00f3 con una pregunta tan ambigua que necesita varias explicaciones. Intento alguna.<\/p>\n\n\n\n<div class=\"wp-block-image\"><figure class=\"alignleft size-large\"><a href=\"http:\/\/www.lospoliticosveracruz.com.mx\/wp-content\/uploads\/2021\/06\/WhatsApp-Image-2021-06-16-at-17.12.21.jpeg\"><img decoding=\"async\" src=\"http:\/\/www.lospoliticosveracruz.com.mx\/wp-content\/uploads\/2021\/06\/WhatsApp-Image-2021-06-16-at-17.12.21.jpeg\" alt=\"\" class=\"wp-image-75531\"\/><\/a><\/figure><\/div>\n\n\n\n<p>La pregunta que se someter\u00e1 a consulta popular es la siguiente: \u00ab\u00bf Estas de acuerdo o no en que se lleven a cabo las acciones pertinentes, con apego al marco constitucional y legal, para emprender un proceso de esclarecimiento de las decisiones pol\u00edticas tomadas en los a\u00f1os pasados por los actores pol\u00edticos, encaminado a garantizar la justicia y los derechos de las posibles v\u00edctimas ?\u00bb. Es tan ampl\u00eda y ambigua esta pregunta que ocasionar\u00e1 respuestas diversas y, probablemente, ineficaces, sin importar el sentido de las respuestas en un s\u00ed o en un no. Ser\u00e1 necesario, adem\u00e1s, una especie de gu\u00eda para interpretarla. En tanto, hagamos un recorrido directo e integral sobre ese cuestionamiento:<br>Decir \u00abacciones pertinentes\u00bb es totalmente impreciso y deja abierta, en extremo, la interpretaci\u00f3n m\u00e1s general que se pueda uno imaginar; es casi imposible definir esa expresi\u00f3n, lo cual lleva a otras preguntas: \u00bfque acciones y quien determina su pertinencia?. Cuando se habla de un \u00abproceso de esclarecimiento\u00bb se pudiera ver c\u00f3mo algo que tenga que ver con lo jurisdiccional pero inmediatamente surge la duda al incluir la palabra esclarecimiento, que puede ser para una investigaci\u00f3n o simplemente su estudio. Una de las claves para ubicar a esta consulta en su verdadera dimensi\u00f3n tiene que ver con la frase \u00abdecisiones pol\u00edticas\u00bb, lo cual aleja del terreno propiamente de la justicia a este ejercicio de participaci\u00f3n ciudadana para ponerlo en el campo pol\u00edtico; es pr\u00e1cticamente inviable invocar a las leyes para asuntos meramente pol\u00edticos. Cuando se deja la temporalidad en \u00aba\u00f1os pasados\u00bb, sin acotamientos, permite irse tan lejos y tan cerca como se quiera; pudiera llegarse, al menos, hasta Miguel Alem\u00e1n, y, para ser justos, incluir al propio Andr\u00e9s Manuel Lopez Obrador. Hablar de \u00abactores pol\u00edticos\u00bb, as\u00ed, sin definici\u00f3n, deja abierta la posibilidad de incluir a quien se quiera. La pregunta concluye con la esencia de la consulta: \u00abgarantizar la justicia y los derechos de las posibles v\u00edctimas\u00bb; como las partes previas de la pregunta est\u00e1n impregnadas de ambig\u00fcedad, su conclusi\u00f3n tiene sus mismos rasgos; no se tiene claro quienes y de qu\u00e9 ser\u00edan v\u00edctimas. En fin, es una pregunta que se volvi\u00f3 caricatura por su ligereza.<\/p>\n\n\n\n<p>Hay un debate en curso, por el lado gubernamental se insiste en que se trata de un ejercicio de democracia directa y que se propone enjuiciar a los \u00faltimos presidentes, mientras que por la oposici\u00f3n y ciertos sectores sociales se sostiene que estamos ante una ocurrencia que saldr\u00e1 costosa en t\u00e9rminos econ\u00f3micos y que no generar\u00e1 algo nuevo. Se dice, como cr\u00edtica principal, que la aplicaci\u00f3n de la ley no se consulta, como es el caso. Que si hay elementos, las autoridades deber\u00edan de proceder. Se cuestiona mucho sus aspectos propagand\u00edsticos. Al haber pasado ya las elecciones esta consulta perdi\u00f3 mucho de sus motivaciones. Se prev\u00e9 un fuerte abstencionismo.<br>Recadito: a proseguir con el impulso a la participaci\u00f3n ciudadana.<br>ufa.1959@gmail.com<\/p>\n","protected":false},"excerpt":{"rendered":"<p>Uriel Flores Aguayo El pr\u00f3ximo d\u00eda primero de agosto se realizar\u00e1 la consulta popular que estaba pensada para llevarse a cabo el d\u00eda de la jornada electoral reciente y con un cuestionamiento expreso respecto de los \u00faltimos cinco presidentes de M\u00e9xico. La obvia intencionalidad ten\u00eda que ver con su incidencia en las elecciones mencionadas. Para [&hellip;]<\/p>\n","protected":false},"author":2,"featured_media":0,"comment_status":"closed","ping_status":"closed","sticky":false,"template":"","format":"standard","meta":{"tdm_status":"","tdm_grid_status":"","footnotes":""},"categories":[70],"tags":[14239,20352,5290,13089,2552],"class_list":{"0":"post-75901","1":"post","2":"type-post","3":"status-publish","4":"format-standard","6":"category-de-opinion","7":"tag-consulta-popular","8":"tag-expresidentes","9":"tag-jornada-electoral","10":"tag-morenistas","11":"tag-uriel-flores-aguayo"},"yoast_head":"<!-- This site is optimized with the Yoast SEO plugin v27.4 - https:\/\/yoast.com\/product\/yoast-seo-wordpress\/ -->\n<title>La Consulta era para las elecciones - Los pol\u00edticos Veracruz<\/title>\n<meta name=\"robots\" content=\"index, follow, max-snippet:-1, max-image-preview:large, max-video-preview:-1\" \/>\n<link rel=\"canonical\" href=\"https:\/\/lospoliticosveracruz.com\/?p=75901\" \/>\n<meta property=\"og:locale\" content=\"es_ES\" \/>\n<meta property=\"og:type\" content=\"article\" \/>\n<meta property=\"og:title\" content=\"La Consulta era para las elecciones - Los pol\u00edticos Veracruz\" \/>\n<meta property=\"og:description\" content=\"Uriel Flores Aguayo El pr\u00f3ximo d\u00eda primero de agosto se realizar\u00e1 la consulta popular que estaba pensada para llevarse a cabo el d\u00eda de la jornada electoral reciente y con un cuestionamiento expreso respecto de los \u00faltimos cinco presidentes de M\u00e9xico. La obvia intencionalidad ten\u00eda que ver con su incidencia en las elecciones mencionadas. Para [&hellip;]\" \/>\n<meta property=\"og:url\" content=\"https:\/\/lospoliticosveracruz.com\/?p=75901\" \/>\n<meta property=\"og:site_name\" content=\"Los pol\u00edticos Veracruz\" \/>\n<meta property=\"article:publisher\" content=\"https:\/\/www.facebook.com\/people\/Notimemes-de-los-Polticos\/61565672886568\/\" \/>\n<meta property=\"article:published_time\" content=\"2021-06-24T13:54:50+00:00\" \/>\n<meta property=\"article:modified_time\" content=\"2021-06-24T13:54:52+00:00\" \/>\n<meta property=\"og:image\" content=\"http:\/\/www.lospoliticosveracruz.com.mx\/wp-content\/uploads\/2021\/06\/WhatsApp-Image-2021-06-16-at-17.12.21.jpeg\" \/>\n<meta name=\"author\" content=\"Lo viste en Los Pol\u00edticos\" \/>\n<meta name=\"twitter:card\" content=\"summary_large_image\" \/>\n<meta name=\"twitter:creator\" content=\"@LosPoliticosVer\" \/>\n<meta name=\"twitter:site\" content=\"@LosPoliticosVer\" \/>\n<meta name=\"twitter:label1\" content=\"Escrito por\" \/>\n\t<meta name=\"twitter:data1\" content=\"Lo viste en Los Pol\u00edticos\" \/>\n\t<meta name=\"twitter:label2\" content=\"Tiempo de lectura\" \/>\n\t<meta name=\"twitter:data2\" content=\"3 minutos\" \/>\n<script type=\"application\/ld+json\" class=\"yoast-schema-graph\">{\"@context\":\"https:\\\/\\\/schema.org\",\"@graph\":[{\"@type\":\"Article\",\"@id\":\"https:\\\/\\\/lospoliticosveracruz.com\\\/?p=75901#article\",\"isPartOf\":{\"@id\":\"https:\\\/\\\/lospoliticosveracruz.com\\\/?p=75901\"},\"author\":{\"name\":\"Lo viste en Los Pol\u00edticos\",\"@id\":\"https:\\\/\\\/lospoliticosveracruz.com\\\/#\\\/schema\\\/person\\\/b8702bb0e538456e6efd07080bf2a4a2\"},\"headline\":\"La Consulta era para las elecciones\",\"datePublished\":\"2021-06-24T13:54:50+00:00\",\"dateModified\":\"2021-06-24T13:54:52+00:00\",\"mainEntityOfPage\":{\"@id\":\"https:\\\/\\\/lospoliticosveracruz.com\\\/?p=75901\"},\"wordCount\":685,\"publisher\":{\"@id\":\"https:\\\/\\\/lospoliticosveracruz.com\\\/#organization\"},\"image\":{\"@id\":\"https:\\\/\\\/lospoliticosveracruz.com\\\/?p=75901#primaryimage\"},\"thumbnailUrl\":\"http:\\\/\\\/www.lospoliticosveracruz.com.mx\\\/wp-content\\\/uploads\\\/2021\\\/06\\\/WhatsApp-Image-2021-06-16-at-17.12.21.jpeg\",\"keywords\":[\"Consulta Popular\",\"Expresidentes\",\"Jornada electoral\",\"morenistas\",\"Uriel Flores Aguayo\"],\"articleSection\":[\"De Opini\u00f3n\"],\"inLanguage\":\"es\"},{\"@type\":\"WebPage\",\"@id\":\"https:\\\/\\\/lospoliticosveracruz.com\\\/?p=75901\",\"url\":\"https:\\\/\\\/lospoliticosveracruz.com\\\/?p=75901\",\"name\":\"La Consulta era para las elecciones - Los pol\u00edticos Veracruz\",\"isPartOf\":{\"@id\":\"https:\\\/\\\/lospoliticosveracruz.com\\\/#website\"},\"primaryImageOfPage\":{\"@id\":\"https:\\\/\\\/lospoliticosveracruz.com\\\/?p=75901#primaryimage\"},\"image\":{\"@id\":\"https:\\\/\\\/lospoliticosveracruz.com\\\/?p=75901#primaryimage\"},\"thumbnailUrl\":\"http:\\\/\\\/www.lospoliticosveracruz.com.mx\\\/wp-content\\\/uploads\\\/2021\\\/06\\\/WhatsApp-Image-2021-06-16-at-17.12.21.jpeg\",\"datePublished\":\"2021-06-24T13:54:50+00:00\",\"dateModified\":\"2021-06-24T13:54:52+00:00\",\"breadcrumb\":{\"@id\":\"https:\\\/\\\/lospoliticosveracruz.com\\\/?p=75901#breadcrumb\"},\"inLanguage\":\"es\",\"potentialAction\":[{\"@type\":\"ReadAction\",\"target\":[\"https:\\\/\\\/lospoliticosveracruz.com\\\/?p=75901\"]}]},{\"@type\":\"ImageObject\",\"inLanguage\":\"es\",\"@id\":\"https:\\\/\\\/lospoliticosveracruz.com\\\/?p=75901#primaryimage\",\"url\":\"http:\\\/\\\/www.lospoliticosveracruz.com.mx\\\/wp-content\\\/uploads\\\/2021\\\/06\\\/WhatsApp-Image-2021-06-16-at-17.12.21.jpeg\",\"contentUrl\":\"http:\\\/\\\/www.lospoliticosveracruz.com.mx\\\/wp-content\\\/uploads\\\/2021\\\/06\\\/WhatsApp-Image-2021-06-16-at-17.12.21.jpeg\"},{\"@type\":\"BreadcrumbList\",\"@id\":\"https:\\\/\\\/lospoliticosveracruz.com\\\/?p=75901#breadcrumb\",\"itemListElement\":[{\"@type\":\"ListItem\",\"position\":1,\"name\":\"Portada\",\"item\":\"https:\\\/\\\/lospoliticosveracruz.com\\\/\"},{\"@type\":\"ListItem\",\"position\":2,\"name\":\"La Consulta era para las elecciones\"}]},{\"@type\":\"WebSite\",\"@id\":\"https:\\\/\\\/lospoliticosveracruz.com\\\/#website\",\"url\":\"https:\\\/\\\/lospoliticosveracruz.com\\\/\",\"name\":\"Los pol\u00edticos Veracruz\",\"description\":\"\",\"publisher\":{\"@id\":\"https:\\\/\\\/lospoliticosveracruz.com\\\/#organization\"},\"potentialAction\":[{\"@type\":\"SearchAction\",\"target\":{\"@type\":\"EntryPoint\",\"urlTemplate\":\"https:\\\/\\\/lospoliticosveracruz.com\\\/?s={search_term_string}\"},\"query-input\":{\"@type\":\"PropertyValueSpecification\",\"valueRequired\":true,\"valueName\":\"search_term_string\"}}],\"inLanguage\":\"es\"},{\"@type\":\"Organization\",\"@id\":\"https:\\\/\\\/lospoliticosveracruz.com\\\/#organization\",\"name\":\"Los pol\u00edticos Veracruz\",\"url\":\"https:\\\/\\\/lospoliticosveracruz.com\\\/\",\"logo\":{\"@type\":\"ImageObject\",\"inLanguage\":\"es\",\"@id\":\"https:\\\/\\\/lospoliticosveracruz.com\\\/#\\\/schema\\\/logo\\\/image\\\/\",\"url\":\"https:\\\/\\\/lospoliticosveracruz.com\\\/wp-content\\\/uploads\\\/2025\\\/12\\\/Logo-Nuevo-LOS-POLITICOS-1.jpg\",\"contentUrl\":\"https:\\\/\\\/lospoliticosveracruz.com\\\/wp-content\\\/uploads\\\/2025\\\/12\\\/Logo-Nuevo-LOS-POLITICOS-1.jpg\",\"width\":260,\"height\":70,\"caption\":\"Los pol\u00edticos Veracruz\"},\"image\":{\"@id\":\"https:\\\/\\\/lospoliticosveracruz.com\\\/#\\\/schema\\\/logo\\\/image\\\/\"},\"sameAs\":[\"https:\\\/\\\/www.facebook.com\\\/people\\\/Notimemes-de-los-Polticos\\\/61565672886568\\\/\",\"https:\\\/\\\/x.com\\\/LosPoliticosVer\"]},{\"@type\":\"Person\",\"@id\":\"https:\\\/\\\/lospoliticosveracruz.com\\\/#\\\/schema\\\/person\\\/b8702bb0e538456e6efd07080bf2a4a2\",\"name\":\"Lo viste en Los Pol\u00edticos\",\"image\":{\"@type\":\"ImageObject\",\"inLanguage\":\"es\",\"@id\":\"https:\\\/\\\/secure.gravatar.com\\\/avatar\\\/3a8de04a2656d44082be478bd6c086daa447c4651605818287b9532d3d0bd435?s=96&d=mm&r=g\",\"url\":\"https:\\\/\\\/secure.gravatar.com\\\/avatar\\\/3a8de04a2656d44082be478bd6c086daa447c4651605818287b9532d3d0bd435?s=96&d=mm&r=g\",\"contentUrl\":\"https:\\\/\\\/secure.gravatar.com\\\/avatar\\\/3a8de04a2656d44082be478bd6c086daa447c4651605818287b9532d3d0bd435?s=96&d=mm&r=g\",\"caption\":\"Lo viste en Los Pol\u00edticos\"},\"url\":\"https:\\\/\\\/lospoliticosveracruz.com\\\/?author=2\"}]}<\/script>\n<!-- \/ Yoast SEO plugin. -->","yoast_head_json":{"title":"La Consulta era para las elecciones - Los pol\u00edticos Veracruz","robots":{"index":"index","follow":"follow","max-snippet":"max-snippet:-1","max-image-preview":"max-image-preview:large","max-video-preview":"max-video-preview:-1"},"canonical":"https:\/\/lospoliticosveracruz.com\/?p=75901","og_locale":"es_ES","og_type":"article","og_title":"La Consulta era para las elecciones - Los pol\u00edticos Veracruz","og_description":"Uriel Flores Aguayo El pr\u00f3ximo d\u00eda primero de agosto se realizar\u00e1 la consulta popular que estaba pensada para llevarse a cabo el d\u00eda de la jornada electoral reciente y con un cuestionamiento expreso respecto de los \u00faltimos cinco presidentes de M\u00e9xico. La obvia intencionalidad ten\u00eda que ver con su incidencia en las elecciones mencionadas. Para [&hellip;]","og_url":"https:\/\/lospoliticosveracruz.com\/?p=75901","og_site_name":"Los pol\u00edticos Veracruz","article_publisher":"https:\/\/www.facebook.com\/people\/Notimemes-de-los-Polticos\/61565672886568\/","article_published_time":"2021-06-24T13:54:50+00:00","article_modified_time":"2021-06-24T13:54:52+00:00","og_image":[{"url":"http:\/\/www.lospoliticosveracruz.com.mx\/wp-content\/uploads\/2021\/06\/WhatsApp-Image-2021-06-16-at-17.12.21.jpeg","type":"","width":"","height":""}],"author":"Lo viste en Los Pol\u00edticos","twitter_card":"summary_large_image","twitter_creator":"@LosPoliticosVer","twitter_site":"@LosPoliticosVer","twitter_misc":{"Escrito por":"Lo viste en Los Pol\u00edticos","Tiempo de lectura":"3 minutos"},"schema":{"@context":"https:\/\/schema.org","@graph":[{"@type":"Article","@id":"https:\/\/lospoliticosveracruz.com\/?p=75901#article","isPartOf":{"@id":"https:\/\/lospoliticosveracruz.com\/?p=75901"},"author":{"name":"Lo viste en Los Pol\u00edticos","@id":"https:\/\/lospoliticosveracruz.com\/#\/schema\/person\/b8702bb0e538456e6efd07080bf2a4a2"},"headline":"La Consulta era para las elecciones","datePublished":"2021-06-24T13:54:50+00:00","dateModified":"2021-06-24T13:54:52+00:00","mainEntityOfPage":{"@id":"https:\/\/lospoliticosveracruz.com\/?p=75901"},"wordCount":685,"publisher":{"@id":"https:\/\/lospoliticosveracruz.com\/#organization"},"image":{"@id":"https:\/\/lospoliticosveracruz.com\/?p=75901#primaryimage"},"thumbnailUrl":"http:\/\/www.lospoliticosveracruz.com.mx\/wp-content\/uploads\/2021\/06\/WhatsApp-Image-2021-06-16-at-17.12.21.jpeg","keywords":["Consulta Popular","Expresidentes","Jornada electoral","morenistas","Uriel Flores Aguayo"],"articleSection":["De Opini\u00f3n"],"inLanguage":"es"},{"@type":"WebPage","@id":"https:\/\/lospoliticosveracruz.com\/?p=75901","url":"https:\/\/lospoliticosveracruz.com\/?p=75901","name":"La Consulta era para las elecciones - Los pol\u00edticos Veracruz","isPartOf":{"@id":"https:\/\/lospoliticosveracruz.com\/#website"},"primaryImageOfPage":{"@id":"https:\/\/lospoliticosveracruz.com\/?p=75901#primaryimage"},"image":{"@id":"https:\/\/lospoliticosveracruz.com\/?p=75901#primaryimage"},"thumbnailUrl":"http:\/\/www.lospoliticosveracruz.com.mx\/wp-content\/uploads\/2021\/06\/WhatsApp-Image-2021-06-16-at-17.12.21.jpeg","datePublished":"2021-06-24T13:54:50+00:00","dateModified":"2021-06-24T13:54:52+00:00","breadcrumb":{"@id":"https:\/\/lospoliticosveracruz.com\/?p=75901#breadcrumb"},"inLanguage":"es","potentialAction":[{"@type":"ReadAction","target":["https:\/\/lospoliticosveracruz.com\/?p=75901"]}]},{"@type":"ImageObject","inLanguage":"es","@id":"https:\/\/lospoliticosveracruz.com\/?p=75901#primaryimage","url":"http:\/\/www.lospoliticosveracruz.com.mx\/wp-content\/uploads\/2021\/06\/WhatsApp-Image-2021-06-16-at-17.12.21.jpeg","contentUrl":"http:\/\/www.lospoliticosveracruz.com.mx\/wp-content\/uploads\/2021\/06\/WhatsApp-Image-2021-06-16-at-17.12.21.jpeg"},{"@type":"BreadcrumbList","@id":"https:\/\/lospoliticosveracruz.com\/?p=75901#breadcrumb","itemListElement":[{"@type":"ListItem","position":1,"name":"Portada","item":"https:\/\/lospoliticosveracruz.com\/"},{"@type":"ListItem","position":2,"name":"La Consulta era para las elecciones"}]},{"@type":"WebSite","@id":"https:\/\/lospoliticosveracruz.com\/#website","url":"https:\/\/lospoliticosveracruz.com\/","name":"Los pol\u00edticos Veracruz","description":"","publisher":{"@id":"https:\/\/lospoliticosveracruz.com\/#organization"},"potentialAction":[{"@type":"SearchAction","target":{"@type":"EntryPoint","urlTemplate":"https:\/\/lospoliticosveracruz.com\/?s={search_term_string}"},"query-input":{"@type":"PropertyValueSpecification","valueRequired":true,"valueName":"search_term_string"}}],"inLanguage":"es"},{"@type":"Organization","@id":"https:\/\/lospoliticosveracruz.com\/#organization","name":"Los pol\u00edticos Veracruz","url":"https:\/\/lospoliticosveracruz.com\/","logo":{"@type":"ImageObject","inLanguage":"es","@id":"https:\/\/lospoliticosveracruz.com\/#\/schema\/logo\/image\/","url":"https:\/\/lospoliticosveracruz.com\/wp-content\/uploads\/2025\/12\/Logo-Nuevo-LOS-POLITICOS-1.jpg","contentUrl":"https:\/\/lospoliticosveracruz.com\/wp-content\/uploads\/2025\/12\/Logo-Nuevo-LOS-POLITICOS-1.jpg","width":260,"height":70,"caption":"Los pol\u00edticos Veracruz"},"image":{"@id":"https:\/\/lospoliticosveracruz.com\/#\/schema\/logo\/image\/"},"sameAs":["https:\/\/www.facebook.com\/people\/Notimemes-de-los-Polticos\/61565672886568\/","https:\/\/x.com\/LosPoliticosVer"]},{"@type":"Person","@id":"https:\/\/lospoliticosveracruz.com\/#\/schema\/person\/b8702bb0e538456e6efd07080bf2a4a2","name":"Lo viste en Los Pol\u00edticos","image":{"@type":"ImageObject","inLanguage":"es","@id":"https:\/\/secure.gravatar.com\/avatar\/3a8de04a2656d44082be478bd6c086daa447c4651605818287b9532d3d0bd435?s=96&d=mm&r=g","url":"https:\/\/secure.gravatar.com\/avatar\/3a8de04a2656d44082be478bd6c086daa447c4651605818287b9532d3d0bd435?s=96&d=mm&r=g","contentUrl":"https:\/\/secure.gravatar.com\/avatar\/3a8de04a2656d44082be478bd6c086daa447c4651605818287b9532d3d0bd435?s=96&d=mm&r=g","caption":"Lo viste en Los Pol\u00edticos"},"url":"https:\/\/lospoliticosveracruz.com\/?author=2"}]}},"_links":{"self":[{"href":"https:\/\/lospoliticosveracruz.com\/index.php?rest_route=\/wp\/v2\/posts\/75901","targetHints":{"allow":["GET"]}}],"collection":[{"href":"https:\/\/lospoliticosveracruz.com\/index.php?rest_route=\/wp\/v2\/posts"}],"about":[{"href":"https:\/\/lospoliticosveracruz.com\/index.php?rest_route=\/wp\/v2\/types\/post"}],"author":[{"embeddable":true,"href":"https:\/\/lospoliticosveracruz.com\/index.php?rest_route=\/wp\/v2\/users\/2"}],"replies":[{"embeddable":true,"href":"https:\/\/lospoliticosveracruz.com\/index.php?rest_route=%2Fwp%2Fv2%2Fcomments&post=75901"}],"version-history":[{"count":1,"href":"https:\/\/lospoliticosveracruz.com\/index.php?rest_route=\/wp\/v2\/posts\/75901\/revisions"}],"predecessor-version":[{"id":75903,"href":"https:\/\/lospoliticosveracruz.com\/index.php?rest_route=\/wp\/v2\/posts\/75901\/revisions\/75903"}],"wp:attachment":[{"href":"https:\/\/lospoliticosveracruz.com\/index.php?rest_route=%2Fwp%2Fv2%2Fmedia&parent=75901"}],"wp:term":[{"taxonomy":"category","embeddable":true,"href":"https:\/\/lospoliticosveracruz.com\/index.php?rest_route=%2Fwp%2Fv2%2Fcategories&post=75901"},{"taxonomy":"post_tag","embeddable":true,"href":"https:\/\/lospoliticosveracruz.com\/index.php?rest_route=%2Fwp%2Fv2%2Ftags&post=75901"}],"curies":[{"name":"wp","href":"https:\/\/api.w.org\/{rel}","templated":true}]}}