{"id":75922,"date":"2021-06-24T14:47:06","date_gmt":"2021-06-24T19:47:06","guid":{"rendered":"http:\/\/www.lospoliticosveracruz.com.mx\/?p=75922"},"modified":"2021-06-24T14:47:12","modified_gmt":"2021-06-24T19:47:12","slug":"los-derechos-humanos-como-eje-rector-de-la-uv","status":"publish","type":"post","link":"https:\/\/lospoliticosveracruz.com\/?p=75922","title":{"rendered":"Los derechos humanos como eje rector de la UV"},"content":{"rendered":"\n<p><\/p>\n\n\n\n<p><strong>Francisco Domingo V\u00e1zquez Mart\u00ednez*<br><\/strong><\/p>\n\n\n\n<p>Las universidades p\u00fablicas en M\u00e9xico son, de acuerdo con la Constituci\u00f3n Pol\u00edtica de los Estados Unidos Mexicanos (CPEUM), las garantes del derecho a la educaci\u00f3n superior. Por ello, la principal funci\u00f3n de la Rector\u00eda de una universidad p\u00fablica es precisamente la de respetar, proteger, difundir y garantizar el derecho a la educaci\u00f3n superior y, por extensi\u00f3n, la de todos los derechos humanos. En este sentido, la perspectiva de los derechos humanos es la gu\u00eda obligada de quien asuma la Rector\u00eda de la Universidad Veracruzana (UV) durante los pr\u00f3ximos cuatro a\u00f1os.<\/p>\n\n\n\n<div class=\"wp-block-image\"><figure class=\"alignleft size-large\"><a href=\"http:\/\/www.lospoliticosveracruz.com.mx\/wp-content\/uploads\/2021\/06\/WhatsApp-Image-2021-06-16-at-17.12.21.jpeg\"><img decoding=\"async\" src=\"http:\/\/www.lospoliticosveracruz.com.mx\/wp-content\/uploads\/2021\/06\/WhatsApp-Image-2021-06-16-at-17.12.21.jpeg\" alt=\"\" class=\"wp-image-75531\"\/><\/a><\/figure><\/div>\n\n\n\n<p><br>Para que la UV cumpla cada vez m\u00e1s y mejor con su obligaci\u00f3n constitucional hay que dirigir esfuerzos y recursos hacia las \u00e1reas de oportunidad, aquellas en las que el derecho a la educaci\u00f3n a\u00fan es una aspiraci\u00f3n. Por ejemplo y para el caso concreto de la formaci\u00f3n de profesionistas de la medicina, el Observatorio de Educaci\u00f3n M\u00e9dica y Derechos humanos de la UV (OBEME) ha identificado la urgente necesidad de fortalecer el derecho a la educaci\u00f3n en las unidades m\u00e9dicas (hospitales y centros de salud).<br>Hay que resaltar que en la educaci\u00f3n m\u00e9dica (como en otras profesiones del \u00e1rea de la salud) la formaci\u00f3n profesional tiene dos escenarios igualmente importantes: las facultades de Medicina y las unidades m\u00e9dicas. En ambos se debe trabajar para crear las condiciones favorables al desarrollo del proceso educativo. No es suficiente con asegurar contextos favorables en el campus universitario, se deben garantizar tambi\u00e9n en las unidades m\u00e9dicas.<br>\u00bfQu\u00e9 pasa con el derecho a la educaci\u00f3n cuando las y los profesores de medicina en las unidades m\u00e9dicas no est\u00e1n reconocidos por la universidad; cuando los profesores est\u00e1n en la Facultad y los estudiantes en las unidades m\u00e9dicas; cuando no hay espacio ni tiempo en las unidades m\u00e9dicas para cumplir con el programa acad\u00e9mico; cuando las y los estudiantes de medicina no pueden cumplir sus obligaciones acad\u00e9micas por atender pacientes; cuando las y los estudiantes atienden pacientes sin supervisi\u00f3n y asesor\u00eda; cuando se complica la salud de pacientes por decisiones diagn\u00f3sticas y terap\u00e9uticas que tomaron estudiantes de medicina sin asesor\u00eda ni supervisi\u00f3n? En general, \u00bfc\u00f3mo garantizar el derecho a la educaci\u00f3n en las unidades m\u00e9dicas que no tienen profesores contratados por la universidad y con estudiantes que no tienen tiempo ni espacio para cumplir con el programa acad\u00e9mico?<br>Lo cierto es que la Universidad Veracruzana no puede seguir al margen y desentenderse de lo que pasa con sus estudiantes de medicina en las unidades m\u00e9dicas. De manera indiscutible, el ingreso de estudiantes de medicina a las unidades m\u00e9dicas est\u00e1 regulado por normas oficiales mexicanas. Sin embargo, eso no significa delegar en hospitales y centros de salud la responsabilidad que da a las universidades la CPEUM. \u00bfC\u00f3mo justificar que la Universidad Veracruzana delegue en las y los m\u00e9dicos de las unidades m\u00e9dicas en las que est\u00e1n sus estudiantes la funci\u00f3n que corresponde a su planta acad\u00e9mica?<br>Seg\u00fan la Comisi\u00f3n Nacional de Derechos Humanos, la falta de supervisi\u00f3n y asesor\u00eda a las y los estudiantes de medicina en las unidades m\u00e9dicas es una de las principales causas de violaci\u00f3n a los derechos humanos de pacientes que acuden a ellas en busca de ayuda y alivio. Por su parte, el OBEME en su \u00faltimo informe (2018-2019) revela que 80% de estudiantes de medicina (pre y posgrado) de la Universidad Veracruzana, en las unidades m\u00e9dicas, juzgan que les falta asesor\u00eda y supervisi\u00f3n mientras atienden pacientes y que por ello han cometido errores a la hora de elaborar diagn\u00f3sticos o indicar tratamientos.<br>Resulta evidente que promover e impulsar el derecho a la educaci\u00f3n en las unidades m\u00e9dicas es prioritario no solo para que la UV forme mejores profesionistas de la medicina, sino tambi\u00e9n para contribuir a la garant\u00eda del derecho al trabajo acad\u00e9mico en las unidades m\u00e9dicas y el derecho a la salud de las y los veracruzanos.<br>La pregunta es \u00bfqui\u00e9n ofrece el proyecto universitario m\u00e1s favorable a los derechos humanos en la Universidad Veracruzana y, en general, en Veracruz?<\/p>\n\n\n\n<ul class=\"wp-block-list\"><li>Investigador<br>Universidad Veracruzana<br>Instituto de Salud P\u00fablica<br>Observatorio de Educaci\u00f3n M\u00e9dica y Derechos Humanos<\/li><\/ul>\n","protected":false},"excerpt":{"rendered":"<p>Francisco Domingo V\u00e1zquez Mart\u00ednez* Las universidades p\u00fablicas en M\u00e9xico son, de acuerdo con la Constituci\u00f3n Pol\u00edtica de los Estados Unidos Mexicanos (CPEUM), las garantes del derecho a la educaci\u00f3n superior. Por ello, la principal funci\u00f3n de la Rector\u00eda de una universidad p\u00fablica es precisamente la de respetar, proteger, difundir y garantizar el derecho a la [&hellip;]<\/p>\n","protected":false},"author":2,"featured_media":0,"comment_status":"closed","ping_status":"closed","sticky":false,"template":"","format":"standard","meta":{"tdm_status":"","tdm_grid_status":"","footnotes":""},"categories":[70],"tags":[27538,29025,8167,21307,219],"class_list":{"0":"post-75922","1":"post","2":"type-post","3":"status-publish","4":"format-standard","6":"category-de-opinion","7":"tag-cpeum","8":"tag-francisco-domingo-vazquez-martinez","9":"tag-rectoria","10":"tag-rectoria-uv","11":"tag-universidad-veracruzana"},"yoast_head":"<!-- This site is optimized with the Yoast SEO plugin v27.4 - https:\/\/yoast.com\/product\/yoast-seo-wordpress\/ -->\n<title>Los derechos humanos como eje rector de la UV - Los pol\u00edticos Veracruz<\/title>\n<meta name=\"robots\" content=\"index, follow, max-snippet:-1, max-image-preview:large, max-video-preview:-1\" \/>\n<link rel=\"canonical\" href=\"https:\/\/lospoliticosveracruz.com\/?p=75922\" \/>\n<meta property=\"og:locale\" content=\"es_ES\" \/>\n<meta property=\"og:type\" content=\"article\" \/>\n<meta property=\"og:title\" content=\"Los derechos humanos como eje rector de la UV - Los pol\u00edticos Veracruz\" \/>\n<meta property=\"og:description\" content=\"Francisco Domingo V\u00e1zquez Mart\u00ednez* Las universidades p\u00fablicas en M\u00e9xico son, de acuerdo con la Constituci\u00f3n Pol\u00edtica de los Estados Unidos Mexicanos (CPEUM), las garantes del derecho a la educaci\u00f3n superior. Por ello, la principal funci\u00f3n de la Rector\u00eda de una universidad p\u00fablica es precisamente la de respetar, proteger, difundir y garantizar el derecho a la [&hellip;]\" \/>\n<meta property=\"og:url\" content=\"https:\/\/lospoliticosveracruz.com\/?p=75922\" \/>\n<meta property=\"og:site_name\" content=\"Los pol\u00edticos Veracruz\" \/>\n<meta property=\"article:publisher\" content=\"https:\/\/www.facebook.com\/people\/Notimemes-de-los-Polticos\/61565672886568\/\" \/>\n<meta property=\"article:published_time\" content=\"2021-06-24T19:47:06+00:00\" \/>\n<meta property=\"article:modified_time\" content=\"2021-06-24T19:47:12+00:00\" \/>\n<meta property=\"og:image\" content=\"http:\/\/www.lospoliticosveracruz.com.mx\/wp-content\/uploads\/2021\/06\/WhatsApp-Image-2021-06-16-at-17.12.21.jpeg\" \/>\n<meta name=\"author\" content=\"Lo viste en Los Pol\u00edticos\" \/>\n<meta name=\"twitter:card\" content=\"summary_large_image\" \/>\n<meta name=\"twitter:creator\" content=\"@LosPoliticosVer\" \/>\n<meta name=\"twitter:site\" content=\"@LosPoliticosVer\" \/>\n<meta name=\"twitter:label1\" content=\"Escrito por\" \/>\n\t<meta name=\"twitter:data1\" content=\"Lo viste en Los Pol\u00edticos\" \/>\n\t<meta name=\"twitter:label2\" content=\"Tiempo de lectura\" \/>\n\t<meta name=\"twitter:data2\" content=\"4 minutos\" \/>\n<script type=\"application\/ld+json\" class=\"yoast-schema-graph\">{\"@context\":\"https:\\\/\\\/schema.org\",\"@graph\":[{\"@type\":\"Article\",\"@id\":\"https:\\\/\\\/lospoliticosveracruz.com\\\/?p=75922#article\",\"isPartOf\":{\"@id\":\"https:\\\/\\\/lospoliticosveracruz.com\\\/?p=75922\"},\"author\":{\"name\":\"Lo viste en Los Pol\u00edticos\",\"@id\":\"https:\\\/\\\/lospoliticosveracruz.com\\\/#\\\/schema\\\/person\\\/b8702bb0e538456e6efd07080bf2a4a2\"},\"headline\":\"Los derechos humanos como eje rector de la UV\",\"datePublished\":\"2021-06-24T19:47:06+00:00\",\"dateModified\":\"2021-06-24T19:47:12+00:00\",\"mainEntityOfPage\":{\"@id\":\"https:\\\/\\\/lospoliticosveracruz.com\\\/?p=75922\"},\"wordCount\":762,\"publisher\":{\"@id\":\"https:\\\/\\\/lospoliticosveracruz.com\\\/#organization\"},\"image\":{\"@id\":\"https:\\\/\\\/lospoliticosveracruz.com\\\/?p=75922#primaryimage\"},\"thumbnailUrl\":\"http:\\\/\\\/www.lospoliticosveracruz.com.mx\\\/wp-content\\\/uploads\\\/2021\\\/06\\\/WhatsApp-Image-2021-06-16-at-17.12.21.jpeg\",\"keywords\":[\"CPEUM\",\"Francisco Domingo V\u00e1zquez Mart\u00ednez\",\"Rector\u00eda\",\"Rector\u00eda UV\",\"Universidad Veracruzana\"],\"articleSection\":[\"De Opini\u00f3n\"],\"inLanguage\":\"es\"},{\"@type\":\"WebPage\",\"@id\":\"https:\\\/\\\/lospoliticosveracruz.com\\\/?p=75922\",\"url\":\"https:\\\/\\\/lospoliticosveracruz.com\\\/?p=75922\",\"name\":\"Los derechos humanos como eje rector de la UV - Los pol\u00edticos Veracruz\",\"isPartOf\":{\"@id\":\"https:\\\/\\\/lospoliticosveracruz.com\\\/#website\"},\"primaryImageOfPage\":{\"@id\":\"https:\\\/\\\/lospoliticosveracruz.com\\\/?p=75922#primaryimage\"},\"image\":{\"@id\":\"https:\\\/\\\/lospoliticosveracruz.com\\\/?p=75922#primaryimage\"},\"thumbnailUrl\":\"http:\\\/\\\/www.lospoliticosveracruz.com.mx\\\/wp-content\\\/uploads\\\/2021\\\/06\\\/WhatsApp-Image-2021-06-16-at-17.12.21.jpeg\",\"datePublished\":\"2021-06-24T19:47:06+00:00\",\"dateModified\":\"2021-06-24T19:47:12+00:00\",\"breadcrumb\":{\"@id\":\"https:\\\/\\\/lospoliticosveracruz.com\\\/?p=75922#breadcrumb\"},\"inLanguage\":\"es\",\"potentialAction\":[{\"@type\":\"ReadAction\",\"target\":[\"https:\\\/\\\/lospoliticosveracruz.com\\\/?p=75922\"]}]},{\"@type\":\"ImageObject\",\"inLanguage\":\"es\",\"@id\":\"https:\\\/\\\/lospoliticosveracruz.com\\\/?p=75922#primaryimage\",\"url\":\"http:\\\/\\\/www.lospoliticosveracruz.com.mx\\\/wp-content\\\/uploads\\\/2021\\\/06\\\/WhatsApp-Image-2021-06-16-at-17.12.21.jpeg\",\"contentUrl\":\"http:\\\/\\\/www.lospoliticosveracruz.com.mx\\\/wp-content\\\/uploads\\\/2021\\\/06\\\/WhatsApp-Image-2021-06-16-at-17.12.21.jpeg\"},{\"@type\":\"BreadcrumbList\",\"@id\":\"https:\\\/\\\/lospoliticosveracruz.com\\\/?p=75922#breadcrumb\",\"itemListElement\":[{\"@type\":\"ListItem\",\"position\":1,\"name\":\"Portada\",\"item\":\"https:\\\/\\\/lospoliticosveracruz.com\\\/\"},{\"@type\":\"ListItem\",\"position\":2,\"name\":\"Los derechos humanos como eje rector de la UV\"}]},{\"@type\":\"WebSite\",\"@id\":\"https:\\\/\\\/lospoliticosveracruz.com\\\/#website\",\"url\":\"https:\\\/\\\/lospoliticosveracruz.com\\\/\",\"name\":\"Los pol\u00edticos Veracruz\",\"description\":\"\",\"publisher\":{\"@id\":\"https:\\\/\\\/lospoliticosveracruz.com\\\/#organization\"},\"potentialAction\":[{\"@type\":\"SearchAction\",\"target\":{\"@type\":\"EntryPoint\",\"urlTemplate\":\"https:\\\/\\\/lospoliticosveracruz.com\\\/?s={search_term_string}\"},\"query-input\":{\"@type\":\"PropertyValueSpecification\",\"valueRequired\":true,\"valueName\":\"search_term_string\"}}],\"inLanguage\":\"es\"},{\"@type\":\"Organization\",\"@id\":\"https:\\\/\\\/lospoliticosveracruz.com\\\/#organization\",\"name\":\"Los pol\u00edticos Veracruz\",\"url\":\"https:\\\/\\\/lospoliticosveracruz.com\\\/\",\"logo\":{\"@type\":\"ImageObject\",\"inLanguage\":\"es\",\"@id\":\"https:\\\/\\\/lospoliticosveracruz.com\\\/#\\\/schema\\\/logo\\\/image\\\/\",\"url\":\"https:\\\/\\\/lospoliticosveracruz.com\\\/wp-content\\\/uploads\\\/2025\\\/12\\\/Logo-Nuevo-LOS-POLITICOS-1.jpg\",\"contentUrl\":\"https:\\\/\\\/lospoliticosveracruz.com\\\/wp-content\\\/uploads\\\/2025\\\/12\\\/Logo-Nuevo-LOS-POLITICOS-1.jpg\",\"width\":260,\"height\":70,\"caption\":\"Los pol\u00edticos Veracruz\"},\"image\":{\"@id\":\"https:\\\/\\\/lospoliticosveracruz.com\\\/#\\\/schema\\\/logo\\\/image\\\/\"},\"sameAs\":[\"https:\\\/\\\/www.facebook.com\\\/people\\\/Notimemes-de-los-Polticos\\\/61565672886568\\\/\",\"https:\\\/\\\/x.com\\\/LosPoliticosVer\"]},{\"@type\":\"Person\",\"@id\":\"https:\\\/\\\/lospoliticosveracruz.com\\\/#\\\/schema\\\/person\\\/b8702bb0e538456e6efd07080bf2a4a2\",\"name\":\"Lo viste en Los Pol\u00edticos\",\"image\":{\"@type\":\"ImageObject\",\"inLanguage\":\"es\",\"@id\":\"https:\\\/\\\/secure.gravatar.com\\\/avatar\\\/3a8de04a2656d44082be478bd6c086daa447c4651605818287b9532d3d0bd435?s=96&d=mm&r=g\",\"url\":\"https:\\\/\\\/secure.gravatar.com\\\/avatar\\\/3a8de04a2656d44082be478bd6c086daa447c4651605818287b9532d3d0bd435?s=96&d=mm&r=g\",\"contentUrl\":\"https:\\\/\\\/secure.gravatar.com\\\/avatar\\\/3a8de04a2656d44082be478bd6c086daa447c4651605818287b9532d3d0bd435?s=96&d=mm&r=g\",\"caption\":\"Lo viste en Los Pol\u00edticos\"},\"url\":\"https:\\\/\\\/lospoliticosveracruz.com\\\/?author=2\"}]}<\/script>\n<!-- \/ Yoast SEO plugin. -->","yoast_head_json":{"title":"Los derechos humanos como eje rector de la UV - Los pol\u00edticos Veracruz","robots":{"index":"index","follow":"follow","max-snippet":"max-snippet:-1","max-image-preview":"max-image-preview:large","max-video-preview":"max-video-preview:-1"},"canonical":"https:\/\/lospoliticosveracruz.com\/?p=75922","og_locale":"es_ES","og_type":"article","og_title":"Los derechos humanos como eje rector de la UV - Los pol\u00edticos Veracruz","og_description":"Francisco Domingo V\u00e1zquez Mart\u00ednez* Las universidades p\u00fablicas en M\u00e9xico son, de acuerdo con la Constituci\u00f3n Pol\u00edtica de los Estados Unidos Mexicanos (CPEUM), las garantes del derecho a la educaci\u00f3n superior. Por ello, la principal funci\u00f3n de la Rector\u00eda de una universidad p\u00fablica es precisamente la de respetar, proteger, difundir y garantizar el derecho a la [&hellip;]","og_url":"https:\/\/lospoliticosveracruz.com\/?p=75922","og_site_name":"Los pol\u00edticos Veracruz","article_publisher":"https:\/\/www.facebook.com\/people\/Notimemes-de-los-Polticos\/61565672886568\/","article_published_time":"2021-06-24T19:47:06+00:00","article_modified_time":"2021-06-24T19:47:12+00:00","og_image":[{"url":"http:\/\/www.lospoliticosveracruz.com.mx\/wp-content\/uploads\/2021\/06\/WhatsApp-Image-2021-06-16-at-17.12.21.jpeg","type":"","width":"","height":""}],"author":"Lo viste en Los Pol\u00edticos","twitter_card":"summary_large_image","twitter_creator":"@LosPoliticosVer","twitter_site":"@LosPoliticosVer","twitter_misc":{"Escrito por":"Lo viste en Los Pol\u00edticos","Tiempo de lectura":"4 minutos"},"schema":{"@context":"https:\/\/schema.org","@graph":[{"@type":"Article","@id":"https:\/\/lospoliticosveracruz.com\/?p=75922#article","isPartOf":{"@id":"https:\/\/lospoliticosveracruz.com\/?p=75922"},"author":{"name":"Lo viste en Los Pol\u00edticos","@id":"https:\/\/lospoliticosveracruz.com\/#\/schema\/person\/b8702bb0e538456e6efd07080bf2a4a2"},"headline":"Los derechos humanos como eje rector de la UV","datePublished":"2021-06-24T19:47:06+00:00","dateModified":"2021-06-24T19:47:12+00:00","mainEntityOfPage":{"@id":"https:\/\/lospoliticosveracruz.com\/?p=75922"},"wordCount":762,"publisher":{"@id":"https:\/\/lospoliticosveracruz.com\/#organization"},"image":{"@id":"https:\/\/lospoliticosveracruz.com\/?p=75922#primaryimage"},"thumbnailUrl":"http:\/\/www.lospoliticosveracruz.com.mx\/wp-content\/uploads\/2021\/06\/WhatsApp-Image-2021-06-16-at-17.12.21.jpeg","keywords":["CPEUM","Francisco Domingo V\u00e1zquez Mart\u00ednez","Rector\u00eda","Rector\u00eda UV","Universidad Veracruzana"],"articleSection":["De Opini\u00f3n"],"inLanguage":"es"},{"@type":"WebPage","@id":"https:\/\/lospoliticosveracruz.com\/?p=75922","url":"https:\/\/lospoliticosveracruz.com\/?p=75922","name":"Los derechos humanos como eje rector de la UV - Los pol\u00edticos Veracruz","isPartOf":{"@id":"https:\/\/lospoliticosveracruz.com\/#website"},"primaryImageOfPage":{"@id":"https:\/\/lospoliticosveracruz.com\/?p=75922#primaryimage"},"image":{"@id":"https:\/\/lospoliticosveracruz.com\/?p=75922#primaryimage"},"thumbnailUrl":"http:\/\/www.lospoliticosveracruz.com.mx\/wp-content\/uploads\/2021\/06\/WhatsApp-Image-2021-06-16-at-17.12.21.jpeg","datePublished":"2021-06-24T19:47:06+00:00","dateModified":"2021-06-24T19:47:12+00:00","breadcrumb":{"@id":"https:\/\/lospoliticosveracruz.com\/?p=75922#breadcrumb"},"inLanguage":"es","potentialAction":[{"@type":"ReadAction","target":["https:\/\/lospoliticosveracruz.com\/?p=75922"]}]},{"@type":"ImageObject","inLanguage":"es","@id":"https:\/\/lospoliticosveracruz.com\/?p=75922#primaryimage","url":"http:\/\/www.lospoliticosveracruz.com.mx\/wp-content\/uploads\/2021\/06\/WhatsApp-Image-2021-06-16-at-17.12.21.jpeg","contentUrl":"http:\/\/www.lospoliticosveracruz.com.mx\/wp-content\/uploads\/2021\/06\/WhatsApp-Image-2021-06-16-at-17.12.21.jpeg"},{"@type":"BreadcrumbList","@id":"https:\/\/lospoliticosveracruz.com\/?p=75922#breadcrumb","itemListElement":[{"@type":"ListItem","position":1,"name":"Portada","item":"https:\/\/lospoliticosveracruz.com\/"},{"@type":"ListItem","position":2,"name":"Los derechos humanos como eje rector de la UV"}]},{"@type":"WebSite","@id":"https:\/\/lospoliticosveracruz.com\/#website","url":"https:\/\/lospoliticosveracruz.com\/","name":"Los pol\u00edticos Veracruz","description":"","publisher":{"@id":"https:\/\/lospoliticosveracruz.com\/#organization"},"potentialAction":[{"@type":"SearchAction","target":{"@type":"EntryPoint","urlTemplate":"https:\/\/lospoliticosveracruz.com\/?s={search_term_string}"},"query-input":{"@type":"PropertyValueSpecification","valueRequired":true,"valueName":"search_term_string"}}],"inLanguage":"es"},{"@type":"Organization","@id":"https:\/\/lospoliticosveracruz.com\/#organization","name":"Los pol\u00edticos Veracruz","url":"https:\/\/lospoliticosveracruz.com\/","logo":{"@type":"ImageObject","inLanguage":"es","@id":"https:\/\/lospoliticosveracruz.com\/#\/schema\/logo\/image\/","url":"https:\/\/lospoliticosveracruz.com\/wp-content\/uploads\/2025\/12\/Logo-Nuevo-LOS-POLITICOS-1.jpg","contentUrl":"https:\/\/lospoliticosveracruz.com\/wp-content\/uploads\/2025\/12\/Logo-Nuevo-LOS-POLITICOS-1.jpg","width":260,"height":70,"caption":"Los pol\u00edticos Veracruz"},"image":{"@id":"https:\/\/lospoliticosveracruz.com\/#\/schema\/logo\/image\/"},"sameAs":["https:\/\/www.facebook.com\/people\/Notimemes-de-los-Polticos\/61565672886568\/","https:\/\/x.com\/LosPoliticosVer"]},{"@type":"Person","@id":"https:\/\/lospoliticosveracruz.com\/#\/schema\/person\/b8702bb0e538456e6efd07080bf2a4a2","name":"Lo viste en Los Pol\u00edticos","image":{"@type":"ImageObject","inLanguage":"es","@id":"https:\/\/secure.gravatar.com\/avatar\/3a8de04a2656d44082be478bd6c086daa447c4651605818287b9532d3d0bd435?s=96&d=mm&r=g","url":"https:\/\/secure.gravatar.com\/avatar\/3a8de04a2656d44082be478bd6c086daa447c4651605818287b9532d3d0bd435?s=96&d=mm&r=g","contentUrl":"https:\/\/secure.gravatar.com\/avatar\/3a8de04a2656d44082be478bd6c086daa447c4651605818287b9532d3d0bd435?s=96&d=mm&r=g","caption":"Lo viste en Los Pol\u00edticos"},"url":"https:\/\/lospoliticosveracruz.com\/?author=2"}]}},"_links":{"self":[{"href":"https:\/\/lospoliticosveracruz.com\/index.php?rest_route=\/wp\/v2\/posts\/75922","targetHints":{"allow":["GET"]}}],"collection":[{"href":"https:\/\/lospoliticosveracruz.com\/index.php?rest_route=\/wp\/v2\/posts"}],"about":[{"href":"https:\/\/lospoliticosveracruz.com\/index.php?rest_route=\/wp\/v2\/types\/post"}],"author":[{"embeddable":true,"href":"https:\/\/lospoliticosveracruz.com\/index.php?rest_route=\/wp\/v2\/users\/2"}],"replies":[{"embeddable":true,"href":"https:\/\/lospoliticosveracruz.com\/index.php?rest_route=%2Fwp%2Fv2%2Fcomments&post=75922"}],"version-history":[{"count":1,"href":"https:\/\/lospoliticosveracruz.com\/index.php?rest_route=\/wp\/v2\/posts\/75922\/revisions"}],"predecessor-version":[{"id":75923,"href":"https:\/\/lospoliticosveracruz.com\/index.php?rest_route=\/wp\/v2\/posts\/75922\/revisions\/75923"}],"wp:attachment":[{"href":"https:\/\/lospoliticosveracruz.com\/index.php?rest_route=%2Fwp%2Fv2%2Fmedia&parent=75922"}],"wp:term":[{"taxonomy":"category","embeddable":true,"href":"https:\/\/lospoliticosveracruz.com\/index.php?rest_route=%2Fwp%2Fv2%2Fcategories&post=75922"},{"taxonomy":"post_tag","embeddable":true,"href":"https:\/\/lospoliticosveracruz.com\/index.php?rest_route=%2Fwp%2Fv2%2Ftags&post=75922"}],"curies":[{"name":"wp","href":"https:\/\/api.w.org\/{rel}","templated":true}]}}