{"id":75967,"date":"2021-06-25T16:40:15","date_gmt":"2021-06-25T21:40:15","guid":{"rendered":"http:\/\/www.lospoliticosveracruz.com.mx\/?p=75967"},"modified":"2021-06-25T16:45:47","modified_gmt":"2021-06-25T21:45:47","slug":"el-miedo","status":"publish","type":"post","link":"https:\/\/lospoliticosveracruz.com\/?p=75967","title":{"rendered":"El miedo"},"content":{"rendered":"\n<p><strong>Teresa Carbajal<\/strong><br><em>Debo, no niego; pago, lo justo<\/em><\/p>\n\n\n\n<p><br>Una medida muy efectiva si se quiere contribuir a la protecci\u00f3n del patrimonio familiar, salud, estabilidad emocional y desde luego de la armon\u00eda de la familia es hablar del miedo y la manera de afrontarlo.<br>Durante muchos a\u00f1os se ha pensado que el Barz\u00f3n est\u00e1 integrado por deudores, pero, \u00bfqu\u00e9 pensar\u00eda si le digo, que no es as\u00ed?, y que, por el contrario, \u00e9ste est\u00e1 integrado por \u00abpagadores\u00bb. Prueba de ello resulta el impecable historial crediticio y una brillante trayectoria como cliente cumplido previa a ser declarados en cartera vencida.<\/p>\n\n\n\n<div class=\"wp-block-image\"><figure class=\"alignleft size-large\"><a href=\"http:\/\/www.lospoliticosveracruz.com.mx\/wp-content\/uploads\/2021\/06\/WhatsApp-Image-2021-06-16-at-17.12.21.jpeg\"><img decoding=\"async\" src=\"http:\/\/www.lospoliticosveracruz.com.mx\/wp-content\/uploads\/2021\/06\/WhatsApp-Image-2021-06-16-at-17.12.21.jpeg\" alt=\"\" class=\"wp-image-75531\"\/><\/a><\/figure><\/div>\n\n\n\n<p><br>Las razones por las que llegan esos pagadores de buena fe a la moratoria, son diversas, imprevistas y muchas veces inevitables, por ejemplo, el pasado a\u00f1o 2020, \u00bfqui\u00e9n hubiera imaginado con a\u00f1os de anticipaci\u00f3n que enfrentar\u00edamos una pandemia?, a cuya consecuencia perder\u00eda el empleo, disminuir\u00eda sus ingresos o sencillamente bajar\u00eda la cortina de su negocio de manera prolongada.<br>Esto, aunado a no tener respuestas certeras frente al pago de una deuda, nos lleva a tomar las peores decisiones por querer resolver en lo inmediato y precipitarse en aceptar acuerdos que sabemos de sobra son impagables en el presente o futuro inmediato.<br>Observemos, la funci\u00f3n de los despachos de cobranza es infundir temor, e incertidumbre en el deudor para que corra a aceptar un convenio; quienes reciben una demanda en su domicilio, prefieren llamar a su acreedor, ir a su despacho, rogarle una segunda oportunidad en lugar de contestar la demanda; quienes acceden a dar sus datos por tel\u00e9fono, frente a una llamada de alguien que se identifica como ejecutivo bancario alertando sobre un hecho relacionado con el robo de su dinero, obtiene su cometido, dependiendo de lo convincente y sorpresivo del mensaje; quienes despu\u00e9s de haber sido clientes bancarios \u00abpremium\u00bb a la segunda mensualidad vencida complican su situaci\u00f3n al firmar reestructuras que no son acordes a su nueva capacidad de pago; quienes desocupan sus casas de noche para entregarlas al acreedor por la buena para no exponerse a que el vecino se de cuenta que lo lanzaron de su casa por moroso; o quienes piden prestado para pagar, tapando un hoyo y destapando tres\u2026<br>Y as\u00ed, una larga cadena de ejemplos e historias de quienes se entregan a los brazos de su acreedor, derrotados, sin haber hecho siquiera el esfuerzo de luchar, lo hacen por miedo.<br>Miedo a lo que viene, al futuro, al \u00abqu\u00e9 dir\u00e1n\u00bb, al fracaso, a perder sus bienes, a volver a empezar, a andar en demandas, al sufrimiento de ellos y su familia. Y entonces, cuando hemos sido presas de ese terrible sentimiento, que nos quita el sue\u00f1o, el hambre, el color de la vida, las ganas de vivir; quedamos vulnerables a las enfermedades, los negocios quiebran, los hijos enferman, la casa se cubre de sombras y mal humor, y se piensa que ha llegado el final.<br>Y no es as\u00ed; muchos de esos finales que le ponemos a nuestra historia (los m\u00e1s fatales) tienen un 90% de posibilidades de no suceder. Son momentos en donde solo nos rescatar\u00e1 nuestra fe y una buena asesor\u00eda, para conocer cu\u00e1l es nuestra verdadera posici\u00f3n frente al acreedor, las mejores maneras de abordar la deuda, de agotar los plazos en lo que se busca una soluci\u00f3n sin exponer nuestra salud. Y tener la certeza que no debemos tener miedo, abandonar el miedo, y optar por la resistencia emocional; muchas veces es cuesti\u00f3n de estrategia y otras m\u00e1s, solo de tiempo.<br>Agradezco sus mensajes en mi cuenta de Facebook, los leo todos; y cada uno de ellos representa un motivo mas para continuar en el diario esfuerzo de orientar y hablar con claridad de los temas tab\u00fa de las deudas, las complejidades del sistema financiero mexicano, y las endebles y torpes instituciones del Estado que se supone est\u00e1n para procurarnos bienestar y protecci\u00f3n como usuarios.<br>Env\u00edo desde este espacio un c\u00e1lido saludo a mi amigo Remigio Ronz\u00f3n de Coatepec deseando pronta recuperaci\u00f3n. Y, a nombre de todos los barzonistas, env\u00edo sentidas condolencias a la familia Alc\u00e1zar, por la irreparable p\u00e9rdida de nuestro compa\u00f1ero Jorge, Descanse en Paz.<\/p>\n\n\n\n<p>Llama al 2281148502 visite www.elbarzonrc.org Contacte elbarzonrc@yahoo.com.mx, O s\u00edgame en @terecarbajal<\/p>\n","protected":false},"excerpt":{"rendered":"<p>Teresa CarbajalDebo, no niego; pago, lo justo Una medida muy efectiva si se quiere contribuir a la protecci\u00f3n del patrimonio familiar, salud, estabilidad emocional y desde luego de la armon\u00eda de la familia es hablar del miedo y la manera de afrontarlo.Durante muchos a\u00f1os se ha pensado que el Barz\u00f3n est\u00e1 integrado por deudores, pero, [&hellip;]<\/p>\n","protected":false},"author":2,"featured_media":0,"comment_status":"closed","ping_status":"closed","sticky":false,"template":"","format":"standard","meta":{"tdm_status":"","tdm_grid_status":"","footnotes":""},"categories":[70],"tags":[15550,25689,19164,16507,29050,29051,15570],"class_list":{"0":"post-75967","1":"post","2":"type-post","3":"status-publish","4":"format-standard","6":"category-de-opinion","7":"tag-barzon","8":"tag-convenio","9":"tag-despachos-de-cobranza","10":"tag-incertidumbre","11":"tag-negocio","12":"tag-remigio-ronzon","13":"tag-teresa-carbajal"},"yoast_head":"<!-- This site is optimized with the Yoast SEO plugin v27.4 - https:\/\/yoast.com\/product\/yoast-seo-wordpress\/ -->\n<title>El miedo - Los pol\u00edticos Veracruz<\/title>\n<meta name=\"robots\" content=\"index, follow, max-snippet:-1, max-image-preview:large, max-video-preview:-1\" \/>\n<link rel=\"canonical\" href=\"https:\/\/lospoliticosveracruz.com\/?p=75967\" \/>\n<meta property=\"og:locale\" content=\"es_ES\" \/>\n<meta property=\"og:type\" content=\"article\" \/>\n<meta property=\"og:title\" content=\"El miedo - Los pol\u00edticos Veracruz\" \/>\n<meta property=\"og:description\" content=\"Teresa CarbajalDebo, no niego; pago, lo justo Una medida muy efectiva si se quiere contribuir a la protecci\u00f3n del patrimonio familiar, salud, estabilidad emocional y desde luego de la armon\u00eda de la familia es hablar del miedo y la manera de afrontarlo.Durante muchos a\u00f1os se ha pensado que el Barz\u00f3n est\u00e1 integrado por deudores, pero, [&hellip;]\" \/>\n<meta property=\"og:url\" content=\"https:\/\/lospoliticosveracruz.com\/?p=75967\" \/>\n<meta property=\"og:site_name\" content=\"Los pol\u00edticos Veracruz\" \/>\n<meta property=\"article:publisher\" content=\"https:\/\/www.facebook.com\/people\/Notimemes-de-los-Polticos\/61565672886568\/\" \/>\n<meta property=\"article:published_time\" content=\"2021-06-25T21:40:15+00:00\" \/>\n<meta property=\"article:modified_time\" content=\"2021-06-25T21:45:47+00:00\" \/>\n<meta property=\"og:image\" content=\"http:\/\/www.lospoliticosveracruz.com.mx\/wp-content\/uploads\/2021\/06\/WhatsApp-Image-2021-06-16-at-17.12.21.jpeg\" \/>\n<meta name=\"author\" content=\"Lo viste en Los Pol\u00edticos\" \/>\n<meta name=\"twitter:card\" content=\"summary_large_image\" \/>\n<meta name=\"twitter:creator\" content=\"@LosPoliticosVer\" \/>\n<meta name=\"twitter:site\" content=\"@LosPoliticosVer\" \/>\n<meta name=\"twitter:label1\" content=\"Escrito por\" \/>\n\t<meta name=\"twitter:data1\" content=\"Lo viste en Los Pol\u00edticos\" \/>\n\t<meta name=\"twitter:label2\" content=\"Tiempo de lectura\" \/>\n\t<meta name=\"twitter:data2\" content=\"4 minutos\" \/>\n<script type=\"application\/ld+json\" class=\"yoast-schema-graph\">{\"@context\":\"https:\\\/\\\/schema.org\",\"@graph\":[{\"@type\":\"Article\",\"@id\":\"https:\\\/\\\/lospoliticosveracruz.com\\\/?p=75967#article\",\"isPartOf\":{\"@id\":\"https:\\\/\\\/lospoliticosveracruz.com\\\/?p=75967\"},\"author\":{\"name\":\"Lo viste en Los Pol\u00edticos\",\"@id\":\"https:\\\/\\\/lospoliticosveracruz.com\\\/#\\\/schema\\\/person\\\/b8702bb0e538456e6efd07080bf2a4a2\"},\"headline\":\"El miedo\",\"datePublished\":\"2021-06-25T21:40:15+00:00\",\"dateModified\":\"2021-06-25T21:45:47+00:00\",\"mainEntityOfPage\":{\"@id\":\"https:\\\/\\\/lospoliticosveracruz.com\\\/?p=75967\"},\"wordCount\":737,\"publisher\":{\"@id\":\"https:\\\/\\\/lospoliticosveracruz.com\\\/#organization\"},\"image\":{\"@id\":\"https:\\\/\\\/lospoliticosveracruz.com\\\/?p=75967#primaryimage\"},\"thumbnailUrl\":\"http:\\\/\\\/www.lospoliticosveracruz.com.mx\\\/wp-content\\\/uploads\\\/2021\\\/06\\\/WhatsApp-Image-2021-06-16-at-17.12.21.jpeg\",\"keywords\":[\"Barz\u00f3n\",\"Convenio\",\"despachos de cobranza\",\"incertidumbre\",\"negocio\",\"Remigio Ronz\u00f3n\",\"Teresa Carbajal\"],\"articleSection\":[\"De Opini\u00f3n\"],\"inLanguage\":\"es\"},{\"@type\":\"WebPage\",\"@id\":\"https:\\\/\\\/lospoliticosveracruz.com\\\/?p=75967\",\"url\":\"https:\\\/\\\/lospoliticosveracruz.com\\\/?p=75967\",\"name\":\"El miedo - Los pol\u00edticos Veracruz\",\"isPartOf\":{\"@id\":\"https:\\\/\\\/lospoliticosveracruz.com\\\/#website\"},\"primaryImageOfPage\":{\"@id\":\"https:\\\/\\\/lospoliticosveracruz.com\\\/?p=75967#primaryimage\"},\"image\":{\"@id\":\"https:\\\/\\\/lospoliticosveracruz.com\\\/?p=75967#primaryimage\"},\"thumbnailUrl\":\"http:\\\/\\\/www.lospoliticosveracruz.com.mx\\\/wp-content\\\/uploads\\\/2021\\\/06\\\/WhatsApp-Image-2021-06-16-at-17.12.21.jpeg\",\"datePublished\":\"2021-06-25T21:40:15+00:00\",\"dateModified\":\"2021-06-25T21:45:47+00:00\",\"breadcrumb\":{\"@id\":\"https:\\\/\\\/lospoliticosveracruz.com\\\/?p=75967#breadcrumb\"},\"inLanguage\":\"es\",\"potentialAction\":[{\"@type\":\"ReadAction\",\"target\":[\"https:\\\/\\\/lospoliticosveracruz.com\\\/?p=75967\"]}]},{\"@type\":\"ImageObject\",\"inLanguage\":\"es\",\"@id\":\"https:\\\/\\\/lospoliticosveracruz.com\\\/?p=75967#primaryimage\",\"url\":\"http:\\\/\\\/www.lospoliticosveracruz.com.mx\\\/wp-content\\\/uploads\\\/2021\\\/06\\\/WhatsApp-Image-2021-06-16-at-17.12.21.jpeg\",\"contentUrl\":\"http:\\\/\\\/www.lospoliticosveracruz.com.mx\\\/wp-content\\\/uploads\\\/2021\\\/06\\\/WhatsApp-Image-2021-06-16-at-17.12.21.jpeg\"},{\"@type\":\"BreadcrumbList\",\"@id\":\"https:\\\/\\\/lospoliticosveracruz.com\\\/?p=75967#breadcrumb\",\"itemListElement\":[{\"@type\":\"ListItem\",\"position\":1,\"name\":\"Portada\",\"item\":\"https:\\\/\\\/lospoliticosveracruz.com\\\/\"},{\"@type\":\"ListItem\",\"position\":2,\"name\":\"El miedo\"}]},{\"@type\":\"WebSite\",\"@id\":\"https:\\\/\\\/lospoliticosveracruz.com\\\/#website\",\"url\":\"https:\\\/\\\/lospoliticosveracruz.com\\\/\",\"name\":\"Los pol\u00edticos Veracruz\",\"description\":\"\",\"publisher\":{\"@id\":\"https:\\\/\\\/lospoliticosveracruz.com\\\/#organization\"},\"potentialAction\":[{\"@type\":\"SearchAction\",\"target\":{\"@type\":\"EntryPoint\",\"urlTemplate\":\"https:\\\/\\\/lospoliticosveracruz.com\\\/?s={search_term_string}\"},\"query-input\":{\"@type\":\"PropertyValueSpecification\",\"valueRequired\":true,\"valueName\":\"search_term_string\"}}],\"inLanguage\":\"es\"},{\"@type\":\"Organization\",\"@id\":\"https:\\\/\\\/lospoliticosveracruz.com\\\/#organization\",\"name\":\"Los pol\u00edticos Veracruz\",\"url\":\"https:\\\/\\\/lospoliticosveracruz.com\\\/\",\"logo\":{\"@type\":\"ImageObject\",\"inLanguage\":\"es\",\"@id\":\"https:\\\/\\\/lospoliticosveracruz.com\\\/#\\\/schema\\\/logo\\\/image\\\/\",\"url\":\"https:\\\/\\\/lospoliticosveracruz.com\\\/wp-content\\\/uploads\\\/2025\\\/12\\\/Logo-Nuevo-LOS-POLITICOS-1.jpg\",\"contentUrl\":\"https:\\\/\\\/lospoliticosveracruz.com\\\/wp-content\\\/uploads\\\/2025\\\/12\\\/Logo-Nuevo-LOS-POLITICOS-1.jpg\",\"width\":260,\"height\":70,\"caption\":\"Los pol\u00edticos Veracruz\"},\"image\":{\"@id\":\"https:\\\/\\\/lospoliticosveracruz.com\\\/#\\\/schema\\\/logo\\\/image\\\/\"},\"sameAs\":[\"https:\\\/\\\/www.facebook.com\\\/people\\\/Notimemes-de-los-Polticos\\\/61565672886568\\\/\",\"https:\\\/\\\/x.com\\\/LosPoliticosVer\"]},{\"@type\":\"Person\",\"@id\":\"https:\\\/\\\/lospoliticosveracruz.com\\\/#\\\/schema\\\/person\\\/b8702bb0e538456e6efd07080bf2a4a2\",\"name\":\"Lo viste en Los Pol\u00edticos\",\"image\":{\"@type\":\"ImageObject\",\"inLanguage\":\"es\",\"@id\":\"https:\\\/\\\/secure.gravatar.com\\\/avatar\\\/3a8de04a2656d44082be478bd6c086daa447c4651605818287b9532d3d0bd435?s=96&d=mm&r=g\",\"url\":\"https:\\\/\\\/secure.gravatar.com\\\/avatar\\\/3a8de04a2656d44082be478bd6c086daa447c4651605818287b9532d3d0bd435?s=96&d=mm&r=g\",\"contentUrl\":\"https:\\\/\\\/secure.gravatar.com\\\/avatar\\\/3a8de04a2656d44082be478bd6c086daa447c4651605818287b9532d3d0bd435?s=96&d=mm&r=g\",\"caption\":\"Lo viste en Los Pol\u00edticos\"},\"url\":\"https:\\\/\\\/lospoliticosveracruz.com\\\/?author=2\"}]}<\/script>\n<!-- \/ Yoast SEO plugin. -->","yoast_head_json":{"title":"El miedo - Los pol\u00edticos Veracruz","robots":{"index":"index","follow":"follow","max-snippet":"max-snippet:-1","max-image-preview":"max-image-preview:large","max-video-preview":"max-video-preview:-1"},"canonical":"https:\/\/lospoliticosveracruz.com\/?p=75967","og_locale":"es_ES","og_type":"article","og_title":"El miedo - Los pol\u00edticos Veracruz","og_description":"Teresa CarbajalDebo, no niego; pago, lo justo Una medida muy efectiva si se quiere contribuir a la protecci\u00f3n del patrimonio familiar, salud, estabilidad emocional y desde luego de la armon\u00eda de la familia es hablar del miedo y la manera de afrontarlo.Durante muchos a\u00f1os se ha pensado que el Barz\u00f3n est\u00e1 integrado por deudores, pero, [&hellip;]","og_url":"https:\/\/lospoliticosveracruz.com\/?p=75967","og_site_name":"Los pol\u00edticos Veracruz","article_publisher":"https:\/\/www.facebook.com\/people\/Notimemes-de-los-Polticos\/61565672886568\/","article_published_time":"2021-06-25T21:40:15+00:00","article_modified_time":"2021-06-25T21:45:47+00:00","og_image":[{"url":"http:\/\/www.lospoliticosveracruz.com.mx\/wp-content\/uploads\/2021\/06\/WhatsApp-Image-2021-06-16-at-17.12.21.jpeg","type":"","width":"","height":""}],"author":"Lo viste en Los Pol\u00edticos","twitter_card":"summary_large_image","twitter_creator":"@LosPoliticosVer","twitter_site":"@LosPoliticosVer","twitter_misc":{"Escrito por":"Lo viste en Los Pol\u00edticos","Tiempo de lectura":"4 minutos"},"schema":{"@context":"https:\/\/schema.org","@graph":[{"@type":"Article","@id":"https:\/\/lospoliticosveracruz.com\/?p=75967#article","isPartOf":{"@id":"https:\/\/lospoliticosveracruz.com\/?p=75967"},"author":{"name":"Lo viste en Los Pol\u00edticos","@id":"https:\/\/lospoliticosveracruz.com\/#\/schema\/person\/b8702bb0e538456e6efd07080bf2a4a2"},"headline":"El miedo","datePublished":"2021-06-25T21:40:15+00:00","dateModified":"2021-06-25T21:45:47+00:00","mainEntityOfPage":{"@id":"https:\/\/lospoliticosveracruz.com\/?p=75967"},"wordCount":737,"publisher":{"@id":"https:\/\/lospoliticosveracruz.com\/#organization"},"image":{"@id":"https:\/\/lospoliticosveracruz.com\/?p=75967#primaryimage"},"thumbnailUrl":"http:\/\/www.lospoliticosveracruz.com.mx\/wp-content\/uploads\/2021\/06\/WhatsApp-Image-2021-06-16-at-17.12.21.jpeg","keywords":["Barz\u00f3n","Convenio","despachos de cobranza","incertidumbre","negocio","Remigio Ronz\u00f3n","Teresa Carbajal"],"articleSection":["De Opini\u00f3n"],"inLanguage":"es"},{"@type":"WebPage","@id":"https:\/\/lospoliticosveracruz.com\/?p=75967","url":"https:\/\/lospoliticosveracruz.com\/?p=75967","name":"El miedo - Los pol\u00edticos Veracruz","isPartOf":{"@id":"https:\/\/lospoliticosveracruz.com\/#website"},"primaryImageOfPage":{"@id":"https:\/\/lospoliticosveracruz.com\/?p=75967#primaryimage"},"image":{"@id":"https:\/\/lospoliticosveracruz.com\/?p=75967#primaryimage"},"thumbnailUrl":"http:\/\/www.lospoliticosveracruz.com.mx\/wp-content\/uploads\/2021\/06\/WhatsApp-Image-2021-06-16-at-17.12.21.jpeg","datePublished":"2021-06-25T21:40:15+00:00","dateModified":"2021-06-25T21:45:47+00:00","breadcrumb":{"@id":"https:\/\/lospoliticosveracruz.com\/?p=75967#breadcrumb"},"inLanguage":"es","potentialAction":[{"@type":"ReadAction","target":["https:\/\/lospoliticosveracruz.com\/?p=75967"]}]},{"@type":"ImageObject","inLanguage":"es","@id":"https:\/\/lospoliticosveracruz.com\/?p=75967#primaryimage","url":"http:\/\/www.lospoliticosveracruz.com.mx\/wp-content\/uploads\/2021\/06\/WhatsApp-Image-2021-06-16-at-17.12.21.jpeg","contentUrl":"http:\/\/www.lospoliticosveracruz.com.mx\/wp-content\/uploads\/2021\/06\/WhatsApp-Image-2021-06-16-at-17.12.21.jpeg"},{"@type":"BreadcrumbList","@id":"https:\/\/lospoliticosveracruz.com\/?p=75967#breadcrumb","itemListElement":[{"@type":"ListItem","position":1,"name":"Portada","item":"https:\/\/lospoliticosveracruz.com\/"},{"@type":"ListItem","position":2,"name":"El miedo"}]},{"@type":"WebSite","@id":"https:\/\/lospoliticosveracruz.com\/#website","url":"https:\/\/lospoliticosveracruz.com\/","name":"Los pol\u00edticos Veracruz","description":"","publisher":{"@id":"https:\/\/lospoliticosveracruz.com\/#organization"},"potentialAction":[{"@type":"SearchAction","target":{"@type":"EntryPoint","urlTemplate":"https:\/\/lospoliticosveracruz.com\/?s={search_term_string}"},"query-input":{"@type":"PropertyValueSpecification","valueRequired":true,"valueName":"search_term_string"}}],"inLanguage":"es"},{"@type":"Organization","@id":"https:\/\/lospoliticosveracruz.com\/#organization","name":"Los pol\u00edticos Veracruz","url":"https:\/\/lospoliticosveracruz.com\/","logo":{"@type":"ImageObject","inLanguage":"es","@id":"https:\/\/lospoliticosveracruz.com\/#\/schema\/logo\/image\/","url":"https:\/\/lospoliticosveracruz.com\/wp-content\/uploads\/2025\/12\/Logo-Nuevo-LOS-POLITICOS-1.jpg","contentUrl":"https:\/\/lospoliticosveracruz.com\/wp-content\/uploads\/2025\/12\/Logo-Nuevo-LOS-POLITICOS-1.jpg","width":260,"height":70,"caption":"Los pol\u00edticos Veracruz"},"image":{"@id":"https:\/\/lospoliticosveracruz.com\/#\/schema\/logo\/image\/"},"sameAs":["https:\/\/www.facebook.com\/people\/Notimemes-de-los-Polticos\/61565672886568\/","https:\/\/x.com\/LosPoliticosVer"]},{"@type":"Person","@id":"https:\/\/lospoliticosveracruz.com\/#\/schema\/person\/b8702bb0e538456e6efd07080bf2a4a2","name":"Lo viste en Los Pol\u00edticos","image":{"@type":"ImageObject","inLanguage":"es","@id":"https:\/\/secure.gravatar.com\/avatar\/3a8de04a2656d44082be478bd6c086daa447c4651605818287b9532d3d0bd435?s=96&d=mm&r=g","url":"https:\/\/secure.gravatar.com\/avatar\/3a8de04a2656d44082be478bd6c086daa447c4651605818287b9532d3d0bd435?s=96&d=mm&r=g","contentUrl":"https:\/\/secure.gravatar.com\/avatar\/3a8de04a2656d44082be478bd6c086daa447c4651605818287b9532d3d0bd435?s=96&d=mm&r=g","caption":"Lo viste en Los Pol\u00edticos"},"url":"https:\/\/lospoliticosveracruz.com\/?author=2"}]}},"_links":{"self":[{"href":"https:\/\/lospoliticosveracruz.com\/index.php?rest_route=\/wp\/v2\/posts\/75967","targetHints":{"allow":["GET"]}}],"collection":[{"href":"https:\/\/lospoliticosveracruz.com\/index.php?rest_route=\/wp\/v2\/posts"}],"about":[{"href":"https:\/\/lospoliticosveracruz.com\/index.php?rest_route=\/wp\/v2\/types\/post"}],"author":[{"embeddable":true,"href":"https:\/\/lospoliticosveracruz.com\/index.php?rest_route=\/wp\/v2\/users\/2"}],"replies":[{"embeddable":true,"href":"https:\/\/lospoliticosveracruz.com\/index.php?rest_route=%2Fwp%2Fv2%2Fcomments&post=75967"}],"version-history":[{"count":2,"href":"https:\/\/lospoliticosveracruz.com\/index.php?rest_route=\/wp\/v2\/posts\/75967\/revisions"}],"predecessor-version":[{"id":75970,"href":"https:\/\/lospoliticosveracruz.com\/index.php?rest_route=\/wp\/v2\/posts\/75967\/revisions\/75970"}],"wp:attachment":[{"href":"https:\/\/lospoliticosveracruz.com\/index.php?rest_route=%2Fwp%2Fv2%2Fmedia&parent=75967"}],"wp:term":[{"taxonomy":"category","embeddable":true,"href":"https:\/\/lospoliticosveracruz.com\/index.php?rest_route=%2Fwp%2Fv2%2Fcategories&post=75967"},{"taxonomy":"post_tag","embeddable":true,"href":"https:\/\/lospoliticosveracruz.com\/index.php?rest_route=%2Fwp%2Fv2%2Ftags&post=75967"}],"curies":[{"name":"wp","href":"https:\/\/api.w.org\/{rel}","templated":true}]}}