{"id":75998,"date":"2021-06-26T12:51:49","date_gmt":"2021-06-26T17:51:49","guid":{"rendered":"http:\/\/www.lospoliticosveracruz.com.mx\/?p=75998"},"modified":"2021-06-26T12:51:52","modified_gmt":"2021-06-26T17:51:52","slug":"micha-y-micha-en-morena","status":"publish","type":"post","link":"https:\/\/lospoliticosveracruz.com\/?p=75998","title":{"rendered":"Micha y micha en Morena!"},"content":{"rendered":"\n<p><\/p>\n\n\n\n<p><strong>Xalapa<\/strong><br>Con 13 candidatas electas para diputaciones federales y 12 para diputaciones locales, el Movimiento de Regeneraci\u00f3n Nacional (Morena) volvi\u00f3 a hacer historia al impulsar la equidad de g\u00e9nero en el Congreso federal y el Congreso local, afirm\u00f3 Esteban Ram\u00edrez Zepeta, delegado estatal del partido en Veracruz.<\/p>\n\n\n\n<p>\u201cTodas son compa\u00f1eras muy capaces por todas las acciones que han hecho, acad\u00e9micas, pol\u00edticas, personales y sociales\u201d, expres\u00f3 al respecto el delegado estatal. Se\u00f1al\u00f3 que de las 18 diputaciones federales obtenidas por Morena y la coalici\u00f3n Juntos Haremos Historia, 13 son encabezadas por mujeres; mientras que de las 26 diputaciones locales conseguidas, 12 est\u00e1n representadas por mujeres.<br>Mencion\u00f3 que lo anterior es resultado de la composici\u00f3n de las candidaturas de Morena y de la coalici\u00f3n, integrada tambi\u00e9n por el Partido Verde Ecologista de M\u00e9xico y el Partido del Trabajo. Por ejemplo, en el caso de las candidaturas a las diputaciones locales, en 17 de los 30 distritos se propuso a mujeres y de ellas m\u00e1s de la mitad consigui\u00f3 el triunfo.<br>\u201cCuando nosotros propusimos nuestras candidaturas eran m\u00e1s candidatas que candidatos. Demostramos que no solamente era una cuesti\u00f3n obligatoria impulsar a las mujeres en la pol\u00edtica, sino que debemos nosotros apoyar eso por lo que las compa\u00f1eras han luchado\u201d, expres\u00f3 el dirigente estatal.<br>Esteban Ram\u00edrez record\u00f3 que en 2018 la amplia participaci\u00f3n de mujeres en las candidaturas de Morena favoreci\u00f3 que el Congreso federal fuera la primera legislatura con paridad de g\u00e9nero en la historia del pa\u00eds. A\u00f1adi\u00f3 que esto tambi\u00e9n fue hist\u00f3rico en el Congreso del Estado de Veracruz.<br>Asegur\u00f3 que contribuir nuevamente a que la paridad de g\u00e9nero exista en San L\u00e1zaro y en el Congreso veracruzano \u201cva m\u00e1s all\u00e1 de una cuesti\u00f3n de oportunidades y de contexto pol\u00edtico, sino que va a transformar el entorno y comportamiento de cada municipio y cada distrito\u201d.<br>Asimismo, manifest\u00f3 que \u201ca\u00fan falta mucho, pero no solamente por obligaci\u00f3n sino por principios del movimiento, hay que darle todo el apoyo y respaldo a las compa\u00f1eras para que sean activas en la vida p\u00fablica y pol\u00edtica del estado y del pa\u00eds y en cada municipio\u201d.<\/p>\n","protected":false},"excerpt":{"rendered":"<p>XalapaCon 13 candidatas electas para diputaciones federales y 12 para diputaciones locales, el Movimiento de Regeneraci\u00f3n Nacional (Morena) volvi\u00f3 a hacer historia al impulsar la equidad de g\u00e9nero en el Congreso federal y el Congreso local, afirm\u00f3 Esteban Ram\u00edrez Zepeta, delegado estatal del partido en Veracruz. \u201cTodas son compa\u00f1eras muy capaces por todas las acciones [&hellip;]<\/p>\n","protected":false},"author":2,"featured_media":0,"comment_status":"closed","ping_status":"closed","sticky":false,"template":"","format":"standard","meta":{"tdm_status":"","tdm_grid_status":"","footnotes":""},"categories":[73],"tags":[24979,17053,259,1026],"class_list":{"0":"post-75998","1":"post","2":"type-post","3":"status-publish","4":"format-standard","6":"category-de-boleto","7":"tag-candidaturas-de-morena","8":"tag-esteban-ramirez-zepeta","9":"tag-legislatura","10":"tag-morena"},"yoast_head":"<!-- This site is optimized with the Yoast SEO plugin v27.4 - https:\/\/yoast.com\/product\/yoast-seo-wordpress\/ -->\n<title>Micha y micha en Morena! - Los pol\u00edticos Veracruz<\/title>\n<meta name=\"robots\" content=\"index, follow, max-snippet:-1, max-image-preview:large, max-video-preview:-1\" \/>\n<link rel=\"canonical\" href=\"https:\/\/lospoliticosveracruz.com\/?p=75998\" \/>\n<meta property=\"og:locale\" content=\"es_ES\" \/>\n<meta property=\"og:type\" content=\"article\" \/>\n<meta property=\"og:title\" content=\"Micha y micha en Morena! - Los pol\u00edticos Veracruz\" \/>\n<meta property=\"og:description\" content=\"XalapaCon 13 candidatas electas para diputaciones federales y 12 para diputaciones locales, el Movimiento de Regeneraci\u00f3n Nacional (Morena) volvi\u00f3 a hacer historia al impulsar la equidad de g\u00e9nero en el Congreso federal y el Congreso local, afirm\u00f3 Esteban Ram\u00edrez Zepeta, delegado estatal del partido en Veracruz. \u201cTodas son compa\u00f1eras muy capaces por todas las acciones [&hellip;]\" \/>\n<meta property=\"og:url\" content=\"https:\/\/lospoliticosveracruz.com\/?p=75998\" \/>\n<meta property=\"og:site_name\" content=\"Los pol\u00edticos Veracruz\" \/>\n<meta property=\"article:publisher\" content=\"https:\/\/www.facebook.com\/people\/Notimemes-de-los-Polticos\/61565672886568\/\" \/>\n<meta property=\"article:published_time\" content=\"2021-06-26T17:51:49+00:00\" \/>\n<meta property=\"article:modified_time\" content=\"2021-06-26T17:51:52+00:00\" \/>\n<meta property=\"og:image\" content=\"https:\/\/lospoliticosveracruz.com\/wp-content\/uploads\/2016\/07\/Logo-Dor.jpg\" \/>\n\t<meta property=\"og:image:width\" content=\"200\" \/>\n\t<meta property=\"og:image:height\" content=\"200\" \/>\n\t<meta property=\"og:image:type\" content=\"image\/jpeg\" \/>\n<meta name=\"author\" content=\"Lo viste en Los Pol\u00edticos\" \/>\n<meta name=\"twitter:card\" content=\"summary_large_image\" \/>\n<meta name=\"twitter:creator\" content=\"@LosPoliticosVer\" \/>\n<meta name=\"twitter:site\" content=\"@LosPoliticosVer\" \/>\n<meta name=\"twitter:label1\" content=\"Escrito por\" \/>\n\t<meta name=\"twitter:data1\" content=\"Lo viste en Los Pol\u00edticos\" \/>\n\t<meta name=\"twitter:label2\" content=\"Tiempo de lectura\" \/>\n\t<meta name=\"twitter:data2\" content=\"2 minutos\" \/>\n<script type=\"application\/ld+json\" class=\"yoast-schema-graph\">{\"@context\":\"https:\\\/\\\/schema.org\",\"@graph\":[{\"@type\":\"Article\",\"@id\":\"https:\\\/\\\/lospoliticosveracruz.com\\\/?p=75998#article\",\"isPartOf\":{\"@id\":\"https:\\\/\\\/lospoliticosveracruz.com\\\/?p=75998\"},\"author\":{\"name\":\"Lo viste en Los Pol\u00edticos\",\"@id\":\"https:\\\/\\\/lospoliticosveracruz.com\\\/#\\\/schema\\\/person\\\/b8702bb0e538456e6efd07080bf2a4a2\"},\"headline\":\"Micha y micha en Morena!\",\"datePublished\":\"2021-06-26T17:51:49+00:00\",\"dateModified\":\"2021-06-26T17:51:52+00:00\",\"mainEntityOfPage\":{\"@id\":\"https:\\\/\\\/lospoliticosveracruz.com\\\/?p=75998\"},\"wordCount\":381,\"publisher\":{\"@id\":\"https:\\\/\\\/lospoliticosveracruz.com\\\/#organization\"},\"keywords\":[\"Candidaturas de Morena\",\"Esteban Ram\u00edrez Zepeta\",\"Legislatura\",\"Morena\"],\"articleSection\":[\"De Boleto\"],\"inLanguage\":\"es\"},{\"@type\":\"WebPage\",\"@id\":\"https:\\\/\\\/lospoliticosveracruz.com\\\/?p=75998\",\"url\":\"https:\\\/\\\/lospoliticosveracruz.com\\\/?p=75998\",\"name\":\"Micha y micha en Morena! - Los pol\u00edticos Veracruz\",\"isPartOf\":{\"@id\":\"https:\\\/\\\/lospoliticosveracruz.com\\\/#website\"},\"datePublished\":\"2021-06-26T17:51:49+00:00\",\"dateModified\":\"2021-06-26T17:51:52+00:00\",\"breadcrumb\":{\"@id\":\"https:\\\/\\\/lospoliticosveracruz.com\\\/?p=75998#breadcrumb\"},\"inLanguage\":\"es\",\"potentialAction\":[{\"@type\":\"ReadAction\",\"target\":[\"https:\\\/\\\/lospoliticosveracruz.com\\\/?p=75998\"]}]},{\"@type\":\"BreadcrumbList\",\"@id\":\"https:\\\/\\\/lospoliticosveracruz.com\\\/?p=75998#breadcrumb\",\"itemListElement\":[{\"@type\":\"ListItem\",\"position\":1,\"name\":\"Portada\",\"item\":\"https:\\\/\\\/lospoliticosveracruz.com\\\/\"},{\"@type\":\"ListItem\",\"position\":2,\"name\":\"Micha y micha en Morena!\"}]},{\"@type\":\"WebSite\",\"@id\":\"https:\\\/\\\/lospoliticosveracruz.com\\\/#website\",\"url\":\"https:\\\/\\\/lospoliticosveracruz.com\\\/\",\"name\":\"Los pol\u00edticos Veracruz\",\"description\":\"\",\"publisher\":{\"@id\":\"https:\\\/\\\/lospoliticosveracruz.com\\\/#organization\"},\"potentialAction\":[{\"@type\":\"SearchAction\",\"target\":{\"@type\":\"EntryPoint\",\"urlTemplate\":\"https:\\\/\\\/lospoliticosveracruz.com\\\/?s={search_term_string}\"},\"query-input\":{\"@type\":\"PropertyValueSpecification\",\"valueRequired\":true,\"valueName\":\"search_term_string\"}}],\"inLanguage\":\"es\"},{\"@type\":\"Organization\",\"@id\":\"https:\\\/\\\/lospoliticosveracruz.com\\\/#organization\",\"name\":\"Los pol\u00edticos Veracruz\",\"url\":\"https:\\\/\\\/lospoliticosveracruz.com\\\/\",\"logo\":{\"@type\":\"ImageObject\",\"inLanguage\":\"es\",\"@id\":\"https:\\\/\\\/lospoliticosveracruz.com\\\/#\\\/schema\\\/logo\\\/image\\\/\",\"url\":\"https:\\\/\\\/lospoliticosveracruz.com\\\/wp-content\\\/uploads\\\/2025\\\/12\\\/Logo-Nuevo-LOS-POLITICOS-1.jpg\",\"contentUrl\":\"https:\\\/\\\/lospoliticosveracruz.com\\\/wp-content\\\/uploads\\\/2025\\\/12\\\/Logo-Nuevo-LOS-POLITICOS-1.jpg\",\"width\":260,\"height\":70,\"caption\":\"Los pol\u00edticos Veracruz\"},\"image\":{\"@id\":\"https:\\\/\\\/lospoliticosveracruz.com\\\/#\\\/schema\\\/logo\\\/image\\\/\"},\"sameAs\":[\"https:\\\/\\\/www.facebook.com\\\/people\\\/Notimemes-de-los-Polticos\\\/61565672886568\\\/\",\"https:\\\/\\\/x.com\\\/LosPoliticosVer\"]},{\"@type\":\"Person\",\"@id\":\"https:\\\/\\\/lospoliticosveracruz.com\\\/#\\\/schema\\\/person\\\/b8702bb0e538456e6efd07080bf2a4a2\",\"name\":\"Lo viste en Los Pol\u00edticos\",\"image\":{\"@type\":\"ImageObject\",\"inLanguage\":\"es\",\"@id\":\"https:\\\/\\\/secure.gravatar.com\\\/avatar\\\/3a8de04a2656d44082be478bd6c086daa447c4651605818287b9532d3d0bd435?s=96&d=mm&r=g\",\"url\":\"https:\\\/\\\/secure.gravatar.com\\\/avatar\\\/3a8de04a2656d44082be478bd6c086daa447c4651605818287b9532d3d0bd435?s=96&d=mm&r=g\",\"contentUrl\":\"https:\\\/\\\/secure.gravatar.com\\\/avatar\\\/3a8de04a2656d44082be478bd6c086daa447c4651605818287b9532d3d0bd435?s=96&d=mm&r=g\",\"caption\":\"Lo viste en Los Pol\u00edticos\"},\"url\":\"https:\\\/\\\/lospoliticosveracruz.com\\\/?author=2\"}]}<\/script>\n<!-- \/ Yoast SEO plugin. -->","yoast_head_json":{"title":"Micha y micha en Morena! - Los pol\u00edticos Veracruz","robots":{"index":"index","follow":"follow","max-snippet":"max-snippet:-1","max-image-preview":"max-image-preview:large","max-video-preview":"max-video-preview:-1"},"canonical":"https:\/\/lospoliticosveracruz.com\/?p=75998","og_locale":"es_ES","og_type":"article","og_title":"Micha y micha en Morena! - Los pol\u00edticos Veracruz","og_description":"XalapaCon 13 candidatas electas para diputaciones federales y 12 para diputaciones locales, el Movimiento de Regeneraci\u00f3n Nacional (Morena) volvi\u00f3 a hacer historia al impulsar la equidad de g\u00e9nero en el Congreso federal y el Congreso local, afirm\u00f3 Esteban Ram\u00edrez Zepeta, delegado estatal del partido en Veracruz. \u201cTodas son compa\u00f1eras muy capaces por todas las acciones [&hellip;]","og_url":"https:\/\/lospoliticosveracruz.com\/?p=75998","og_site_name":"Los pol\u00edticos Veracruz","article_publisher":"https:\/\/www.facebook.com\/people\/Notimemes-de-los-Polticos\/61565672886568\/","article_published_time":"2021-06-26T17:51:49+00:00","article_modified_time":"2021-06-26T17:51:52+00:00","og_image":[{"width":200,"height":200,"url":"https:\/\/lospoliticosveracruz.com\/wp-content\/uploads\/2016\/07\/Logo-Dor.jpg","type":"image\/jpeg"}],"author":"Lo viste en Los Pol\u00edticos","twitter_card":"summary_large_image","twitter_creator":"@LosPoliticosVer","twitter_site":"@LosPoliticosVer","twitter_misc":{"Escrito por":"Lo viste en Los Pol\u00edticos","Tiempo de lectura":"2 minutos"},"schema":{"@context":"https:\/\/schema.org","@graph":[{"@type":"Article","@id":"https:\/\/lospoliticosveracruz.com\/?p=75998#article","isPartOf":{"@id":"https:\/\/lospoliticosveracruz.com\/?p=75998"},"author":{"name":"Lo viste en Los Pol\u00edticos","@id":"https:\/\/lospoliticosveracruz.com\/#\/schema\/person\/b8702bb0e538456e6efd07080bf2a4a2"},"headline":"Micha y micha en Morena!","datePublished":"2021-06-26T17:51:49+00:00","dateModified":"2021-06-26T17:51:52+00:00","mainEntityOfPage":{"@id":"https:\/\/lospoliticosveracruz.com\/?p=75998"},"wordCount":381,"publisher":{"@id":"https:\/\/lospoliticosveracruz.com\/#organization"},"keywords":["Candidaturas de Morena","Esteban Ram\u00edrez Zepeta","Legislatura","Morena"],"articleSection":["De Boleto"],"inLanguage":"es"},{"@type":"WebPage","@id":"https:\/\/lospoliticosveracruz.com\/?p=75998","url":"https:\/\/lospoliticosveracruz.com\/?p=75998","name":"Micha y micha en Morena! - Los pol\u00edticos Veracruz","isPartOf":{"@id":"https:\/\/lospoliticosveracruz.com\/#website"},"datePublished":"2021-06-26T17:51:49+00:00","dateModified":"2021-06-26T17:51:52+00:00","breadcrumb":{"@id":"https:\/\/lospoliticosveracruz.com\/?p=75998#breadcrumb"},"inLanguage":"es","potentialAction":[{"@type":"ReadAction","target":["https:\/\/lospoliticosveracruz.com\/?p=75998"]}]},{"@type":"BreadcrumbList","@id":"https:\/\/lospoliticosveracruz.com\/?p=75998#breadcrumb","itemListElement":[{"@type":"ListItem","position":1,"name":"Portada","item":"https:\/\/lospoliticosveracruz.com\/"},{"@type":"ListItem","position":2,"name":"Micha y micha en Morena!"}]},{"@type":"WebSite","@id":"https:\/\/lospoliticosveracruz.com\/#website","url":"https:\/\/lospoliticosveracruz.com\/","name":"Los pol\u00edticos Veracruz","description":"","publisher":{"@id":"https:\/\/lospoliticosveracruz.com\/#organization"},"potentialAction":[{"@type":"SearchAction","target":{"@type":"EntryPoint","urlTemplate":"https:\/\/lospoliticosveracruz.com\/?s={search_term_string}"},"query-input":{"@type":"PropertyValueSpecification","valueRequired":true,"valueName":"search_term_string"}}],"inLanguage":"es"},{"@type":"Organization","@id":"https:\/\/lospoliticosveracruz.com\/#organization","name":"Los pol\u00edticos Veracruz","url":"https:\/\/lospoliticosveracruz.com\/","logo":{"@type":"ImageObject","inLanguage":"es","@id":"https:\/\/lospoliticosveracruz.com\/#\/schema\/logo\/image\/","url":"https:\/\/lospoliticosveracruz.com\/wp-content\/uploads\/2025\/12\/Logo-Nuevo-LOS-POLITICOS-1.jpg","contentUrl":"https:\/\/lospoliticosveracruz.com\/wp-content\/uploads\/2025\/12\/Logo-Nuevo-LOS-POLITICOS-1.jpg","width":260,"height":70,"caption":"Los pol\u00edticos Veracruz"},"image":{"@id":"https:\/\/lospoliticosveracruz.com\/#\/schema\/logo\/image\/"},"sameAs":["https:\/\/www.facebook.com\/people\/Notimemes-de-los-Polticos\/61565672886568\/","https:\/\/x.com\/LosPoliticosVer"]},{"@type":"Person","@id":"https:\/\/lospoliticosveracruz.com\/#\/schema\/person\/b8702bb0e538456e6efd07080bf2a4a2","name":"Lo viste en Los Pol\u00edticos","image":{"@type":"ImageObject","inLanguage":"es","@id":"https:\/\/secure.gravatar.com\/avatar\/3a8de04a2656d44082be478bd6c086daa447c4651605818287b9532d3d0bd435?s=96&d=mm&r=g","url":"https:\/\/secure.gravatar.com\/avatar\/3a8de04a2656d44082be478bd6c086daa447c4651605818287b9532d3d0bd435?s=96&d=mm&r=g","contentUrl":"https:\/\/secure.gravatar.com\/avatar\/3a8de04a2656d44082be478bd6c086daa447c4651605818287b9532d3d0bd435?s=96&d=mm&r=g","caption":"Lo viste en Los Pol\u00edticos"},"url":"https:\/\/lospoliticosveracruz.com\/?author=2"}]}},"_links":{"self":[{"href":"https:\/\/lospoliticosveracruz.com\/index.php?rest_route=\/wp\/v2\/posts\/75998","targetHints":{"allow":["GET"]}}],"collection":[{"href":"https:\/\/lospoliticosveracruz.com\/index.php?rest_route=\/wp\/v2\/posts"}],"about":[{"href":"https:\/\/lospoliticosveracruz.com\/index.php?rest_route=\/wp\/v2\/types\/post"}],"author":[{"embeddable":true,"href":"https:\/\/lospoliticosveracruz.com\/index.php?rest_route=\/wp\/v2\/users\/2"}],"replies":[{"embeddable":true,"href":"https:\/\/lospoliticosveracruz.com\/index.php?rest_route=%2Fwp%2Fv2%2Fcomments&post=75998"}],"version-history":[{"count":1,"href":"https:\/\/lospoliticosveracruz.com\/index.php?rest_route=\/wp\/v2\/posts\/75998\/revisions"}],"predecessor-version":[{"id":76000,"href":"https:\/\/lospoliticosveracruz.com\/index.php?rest_route=\/wp\/v2\/posts\/75998\/revisions\/76000"}],"wp:attachment":[{"href":"https:\/\/lospoliticosveracruz.com\/index.php?rest_route=%2Fwp%2Fv2%2Fmedia&parent=75998"}],"wp:term":[{"taxonomy":"category","embeddable":true,"href":"https:\/\/lospoliticosveracruz.com\/index.php?rest_route=%2Fwp%2Fv2%2Fcategories&post=75998"},{"taxonomy":"post_tag","embeddable":true,"href":"https:\/\/lospoliticosveracruz.com\/index.php?rest_route=%2Fwp%2Fv2%2Ftags&post=75998"}],"curies":[{"name":"wp","href":"https:\/\/api.w.org\/{rel}","templated":true}]}}