{"id":76115,"date":"2021-06-29T16:11:26","date_gmt":"2021-06-29T21:11:26","guid":{"rendered":"http:\/\/www.lospoliticosveracruz.com.mx\/?p=76115"},"modified":"2021-06-29T18:52:35","modified_gmt":"2021-06-29T23:52:35","slug":"los-ninos-con-cancer-golpistas-al-gobierno","status":"publish","type":"post","link":"https:\/\/lospoliticosveracruz.com\/?p=76115","title":{"rendered":"Los ni\u00f1os con c\u00e1ncer golpistas al gobierno"},"content":{"rendered":"\n<p><\/p>\n\n\n\n<p><br><strong>Valeria Marcial<\/strong><br><em>Matices Pol\u00edticos<\/em><\/p>\n\n\n\n<p><br>La pol\u00edtica para algunos, es el arte de inventar resultados sin dar resultados; nada comprobable, tangible pero lleno de ilusiones y esperanzas. Sobre todo para los m\u00e1s vulnerables y necesitados.<br>As\u00ed es el caso de los ni\u00f1os con c\u00e1ncer y sus familias, seguro usted ya escuch\u00f3 referencia alguna y sobre todo cr\u00edticas contra el Subsecretario de Salud del Gobierno Federal Hugo L\u00f3pez Gatell, quien en un momento tan frecuente, com\u00fan y repetitivo como lo son sus desafortunadas declaraciones, err\u00f3 al se\u00f1alar que el caso de las familias que se manifiestan, se trata de un asunto de un intento de \u201cgolpe de estado\u201d. Debe renunciar y desde luego ofrecer una disculpa p\u00fablica a las familias y sobre todo a los ni\u00f1os mexicanos.<\/p>\n\n\n\n<div class=\"wp-block-image\"><figure class=\"alignleft size-large is-resized\"><a href=\"http:\/\/www.lospoliticosveracruz.com.mx\/wp-content\/uploads\/2021\/06\/Musicos.png\"><img loading=\"lazy\" decoding=\"async\" src=\"http:\/\/www.lospoliticosveracruz.com.mx\/wp-content\/uploads\/2021\/06\/Musicos.png\" alt=\"\" class=\"wp-image-76033\" width=\"389\" height=\"233\"\/><\/a><\/figure><\/div>\n\n\n\n<p><br>Sin duda, nada m\u00e1s absurdo, ofensivo, mezquino y ruin que referirse as\u00ed a las familias de los pacientes con c\u00e1ncer que exigen abasto de medicamentos para continuar con sus tratamientos, manifest\u00e1ndose en diversos lugares y bloqueando calles, avenidas, impidiendo el acceso a edificios p\u00fablicos o bloqueando el transporte e ingresos al Aeropuerto Internacional de la Ciudad de M\u00e9xico. Con el \u00fanico prop\u00f3sito de hacer eco en sus demandas y que estas sean atendidas.<br>En Veracruz se cuenta con dos hospitales que presumiblemente son de gran nivel de especialidad para brindar atenci\u00f3n a pacientes con c\u00e1ncer y se tienen \u00e1reas especiales para ni\u00f1os. Como el Centro Estatal de Cancerolog\u00eda y la Torre Pedi\u00e1trica en el puerto de Veracruz. Se supone en esos hospitales se recibe atenci\u00f3n de calidad y calidez.<br>Pero el caso de mayor gravedad, son las instalaciones de la Torre Pedi\u00e1trica, misma que se inaugur\u00f3 alrededor de ocho a\u00f1os despu\u00e9s de que fue colocada la primer piedra, por el entonces gobernador pri\u00edsta Fidel Herrera Beltr\u00e1n, casi al final de lo que fue su administraci\u00f3n.<br>La construcci\u00f3n continu\u00f3 con el innombrable ex gobernador priista, Javier Duarte de Ochoa, para ser inaugurada por el panista Miguel \u00c1ngel Yunes Linares, durante su bienio al frente del Gobierno de Veracruz. Sin embargo en la administraci\u00f3n del actual gobernador morenista, Cuitl\u00e1huac Garc\u00eda Jim\u00e9nez, poco o nulo mantenimiento se ha dado al inmueble.<\/p>\n\n\n\n<div class=\"wp-block-image\"><figure class=\"alignleft size-large is-resized\"><a href=\"http:\/\/www.lospoliticosveracruz.com.mx\/wp-content\/uploads\/2021\/06\/Rostros.png\"><img loading=\"lazy\" decoding=\"async\" src=\"http:\/\/www.lospoliticosveracruz.com.mx\/wp-content\/uploads\/2021\/06\/Rostros.png\" alt=\"\" class=\"wp-image-76034\" width=\"389\" height=\"233\"\/><\/a><\/figure><\/div>\n\n\n\n<p><br>Si bien ha soportado huracanes, sismos y toda la corrupci\u00f3n y podredumbre que ha imperado en las cuatro administraciones que desde su edificaci\u00f3n la mantienen, ahora urge que se de mantenimiento. Sin fines y usos pol\u00edticos y partidistas (lo cual resulta imposible).<br>Recordemos que Miguel \u00c1ngel Yunes Linares la inaugur\u00f3 despu\u00e9s de haber metido a la c\u00e1rcel al constructor, Cesar Augusto as\u00ed como pelear f\u00e9rreamente por llegar al cargo como gobernador.<br>Entreg\u00f3 un Hospital Infantil con \u201c55 camas y 67 camas de terapias pedi\u00e1tricas, servicio de urgencia y 13 consultorios de especialidades (\u2026) Se disponen de servicios de endoscop\u00eda, cirug\u00eda, cl\u00ednica del dolor, hemodi\u00e1lisis, quimioterapia, terapia intensiva, intermedia, neonatal, y pedi\u00e1trica; crecimiento y desarrollo, banco de leche, estimulaci\u00f3n temprana, laboratorio y farmacia, entre otras\u201d, de ello daba cuenta el entonces Secretario de Salud Arturo Ir\u00e1n Su\u00e1rez Villa, durante la inauguraci\u00f3n del 28 de febrero del 2018. (XEU Noticias)<br>En el 2019 ocurri\u00f3 la ca\u00edda de plafones del techo que permitieron la presencia de goteras, convirtiendo los pasillos en zona de captaci\u00f3n de agua de lluvias, aunado a ello colaps\u00f3 el sistema aire acondicionado por lo que hasta los gusanos de clima ca\u00edan entre las \u00e1reas donde los pacientes permanec\u00edan hospitalizados.<br>Para el siguiente marzo tambi\u00e9n se volvieron a presentar inundaciones en ba\u00f1os, toda vez que la tuber\u00eda se fractur\u00f3 y provoc\u00f3 de igual manera afectaciones en la sala de espera.<br>Y como ya era costumbre en la administraci\u00f3n de la Cuarta Transformaci\u00f3n, para octubre del 2020 no se ten\u00eda atenci\u00f3n de quimioterapias, falta de medicamentos y el clima (una falla constante) tampoco serv\u00eda. Los ni\u00f1os que son atendidos en la Torre Pedi\u00e1trica u Hospital Infantil segu\u00edan viviendo un calvario, incluso en el lugar que se supone, recibir\u00edan lo que por derecho corresponde, atenci\u00f3n digna a su salud.<br>Y es que se trata de casos que si recordamos han sido el dolor de cabeza de los veracruzanos. Hechos que han causado indignaci\u00f3n, dolor y coraje, por siempre jugar con los m\u00e1s vulnerables, con los que menos tienen y con lo m\u00e1s sagrado, la vida de nuestros ni\u00f1os.<br>En el tiempo de la administraci\u00f3n del priista Javier Duarte de Ochoa se habl\u00f3 de que se inyect\u00f3 agua en lugar de medicamento a los pacientes con c\u00e1ncer. Ahora estamos hablando de que adem\u00e1s de no proporcionales los tratamientos y medicamentos en tiempo y forma, ahora se les acusa de viles golpistas.<br>El discurso obtuso y de justificaci\u00f3n a los errores del gobierno esta rebasado. La dictadura perfecta nos lleva a pensar que quienes exigen salud y seguridad est\u00e1n equivocados. Est\u00e1n manipulando a la sociedad mexicana culp\u00e1ndolos de tener sue\u00f1os, metas y aspiraciones, de querer un futuro mejor y alcanzar los est\u00e1ndares de vida de pa\u00edses como Alemania y Canad\u00e1.<br>Ya en medio de tanta exigencia, este lunes Cuitl\u00e1huac Garc\u00eda Jim\u00e9nez anunci\u00f3 la rehabilitaci\u00f3n del Hospital Infantil de Veracruz, Torre Pedi\u00e1trica, en alrededor de un mes, pues se tuvo que modificar el plan de obra de su administraci\u00f3n, debido a las constantes quejas y manifestaciones de que el edificio tiene fallas, por lo que el Instituto Nacional de Salud para el Bienestar (INSABI) solo espera recibir el diagn\u00f3stico por parte del estado para iniciar con las reparaciones necesarias.<br>E incluso en ese juego pol\u00edtico de responsabilidad administrativa, tambi\u00e9n presentar\u00e1 denuncias en contra de funcionarios de las anteriores administraciones, por las faltas cometidas traducidas en corrupci\u00f3n en los tiempos de Miguel \u00c1ngel Yunes Linares y Javier Duarte de Ochoa, cuyos operadores pol\u00edticos, cabe hacer menci\u00f3n, son parte de la actual administraci\u00f3n.<br>Ojal\u00e1 que el gobernador Cuitl\u00e1huac Garc\u00eda proceda de forma correcta en este y todos los temas de corrupci\u00f3n que est\u00e1n frenando el desarrollo de Veracruz, que han dejado una profunda herida en los corazones de los miles de ciudadanos que han votado por diversos partidos en las \u00faltimas elecciones, con la ilusi\u00f3n de un mejor futuro en este maravilloso estado que lo tiene todo.<br>Veracruz es un estado que lo tiene todo, es fuerte e incluso tiene la posibilidad de mantenerse de pie, aun cuando el sistema est\u00e1 lleno de servidores p\u00fablicos algunos corruptos, deshonestos, cegados por el odio, rencor, venganza y todo, todo menos vocaci\u00f3n de servicio a las y los veracruzanos.<br>Por ello, ahora, el gobernador debe dar pronta soluci\u00f3n a las deficiencias en materia de salud en todos los hospitales de Veracruz y, de paso, exhortar a que en las cl\u00ednicas del IMSS y el ISSSTE en la entidad, se brinden las prestaciones que todo derechohabiente tiene que recibir, tanto en la atenci\u00f3n, la recepci\u00f3n de medicamentos, el acceso a equipos m\u00e9dicos de primera calidad para la realizaci\u00f3n de estudios o tratamientos, as\u00ed como diagn\u00f3sticos claros y certeros.<br>No m\u00e1s equivocaciones de m\u00e9dicos abusivos que amparados bajo el sindicato siguen da\u00f1ando vidas de personas que lo \u00fanico que han hecho es confiar en el sistema, porque no cuentan con mayores recursos para atenderse en cl\u00ednicas privadas.<br>Urge que se deje de lesionar a nuestros ni\u00f1os y pacientes, suficiente tienen como todo lo que significa recibir el diagnostico de padecer c\u00e1ncer en cualquiera de sus tipos y vivir con ese dolor e incertidumbre de morir m\u00e1s r\u00e1pido de lo que imaginamos.<br>Nuestros ni\u00f1os se est\u00e1n muriendo, nuestro futuro se est\u00e1 rompiendo frente a nosotros y no debemos permitir que les roben sus sue\u00f1os y la esperanza de tener una vida como la de cualquier otro ni\u00f1o, con posibilidades de lograr todas sus metas, convivir y crecer sin dolor, sin el infierno de las quimioterapias y el calvario de mendingar por los pasillos de los hospitales por medicamentos.<br>La pol\u00edtica es eso que recibimos todos los d\u00edas traducida en administraci\u00f3n p\u00fablica\u2026<\/p>\n","protected":false},"excerpt":{"rendered":"<p>Valeria MarcialMatices Pol\u00edticos La pol\u00edtica para algunos, es el arte de inventar resultados sin dar resultados; nada comprobable, tangible pero lleno de ilusiones y esperanzas. Sobre todo para los m\u00e1s vulnerables y necesitados.As\u00ed es el caso de los ni\u00f1os con c\u00e1ncer y sus familias, seguro usted ya escuch\u00f3 referencia alguna y sobre todo cr\u00edticas contra [&hellip;]<\/p>\n","protected":false},"author":2,"featured_media":0,"comment_status":"closed","ping_status":"closed","sticky":false,"template":"","format":"standard","meta":{"tdm_status":"","tdm_grid_status":"","footnotes":""},"categories":[70],"tags":[15653,16671,22117,2535],"class_list":{"0":"post-76115","1":"post","2":"type-post","3":"status-publish","4":"format-standard","6":"category-de-opinion","7":"tag-golpe-de-estado","8":"tag-hugo-lopez-gatell","9":"tag-medicamentos-oncologicos","10":"tag-ninos-con-cancer"},"yoast_head":"<!-- This site is optimized with the Yoast SEO plugin v27.4 - https:\/\/yoast.com\/product\/yoast-seo-wordpress\/ -->\n<title>Los ni\u00f1os con c\u00e1ncer golpistas al gobierno - Los pol\u00edticos Veracruz<\/title>\n<meta name=\"robots\" content=\"index, follow, max-snippet:-1, max-image-preview:large, max-video-preview:-1\" \/>\n<link rel=\"canonical\" href=\"https:\/\/lospoliticosveracruz.com\/?p=76115\" \/>\n<meta property=\"og:locale\" content=\"es_ES\" \/>\n<meta property=\"og:type\" content=\"article\" \/>\n<meta property=\"og:title\" content=\"Los ni\u00f1os con c\u00e1ncer golpistas al gobierno - Los pol\u00edticos Veracruz\" \/>\n<meta property=\"og:description\" content=\"Valeria MarcialMatices Pol\u00edticos La pol\u00edtica para algunos, es el arte de inventar resultados sin dar resultados; nada comprobable, tangible pero lleno de ilusiones y esperanzas. Sobre todo para los m\u00e1s vulnerables y necesitados.As\u00ed es el caso de los ni\u00f1os con c\u00e1ncer y sus familias, seguro usted ya escuch\u00f3 referencia alguna y sobre todo cr\u00edticas contra [&hellip;]\" \/>\n<meta property=\"og:url\" content=\"https:\/\/lospoliticosveracruz.com\/?p=76115\" \/>\n<meta property=\"og:site_name\" content=\"Los pol\u00edticos Veracruz\" \/>\n<meta property=\"article:publisher\" content=\"https:\/\/www.facebook.com\/people\/Notimemes-de-los-Polticos\/61565672886568\/\" \/>\n<meta property=\"article:published_time\" content=\"2021-06-29T21:11:26+00:00\" \/>\n<meta property=\"article:modified_time\" content=\"2021-06-29T23:52:35+00:00\" \/>\n<meta property=\"og:image\" content=\"http:\/\/www.lospoliticosveracruz.com.mx\/wp-content\/uploads\/2021\/06\/Musicos.png\" \/>\n<meta name=\"author\" content=\"Lo viste en Los Pol\u00edticos\" \/>\n<meta name=\"twitter:card\" content=\"summary_large_image\" \/>\n<meta name=\"twitter:creator\" content=\"@LosPoliticosVer\" \/>\n<meta name=\"twitter:site\" content=\"@LosPoliticosVer\" \/>\n<meta name=\"twitter:label1\" content=\"Escrito por\" \/>\n\t<meta name=\"twitter:data1\" content=\"Lo viste en Los Pol\u00edticos\" \/>\n\t<meta name=\"twitter:label2\" content=\"Tiempo de lectura\" \/>\n\t<meta name=\"twitter:data2\" content=\"7 minutos\" \/>\n<script type=\"application\/ld+json\" class=\"yoast-schema-graph\">{\"@context\":\"https:\\\/\\\/schema.org\",\"@graph\":[{\"@type\":\"Article\",\"@id\":\"https:\\\/\\\/lospoliticosveracruz.com\\\/?p=76115#article\",\"isPartOf\":{\"@id\":\"https:\\\/\\\/lospoliticosveracruz.com\\\/?p=76115\"},\"author\":{\"name\":\"Lo viste en Los Pol\u00edticos\",\"@id\":\"https:\\\/\\\/lospoliticosveracruz.com\\\/#\\\/schema\\\/person\\\/b8702bb0e538456e6efd07080bf2a4a2\"},\"headline\":\"Los ni\u00f1os con c\u00e1ncer golpistas al gobierno\",\"datePublished\":\"2021-06-29T21:11:26+00:00\",\"dateModified\":\"2021-06-29T23:52:35+00:00\",\"mainEntityOfPage\":{\"@id\":\"https:\\\/\\\/lospoliticosveracruz.com\\\/?p=76115\"},\"wordCount\":1416,\"publisher\":{\"@id\":\"https:\\\/\\\/lospoliticosveracruz.com\\\/#organization\"},\"image\":{\"@id\":\"https:\\\/\\\/lospoliticosveracruz.com\\\/?p=76115#primaryimage\"},\"thumbnailUrl\":\"http:\\\/\\\/www.lospoliticosveracruz.com.mx\\\/wp-content\\\/uploads\\\/2021\\\/06\\\/Musicos.png\",\"keywords\":[\"golpe de Estado\",\"Hugo L\u00f3pez Gatell\",\"Medicamentos oncol\u00f3gicos.\",\"Ni\u00f1os con C\u00e1ncer\"],\"articleSection\":[\"De Opini\u00f3n\"],\"inLanguage\":\"es\"},{\"@type\":\"WebPage\",\"@id\":\"https:\\\/\\\/lospoliticosveracruz.com\\\/?p=76115\",\"url\":\"https:\\\/\\\/lospoliticosveracruz.com\\\/?p=76115\",\"name\":\"Los ni\u00f1os con c\u00e1ncer golpistas al gobierno - Los pol\u00edticos Veracruz\",\"isPartOf\":{\"@id\":\"https:\\\/\\\/lospoliticosveracruz.com\\\/#website\"},\"primaryImageOfPage\":{\"@id\":\"https:\\\/\\\/lospoliticosveracruz.com\\\/?p=76115#primaryimage\"},\"image\":{\"@id\":\"https:\\\/\\\/lospoliticosveracruz.com\\\/?p=76115#primaryimage\"},\"thumbnailUrl\":\"http:\\\/\\\/www.lospoliticosveracruz.com.mx\\\/wp-content\\\/uploads\\\/2021\\\/06\\\/Musicos.png\",\"datePublished\":\"2021-06-29T21:11:26+00:00\",\"dateModified\":\"2021-06-29T23:52:35+00:00\",\"breadcrumb\":{\"@id\":\"https:\\\/\\\/lospoliticosveracruz.com\\\/?p=76115#breadcrumb\"},\"inLanguage\":\"es\",\"potentialAction\":[{\"@type\":\"ReadAction\",\"target\":[\"https:\\\/\\\/lospoliticosveracruz.com\\\/?p=76115\"]}]},{\"@type\":\"ImageObject\",\"inLanguage\":\"es\",\"@id\":\"https:\\\/\\\/lospoliticosveracruz.com\\\/?p=76115#primaryimage\",\"url\":\"http:\\\/\\\/www.lospoliticosveracruz.com.mx\\\/wp-content\\\/uploads\\\/2021\\\/06\\\/Musicos.png\",\"contentUrl\":\"http:\\\/\\\/www.lospoliticosveracruz.com.mx\\\/wp-content\\\/uploads\\\/2021\\\/06\\\/Musicos.png\"},{\"@type\":\"BreadcrumbList\",\"@id\":\"https:\\\/\\\/lospoliticosveracruz.com\\\/?p=76115#breadcrumb\",\"itemListElement\":[{\"@type\":\"ListItem\",\"position\":1,\"name\":\"Portada\",\"item\":\"https:\\\/\\\/lospoliticosveracruz.com\\\/\"},{\"@type\":\"ListItem\",\"position\":2,\"name\":\"Los ni\u00f1os con c\u00e1ncer golpistas al gobierno\"}]},{\"@type\":\"WebSite\",\"@id\":\"https:\\\/\\\/lospoliticosveracruz.com\\\/#website\",\"url\":\"https:\\\/\\\/lospoliticosveracruz.com\\\/\",\"name\":\"Los pol\u00edticos Veracruz\",\"description\":\"\",\"publisher\":{\"@id\":\"https:\\\/\\\/lospoliticosveracruz.com\\\/#organization\"},\"potentialAction\":[{\"@type\":\"SearchAction\",\"target\":{\"@type\":\"EntryPoint\",\"urlTemplate\":\"https:\\\/\\\/lospoliticosveracruz.com\\\/?s={search_term_string}\"},\"query-input\":{\"@type\":\"PropertyValueSpecification\",\"valueRequired\":true,\"valueName\":\"search_term_string\"}}],\"inLanguage\":\"es\"},{\"@type\":\"Organization\",\"@id\":\"https:\\\/\\\/lospoliticosveracruz.com\\\/#organization\",\"name\":\"Los pol\u00edticos Veracruz\",\"url\":\"https:\\\/\\\/lospoliticosveracruz.com\\\/\",\"logo\":{\"@type\":\"ImageObject\",\"inLanguage\":\"es\",\"@id\":\"https:\\\/\\\/lospoliticosveracruz.com\\\/#\\\/schema\\\/logo\\\/image\\\/\",\"url\":\"https:\\\/\\\/lospoliticosveracruz.com\\\/wp-content\\\/uploads\\\/2025\\\/12\\\/Logo-Nuevo-LOS-POLITICOS-1.jpg\",\"contentUrl\":\"https:\\\/\\\/lospoliticosveracruz.com\\\/wp-content\\\/uploads\\\/2025\\\/12\\\/Logo-Nuevo-LOS-POLITICOS-1.jpg\",\"width\":260,\"height\":70,\"caption\":\"Los pol\u00edticos Veracruz\"},\"image\":{\"@id\":\"https:\\\/\\\/lospoliticosveracruz.com\\\/#\\\/schema\\\/logo\\\/image\\\/\"},\"sameAs\":[\"https:\\\/\\\/www.facebook.com\\\/people\\\/Notimemes-de-los-Polticos\\\/61565672886568\\\/\",\"https:\\\/\\\/x.com\\\/LosPoliticosVer\"]},{\"@type\":\"Person\",\"@id\":\"https:\\\/\\\/lospoliticosveracruz.com\\\/#\\\/schema\\\/person\\\/b8702bb0e538456e6efd07080bf2a4a2\",\"name\":\"Lo viste en Los Pol\u00edticos\",\"image\":{\"@type\":\"ImageObject\",\"inLanguage\":\"es\",\"@id\":\"https:\\\/\\\/secure.gravatar.com\\\/avatar\\\/3a8de04a2656d44082be478bd6c086daa447c4651605818287b9532d3d0bd435?s=96&d=mm&r=g\",\"url\":\"https:\\\/\\\/secure.gravatar.com\\\/avatar\\\/3a8de04a2656d44082be478bd6c086daa447c4651605818287b9532d3d0bd435?s=96&d=mm&r=g\",\"contentUrl\":\"https:\\\/\\\/secure.gravatar.com\\\/avatar\\\/3a8de04a2656d44082be478bd6c086daa447c4651605818287b9532d3d0bd435?s=96&d=mm&r=g\",\"caption\":\"Lo viste en Los Pol\u00edticos\"},\"url\":\"https:\\\/\\\/lospoliticosveracruz.com\\\/?author=2\"}]}<\/script>\n<!-- \/ Yoast SEO plugin. -->","yoast_head_json":{"title":"Los ni\u00f1os con c\u00e1ncer golpistas al gobierno - Los pol\u00edticos Veracruz","robots":{"index":"index","follow":"follow","max-snippet":"max-snippet:-1","max-image-preview":"max-image-preview:large","max-video-preview":"max-video-preview:-1"},"canonical":"https:\/\/lospoliticosveracruz.com\/?p=76115","og_locale":"es_ES","og_type":"article","og_title":"Los ni\u00f1os con c\u00e1ncer golpistas al gobierno - Los pol\u00edticos Veracruz","og_description":"Valeria MarcialMatices Pol\u00edticos La pol\u00edtica para algunos, es el arte de inventar resultados sin dar resultados; nada comprobable, tangible pero lleno de ilusiones y esperanzas. Sobre todo para los m\u00e1s vulnerables y necesitados.As\u00ed es el caso de los ni\u00f1os con c\u00e1ncer y sus familias, seguro usted ya escuch\u00f3 referencia alguna y sobre todo cr\u00edticas contra [&hellip;]","og_url":"https:\/\/lospoliticosveracruz.com\/?p=76115","og_site_name":"Los pol\u00edticos Veracruz","article_publisher":"https:\/\/www.facebook.com\/people\/Notimemes-de-los-Polticos\/61565672886568\/","article_published_time":"2021-06-29T21:11:26+00:00","article_modified_time":"2021-06-29T23:52:35+00:00","og_image":[{"url":"http:\/\/www.lospoliticosveracruz.com.mx\/wp-content\/uploads\/2021\/06\/Musicos.png","type":"","width":"","height":""}],"author":"Lo viste en Los Pol\u00edticos","twitter_card":"summary_large_image","twitter_creator":"@LosPoliticosVer","twitter_site":"@LosPoliticosVer","twitter_misc":{"Escrito por":"Lo viste en Los Pol\u00edticos","Tiempo de lectura":"7 minutos"},"schema":{"@context":"https:\/\/schema.org","@graph":[{"@type":"Article","@id":"https:\/\/lospoliticosveracruz.com\/?p=76115#article","isPartOf":{"@id":"https:\/\/lospoliticosveracruz.com\/?p=76115"},"author":{"name":"Lo viste en Los Pol\u00edticos","@id":"https:\/\/lospoliticosveracruz.com\/#\/schema\/person\/b8702bb0e538456e6efd07080bf2a4a2"},"headline":"Los ni\u00f1os con c\u00e1ncer golpistas al gobierno","datePublished":"2021-06-29T21:11:26+00:00","dateModified":"2021-06-29T23:52:35+00:00","mainEntityOfPage":{"@id":"https:\/\/lospoliticosveracruz.com\/?p=76115"},"wordCount":1416,"publisher":{"@id":"https:\/\/lospoliticosveracruz.com\/#organization"},"image":{"@id":"https:\/\/lospoliticosveracruz.com\/?p=76115#primaryimage"},"thumbnailUrl":"http:\/\/www.lospoliticosveracruz.com.mx\/wp-content\/uploads\/2021\/06\/Musicos.png","keywords":["golpe de Estado","Hugo L\u00f3pez Gatell","Medicamentos oncol\u00f3gicos.","Ni\u00f1os con C\u00e1ncer"],"articleSection":["De Opini\u00f3n"],"inLanguage":"es"},{"@type":"WebPage","@id":"https:\/\/lospoliticosveracruz.com\/?p=76115","url":"https:\/\/lospoliticosveracruz.com\/?p=76115","name":"Los ni\u00f1os con c\u00e1ncer golpistas al gobierno - Los pol\u00edticos Veracruz","isPartOf":{"@id":"https:\/\/lospoliticosveracruz.com\/#website"},"primaryImageOfPage":{"@id":"https:\/\/lospoliticosveracruz.com\/?p=76115#primaryimage"},"image":{"@id":"https:\/\/lospoliticosveracruz.com\/?p=76115#primaryimage"},"thumbnailUrl":"http:\/\/www.lospoliticosveracruz.com.mx\/wp-content\/uploads\/2021\/06\/Musicos.png","datePublished":"2021-06-29T21:11:26+00:00","dateModified":"2021-06-29T23:52:35+00:00","breadcrumb":{"@id":"https:\/\/lospoliticosveracruz.com\/?p=76115#breadcrumb"},"inLanguage":"es","potentialAction":[{"@type":"ReadAction","target":["https:\/\/lospoliticosveracruz.com\/?p=76115"]}]},{"@type":"ImageObject","inLanguage":"es","@id":"https:\/\/lospoliticosveracruz.com\/?p=76115#primaryimage","url":"http:\/\/www.lospoliticosveracruz.com.mx\/wp-content\/uploads\/2021\/06\/Musicos.png","contentUrl":"http:\/\/www.lospoliticosveracruz.com.mx\/wp-content\/uploads\/2021\/06\/Musicos.png"},{"@type":"BreadcrumbList","@id":"https:\/\/lospoliticosveracruz.com\/?p=76115#breadcrumb","itemListElement":[{"@type":"ListItem","position":1,"name":"Portada","item":"https:\/\/lospoliticosveracruz.com\/"},{"@type":"ListItem","position":2,"name":"Los ni\u00f1os con c\u00e1ncer golpistas al gobierno"}]},{"@type":"WebSite","@id":"https:\/\/lospoliticosveracruz.com\/#website","url":"https:\/\/lospoliticosveracruz.com\/","name":"Los pol\u00edticos Veracruz","description":"","publisher":{"@id":"https:\/\/lospoliticosveracruz.com\/#organization"},"potentialAction":[{"@type":"SearchAction","target":{"@type":"EntryPoint","urlTemplate":"https:\/\/lospoliticosveracruz.com\/?s={search_term_string}"},"query-input":{"@type":"PropertyValueSpecification","valueRequired":true,"valueName":"search_term_string"}}],"inLanguage":"es"},{"@type":"Organization","@id":"https:\/\/lospoliticosveracruz.com\/#organization","name":"Los pol\u00edticos Veracruz","url":"https:\/\/lospoliticosveracruz.com\/","logo":{"@type":"ImageObject","inLanguage":"es","@id":"https:\/\/lospoliticosveracruz.com\/#\/schema\/logo\/image\/","url":"https:\/\/lospoliticosveracruz.com\/wp-content\/uploads\/2025\/12\/Logo-Nuevo-LOS-POLITICOS-1.jpg","contentUrl":"https:\/\/lospoliticosveracruz.com\/wp-content\/uploads\/2025\/12\/Logo-Nuevo-LOS-POLITICOS-1.jpg","width":260,"height":70,"caption":"Los pol\u00edticos Veracruz"},"image":{"@id":"https:\/\/lospoliticosveracruz.com\/#\/schema\/logo\/image\/"},"sameAs":["https:\/\/www.facebook.com\/people\/Notimemes-de-los-Polticos\/61565672886568\/","https:\/\/x.com\/LosPoliticosVer"]},{"@type":"Person","@id":"https:\/\/lospoliticosveracruz.com\/#\/schema\/person\/b8702bb0e538456e6efd07080bf2a4a2","name":"Lo viste en Los Pol\u00edticos","image":{"@type":"ImageObject","inLanguage":"es","@id":"https:\/\/secure.gravatar.com\/avatar\/3a8de04a2656d44082be478bd6c086daa447c4651605818287b9532d3d0bd435?s=96&d=mm&r=g","url":"https:\/\/secure.gravatar.com\/avatar\/3a8de04a2656d44082be478bd6c086daa447c4651605818287b9532d3d0bd435?s=96&d=mm&r=g","contentUrl":"https:\/\/secure.gravatar.com\/avatar\/3a8de04a2656d44082be478bd6c086daa447c4651605818287b9532d3d0bd435?s=96&d=mm&r=g","caption":"Lo viste en Los Pol\u00edticos"},"url":"https:\/\/lospoliticosveracruz.com\/?author=2"}]}},"_links":{"self":[{"href":"https:\/\/lospoliticosveracruz.com\/index.php?rest_route=\/wp\/v2\/posts\/76115","targetHints":{"allow":["GET"]}}],"collection":[{"href":"https:\/\/lospoliticosveracruz.com\/index.php?rest_route=\/wp\/v2\/posts"}],"about":[{"href":"https:\/\/lospoliticosveracruz.com\/index.php?rest_route=\/wp\/v2\/types\/post"}],"author":[{"embeddable":true,"href":"https:\/\/lospoliticosveracruz.com\/index.php?rest_route=\/wp\/v2\/users\/2"}],"replies":[{"embeddable":true,"href":"https:\/\/lospoliticosveracruz.com\/index.php?rest_route=%2Fwp%2Fv2%2Fcomments&post=76115"}],"version-history":[{"count":2,"href":"https:\/\/lospoliticosveracruz.com\/index.php?rest_route=\/wp\/v2\/posts\/76115\/revisions"}],"predecessor-version":[{"id":76123,"href":"https:\/\/lospoliticosveracruz.com\/index.php?rest_route=\/wp\/v2\/posts\/76115\/revisions\/76123"}],"wp:attachment":[{"href":"https:\/\/lospoliticosveracruz.com\/index.php?rest_route=%2Fwp%2Fv2%2Fmedia&parent=76115"}],"wp:term":[{"taxonomy":"category","embeddable":true,"href":"https:\/\/lospoliticosveracruz.com\/index.php?rest_route=%2Fwp%2Fv2%2Fcategories&post=76115"},{"taxonomy":"post_tag","embeddable":true,"href":"https:\/\/lospoliticosveracruz.com\/index.php?rest_route=%2Fwp%2Fv2%2Ftags&post=76115"}],"curies":[{"name":"wp","href":"https:\/\/api.w.org\/{rel}","templated":true}]}}