{"id":76127,"date":"2021-06-29T19:29:24","date_gmt":"2021-06-30T00:29:24","guid":{"rendered":"http:\/\/www.lospoliticosveracruz.com.mx\/?p=76127"},"modified":"2021-06-29T19:29:29","modified_gmt":"2021-06-30T00:29:29","slug":"que-no-se-les-olvide-el-farallon","status":"publish","type":"post","link":"https:\/\/lospoliticosveracruz.com\/?p=76127","title":{"rendered":"Que no se les olvide El Farall\u00f3n!"},"content":{"rendered":"\n<p><\/p>\n\n\n\n<p><strong>Xalapa<\/strong><br>El diputado Gonzalo Gu\u00edzar Valladares, exhort\u00f3 a la Secretar\u00eda del Medio Ambiente del Estado a que emita un dictamen y una postura categ\u00f3rica respecto a las acciones implementadas para el rescate de la Laguna de El Farall\u00f3n, misma que est\u00e1 a punto de desaparecer.<\/p>\n\n\n\n<div class=\"wp-block-image\"><figure class=\"alignleft size-large is-resized\"><a href=\"http:\/\/www.lospoliticosveracruz.com.mx\/wp-content\/uploads\/2021\/06\/Musicos.png\"><img loading=\"lazy\" decoding=\"async\" src=\"http:\/\/www.lospoliticosveracruz.com.mx\/wp-content\/uploads\/2021\/06\/Musicos.png\" alt=\"\" class=\"wp-image-76033\" width=\"389\" height=\"233\"\/><\/a><\/figure><\/div>\n\n\n\n<p><br>Lament\u00f3 que grupos ambientalistas, pescadores, y habitantes de localidades vecinas han advertido del atentado a la naturaleza ante las graves afectaciones que enfrenta este cuerpo de agua y que podr\u00edan extenderse a otras lagunas, sin embargo, no se conoce qu\u00e9 programas u acciones de remediaci\u00f3n han implementado las autoridades estatales.<br>\u201cAl revisar el Programa Sectorial de Medio ambiente 2019\/2024, est\u00e1n plasmadas acciones id\u00f3neas, sin embargo, tambi\u00e9n se advierte no se hace ninguna referencia a la protecci\u00f3n del sistema lagunar del Estado\u201d.<br>Incluso, en tribuna legislativa destac\u00f3 que la palabra \u201claguna\u201d solo es mencionada dos veces a lo largo de todo el documento, por lo que pidi\u00f3 corregir a la brevedad.<br>Record\u00f3 que vecinos de localidades cercanas al Farall\u00f3n, denunciaron p\u00fablicamente que la sobre explotaci\u00f3n de este acu\u00edfero y las prolongadas sequias han provocado la p\u00e9rdida de m\u00e1s del 50 por ciento del agua, y grave da\u00f1o a la flora y fauna.<br>Tambi\u00e9n se\u00f1alan la extracci\u00f3n del agua por parte de ranchos cercanos y para actividades ganaderas.<br>Asimismo, grupos ambientales se han sumado a las denuncias y a la documentaci\u00f3n de las afectaciones, como lo es la presencia de chapopote en las playas cercanas, as\u00ed como a la posible participaci\u00f3n de mineras extranjeras que buscan explotar los recursos de la zona.<\/p>\n\n\n\n<div class=\"wp-block-image\"><figure class=\"alignleft size-large is-resized\"><a href=\"http:\/\/www.lospoliticosveracruz.com.mx\/wp-content\/uploads\/2021\/06\/Rostros.png\"><img loading=\"lazy\" decoding=\"async\" src=\"http:\/\/www.lospoliticosveracruz.com.mx\/wp-content\/uploads\/2021\/06\/Rostros.png\" alt=\"\" class=\"wp-image-76034\" width=\"389\" height=\"233\"\/><\/a><\/figure><\/div>\n\n\n\n<p><br>A eso se suma el llamado de los pescadores que ven afectada su fuente de ingreso y advierten que de la inminente extinci\u00f3n de la laguna ocasionar\u00e1 la muerte de fauna de la regi\u00f3n.<br>El diputado, tambi\u00e9n cit\u00f3 que la autoridad Federal, por conducto de CONAGUA, se deslind\u00f3 de cualquier potestad sobre El Farall\u00f3n, manifestando que \u00e9sta es administrada por el Gobierno del Estado al no existir registro que declare que las aguas que contiene la laguna El Farall\u00f3n sean de propiedad nacional.<br>A su vez, el Gobernador Cuitl\u00e1huac Garc\u00eda Jim\u00e9nez dio a conocer que la Procuradur\u00eda Estatal de Protecci\u00f3n al Ambiente (PMA) investigar\u00eda las causas de la desecaci\u00f3n de la Laguna por extracci\u00f3n de aguas, acciones que se presume fueron de manera ilegal, al no haber permiso para esta explotaci\u00f3n. Situaci\u00f3n corroborada d\u00edas despu\u00e9s por la Secretar\u00eda del Medio Ambiente.<br>Por ello, Gu\u00edzar Valladares present\u00f3 un exhorto al Congreso del Estado, en el que se requiere a la Secretar\u00eda del Medio Ambiente incluya en el Programa Sectorial Medio Ambiente 2019-2024, l\u00edneas de acci\u00f3n para la protecci\u00f3n, cuidado, recuperaci\u00f3n y aprovechamiento de los cuerpos de agua de jurisdicci\u00f3n estatal, sobre todo de lagunas.<br>As\u00ed mismo, urgi\u00f3 que a la brevedad, la dependencia estatal realice acciones concretas, efectivas y viables, para atender el problema ambiental de la Laguna el Farall\u00f3n, en el municipio de Actopan, Veracruz.<\/p>\n","protected":false},"excerpt":{"rendered":"<p>XalapaEl diputado Gonzalo Gu\u00edzar Valladares, exhort\u00f3 a la Secretar\u00eda del Medio Ambiente del Estado a que emita un dictamen y una postura categ\u00f3rica respecto a las acciones implementadas para el rescate de la Laguna de El Farall\u00f3n, misma que est\u00e1 a punto de desaparecer. Lament\u00f3 que grupos ambientalistas, pescadores, y habitantes de localidades vecinas han [&hellip;]<\/p>\n","protected":false},"author":2,"featured_media":46889,"comment_status":"closed","ping_status":"closed","sticky":false,"template":"","format":"standard","meta":{"tdm_status":"","tdm_grid_status":"","footnotes":""},"categories":[6446],"tags":[4860,205,1563,438,29133,1037,29134,19850,195],"class_list":{"0":"post-76127","1":"post","2":"type-post","3":"status-publish","4":"format-standard","5":"has-post-thumbnail","7":"category-la-nota","8":"tag-actopan","9":"tag-conagua","10":"tag-cuitlahuac-garcia-jimenez","11":"tag-gonzalo-guizar-valladares","12":"tag-laguna-de-el-farallon","13":"tag-medio-ambiente","14":"tag-proteccion-al-ambiente","15":"tag-secretaria-del-medio-ambiente","16":"tag-veracruz"},"yoast_head":"<!-- This site is optimized with the Yoast SEO plugin v27.4 - https:\/\/yoast.com\/product\/yoast-seo-wordpress\/ -->\n<title>Que no se les olvide El Farall\u00f3n! - Los pol\u00edticos Veracruz<\/title>\n<meta name=\"robots\" content=\"index, follow, max-snippet:-1, max-image-preview:large, max-video-preview:-1\" \/>\n<link rel=\"canonical\" href=\"https:\/\/lospoliticosveracruz.com\/?p=76127\" \/>\n<meta property=\"og:locale\" content=\"es_ES\" \/>\n<meta property=\"og:type\" content=\"article\" \/>\n<meta property=\"og:title\" content=\"Que no se les olvide El Farall\u00f3n! - Los pol\u00edticos Veracruz\" \/>\n<meta property=\"og:description\" content=\"XalapaEl diputado Gonzalo Gu\u00edzar Valladares, exhort\u00f3 a la Secretar\u00eda del Medio Ambiente del Estado a que emita un dictamen y una postura categ\u00f3rica respecto a las acciones implementadas para el rescate de la Laguna de El Farall\u00f3n, misma que est\u00e1 a punto de desaparecer. Lament\u00f3 que grupos ambientalistas, pescadores, y habitantes de localidades vecinas han [&hellip;]\" \/>\n<meta property=\"og:url\" content=\"https:\/\/lospoliticosveracruz.com\/?p=76127\" \/>\n<meta property=\"og:site_name\" content=\"Los pol\u00edticos Veracruz\" \/>\n<meta property=\"article:publisher\" content=\"https:\/\/www.facebook.com\/people\/Notimemes-de-los-Polticos\/61565672886568\/\" \/>\n<meta property=\"article:published_time\" content=\"2021-06-30T00:29:24+00:00\" \/>\n<meta property=\"article:modified_time\" content=\"2021-06-30T00:29:29+00:00\" \/>\n<meta property=\"og:image\" content=\"https:\/\/lospoliticosveracruz.com\/wp-content\/uploads\/2019\/02\/GUIZAR.jpeg\" \/>\n\t<meta property=\"og:image:width\" content=\"600\" \/>\n\t<meta property=\"og:image:height\" content=\"400\" \/>\n\t<meta property=\"og:image:type\" content=\"image\/jpeg\" \/>\n<meta name=\"author\" content=\"Lo viste en Los Pol\u00edticos\" \/>\n<meta name=\"twitter:card\" content=\"summary_large_image\" \/>\n<meta name=\"twitter:creator\" content=\"@LosPoliticosVer\" \/>\n<meta name=\"twitter:site\" content=\"@LosPoliticosVer\" \/>\n<meta name=\"twitter:label1\" content=\"Escrito por\" \/>\n\t<meta name=\"twitter:data1\" content=\"Lo viste en Los Pol\u00edticos\" \/>\n\t<meta name=\"twitter:label2\" content=\"Tiempo de lectura\" \/>\n\t<meta name=\"twitter:data2\" content=\"3 minutos\" \/>\n<script type=\"application\/ld+json\" class=\"yoast-schema-graph\">{\"@context\":\"https:\\\/\\\/schema.org\",\"@graph\":[{\"@type\":\"Article\",\"@id\":\"https:\\\/\\\/lospoliticosveracruz.com\\\/?p=76127#article\",\"isPartOf\":{\"@id\":\"https:\\\/\\\/lospoliticosveracruz.com\\\/?p=76127\"},\"author\":{\"name\":\"Lo viste en Los Pol\u00edticos\",\"@id\":\"https:\\\/\\\/lospoliticosveracruz.com\\\/#\\\/schema\\\/person\\\/b8702bb0e538456e6efd07080bf2a4a2\"},\"headline\":\"Que no se les olvide El Farall\u00f3n!\",\"datePublished\":\"2021-06-30T00:29:24+00:00\",\"dateModified\":\"2021-06-30T00:29:29+00:00\",\"mainEntityOfPage\":{\"@id\":\"https:\\\/\\\/lospoliticosveracruz.com\\\/?p=76127\"},\"wordCount\":534,\"publisher\":{\"@id\":\"https:\\\/\\\/lospoliticosveracruz.com\\\/#organization\"},\"image\":{\"@id\":\"https:\\\/\\\/lospoliticosveracruz.com\\\/?p=76127#primaryimage\"},\"thumbnailUrl\":\"https:\\\/\\\/lospoliticosveracruz.com\\\/wp-content\\\/uploads\\\/2019\\\/02\\\/GUIZAR.jpeg\",\"keywords\":[\"Actopan\",\"Conagua\",\"Cuitl\u00e1huac Garc\u00eda Jim\u00e9nez\",\"Gonzalo Gu\u00edzar Valladares\",\"Laguna de El Farall\u00f3n\",\"Medio Ambiente\",\"Protecci\u00f3n al Ambiente\",\"Secretar\u00eda del Medio Ambiente\",\"Veracruz\"],\"articleSection\":[\"La Nota\"],\"inLanguage\":\"es\"},{\"@type\":\"WebPage\",\"@id\":\"https:\\\/\\\/lospoliticosveracruz.com\\\/?p=76127\",\"url\":\"https:\\\/\\\/lospoliticosveracruz.com\\\/?p=76127\",\"name\":\"Que no se les olvide El Farall\u00f3n! - Los pol\u00edticos Veracruz\",\"isPartOf\":{\"@id\":\"https:\\\/\\\/lospoliticosveracruz.com\\\/#website\"},\"primaryImageOfPage\":{\"@id\":\"https:\\\/\\\/lospoliticosveracruz.com\\\/?p=76127#primaryimage\"},\"image\":{\"@id\":\"https:\\\/\\\/lospoliticosveracruz.com\\\/?p=76127#primaryimage\"},\"thumbnailUrl\":\"https:\\\/\\\/lospoliticosveracruz.com\\\/wp-content\\\/uploads\\\/2019\\\/02\\\/GUIZAR.jpeg\",\"datePublished\":\"2021-06-30T00:29:24+00:00\",\"dateModified\":\"2021-06-30T00:29:29+00:00\",\"breadcrumb\":{\"@id\":\"https:\\\/\\\/lospoliticosveracruz.com\\\/?p=76127#breadcrumb\"},\"inLanguage\":\"es\",\"potentialAction\":[{\"@type\":\"ReadAction\",\"target\":[\"https:\\\/\\\/lospoliticosveracruz.com\\\/?p=76127\"]}]},{\"@type\":\"ImageObject\",\"inLanguage\":\"es\",\"@id\":\"https:\\\/\\\/lospoliticosveracruz.com\\\/?p=76127#primaryimage\",\"url\":\"https:\\\/\\\/lospoliticosveracruz.com\\\/wp-content\\\/uploads\\\/2019\\\/02\\\/GUIZAR.jpeg\",\"contentUrl\":\"https:\\\/\\\/lospoliticosveracruz.com\\\/wp-content\\\/uploads\\\/2019\\\/02\\\/GUIZAR.jpeg\",\"width\":600,\"height\":400},{\"@type\":\"BreadcrumbList\",\"@id\":\"https:\\\/\\\/lospoliticosveracruz.com\\\/?p=76127#breadcrumb\",\"itemListElement\":[{\"@type\":\"ListItem\",\"position\":1,\"name\":\"Portada\",\"item\":\"https:\\\/\\\/lospoliticosveracruz.com\\\/\"},{\"@type\":\"ListItem\",\"position\":2,\"name\":\"Que no se les olvide El Farall\u00f3n!\"}]},{\"@type\":\"WebSite\",\"@id\":\"https:\\\/\\\/lospoliticosveracruz.com\\\/#website\",\"url\":\"https:\\\/\\\/lospoliticosveracruz.com\\\/\",\"name\":\"Los pol\u00edticos Veracruz\",\"description\":\"\",\"publisher\":{\"@id\":\"https:\\\/\\\/lospoliticosveracruz.com\\\/#organization\"},\"potentialAction\":[{\"@type\":\"SearchAction\",\"target\":{\"@type\":\"EntryPoint\",\"urlTemplate\":\"https:\\\/\\\/lospoliticosveracruz.com\\\/?s={search_term_string}\"},\"query-input\":{\"@type\":\"PropertyValueSpecification\",\"valueRequired\":true,\"valueName\":\"search_term_string\"}}],\"inLanguage\":\"es\"},{\"@type\":\"Organization\",\"@id\":\"https:\\\/\\\/lospoliticosveracruz.com\\\/#organization\",\"name\":\"Los pol\u00edticos Veracruz\",\"url\":\"https:\\\/\\\/lospoliticosveracruz.com\\\/\",\"logo\":{\"@type\":\"ImageObject\",\"inLanguage\":\"es\",\"@id\":\"https:\\\/\\\/lospoliticosveracruz.com\\\/#\\\/schema\\\/logo\\\/image\\\/\",\"url\":\"https:\\\/\\\/lospoliticosveracruz.com\\\/wp-content\\\/uploads\\\/2025\\\/12\\\/Logo-Nuevo-LOS-POLITICOS-1.jpg\",\"contentUrl\":\"https:\\\/\\\/lospoliticosveracruz.com\\\/wp-content\\\/uploads\\\/2025\\\/12\\\/Logo-Nuevo-LOS-POLITICOS-1.jpg\",\"width\":260,\"height\":70,\"caption\":\"Los pol\u00edticos Veracruz\"},\"image\":{\"@id\":\"https:\\\/\\\/lospoliticosveracruz.com\\\/#\\\/schema\\\/logo\\\/image\\\/\"},\"sameAs\":[\"https:\\\/\\\/www.facebook.com\\\/people\\\/Notimemes-de-los-Polticos\\\/61565672886568\\\/\",\"https:\\\/\\\/x.com\\\/LosPoliticosVer\"]},{\"@type\":\"Person\",\"@id\":\"https:\\\/\\\/lospoliticosveracruz.com\\\/#\\\/schema\\\/person\\\/b8702bb0e538456e6efd07080bf2a4a2\",\"name\":\"Lo viste en Los Pol\u00edticos\",\"image\":{\"@type\":\"ImageObject\",\"inLanguage\":\"es\",\"@id\":\"https:\\\/\\\/secure.gravatar.com\\\/avatar\\\/3a8de04a2656d44082be478bd6c086daa447c4651605818287b9532d3d0bd435?s=96&d=mm&r=g\",\"url\":\"https:\\\/\\\/secure.gravatar.com\\\/avatar\\\/3a8de04a2656d44082be478bd6c086daa447c4651605818287b9532d3d0bd435?s=96&d=mm&r=g\",\"contentUrl\":\"https:\\\/\\\/secure.gravatar.com\\\/avatar\\\/3a8de04a2656d44082be478bd6c086daa447c4651605818287b9532d3d0bd435?s=96&d=mm&r=g\",\"caption\":\"Lo viste en Los Pol\u00edticos\"},\"url\":\"https:\\\/\\\/lospoliticosveracruz.com\\\/?author=2\"}]}<\/script>\n<!-- \/ Yoast SEO plugin. -->","yoast_head_json":{"title":"Que no se les olvide El Farall\u00f3n! - Los pol\u00edticos Veracruz","robots":{"index":"index","follow":"follow","max-snippet":"max-snippet:-1","max-image-preview":"max-image-preview:large","max-video-preview":"max-video-preview:-1"},"canonical":"https:\/\/lospoliticosveracruz.com\/?p=76127","og_locale":"es_ES","og_type":"article","og_title":"Que no se les olvide El Farall\u00f3n! - Los pol\u00edticos Veracruz","og_description":"XalapaEl diputado Gonzalo Gu\u00edzar Valladares, exhort\u00f3 a la Secretar\u00eda del Medio Ambiente del Estado a que emita un dictamen y una postura categ\u00f3rica respecto a las acciones implementadas para el rescate de la Laguna de El Farall\u00f3n, misma que est\u00e1 a punto de desaparecer. Lament\u00f3 que grupos ambientalistas, pescadores, y habitantes de localidades vecinas han [&hellip;]","og_url":"https:\/\/lospoliticosveracruz.com\/?p=76127","og_site_name":"Los pol\u00edticos Veracruz","article_publisher":"https:\/\/www.facebook.com\/people\/Notimemes-de-los-Polticos\/61565672886568\/","article_published_time":"2021-06-30T00:29:24+00:00","article_modified_time":"2021-06-30T00:29:29+00:00","og_image":[{"width":600,"height":400,"url":"https:\/\/lospoliticosveracruz.com\/wp-content\/uploads\/2019\/02\/GUIZAR.jpeg","type":"image\/jpeg"}],"author":"Lo viste en Los Pol\u00edticos","twitter_card":"summary_large_image","twitter_creator":"@LosPoliticosVer","twitter_site":"@LosPoliticosVer","twitter_misc":{"Escrito por":"Lo viste en Los Pol\u00edticos","Tiempo de lectura":"3 minutos"},"schema":{"@context":"https:\/\/schema.org","@graph":[{"@type":"Article","@id":"https:\/\/lospoliticosveracruz.com\/?p=76127#article","isPartOf":{"@id":"https:\/\/lospoliticosveracruz.com\/?p=76127"},"author":{"name":"Lo viste en Los Pol\u00edticos","@id":"https:\/\/lospoliticosveracruz.com\/#\/schema\/person\/b8702bb0e538456e6efd07080bf2a4a2"},"headline":"Que no se les olvide El Farall\u00f3n!","datePublished":"2021-06-30T00:29:24+00:00","dateModified":"2021-06-30T00:29:29+00:00","mainEntityOfPage":{"@id":"https:\/\/lospoliticosveracruz.com\/?p=76127"},"wordCount":534,"publisher":{"@id":"https:\/\/lospoliticosveracruz.com\/#organization"},"image":{"@id":"https:\/\/lospoliticosveracruz.com\/?p=76127#primaryimage"},"thumbnailUrl":"https:\/\/lospoliticosveracruz.com\/wp-content\/uploads\/2019\/02\/GUIZAR.jpeg","keywords":["Actopan","Conagua","Cuitl\u00e1huac Garc\u00eda Jim\u00e9nez","Gonzalo Gu\u00edzar Valladares","Laguna de El Farall\u00f3n","Medio Ambiente","Protecci\u00f3n al Ambiente","Secretar\u00eda del Medio Ambiente","Veracruz"],"articleSection":["La Nota"],"inLanguage":"es"},{"@type":"WebPage","@id":"https:\/\/lospoliticosveracruz.com\/?p=76127","url":"https:\/\/lospoliticosveracruz.com\/?p=76127","name":"Que no se les olvide El Farall\u00f3n! - Los pol\u00edticos Veracruz","isPartOf":{"@id":"https:\/\/lospoliticosveracruz.com\/#website"},"primaryImageOfPage":{"@id":"https:\/\/lospoliticosveracruz.com\/?p=76127#primaryimage"},"image":{"@id":"https:\/\/lospoliticosveracruz.com\/?p=76127#primaryimage"},"thumbnailUrl":"https:\/\/lospoliticosveracruz.com\/wp-content\/uploads\/2019\/02\/GUIZAR.jpeg","datePublished":"2021-06-30T00:29:24+00:00","dateModified":"2021-06-30T00:29:29+00:00","breadcrumb":{"@id":"https:\/\/lospoliticosveracruz.com\/?p=76127#breadcrumb"},"inLanguage":"es","potentialAction":[{"@type":"ReadAction","target":["https:\/\/lospoliticosveracruz.com\/?p=76127"]}]},{"@type":"ImageObject","inLanguage":"es","@id":"https:\/\/lospoliticosveracruz.com\/?p=76127#primaryimage","url":"https:\/\/lospoliticosveracruz.com\/wp-content\/uploads\/2019\/02\/GUIZAR.jpeg","contentUrl":"https:\/\/lospoliticosveracruz.com\/wp-content\/uploads\/2019\/02\/GUIZAR.jpeg","width":600,"height":400},{"@type":"BreadcrumbList","@id":"https:\/\/lospoliticosveracruz.com\/?p=76127#breadcrumb","itemListElement":[{"@type":"ListItem","position":1,"name":"Portada","item":"https:\/\/lospoliticosveracruz.com\/"},{"@type":"ListItem","position":2,"name":"Que no se les olvide El Farall\u00f3n!"}]},{"@type":"WebSite","@id":"https:\/\/lospoliticosveracruz.com\/#website","url":"https:\/\/lospoliticosveracruz.com\/","name":"Los pol\u00edticos Veracruz","description":"","publisher":{"@id":"https:\/\/lospoliticosveracruz.com\/#organization"},"potentialAction":[{"@type":"SearchAction","target":{"@type":"EntryPoint","urlTemplate":"https:\/\/lospoliticosveracruz.com\/?s={search_term_string}"},"query-input":{"@type":"PropertyValueSpecification","valueRequired":true,"valueName":"search_term_string"}}],"inLanguage":"es"},{"@type":"Organization","@id":"https:\/\/lospoliticosveracruz.com\/#organization","name":"Los pol\u00edticos Veracruz","url":"https:\/\/lospoliticosveracruz.com\/","logo":{"@type":"ImageObject","inLanguage":"es","@id":"https:\/\/lospoliticosveracruz.com\/#\/schema\/logo\/image\/","url":"https:\/\/lospoliticosveracruz.com\/wp-content\/uploads\/2025\/12\/Logo-Nuevo-LOS-POLITICOS-1.jpg","contentUrl":"https:\/\/lospoliticosveracruz.com\/wp-content\/uploads\/2025\/12\/Logo-Nuevo-LOS-POLITICOS-1.jpg","width":260,"height":70,"caption":"Los pol\u00edticos Veracruz"},"image":{"@id":"https:\/\/lospoliticosveracruz.com\/#\/schema\/logo\/image\/"},"sameAs":["https:\/\/www.facebook.com\/people\/Notimemes-de-los-Polticos\/61565672886568\/","https:\/\/x.com\/LosPoliticosVer"]},{"@type":"Person","@id":"https:\/\/lospoliticosveracruz.com\/#\/schema\/person\/b8702bb0e538456e6efd07080bf2a4a2","name":"Lo viste en Los Pol\u00edticos","image":{"@type":"ImageObject","inLanguage":"es","@id":"https:\/\/secure.gravatar.com\/avatar\/3a8de04a2656d44082be478bd6c086daa447c4651605818287b9532d3d0bd435?s=96&d=mm&r=g","url":"https:\/\/secure.gravatar.com\/avatar\/3a8de04a2656d44082be478bd6c086daa447c4651605818287b9532d3d0bd435?s=96&d=mm&r=g","contentUrl":"https:\/\/secure.gravatar.com\/avatar\/3a8de04a2656d44082be478bd6c086daa447c4651605818287b9532d3d0bd435?s=96&d=mm&r=g","caption":"Lo viste en Los Pol\u00edticos"},"url":"https:\/\/lospoliticosveracruz.com\/?author=2"}]}},"_links":{"self":[{"href":"https:\/\/lospoliticosveracruz.com\/index.php?rest_route=\/wp\/v2\/posts\/76127","targetHints":{"allow":["GET"]}}],"collection":[{"href":"https:\/\/lospoliticosveracruz.com\/index.php?rest_route=\/wp\/v2\/posts"}],"about":[{"href":"https:\/\/lospoliticosveracruz.com\/index.php?rest_route=\/wp\/v2\/types\/post"}],"author":[{"embeddable":true,"href":"https:\/\/lospoliticosveracruz.com\/index.php?rest_route=\/wp\/v2\/users\/2"}],"replies":[{"embeddable":true,"href":"https:\/\/lospoliticosveracruz.com\/index.php?rest_route=%2Fwp%2Fv2%2Fcomments&post=76127"}],"version-history":[{"count":1,"href":"https:\/\/lospoliticosveracruz.com\/index.php?rest_route=\/wp\/v2\/posts\/76127\/revisions"}],"predecessor-version":[{"id":76128,"href":"https:\/\/lospoliticosveracruz.com\/index.php?rest_route=\/wp\/v2\/posts\/76127\/revisions\/76128"}],"wp:featuredmedia":[{"embeddable":true,"href":"https:\/\/lospoliticosveracruz.com\/index.php?rest_route=\/wp\/v2\/media\/46889"}],"wp:attachment":[{"href":"https:\/\/lospoliticosveracruz.com\/index.php?rest_route=%2Fwp%2Fv2%2Fmedia&parent=76127"}],"wp:term":[{"taxonomy":"category","embeddable":true,"href":"https:\/\/lospoliticosveracruz.com\/index.php?rest_route=%2Fwp%2Fv2%2Fcategories&post=76127"},{"taxonomy":"post_tag","embeddable":true,"href":"https:\/\/lospoliticosveracruz.com\/index.php?rest_route=%2Fwp%2Fv2%2Ftags&post=76127"}],"curies":[{"name":"wp","href":"https:\/\/api.w.org\/{rel}","templated":true}]}}