{"id":76145,"date":"2021-06-30T08:37:48","date_gmt":"2021-06-30T13:37:48","guid":{"rendered":"http:\/\/www.lospoliticosveracruz.com.mx\/?p=76145"},"modified":"2021-06-30T08:37:52","modified_gmt":"2021-06-30T13:37:52","slug":"sociedad-civilizada","status":"publish","type":"post","link":"https:\/\/lospoliticosveracruz.com\/?p=76145","title":{"rendered":"Sociedad civilizada"},"content":{"rendered":"\n<p><strong>Maricarmen Garc\u00eda El\u00edas<\/strong><\/p>\n\n\n\n<p><em>Animalia<\/em><br><br>En otro espacio comentamos la importancia de esterilizar a nuestras mascotas en una edad temprana aunque nunca es tarde para hacerlo. Esterilizar previene enfermedades mortales en las mascotas y disminuye el \u00edndice alto de poblaci\u00f3n de animales callejeros que a diario son maltratados o padecen hambre en las calles.<\/p>\n\n\n\n<div class=\"wp-block-image\"><figure class=\"alignleft size-large is-resized\"><a href=\"http:\/\/www.lospoliticosveracruz.com.mx\/wp-content\/uploads\/2021\/06\/Musicos.png\"><img loading=\"lazy\" decoding=\"async\" src=\"http:\/\/www.lospoliticosveracruz.com.mx\/wp-content\/uploads\/2021\/06\/Musicos.png\" alt=\"\" class=\"wp-image-76033\" width=\"389\" height=\"233\"\/><\/a><\/figure><\/div>\n\n\n\n<p><br>Los animales son seres hermosos por eso mucha gente quiere tener un perro o un gato aunque a veces no se pregunta si podr\u00e1n tenerlos en las mejores condiciones y los tienen en un n\u00famero que supera los gastos de la casa y el poder darles una buena calidad de vida, en otras ocasiones son perros que crecen demasiado y pierden \u00abel encanto\u00bb para sus due\u00f1os y los echan a la calle o simplemente no los dejan entrar a casa son perros de banqueta o de azotea con una vida a sol y agua.<br>A veces como due\u00f1os de una mascota no somos lo suficientemente responsables de ella y adem\u00e1s de no esterilizar dejamos que nuestros perros o gatos anden afuera haciendo sus necesidades en casa de los vecinos, dejamos que ladren todo el d\u00eda debido al exceso de estr\u00e9s que acumulan por no sacarlos a caminar o jugar y vienen los problemas, desde que les arrojen veneno hasta pleitos entre vecinos aunque por supuesto nada justifica la violencia y mucho menos que lastimen a una persona o a un animalito, para eso existe el di\u00e1logo.<br>La semana pasada una peque\u00f1ita al sur del estado muri\u00f3 envenenada tras comer un pan con el que alguna persona pretend\u00eda hacer da\u00f1o a su perro, su hermanito se encuentra grave en el hospital. En varias colonias de distintas ciudades veracruzanas se reporta con frecuencia mediante redes sociales avistamientos de pan o carne con vidrios o veneno, ya en Xalapa una persona que hace algunos meses toc\u00f3 el cad\u00e1ver de un perro envenenado cuando interpon\u00eda la denuncia se intoxic\u00f3 gravemente.<br>La ley contempla sanciones en el C\u00f3digo Penal del Estado para aquellos que lesionen a un animal y estas penas se aumentan si la agon\u00eda se prolonga por ejemplo en casos de envenenamiento, ojal\u00e1 las autoridades correspondientes sancionen con todo el peso de la ley a la persona que cometi\u00f3 esos actos y a otras personas que tratan de envenenar animales sin pensar en el da\u00f1o que pueden hacerle a una persona o a un ni\u00f1o como ocurri\u00f3 en este caso y as\u00ed lo piensen dos veces antes de actuar de esta forma.<\/p>\n\n\n\n<div class=\"wp-block-image\"><figure class=\"alignleft size-large is-resized\"><a href=\"http:\/\/www.lospoliticosveracruz.com.mx\/wp-content\/uploads\/2021\/06\/Rostros.png\"><img loading=\"lazy\" decoding=\"async\" src=\"http:\/\/www.lospoliticosveracruz.com.mx\/wp-content\/uploads\/2021\/06\/Rostros.png\" alt=\"\" class=\"wp-image-76034\" width=\"389\" height=\"233\"\/><\/a><\/figure><\/div>\n\n\n\n<p><br>Arrojar veneno sin medir las consecuencias es algo com\u00fan tambi\u00e9n para las personas que sin motivo alguno son intolerantes con los animales que pasan por su casa o que viven cerca de \u00e9sta es gente que parece no vivir en una sociedad civilizada y compasiva, adem\u00e1s de lo f\u00e1cil que resulta adquirirlos, por eso ser\u00eda bueno que existieran restricciones en la venta de estos qu\u00edmicos como en otros pa\u00edses de Europa donde el veneno despu\u00e9s de haber sido usado en suicidios de adolescentes fue considerado con los a\u00f1os una sustancia que se vende solo a adultos y bajo condiciones espec\u00edficas.<br>El veneno en pedazos de pan o carne puede ser consumido tambi\u00e9n por personas sin hogar o enredarse en las llantas de las bicicletas o las suelas de los tenis cuando los ni\u00f1os salen a jugar de ah\u00ed que hay que tener mucha precauci\u00f3n con este tipo de sustancias y denunciar a aquellas personas que incurran en este delito.<br>Los envenenamientos m\u00e1s comunes se dan v\u00eda cut\u00e1nea (por el contacto con el pelaje, el olfato o la piel) o por ingesta (pan o carne impregnados con unas gotas), por eso no siempre se debe provocar el v\u00f3mito y no debemos tocar al animal de piel a piel sino envolverlo en una toalla , lo mejor es acudir inmediatamente al veterinario si tu perro o gato comienza a mostrarse fatigado o desorientado presenta fiebre, n\u00e1usea, ansiedad, cansancio, jadeos y babeo en exceso, convulsiones, par\u00e1lisis, temblores, ojos cristalizados y v\u00f3mitos. Recuerda siempre mantener a tu mascota segura en casa, revisar que no haya pan o alg\u00fan alimento desconocido en sus \u00e1reas y no dejarla salir sola.<\/p>\n","protected":false},"excerpt":{"rendered":"<p>Maricarmen Garc\u00eda El\u00edas Animalia En otro espacio comentamos la importancia de esterilizar a nuestras mascotas en una edad temprana aunque nunca es tarde para hacerlo. Esterilizar previene enfermedades mortales en las mascotas y disminuye el \u00edndice alto de poblaci\u00f3n de animales callejeros que a diario son maltratados o padecen hambre en las calles. Los animales [&hellip;]<\/p>\n","protected":false},"author":2,"featured_media":0,"comment_status":"closed","ping_status":"closed","sticky":false,"template":"","format":"standard","meta":{"tdm_status":"","tdm_grid_status":"","footnotes":""},"categories":[6451],"tags":[29141,24323,21207,278,16828,1297,20649,29142],"class_list":{"0":"post-76145","1":"post","2":"type-post","3":"status-publish","4":"format-standard","6":"category-historias_de_amigos","7":"tag-enfermedades-mortales","8":"tag-envenenamiento","9":"tag-esterilizacion-mascotas","10":"tag-maltrato-animal","11":"tag-maricarmen-garcia-elias","12":"tag-mascotas","13":"tag-ramos-alor","14":"tag-suicidios"},"yoast_head":"<!-- This site is optimized with the Yoast SEO plugin v27.4 - https:\/\/yoast.com\/product\/yoast-seo-wordpress\/ -->\n<title>Sociedad civilizada - Los pol\u00edticos Veracruz<\/title>\n<meta name=\"robots\" content=\"index, follow, max-snippet:-1, max-image-preview:large, max-video-preview:-1\" \/>\n<link rel=\"canonical\" href=\"https:\/\/lospoliticosveracruz.com\/?p=76145\" \/>\n<meta property=\"og:locale\" content=\"es_ES\" \/>\n<meta property=\"og:type\" content=\"article\" \/>\n<meta property=\"og:title\" content=\"Sociedad civilizada - Los pol\u00edticos Veracruz\" \/>\n<meta property=\"og:description\" content=\"Maricarmen Garc\u00eda El\u00edas Animalia En otro espacio comentamos la importancia de esterilizar a nuestras mascotas en una edad temprana aunque nunca es tarde para hacerlo. Esterilizar previene enfermedades mortales en las mascotas y disminuye el \u00edndice alto de poblaci\u00f3n de animales callejeros que a diario son maltratados o padecen hambre en las calles. Los animales [&hellip;]\" \/>\n<meta property=\"og:url\" content=\"https:\/\/lospoliticosveracruz.com\/?p=76145\" \/>\n<meta property=\"og:site_name\" content=\"Los pol\u00edticos Veracruz\" \/>\n<meta property=\"article:publisher\" content=\"https:\/\/www.facebook.com\/people\/Notimemes-de-los-Polticos\/61565672886568\/\" \/>\n<meta property=\"article:published_time\" content=\"2021-06-30T13:37:48+00:00\" \/>\n<meta property=\"article:modified_time\" content=\"2021-06-30T13:37:52+00:00\" \/>\n<meta property=\"og:image\" content=\"http:\/\/www.lospoliticosveracruz.com.mx\/wp-content\/uploads\/2021\/06\/Musicos.png\" \/>\n<meta name=\"author\" content=\"Lo viste en Los Pol\u00edticos\" \/>\n<meta name=\"twitter:card\" content=\"summary_large_image\" \/>\n<meta name=\"twitter:creator\" content=\"@LosPoliticosVer\" \/>\n<meta name=\"twitter:site\" content=\"@LosPoliticosVer\" \/>\n<meta name=\"twitter:label1\" content=\"Escrito por\" \/>\n\t<meta name=\"twitter:data1\" content=\"Lo viste en Los Pol\u00edticos\" \/>\n\t<meta name=\"twitter:label2\" content=\"Tiempo de lectura\" \/>\n\t<meta name=\"twitter:data2\" content=\"4 minutos\" \/>\n<script type=\"application\/ld+json\" class=\"yoast-schema-graph\">{\"@context\":\"https:\\\/\\\/schema.org\",\"@graph\":[{\"@type\":\"Article\",\"@id\":\"https:\\\/\\\/lospoliticosveracruz.com\\\/?p=76145#article\",\"isPartOf\":{\"@id\":\"https:\\\/\\\/lospoliticosveracruz.com\\\/?p=76145\"},\"author\":{\"name\":\"Lo viste en Los Pol\u00edticos\",\"@id\":\"https:\\\/\\\/lospoliticosveracruz.com\\\/#\\\/schema\\\/person\\\/b8702bb0e538456e6efd07080bf2a4a2\"},\"headline\":\"Sociedad civilizada\",\"datePublished\":\"2021-06-30T13:37:48+00:00\",\"dateModified\":\"2021-06-30T13:37:52+00:00\",\"mainEntityOfPage\":{\"@id\":\"https:\\\/\\\/lospoliticosveracruz.com\\\/?p=76145\"},\"wordCount\":728,\"publisher\":{\"@id\":\"https:\\\/\\\/lospoliticosveracruz.com\\\/#organization\"},\"image\":{\"@id\":\"https:\\\/\\\/lospoliticosveracruz.com\\\/?p=76145#primaryimage\"},\"thumbnailUrl\":\"http:\\\/\\\/www.lospoliticosveracruz.com.mx\\\/wp-content\\\/uploads\\\/2021\\\/06\\\/Musicos.png\",\"keywords\":[\"enfermedades mortales\",\"envenenamiento\",\"Esterilizaci\u00f3n mascotas\",\"Maltrato Animal\",\"Maricarmen Garc\u00eda El\u00edas\",\"mascotas\",\"Ramos Alor\",\"suicidios\"],\"articleSection\":[\"Historias de Amigos\"],\"inLanguage\":\"es\"},{\"@type\":\"WebPage\",\"@id\":\"https:\\\/\\\/lospoliticosveracruz.com\\\/?p=76145\",\"url\":\"https:\\\/\\\/lospoliticosveracruz.com\\\/?p=76145\",\"name\":\"Sociedad civilizada - Los pol\u00edticos Veracruz\",\"isPartOf\":{\"@id\":\"https:\\\/\\\/lospoliticosveracruz.com\\\/#website\"},\"primaryImageOfPage\":{\"@id\":\"https:\\\/\\\/lospoliticosveracruz.com\\\/?p=76145#primaryimage\"},\"image\":{\"@id\":\"https:\\\/\\\/lospoliticosveracruz.com\\\/?p=76145#primaryimage\"},\"thumbnailUrl\":\"http:\\\/\\\/www.lospoliticosveracruz.com.mx\\\/wp-content\\\/uploads\\\/2021\\\/06\\\/Musicos.png\",\"datePublished\":\"2021-06-30T13:37:48+00:00\",\"dateModified\":\"2021-06-30T13:37:52+00:00\",\"breadcrumb\":{\"@id\":\"https:\\\/\\\/lospoliticosveracruz.com\\\/?p=76145#breadcrumb\"},\"inLanguage\":\"es\",\"potentialAction\":[{\"@type\":\"ReadAction\",\"target\":[\"https:\\\/\\\/lospoliticosveracruz.com\\\/?p=76145\"]}]},{\"@type\":\"ImageObject\",\"inLanguage\":\"es\",\"@id\":\"https:\\\/\\\/lospoliticosveracruz.com\\\/?p=76145#primaryimage\",\"url\":\"http:\\\/\\\/www.lospoliticosveracruz.com.mx\\\/wp-content\\\/uploads\\\/2021\\\/06\\\/Musicos.png\",\"contentUrl\":\"http:\\\/\\\/www.lospoliticosveracruz.com.mx\\\/wp-content\\\/uploads\\\/2021\\\/06\\\/Musicos.png\"},{\"@type\":\"BreadcrumbList\",\"@id\":\"https:\\\/\\\/lospoliticosveracruz.com\\\/?p=76145#breadcrumb\",\"itemListElement\":[{\"@type\":\"ListItem\",\"position\":1,\"name\":\"Portada\",\"item\":\"https:\\\/\\\/lospoliticosveracruz.com\\\/\"},{\"@type\":\"ListItem\",\"position\":2,\"name\":\"Sociedad civilizada\"}]},{\"@type\":\"WebSite\",\"@id\":\"https:\\\/\\\/lospoliticosveracruz.com\\\/#website\",\"url\":\"https:\\\/\\\/lospoliticosveracruz.com\\\/\",\"name\":\"Los pol\u00edticos Veracruz\",\"description\":\"\",\"publisher\":{\"@id\":\"https:\\\/\\\/lospoliticosveracruz.com\\\/#organization\"},\"potentialAction\":[{\"@type\":\"SearchAction\",\"target\":{\"@type\":\"EntryPoint\",\"urlTemplate\":\"https:\\\/\\\/lospoliticosveracruz.com\\\/?s={search_term_string}\"},\"query-input\":{\"@type\":\"PropertyValueSpecification\",\"valueRequired\":true,\"valueName\":\"search_term_string\"}}],\"inLanguage\":\"es\"},{\"@type\":\"Organization\",\"@id\":\"https:\\\/\\\/lospoliticosveracruz.com\\\/#organization\",\"name\":\"Los pol\u00edticos Veracruz\",\"url\":\"https:\\\/\\\/lospoliticosveracruz.com\\\/\",\"logo\":{\"@type\":\"ImageObject\",\"inLanguage\":\"es\",\"@id\":\"https:\\\/\\\/lospoliticosveracruz.com\\\/#\\\/schema\\\/logo\\\/image\\\/\",\"url\":\"https:\\\/\\\/lospoliticosveracruz.com\\\/wp-content\\\/uploads\\\/2025\\\/12\\\/Logo-Nuevo-LOS-POLITICOS-1.jpg\",\"contentUrl\":\"https:\\\/\\\/lospoliticosveracruz.com\\\/wp-content\\\/uploads\\\/2025\\\/12\\\/Logo-Nuevo-LOS-POLITICOS-1.jpg\",\"width\":260,\"height\":70,\"caption\":\"Los pol\u00edticos Veracruz\"},\"image\":{\"@id\":\"https:\\\/\\\/lospoliticosveracruz.com\\\/#\\\/schema\\\/logo\\\/image\\\/\"},\"sameAs\":[\"https:\\\/\\\/www.facebook.com\\\/people\\\/Notimemes-de-los-Polticos\\\/61565672886568\\\/\",\"https:\\\/\\\/x.com\\\/LosPoliticosVer\"]},{\"@type\":\"Person\",\"@id\":\"https:\\\/\\\/lospoliticosveracruz.com\\\/#\\\/schema\\\/person\\\/b8702bb0e538456e6efd07080bf2a4a2\",\"name\":\"Lo viste en Los Pol\u00edticos\",\"image\":{\"@type\":\"ImageObject\",\"inLanguage\":\"es\",\"@id\":\"https:\\\/\\\/secure.gravatar.com\\\/avatar\\\/3a8de04a2656d44082be478bd6c086daa447c4651605818287b9532d3d0bd435?s=96&d=mm&r=g\",\"url\":\"https:\\\/\\\/secure.gravatar.com\\\/avatar\\\/3a8de04a2656d44082be478bd6c086daa447c4651605818287b9532d3d0bd435?s=96&d=mm&r=g\",\"contentUrl\":\"https:\\\/\\\/secure.gravatar.com\\\/avatar\\\/3a8de04a2656d44082be478bd6c086daa447c4651605818287b9532d3d0bd435?s=96&d=mm&r=g\",\"caption\":\"Lo viste en Los Pol\u00edticos\"},\"url\":\"https:\\\/\\\/lospoliticosveracruz.com\\\/?author=2\"}]}<\/script>\n<!-- \/ Yoast SEO plugin. -->","yoast_head_json":{"title":"Sociedad civilizada - Los pol\u00edticos Veracruz","robots":{"index":"index","follow":"follow","max-snippet":"max-snippet:-1","max-image-preview":"max-image-preview:large","max-video-preview":"max-video-preview:-1"},"canonical":"https:\/\/lospoliticosveracruz.com\/?p=76145","og_locale":"es_ES","og_type":"article","og_title":"Sociedad civilizada - Los pol\u00edticos Veracruz","og_description":"Maricarmen Garc\u00eda El\u00edas Animalia En otro espacio comentamos la importancia de esterilizar a nuestras mascotas en una edad temprana aunque nunca es tarde para hacerlo. Esterilizar previene enfermedades mortales en las mascotas y disminuye el \u00edndice alto de poblaci\u00f3n de animales callejeros que a diario son maltratados o padecen hambre en las calles. Los animales [&hellip;]","og_url":"https:\/\/lospoliticosveracruz.com\/?p=76145","og_site_name":"Los pol\u00edticos Veracruz","article_publisher":"https:\/\/www.facebook.com\/people\/Notimemes-de-los-Polticos\/61565672886568\/","article_published_time":"2021-06-30T13:37:48+00:00","article_modified_time":"2021-06-30T13:37:52+00:00","og_image":[{"url":"http:\/\/www.lospoliticosveracruz.com.mx\/wp-content\/uploads\/2021\/06\/Musicos.png","type":"","width":"","height":""}],"author":"Lo viste en Los Pol\u00edticos","twitter_card":"summary_large_image","twitter_creator":"@LosPoliticosVer","twitter_site":"@LosPoliticosVer","twitter_misc":{"Escrito por":"Lo viste en Los Pol\u00edticos","Tiempo de lectura":"4 minutos"},"schema":{"@context":"https:\/\/schema.org","@graph":[{"@type":"Article","@id":"https:\/\/lospoliticosveracruz.com\/?p=76145#article","isPartOf":{"@id":"https:\/\/lospoliticosveracruz.com\/?p=76145"},"author":{"name":"Lo viste en Los Pol\u00edticos","@id":"https:\/\/lospoliticosveracruz.com\/#\/schema\/person\/b8702bb0e538456e6efd07080bf2a4a2"},"headline":"Sociedad civilizada","datePublished":"2021-06-30T13:37:48+00:00","dateModified":"2021-06-30T13:37:52+00:00","mainEntityOfPage":{"@id":"https:\/\/lospoliticosveracruz.com\/?p=76145"},"wordCount":728,"publisher":{"@id":"https:\/\/lospoliticosveracruz.com\/#organization"},"image":{"@id":"https:\/\/lospoliticosveracruz.com\/?p=76145#primaryimage"},"thumbnailUrl":"http:\/\/www.lospoliticosveracruz.com.mx\/wp-content\/uploads\/2021\/06\/Musicos.png","keywords":["enfermedades mortales","envenenamiento","Esterilizaci\u00f3n mascotas","Maltrato Animal","Maricarmen Garc\u00eda El\u00edas","mascotas","Ramos Alor","suicidios"],"articleSection":["Historias de Amigos"],"inLanguage":"es"},{"@type":"WebPage","@id":"https:\/\/lospoliticosveracruz.com\/?p=76145","url":"https:\/\/lospoliticosveracruz.com\/?p=76145","name":"Sociedad civilizada - Los pol\u00edticos Veracruz","isPartOf":{"@id":"https:\/\/lospoliticosveracruz.com\/#website"},"primaryImageOfPage":{"@id":"https:\/\/lospoliticosveracruz.com\/?p=76145#primaryimage"},"image":{"@id":"https:\/\/lospoliticosveracruz.com\/?p=76145#primaryimage"},"thumbnailUrl":"http:\/\/www.lospoliticosveracruz.com.mx\/wp-content\/uploads\/2021\/06\/Musicos.png","datePublished":"2021-06-30T13:37:48+00:00","dateModified":"2021-06-30T13:37:52+00:00","breadcrumb":{"@id":"https:\/\/lospoliticosveracruz.com\/?p=76145#breadcrumb"},"inLanguage":"es","potentialAction":[{"@type":"ReadAction","target":["https:\/\/lospoliticosveracruz.com\/?p=76145"]}]},{"@type":"ImageObject","inLanguage":"es","@id":"https:\/\/lospoliticosveracruz.com\/?p=76145#primaryimage","url":"http:\/\/www.lospoliticosveracruz.com.mx\/wp-content\/uploads\/2021\/06\/Musicos.png","contentUrl":"http:\/\/www.lospoliticosveracruz.com.mx\/wp-content\/uploads\/2021\/06\/Musicos.png"},{"@type":"BreadcrumbList","@id":"https:\/\/lospoliticosveracruz.com\/?p=76145#breadcrumb","itemListElement":[{"@type":"ListItem","position":1,"name":"Portada","item":"https:\/\/lospoliticosveracruz.com\/"},{"@type":"ListItem","position":2,"name":"Sociedad civilizada"}]},{"@type":"WebSite","@id":"https:\/\/lospoliticosveracruz.com\/#website","url":"https:\/\/lospoliticosveracruz.com\/","name":"Los pol\u00edticos Veracruz","description":"","publisher":{"@id":"https:\/\/lospoliticosveracruz.com\/#organization"},"potentialAction":[{"@type":"SearchAction","target":{"@type":"EntryPoint","urlTemplate":"https:\/\/lospoliticosveracruz.com\/?s={search_term_string}"},"query-input":{"@type":"PropertyValueSpecification","valueRequired":true,"valueName":"search_term_string"}}],"inLanguage":"es"},{"@type":"Organization","@id":"https:\/\/lospoliticosveracruz.com\/#organization","name":"Los pol\u00edticos Veracruz","url":"https:\/\/lospoliticosveracruz.com\/","logo":{"@type":"ImageObject","inLanguage":"es","@id":"https:\/\/lospoliticosveracruz.com\/#\/schema\/logo\/image\/","url":"https:\/\/lospoliticosveracruz.com\/wp-content\/uploads\/2025\/12\/Logo-Nuevo-LOS-POLITICOS-1.jpg","contentUrl":"https:\/\/lospoliticosveracruz.com\/wp-content\/uploads\/2025\/12\/Logo-Nuevo-LOS-POLITICOS-1.jpg","width":260,"height":70,"caption":"Los pol\u00edticos Veracruz"},"image":{"@id":"https:\/\/lospoliticosveracruz.com\/#\/schema\/logo\/image\/"},"sameAs":["https:\/\/www.facebook.com\/people\/Notimemes-de-los-Polticos\/61565672886568\/","https:\/\/x.com\/LosPoliticosVer"]},{"@type":"Person","@id":"https:\/\/lospoliticosveracruz.com\/#\/schema\/person\/b8702bb0e538456e6efd07080bf2a4a2","name":"Lo viste en Los Pol\u00edticos","image":{"@type":"ImageObject","inLanguage":"es","@id":"https:\/\/secure.gravatar.com\/avatar\/3a8de04a2656d44082be478bd6c086daa447c4651605818287b9532d3d0bd435?s=96&d=mm&r=g","url":"https:\/\/secure.gravatar.com\/avatar\/3a8de04a2656d44082be478bd6c086daa447c4651605818287b9532d3d0bd435?s=96&d=mm&r=g","contentUrl":"https:\/\/secure.gravatar.com\/avatar\/3a8de04a2656d44082be478bd6c086daa447c4651605818287b9532d3d0bd435?s=96&d=mm&r=g","caption":"Lo viste en Los Pol\u00edticos"},"url":"https:\/\/lospoliticosveracruz.com\/?author=2"}]}},"_links":{"self":[{"href":"https:\/\/lospoliticosveracruz.com\/index.php?rest_route=\/wp\/v2\/posts\/76145","targetHints":{"allow":["GET"]}}],"collection":[{"href":"https:\/\/lospoliticosveracruz.com\/index.php?rest_route=\/wp\/v2\/posts"}],"about":[{"href":"https:\/\/lospoliticosveracruz.com\/index.php?rest_route=\/wp\/v2\/types\/post"}],"author":[{"embeddable":true,"href":"https:\/\/lospoliticosveracruz.com\/index.php?rest_route=\/wp\/v2\/users\/2"}],"replies":[{"embeddable":true,"href":"https:\/\/lospoliticosveracruz.com\/index.php?rest_route=%2Fwp%2Fv2%2Fcomments&post=76145"}],"version-history":[{"count":1,"href":"https:\/\/lospoliticosveracruz.com\/index.php?rest_route=\/wp\/v2\/posts\/76145\/revisions"}],"predecessor-version":[{"id":76147,"href":"https:\/\/lospoliticosveracruz.com\/index.php?rest_route=\/wp\/v2\/posts\/76145\/revisions\/76147"}],"wp:attachment":[{"href":"https:\/\/lospoliticosveracruz.com\/index.php?rest_route=%2Fwp%2Fv2%2Fmedia&parent=76145"}],"wp:term":[{"taxonomy":"category","embeddable":true,"href":"https:\/\/lospoliticosveracruz.com\/index.php?rest_route=%2Fwp%2Fv2%2Fcategories&post=76145"},{"taxonomy":"post_tag","embeddable":true,"href":"https:\/\/lospoliticosveracruz.com\/index.php?rest_route=%2Fwp%2Fv2%2Ftags&post=76145"}],"curies":[{"name":"wp","href":"https:\/\/api.w.org\/{rel}","templated":true}]}}