{"id":76148,"date":"2021-06-30T08:49:43","date_gmt":"2021-06-30T13:49:43","guid":{"rendered":"http:\/\/www.lospoliticosveracruz.com.mx\/?p=76148"},"modified":"2021-06-30T08:49:48","modified_gmt":"2021-06-30T13:49:48","slug":"vacilante-y-letal-el-covid-19","status":"publish","type":"post","link":"https:\/\/lospoliticosveracruz.com\/?p=76148","title":{"rendered":"Vacilante y letal el Covid-19"},"content":{"rendered":"\n<p><strong>Ignacio Alvarez<\/strong><\/p>\n\n\n\n<p><em>Pluma Negra<br><\/em><\/p>\n\n\n\n<p>La alerta sanitaria por el Covid en Veracruz sufri\u00f3 alteraciones que generaron p\u00e1nico entre la poblaci\u00f3n en las \u00faltimas 24 horas y es que el propio titular de Salud, Roberto Ramos Alor difundi\u00f3 que la variante Delta estaba en Veracruz, sin embargo, 24 horas m\u00e1s tarde, asegur\u00f3 que no dijo lo que dijo o que lo malinterpretaron, por lo pronto, el p\u00e1nico provoc\u00f3 mas tensi\u00f3n de la normal.<\/p>\n\n\n\n<div class=\"wp-block-image\"><figure class=\"alignleft size-large is-resized\"><a href=\"http:\/\/www.lospoliticosveracruz.com.mx\/wp-content\/uploads\/2021\/06\/Musicos.png\"><img loading=\"lazy\" decoding=\"async\" src=\"http:\/\/www.lospoliticosveracruz.com.mx\/wp-content\/uploads\/2021\/06\/Musicos.png\" alt=\"\" class=\"wp-image-76033\" width=\"389\" height=\"233\"\/><\/a><\/figure><\/div>\n\n\n\n<p><br>Corren versiones de personal de Salud y del IMSS que el Covid arreci\u00f3 su presencia aunque con menos impactos mortales, en redes sociales y en radio bemba se habla de que cada centro de hospitalario reporta al menos 10 casos de contagio diario, lo que no significa que sean mortales y se desconoce si se integran a las cifras oficiales.<br>Lo cierto es que se complic\u00f3 el regreso a las clases presenciales en todos los niveles, en Coatzacoalcos, en las oficinas de Catastro Municipal de plano decidieron el cierre temporal ante los casos de contagio registrados en ese espacio de la burocracia.<br>Mientras que en el palacio municipal de Xalapa, existen quejas de personal administrativo en relaci\u00f3n a que no se les permite acudir a los m\u00f3dulos de vacunaci\u00f3n para las personas entre 40 y 49 a\u00f1os de edad.<br>Al corte de este martes, Veracruz reporta 64 mil 791 casos, de los cuales 10 mil 91 no superaron la crisis y perdieron la vida. Y aunque la vacuna ya alcanz\u00f3 a las personas de 40 a\u00f1os de edad, resulta que una tercera parte de los contagiados pertenecen al rango de entre 35 y 39 a\u00f1os.<br>A ciencia cierta, ahora se desconoce qu\u00e9 tipo de variantes de la pandemia se encuentran en Veracruz, lo cierto es que existen rebrotes y cada vez hay v\u00edctimas de menos edad.<\/p>\n\n\n\n<div class=\"wp-block-image\"><figure class=\"alignleft size-large is-resized\"><a href=\"http:\/\/www.lospoliticosveracruz.com.mx\/wp-content\/uploads\/2021\/06\/Rostros.png\"><img loading=\"lazy\" decoding=\"async\" src=\"http:\/\/www.lospoliticosveracruz.com.mx\/wp-content\/uploads\/2021\/06\/Rostros.png\" alt=\"\" class=\"wp-image-76034\" width=\"389\" height=\"233\"\/><\/a><\/figure><\/div>\n\n\n\n<p><strong>Sin Fuerza por M\u00e9xico<\/strong><\/p>\n\n\n\n<p>Lo que sucede con la dirigencia nacional de Fuerza por M\u00e9xico resulta hasta patol\u00f3gico, porque s\u00f3lo ellos se creen el teatro de que en Veracruz siguen dando la pelea para salvar el registro a nivel nacional, fueron el resto de los estados lo que no respondieron.<br>Como es sabido por todos, el viernes pasado, la Regional Xalapa del Tribunal Electoral del Poder Judicial de la Federaci\u00f3n (TEPJF) desecharon los medios de impugnaci\u00f3n presentados por los Partidos Fuerza por M\u00e9xico (FxM) y Encuentro Solidario (PES), en contra de los resultados y la entrega de la constancia de mayor\u00eda a los candidatos que resultaron ganadores en nueve distritos federales de Veracruz.<br>Lo anterior, al declararse la falta de personalidad jur\u00eddica para presentar los juicios de inconformidad, la falta de firma aut\u00f3grafa en las demandas o la extemporaneidad con la que las interpusieron -fuera del plazo de cuatro d\u00edas-, relativos a las Diputaciones Federales.<br>Ante tal situaci\u00f3n, este lunes el dirigente nacional estuvo en Xalapa para hacer la pantomima de que se trabaja en las impugnaciones, cuando la realidad es que por esa causa ya no hay mucho qu\u00e9 hacer . Gerardo Islas y su partido a nivel nacional son un muerto insepulto, aunque se empe\u00f1en en hacer creer que tienen alguna posibilidad de salvar el pellejo.<br>La designaci\u00f3n de Islas Maldonado y su terquedad de imponer a Jacky Garcia en la dirigencia estatal tendr\u00e1n un costo muy elevado para la franquicia de Pedro Haces, quien inexplicablemente sigue creyendo en ambos personajes que resultaron unos aut\u00e9nticos fen\u00f3meno en eso de desaparecer partidos. Primero Nueva Alianza y ahora Fuerza por M\u00e9xico.<br>Pedro Haces tambi\u00e9n es responsable de esta calamidad, pues fue condescendiente al dejar que Gerardo Islas manejara el negocio a pesar de todas las advertencias que tuvo respecto a su p\u00e9simo desempe\u00f1o y, a esto hay que agregarle que el manejo financiero del partido tambi\u00e9n est\u00e1 en entredicho. En una de esos el ahijado termina en el fresco bote. Ya veremos.<\/p>\n","protected":false},"excerpt":{"rendered":"<p>Ignacio Alvarez Pluma Negra La alerta sanitaria por el Covid en Veracruz sufri\u00f3 alteraciones que generaron p\u00e1nico entre la poblaci\u00f3n en las \u00faltimas 24 horas y es que el propio titular de Salud, Roberto Ramos Alor difundi\u00f3 que la variante Delta estaba en Veracruz, sin embargo, 24 horas m\u00e1s tarde, asegur\u00f3 que no dijo lo [&hellip;]<\/p>\n","protected":false},"author":2,"featured_media":0,"comment_status":"closed","ping_status":"closed","sticky":false,"template":"","format":"standard","meta":{"tdm_status":"","tdm_grid_status":"","footnotes":""},"categories":[70],"tags":[17829,26616,28674,1208,29143,9200,12606,14196,12731,19347,195,96],"class_list":{"0":"post-76148","1":"post","2":"type-post","3":"status-publish","4":"format-standard","6":"category-de-opinion","7":"tag-covid","8":"tag-gerardo-islas","9":"tag-ignacio-alvarez","10":"tag-imss","11":"tag-jacky-garcia-2","12":"tag-poder-judicial-de-la-federacion","13":"tag-roberto-ramos-alor","14":"tag-tepjf","15":"tag-tribunal-electoral","16":"tag-vacunacion","17":"tag-veracruz","18":"tag-xalapa"},"yoast_head":"<!-- This site is optimized with the Yoast SEO plugin v27.4 - https:\/\/yoast.com\/product\/yoast-seo-wordpress\/ -->\n<title>Vacilante y letal el Covid-19 - Los pol\u00edticos Veracruz<\/title>\n<meta name=\"robots\" content=\"index, follow, max-snippet:-1, max-image-preview:large, max-video-preview:-1\" \/>\n<link rel=\"canonical\" href=\"https:\/\/lospoliticosveracruz.com\/?p=76148\" \/>\n<meta property=\"og:locale\" content=\"es_ES\" \/>\n<meta property=\"og:type\" content=\"article\" \/>\n<meta property=\"og:title\" content=\"Vacilante y letal el Covid-19 - Los pol\u00edticos Veracruz\" \/>\n<meta property=\"og:description\" content=\"Ignacio Alvarez Pluma Negra La alerta sanitaria por el Covid en Veracruz sufri\u00f3 alteraciones que generaron p\u00e1nico entre la poblaci\u00f3n en las \u00faltimas 24 horas y es que el propio titular de Salud, Roberto Ramos Alor difundi\u00f3 que la variante Delta estaba en Veracruz, sin embargo, 24 horas m\u00e1s tarde, asegur\u00f3 que no dijo lo [&hellip;]\" \/>\n<meta property=\"og:url\" content=\"https:\/\/lospoliticosveracruz.com\/?p=76148\" \/>\n<meta property=\"og:site_name\" content=\"Los pol\u00edticos Veracruz\" \/>\n<meta property=\"article:publisher\" content=\"https:\/\/www.facebook.com\/people\/Notimemes-de-los-Polticos\/61565672886568\/\" \/>\n<meta property=\"article:published_time\" content=\"2021-06-30T13:49:43+00:00\" \/>\n<meta property=\"article:modified_time\" content=\"2021-06-30T13:49:48+00:00\" \/>\n<meta property=\"og:image\" content=\"http:\/\/www.lospoliticosveracruz.com.mx\/wp-content\/uploads\/2021\/06\/Musicos.png\" \/>\n<meta name=\"author\" content=\"Lo viste en Los Pol\u00edticos\" \/>\n<meta name=\"twitter:card\" content=\"summary_large_image\" \/>\n<meta name=\"twitter:creator\" content=\"@LosPoliticosVer\" \/>\n<meta name=\"twitter:site\" content=\"@LosPoliticosVer\" \/>\n<meta name=\"twitter:label1\" content=\"Escrito por\" \/>\n\t<meta name=\"twitter:data1\" content=\"Lo viste en Los Pol\u00edticos\" \/>\n\t<meta name=\"twitter:label2\" content=\"Tiempo de lectura\" \/>\n\t<meta name=\"twitter:data2\" content=\"3 minutos\" \/>\n<script type=\"application\/ld+json\" class=\"yoast-schema-graph\">{\"@context\":\"https:\\\/\\\/schema.org\",\"@graph\":[{\"@type\":\"Article\",\"@id\":\"https:\\\/\\\/lospoliticosveracruz.com\\\/?p=76148#article\",\"isPartOf\":{\"@id\":\"https:\\\/\\\/lospoliticosveracruz.com\\\/?p=76148\"},\"author\":{\"name\":\"Lo viste en Los Pol\u00edticos\",\"@id\":\"https:\\\/\\\/lospoliticosveracruz.com\\\/#\\\/schema\\\/person\\\/b8702bb0e538456e6efd07080bf2a4a2\"},\"headline\":\"Vacilante y letal el Covid-19\",\"datePublished\":\"2021-06-30T13:49:43+00:00\",\"dateModified\":\"2021-06-30T13:49:48+00:00\",\"mainEntityOfPage\":{\"@id\":\"https:\\\/\\\/lospoliticosveracruz.com\\\/?p=76148\"},\"wordCount\":656,\"publisher\":{\"@id\":\"https:\\\/\\\/lospoliticosveracruz.com\\\/#organization\"},\"image\":{\"@id\":\"https:\\\/\\\/lospoliticosveracruz.com\\\/?p=76148#primaryimage\"},\"thumbnailUrl\":\"http:\\\/\\\/www.lospoliticosveracruz.com.mx\\\/wp-content\\\/uploads\\\/2021\\\/06\\\/Musicos.png\",\"keywords\":[\"Covid\",\"Gerardo Islas\",\"Ignacio Alvarez\",\"IMSS\",\"Jacky Garcia\",\"Poder Judicial de la Federaci\u00f3n\",\"Roberto Ramos Alor\",\"TEPJF\",\"Tribunal Electoral\",\"Vacunaci\u00f3n\",\"Veracruz\",\"Xalapa\"],\"articleSection\":[\"De Opini\u00f3n\"],\"inLanguage\":\"es\"},{\"@type\":\"WebPage\",\"@id\":\"https:\\\/\\\/lospoliticosveracruz.com\\\/?p=76148\",\"url\":\"https:\\\/\\\/lospoliticosveracruz.com\\\/?p=76148\",\"name\":\"Vacilante y letal el Covid-19 - Los pol\u00edticos Veracruz\",\"isPartOf\":{\"@id\":\"https:\\\/\\\/lospoliticosveracruz.com\\\/#website\"},\"primaryImageOfPage\":{\"@id\":\"https:\\\/\\\/lospoliticosveracruz.com\\\/?p=76148#primaryimage\"},\"image\":{\"@id\":\"https:\\\/\\\/lospoliticosveracruz.com\\\/?p=76148#primaryimage\"},\"thumbnailUrl\":\"http:\\\/\\\/www.lospoliticosveracruz.com.mx\\\/wp-content\\\/uploads\\\/2021\\\/06\\\/Musicos.png\",\"datePublished\":\"2021-06-30T13:49:43+00:00\",\"dateModified\":\"2021-06-30T13:49:48+00:00\",\"breadcrumb\":{\"@id\":\"https:\\\/\\\/lospoliticosveracruz.com\\\/?p=76148#breadcrumb\"},\"inLanguage\":\"es\",\"potentialAction\":[{\"@type\":\"ReadAction\",\"target\":[\"https:\\\/\\\/lospoliticosveracruz.com\\\/?p=76148\"]}]},{\"@type\":\"ImageObject\",\"inLanguage\":\"es\",\"@id\":\"https:\\\/\\\/lospoliticosveracruz.com\\\/?p=76148#primaryimage\",\"url\":\"http:\\\/\\\/www.lospoliticosveracruz.com.mx\\\/wp-content\\\/uploads\\\/2021\\\/06\\\/Musicos.png\",\"contentUrl\":\"http:\\\/\\\/www.lospoliticosveracruz.com.mx\\\/wp-content\\\/uploads\\\/2021\\\/06\\\/Musicos.png\"},{\"@type\":\"BreadcrumbList\",\"@id\":\"https:\\\/\\\/lospoliticosveracruz.com\\\/?p=76148#breadcrumb\",\"itemListElement\":[{\"@type\":\"ListItem\",\"position\":1,\"name\":\"Portada\",\"item\":\"https:\\\/\\\/lospoliticosveracruz.com\\\/\"},{\"@type\":\"ListItem\",\"position\":2,\"name\":\"Vacilante y letal el Covid-19\"}]},{\"@type\":\"WebSite\",\"@id\":\"https:\\\/\\\/lospoliticosveracruz.com\\\/#website\",\"url\":\"https:\\\/\\\/lospoliticosveracruz.com\\\/\",\"name\":\"Los pol\u00edticos Veracruz\",\"description\":\"\",\"publisher\":{\"@id\":\"https:\\\/\\\/lospoliticosveracruz.com\\\/#organization\"},\"potentialAction\":[{\"@type\":\"SearchAction\",\"target\":{\"@type\":\"EntryPoint\",\"urlTemplate\":\"https:\\\/\\\/lospoliticosveracruz.com\\\/?s={search_term_string}\"},\"query-input\":{\"@type\":\"PropertyValueSpecification\",\"valueRequired\":true,\"valueName\":\"search_term_string\"}}],\"inLanguage\":\"es\"},{\"@type\":\"Organization\",\"@id\":\"https:\\\/\\\/lospoliticosveracruz.com\\\/#organization\",\"name\":\"Los pol\u00edticos Veracruz\",\"url\":\"https:\\\/\\\/lospoliticosveracruz.com\\\/\",\"logo\":{\"@type\":\"ImageObject\",\"inLanguage\":\"es\",\"@id\":\"https:\\\/\\\/lospoliticosveracruz.com\\\/#\\\/schema\\\/logo\\\/image\\\/\",\"url\":\"https:\\\/\\\/lospoliticosveracruz.com\\\/wp-content\\\/uploads\\\/2025\\\/12\\\/Logo-Nuevo-LOS-POLITICOS-1.jpg\",\"contentUrl\":\"https:\\\/\\\/lospoliticosveracruz.com\\\/wp-content\\\/uploads\\\/2025\\\/12\\\/Logo-Nuevo-LOS-POLITICOS-1.jpg\",\"width\":260,\"height\":70,\"caption\":\"Los pol\u00edticos Veracruz\"},\"image\":{\"@id\":\"https:\\\/\\\/lospoliticosveracruz.com\\\/#\\\/schema\\\/logo\\\/image\\\/\"},\"sameAs\":[\"https:\\\/\\\/www.facebook.com\\\/people\\\/Notimemes-de-los-Polticos\\\/61565672886568\\\/\",\"https:\\\/\\\/x.com\\\/LosPoliticosVer\"]},{\"@type\":\"Person\",\"@id\":\"https:\\\/\\\/lospoliticosveracruz.com\\\/#\\\/schema\\\/person\\\/b8702bb0e538456e6efd07080bf2a4a2\",\"name\":\"Lo viste en Los Pol\u00edticos\",\"image\":{\"@type\":\"ImageObject\",\"inLanguage\":\"es\",\"@id\":\"https:\\\/\\\/secure.gravatar.com\\\/avatar\\\/3a8de04a2656d44082be478bd6c086daa447c4651605818287b9532d3d0bd435?s=96&d=mm&r=g\",\"url\":\"https:\\\/\\\/secure.gravatar.com\\\/avatar\\\/3a8de04a2656d44082be478bd6c086daa447c4651605818287b9532d3d0bd435?s=96&d=mm&r=g\",\"contentUrl\":\"https:\\\/\\\/secure.gravatar.com\\\/avatar\\\/3a8de04a2656d44082be478bd6c086daa447c4651605818287b9532d3d0bd435?s=96&d=mm&r=g\",\"caption\":\"Lo viste en Los Pol\u00edticos\"},\"url\":\"https:\\\/\\\/lospoliticosveracruz.com\\\/?author=2\"}]}<\/script>\n<!-- \/ Yoast SEO plugin. -->","yoast_head_json":{"title":"Vacilante y letal el Covid-19 - Los pol\u00edticos Veracruz","robots":{"index":"index","follow":"follow","max-snippet":"max-snippet:-1","max-image-preview":"max-image-preview:large","max-video-preview":"max-video-preview:-1"},"canonical":"https:\/\/lospoliticosveracruz.com\/?p=76148","og_locale":"es_ES","og_type":"article","og_title":"Vacilante y letal el Covid-19 - Los pol\u00edticos Veracruz","og_description":"Ignacio Alvarez Pluma Negra La alerta sanitaria por el Covid en Veracruz sufri\u00f3 alteraciones que generaron p\u00e1nico entre la poblaci\u00f3n en las \u00faltimas 24 horas y es que el propio titular de Salud, Roberto Ramos Alor difundi\u00f3 que la variante Delta estaba en Veracruz, sin embargo, 24 horas m\u00e1s tarde, asegur\u00f3 que no dijo lo [&hellip;]","og_url":"https:\/\/lospoliticosveracruz.com\/?p=76148","og_site_name":"Los pol\u00edticos Veracruz","article_publisher":"https:\/\/www.facebook.com\/people\/Notimemes-de-los-Polticos\/61565672886568\/","article_published_time":"2021-06-30T13:49:43+00:00","article_modified_time":"2021-06-30T13:49:48+00:00","og_image":[{"url":"http:\/\/www.lospoliticosveracruz.com.mx\/wp-content\/uploads\/2021\/06\/Musicos.png","type":"","width":"","height":""}],"author":"Lo viste en Los Pol\u00edticos","twitter_card":"summary_large_image","twitter_creator":"@LosPoliticosVer","twitter_site":"@LosPoliticosVer","twitter_misc":{"Escrito por":"Lo viste en Los Pol\u00edticos","Tiempo de lectura":"3 minutos"},"schema":{"@context":"https:\/\/schema.org","@graph":[{"@type":"Article","@id":"https:\/\/lospoliticosveracruz.com\/?p=76148#article","isPartOf":{"@id":"https:\/\/lospoliticosveracruz.com\/?p=76148"},"author":{"name":"Lo viste en Los Pol\u00edticos","@id":"https:\/\/lospoliticosveracruz.com\/#\/schema\/person\/b8702bb0e538456e6efd07080bf2a4a2"},"headline":"Vacilante y letal el Covid-19","datePublished":"2021-06-30T13:49:43+00:00","dateModified":"2021-06-30T13:49:48+00:00","mainEntityOfPage":{"@id":"https:\/\/lospoliticosveracruz.com\/?p=76148"},"wordCount":656,"publisher":{"@id":"https:\/\/lospoliticosveracruz.com\/#organization"},"image":{"@id":"https:\/\/lospoliticosveracruz.com\/?p=76148#primaryimage"},"thumbnailUrl":"http:\/\/www.lospoliticosveracruz.com.mx\/wp-content\/uploads\/2021\/06\/Musicos.png","keywords":["Covid","Gerardo Islas","Ignacio Alvarez","IMSS","Jacky Garcia","Poder Judicial de la Federaci\u00f3n","Roberto Ramos Alor","TEPJF","Tribunal Electoral","Vacunaci\u00f3n","Veracruz","Xalapa"],"articleSection":["De Opini\u00f3n"],"inLanguage":"es"},{"@type":"WebPage","@id":"https:\/\/lospoliticosveracruz.com\/?p=76148","url":"https:\/\/lospoliticosveracruz.com\/?p=76148","name":"Vacilante y letal el Covid-19 - Los pol\u00edticos Veracruz","isPartOf":{"@id":"https:\/\/lospoliticosveracruz.com\/#website"},"primaryImageOfPage":{"@id":"https:\/\/lospoliticosveracruz.com\/?p=76148#primaryimage"},"image":{"@id":"https:\/\/lospoliticosveracruz.com\/?p=76148#primaryimage"},"thumbnailUrl":"http:\/\/www.lospoliticosveracruz.com.mx\/wp-content\/uploads\/2021\/06\/Musicos.png","datePublished":"2021-06-30T13:49:43+00:00","dateModified":"2021-06-30T13:49:48+00:00","breadcrumb":{"@id":"https:\/\/lospoliticosveracruz.com\/?p=76148#breadcrumb"},"inLanguage":"es","potentialAction":[{"@type":"ReadAction","target":["https:\/\/lospoliticosveracruz.com\/?p=76148"]}]},{"@type":"ImageObject","inLanguage":"es","@id":"https:\/\/lospoliticosveracruz.com\/?p=76148#primaryimage","url":"http:\/\/www.lospoliticosveracruz.com.mx\/wp-content\/uploads\/2021\/06\/Musicos.png","contentUrl":"http:\/\/www.lospoliticosveracruz.com.mx\/wp-content\/uploads\/2021\/06\/Musicos.png"},{"@type":"BreadcrumbList","@id":"https:\/\/lospoliticosveracruz.com\/?p=76148#breadcrumb","itemListElement":[{"@type":"ListItem","position":1,"name":"Portada","item":"https:\/\/lospoliticosveracruz.com\/"},{"@type":"ListItem","position":2,"name":"Vacilante y letal el Covid-19"}]},{"@type":"WebSite","@id":"https:\/\/lospoliticosveracruz.com\/#website","url":"https:\/\/lospoliticosveracruz.com\/","name":"Los pol\u00edticos Veracruz","description":"","publisher":{"@id":"https:\/\/lospoliticosveracruz.com\/#organization"},"potentialAction":[{"@type":"SearchAction","target":{"@type":"EntryPoint","urlTemplate":"https:\/\/lospoliticosveracruz.com\/?s={search_term_string}"},"query-input":{"@type":"PropertyValueSpecification","valueRequired":true,"valueName":"search_term_string"}}],"inLanguage":"es"},{"@type":"Organization","@id":"https:\/\/lospoliticosveracruz.com\/#organization","name":"Los pol\u00edticos Veracruz","url":"https:\/\/lospoliticosveracruz.com\/","logo":{"@type":"ImageObject","inLanguage":"es","@id":"https:\/\/lospoliticosveracruz.com\/#\/schema\/logo\/image\/","url":"https:\/\/lospoliticosveracruz.com\/wp-content\/uploads\/2025\/12\/Logo-Nuevo-LOS-POLITICOS-1.jpg","contentUrl":"https:\/\/lospoliticosveracruz.com\/wp-content\/uploads\/2025\/12\/Logo-Nuevo-LOS-POLITICOS-1.jpg","width":260,"height":70,"caption":"Los pol\u00edticos Veracruz"},"image":{"@id":"https:\/\/lospoliticosveracruz.com\/#\/schema\/logo\/image\/"},"sameAs":["https:\/\/www.facebook.com\/people\/Notimemes-de-los-Polticos\/61565672886568\/","https:\/\/x.com\/LosPoliticosVer"]},{"@type":"Person","@id":"https:\/\/lospoliticosveracruz.com\/#\/schema\/person\/b8702bb0e538456e6efd07080bf2a4a2","name":"Lo viste en Los Pol\u00edticos","image":{"@type":"ImageObject","inLanguage":"es","@id":"https:\/\/secure.gravatar.com\/avatar\/3a8de04a2656d44082be478bd6c086daa447c4651605818287b9532d3d0bd435?s=96&d=mm&r=g","url":"https:\/\/secure.gravatar.com\/avatar\/3a8de04a2656d44082be478bd6c086daa447c4651605818287b9532d3d0bd435?s=96&d=mm&r=g","contentUrl":"https:\/\/secure.gravatar.com\/avatar\/3a8de04a2656d44082be478bd6c086daa447c4651605818287b9532d3d0bd435?s=96&d=mm&r=g","caption":"Lo viste en Los Pol\u00edticos"},"url":"https:\/\/lospoliticosveracruz.com\/?author=2"}]}},"_links":{"self":[{"href":"https:\/\/lospoliticosveracruz.com\/index.php?rest_route=\/wp\/v2\/posts\/76148","targetHints":{"allow":["GET"]}}],"collection":[{"href":"https:\/\/lospoliticosveracruz.com\/index.php?rest_route=\/wp\/v2\/posts"}],"about":[{"href":"https:\/\/lospoliticosveracruz.com\/index.php?rest_route=\/wp\/v2\/types\/post"}],"author":[{"embeddable":true,"href":"https:\/\/lospoliticosveracruz.com\/index.php?rest_route=\/wp\/v2\/users\/2"}],"replies":[{"embeddable":true,"href":"https:\/\/lospoliticosveracruz.com\/index.php?rest_route=%2Fwp%2Fv2%2Fcomments&post=76148"}],"version-history":[{"count":1,"href":"https:\/\/lospoliticosveracruz.com\/index.php?rest_route=\/wp\/v2\/posts\/76148\/revisions"}],"predecessor-version":[{"id":76149,"href":"https:\/\/lospoliticosveracruz.com\/index.php?rest_route=\/wp\/v2\/posts\/76148\/revisions\/76149"}],"wp:attachment":[{"href":"https:\/\/lospoliticosveracruz.com\/index.php?rest_route=%2Fwp%2Fv2%2Fmedia&parent=76148"}],"wp:term":[{"taxonomy":"category","embeddable":true,"href":"https:\/\/lospoliticosveracruz.com\/index.php?rest_route=%2Fwp%2Fv2%2Fcategories&post=76148"},{"taxonomy":"post_tag","embeddable":true,"href":"https:\/\/lospoliticosveracruz.com\/index.php?rest_route=%2Fwp%2Fv2%2Ftags&post=76148"}],"curies":[{"name":"wp","href":"https:\/\/api.w.org\/{rel}","templated":true}]}}