{"id":76156,"date":"2021-06-30T10:25:11","date_gmt":"2021-06-30T15:25:11","guid":{"rendered":"http:\/\/www.lospoliticosveracruz.com.mx\/?p=76156"},"modified":"2021-06-30T10:25:17","modified_gmt":"2021-06-30T15:25:17","slug":"atencion-a-la-salud-mental-de-ninos-desde-escuelas","status":"publish","type":"post","link":"https:\/\/lospoliticosveracruz.com\/?p=76156","title":{"rendered":"Atenci\u00f3n a la salud mental de ni\u00f1os, desde escuelas!"},"content":{"rendered":"\n<p><strong>Xalapa<\/strong><br>Este martes 29 de Junio la diputada Ivonne Trujillo Ortiz present\u00f3 ante el pleno del Congreso de Veracruz una reforma a las leyes de los derechos de ni\u00f1as, ni\u00f1os y adolescentes, de salud y educaci\u00f3n para el Estado de Veracruz.<br>La iniciativa incorpora el derecho a la salud mental de ni\u00f1as, ni\u00f1os y adolescentes como parte de las pol\u00edticas p\u00fablicas educativas y de salud en la entidad.<br>Durante la exposici\u00f3n de motivos la Diputada Ivonne Trujillo dijo que la salud mental es un tema pendiente para la Salud P\u00fablica en cuanto a cobertura, capacidad de los servicios de salud para otorgarla y en ciertas ocasiones aceptaci\u00f3n social para tratarse en dicha rama m\u00e9dica.<br>Agreg\u00f3 que los beneficios adem\u00e1s de un desarrollo integral de la ni\u00f1ez y adolescencia ser\u00edan mejores capacidades intelectuales, emocionales, interrelacionales y por ende un mayor desarrollo social-ciudadano.<br>De acuerdo a cifras de la OMS hasta el a\u00f1o 2016, en M\u00e9xico s\u00f3lo existen 1.2% oportunidades comunitarias para atender la salud mental. El INEGI en 2017 ten\u00eda contabilizados 4 millones 320 mil menores entre 7 y 14 a\u00f1os con sentimientos de depresi\u00f3n semanal y m\u00e1s de un mill\u00f3n de personas entre 15 y 18 a\u00f1os.<br>Uno de estos des\u00f3rdenes puede ser indicativo de alarma para la salud mental y si no son tratados terminan por da\u00f1ar con mayor profundidad a los menores. En caso de ser alumnos de planteles p\u00fablicos pueden ser atendidos desde sus Centros Escolares.<br>Adem\u00e1s existe una crisis de salud mental infantil a causa de la pandemia por COVID-19 a puesto en jaque a millones de padres, maestros, ni\u00f1os y adolescentes en M\u00e9xico a falta de la convivencia social que no termina de ser aceptada por los menores.<br>Sandro Galea, investigador de los efectos mentales de las grandes emergencias, se\u00f1ala que la actual crisis es un acontecimiento traum\u00e1tico masivo sin precedentes, el cual desencadenar\u00e1 una avalancha de trastornos del \u00e1nimo y de ansiedad en todo el mundo. Por su parte, la Organizaci\u00f3n Mundial de la Salud estima que una de cada cinco personas padecer\u00e1 una afectaci\u00f3n mental: el doble que en circunstancias normales.<br>En M\u00e9xico, el Instituto Nacional de Psiquiatr\u00eda \u00abDr. Ram\u00f3n de la Fuente Mu\u00f1iz\u00bb, catalog\u00f3 al confinamiento como una situaci\u00f3n de estr\u00e9s alto. Reporta que, debido a la crisis, el cerebro puede permanecer en un estado de alerta similar a la respuesta que se obtendr\u00eda si estuviera en riesgo inminente. Un ni\u00f1o constantemente estresado no estar\u00e1 enfocado en aprender. Incluso, pueden inhibirse capacidades y habilidades importantes para su desarrollo.<br>A partir de los mencionados datos, es pertinente plantear que la atenci\u00f3n inicial y breve de la salud mental comience en las escuelas. La atenci\u00f3n a la salud mental de los menores tiene desenlaces positivos que les proporcionan condiciones psicol\u00f3gicas que le permiten afrontar de mejor manera la vida.<br>Por tal motivo minimizar los problemas psicol\u00f3gicos mejora el desarrollo psicocial y emocional, as\u00ed mismo la identificaci\u00f3n temprana de problemas ayuda a canalizarlos a servicios de salud especializados en caso de ser necesarios abatiendo el problema oportunamente.<br>Al proponerlo en escuelas se convierte en un mecanismo que permite un mejor desarrollo de las comunidades por ende reducir los problemas que hacen inseguras a nuestras ni\u00f1as, ni\u00f1os y adolescentes.<br>De esta manera les proporcionaremos una mejor calidad de vida a la ni\u00f1ez de Veracruz.<\/p>\n\n\n\n<figure class=\"wp-block-image size-large\"><a href=\"http:\/\/www.lospoliticosveracruz.com.mx\/wp-content\/uploads\/2021\/06\/Musicos.png\"><img decoding=\"async\" src=\"http:\/\/www.lospoliticosveracruz.com.mx\/wp-content\/uploads\/2021\/06\/Musicos.png\" alt=\"\" class=\"wp-image-76033\"\/><\/a><\/figure>\n","protected":false},"excerpt":{"rendered":"<p>XalapaEste martes 29 de Junio la diputada Ivonne Trujillo Ortiz present\u00f3 ante el pleno del Congreso de Veracruz una reforma a las leyes de los derechos de ni\u00f1as, ni\u00f1os y adolescentes, de salud y educaci\u00f3n para el Estado de Veracruz.La iniciativa incorpora el derecho a la salud mental de ni\u00f1as, ni\u00f1os y adolescentes como parte [&hellip;]<\/p>\n","protected":false},"author":2,"featured_media":0,"comment_status":"closed","ping_status":"closed","sticky":false,"template":"","format":"standard","meta":{"tdm_status":"","tdm_grid_status":"","footnotes":""},"categories":[73],"tags":[29149,28998,13408,396],"class_list":{"0":"post-76156","1":"post","2":"type-post","3":"status-publish","4":"format-standard","6":"category-de-boleto","7":"tag-derecho-a-la-salud-mental","8":"tag-derechos-de-la-infancia","9":"tag-ivonne-trujillo-ortiz","10":"tag-reformas"},"yoast_head":"<!-- This site is optimized with the Yoast SEO plugin v27.4 - https:\/\/yoast.com\/product\/yoast-seo-wordpress\/ -->\n<title>Atenci\u00f3n a la salud mental de ni\u00f1os, desde escuelas! - Los pol\u00edticos Veracruz<\/title>\n<meta name=\"robots\" content=\"index, follow, max-snippet:-1, max-image-preview:large, max-video-preview:-1\" \/>\n<link rel=\"canonical\" href=\"https:\/\/lospoliticosveracruz.com\/?p=76156\" \/>\n<meta property=\"og:locale\" content=\"es_ES\" \/>\n<meta property=\"og:type\" content=\"article\" \/>\n<meta property=\"og:title\" content=\"Atenci\u00f3n a la salud mental de ni\u00f1os, desde escuelas! - Los pol\u00edticos Veracruz\" \/>\n<meta property=\"og:description\" content=\"XalapaEste martes 29 de Junio la diputada Ivonne Trujillo Ortiz present\u00f3 ante el pleno del Congreso de Veracruz una reforma a las leyes de los derechos de ni\u00f1as, ni\u00f1os y adolescentes, de salud y educaci\u00f3n para el Estado de Veracruz.La iniciativa incorpora el derecho a la salud mental de ni\u00f1as, ni\u00f1os y adolescentes como parte [&hellip;]\" \/>\n<meta property=\"og:url\" content=\"https:\/\/lospoliticosveracruz.com\/?p=76156\" \/>\n<meta property=\"og:site_name\" content=\"Los pol\u00edticos Veracruz\" \/>\n<meta property=\"article:publisher\" content=\"https:\/\/www.facebook.com\/people\/Notimemes-de-los-Polticos\/61565672886568\/\" \/>\n<meta property=\"article:published_time\" content=\"2021-06-30T15:25:11+00:00\" \/>\n<meta property=\"article:modified_time\" content=\"2021-06-30T15:25:17+00:00\" \/>\n<meta property=\"og:image\" content=\"http:\/\/www.lospoliticosveracruz.com.mx\/wp-content\/uploads\/2021\/06\/Musicos.png\" \/>\n<meta name=\"author\" content=\"Lo viste en Los Pol\u00edticos\" \/>\n<meta name=\"twitter:card\" content=\"summary_large_image\" \/>\n<meta name=\"twitter:creator\" content=\"@LosPoliticosVer\" \/>\n<meta name=\"twitter:site\" content=\"@LosPoliticosVer\" \/>\n<meta name=\"twitter:label1\" content=\"Escrito por\" \/>\n\t<meta name=\"twitter:data1\" content=\"Lo viste en Los Pol\u00edticos\" \/>\n\t<meta name=\"twitter:label2\" content=\"Tiempo de lectura\" \/>\n\t<meta name=\"twitter:data2\" content=\"3 minutos\" \/>\n<script type=\"application\/ld+json\" class=\"yoast-schema-graph\">{\"@context\":\"https:\\\/\\\/schema.org\",\"@graph\":[{\"@type\":\"Article\",\"@id\":\"https:\\\/\\\/lospoliticosveracruz.com\\\/?p=76156#article\",\"isPartOf\":{\"@id\":\"https:\\\/\\\/lospoliticosveracruz.com\\\/?p=76156\"},\"author\":{\"name\":\"Lo viste en Los Pol\u00edticos\",\"@id\":\"https:\\\/\\\/lospoliticosveracruz.com\\\/#\\\/schema\\\/person\\\/b8702bb0e538456e6efd07080bf2a4a2\"},\"headline\":\"Atenci\u00f3n a la salud mental de ni\u00f1os, desde escuelas!\",\"datePublished\":\"2021-06-30T15:25:11+00:00\",\"dateModified\":\"2021-06-30T15:25:17+00:00\",\"mainEntityOfPage\":{\"@id\":\"https:\\\/\\\/lospoliticosveracruz.com\\\/?p=76156\"},\"wordCount\":598,\"publisher\":{\"@id\":\"https:\\\/\\\/lospoliticosveracruz.com\\\/#organization\"},\"image\":{\"@id\":\"https:\\\/\\\/lospoliticosveracruz.com\\\/?p=76156#primaryimage\"},\"thumbnailUrl\":\"http:\\\/\\\/www.lospoliticosveracruz.com.mx\\\/wp-content\\\/uploads\\\/2021\\\/06\\\/Musicos.png\",\"keywords\":[\"derecho a la salud mental\",\"derechos de la infancia\",\"Ivonne Trujillo Ortiz\",\"Reformas\"],\"articleSection\":[\"De Boleto\"],\"inLanguage\":\"es\"},{\"@type\":\"WebPage\",\"@id\":\"https:\\\/\\\/lospoliticosveracruz.com\\\/?p=76156\",\"url\":\"https:\\\/\\\/lospoliticosveracruz.com\\\/?p=76156\",\"name\":\"Atenci\u00f3n a la salud mental de ni\u00f1os, desde escuelas! - Los pol\u00edticos Veracruz\",\"isPartOf\":{\"@id\":\"https:\\\/\\\/lospoliticosveracruz.com\\\/#website\"},\"primaryImageOfPage\":{\"@id\":\"https:\\\/\\\/lospoliticosveracruz.com\\\/?p=76156#primaryimage\"},\"image\":{\"@id\":\"https:\\\/\\\/lospoliticosveracruz.com\\\/?p=76156#primaryimage\"},\"thumbnailUrl\":\"http:\\\/\\\/www.lospoliticosveracruz.com.mx\\\/wp-content\\\/uploads\\\/2021\\\/06\\\/Musicos.png\",\"datePublished\":\"2021-06-30T15:25:11+00:00\",\"dateModified\":\"2021-06-30T15:25:17+00:00\",\"breadcrumb\":{\"@id\":\"https:\\\/\\\/lospoliticosveracruz.com\\\/?p=76156#breadcrumb\"},\"inLanguage\":\"es\",\"potentialAction\":[{\"@type\":\"ReadAction\",\"target\":[\"https:\\\/\\\/lospoliticosveracruz.com\\\/?p=76156\"]}]},{\"@type\":\"ImageObject\",\"inLanguage\":\"es\",\"@id\":\"https:\\\/\\\/lospoliticosveracruz.com\\\/?p=76156#primaryimage\",\"url\":\"http:\\\/\\\/www.lospoliticosveracruz.com.mx\\\/wp-content\\\/uploads\\\/2021\\\/06\\\/Musicos.png\",\"contentUrl\":\"http:\\\/\\\/www.lospoliticosveracruz.com.mx\\\/wp-content\\\/uploads\\\/2021\\\/06\\\/Musicos.png\"},{\"@type\":\"BreadcrumbList\",\"@id\":\"https:\\\/\\\/lospoliticosveracruz.com\\\/?p=76156#breadcrumb\",\"itemListElement\":[{\"@type\":\"ListItem\",\"position\":1,\"name\":\"Portada\",\"item\":\"https:\\\/\\\/lospoliticosveracruz.com\\\/\"},{\"@type\":\"ListItem\",\"position\":2,\"name\":\"Atenci\u00f3n a la salud mental de ni\u00f1os, desde escuelas!\"}]},{\"@type\":\"WebSite\",\"@id\":\"https:\\\/\\\/lospoliticosveracruz.com\\\/#website\",\"url\":\"https:\\\/\\\/lospoliticosveracruz.com\\\/\",\"name\":\"Los pol\u00edticos Veracruz\",\"description\":\"\",\"publisher\":{\"@id\":\"https:\\\/\\\/lospoliticosveracruz.com\\\/#organization\"},\"potentialAction\":[{\"@type\":\"SearchAction\",\"target\":{\"@type\":\"EntryPoint\",\"urlTemplate\":\"https:\\\/\\\/lospoliticosveracruz.com\\\/?s={search_term_string}\"},\"query-input\":{\"@type\":\"PropertyValueSpecification\",\"valueRequired\":true,\"valueName\":\"search_term_string\"}}],\"inLanguage\":\"es\"},{\"@type\":\"Organization\",\"@id\":\"https:\\\/\\\/lospoliticosveracruz.com\\\/#organization\",\"name\":\"Los pol\u00edticos Veracruz\",\"url\":\"https:\\\/\\\/lospoliticosveracruz.com\\\/\",\"logo\":{\"@type\":\"ImageObject\",\"inLanguage\":\"es\",\"@id\":\"https:\\\/\\\/lospoliticosveracruz.com\\\/#\\\/schema\\\/logo\\\/image\\\/\",\"url\":\"https:\\\/\\\/lospoliticosveracruz.com\\\/wp-content\\\/uploads\\\/2025\\\/12\\\/Logo-Nuevo-LOS-POLITICOS-1.jpg\",\"contentUrl\":\"https:\\\/\\\/lospoliticosveracruz.com\\\/wp-content\\\/uploads\\\/2025\\\/12\\\/Logo-Nuevo-LOS-POLITICOS-1.jpg\",\"width\":260,\"height\":70,\"caption\":\"Los pol\u00edticos Veracruz\"},\"image\":{\"@id\":\"https:\\\/\\\/lospoliticosveracruz.com\\\/#\\\/schema\\\/logo\\\/image\\\/\"},\"sameAs\":[\"https:\\\/\\\/www.facebook.com\\\/people\\\/Notimemes-de-los-Polticos\\\/61565672886568\\\/\",\"https:\\\/\\\/x.com\\\/LosPoliticosVer\"]},{\"@type\":\"Person\",\"@id\":\"https:\\\/\\\/lospoliticosveracruz.com\\\/#\\\/schema\\\/person\\\/b8702bb0e538456e6efd07080bf2a4a2\",\"name\":\"Lo viste en Los Pol\u00edticos\",\"image\":{\"@type\":\"ImageObject\",\"inLanguage\":\"es\",\"@id\":\"https:\\\/\\\/secure.gravatar.com\\\/avatar\\\/3a8de04a2656d44082be478bd6c086daa447c4651605818287b9532d3d0bd435?s=96&d=mm&r=g\",\"url\":\"https:\\\/\\\/secure.gravatar.com\\\/avatar\\\/3a8de04a2656d44082be478bd6c086daa447c4651605818287b9532d3d0bd435?s=96&d=mm&r=g\",\"contentUrl\":\"https:\\\/\\\/secure.gravatar.com\\\/avatar\\\/3a8de04a2656d44082be478bd6c086daa447c4651605818287b9532d3d0bd435?s=96&d=mm&r=g\",\"caption\":\"Lo viste en Los Pol\u00edticos\"},\"url\":\"https:\\\/\\\/lospoliticosveracruz.com\\\/?author=2\"}]}<\/script>\n<!-- \/ Yoast SEO plugin. -->","yoast_head_json":{"title":"Atenci\u00f3n a la salud mental de ni\u00f1os, desde escuelas! - Los pol\u00edticos Veracruz","robots":{"index":"index","follow":"follow","max-snippet":"max-snippet:-1","max-image-preview":"max-image-preview:large","max-video-preview":"max-video-preview:-1"},"canonical":"https:\/\/lospoliticosveracruz.com\/?p=76156","og_locale":"es_ES","og_type":"article","og_title":"Atenci\u00f3n a la salud mental de ni\u00f1os, desde escuelas! - Los pol\u00edticos Veracruz","og_description":"XalapaEste martes 29 de Junio la diputada Ivonne Trujillo Ortiz present\u00f3 ante el pleno del Congreso de Veracruz una reforma a las leyes de los derechos de ni\u00f1as, ni\u00f1os y adolescentes, de salud y educaci\u00f3n para el Estado de Veracruz.La iniciativa incorpora el derecho a la salud mental de ni\u00f1as, ni\u00f1os y adolescentes como parte [&hellip;]","og_url":"https:\/\/lospoliticosveracruz.com\/?p=76156","og_site_name":"Los pol\u00edticos Veracruz","article_publisher":"https:\/\/www.facebook.com\/people\/Notimemes-de-los-Polticos\/61565672886568\/","article_published_time":"2021-06-30T15:25:11+00:00","article_modified_time":"2021-06-30T15:25:17+00:00","og_image":[{"url":"http:\/\/www.lospoliticosveracruz.com.mx\/wp-content\/uploads\/2021\/06\/Musicos.png","type":"","width":"","height":""}],"author":"Lo viste en Los Pol\u00edticos","twitter_card":"summary_large_image","twitter_creator":"@LosPoliticosVer","twitter_site":"@LosPoliticosVer","twitter_misc":{"Escrito por":"Lo viste en Los Pol\u00edticos","Tiempo de lectura":"3 minutos"},"schema":{"@context":"https:\/\/schema.org","@graph":[{"@type":"Article","@id":"https:\/\/lospoliticosveracruz.com\/?p=76156#article","isPartOf":{"@id":"https:\/\/lospoliticosveracruz.com\/?p=76156"},"author":{"name":"Lo viste en Los Pol\u00edticos","@id":"https:\/\/lospoliticosveracruz.com\/#\/schema\/person\/b8702bb0e538456e6efd07080bf2a4a2"},"headline":"Atenci\u00f3n a la salud mental de ni\u00f1os, desde escuelas!","datePublished":"2021-06-30T15:25:11+00:00","dateModified":"2021-06-30T15:25:17+00:00","mainEntityOfPage":{"@id":"https:\/\/lospoliticosveracruz.com\/?p=76156"},"wordCount":598,"publisher":{"@id":"https:\/\/lospoliticosveracruz.com\/#organization"},"image":{"@id":"https:\/\/lospoliticosveracruz.com\/?p=76156#primaryimage"},"thumbnailUrl":"http:\/\/www.lospoliticosveracruz.com.mx\/wp-content\/uploads\/2021\/06\/Musicos.png","keywords":["derecho a la salud mental","derechos de la infancia","Ivonne Trujillo Ortiz","Reformas"],"articleSection":["De Boleto"],"inLanguage":"es"},{"@type":"WebPage","@id":"https:\/\/lospoliticosveracruz.com\/?p=76156","url":"https:\/\/lospoliticosveracruz.com\/?p=76156","name":"Atenci\u00f3n a la salud mental de ni\u00f1os, desde escuelas! - Los pol\u00edticos Veracruz","isPartOf":{"@id":"https:\/\/lospoliticosveracruz.com\/#website"},"primaryImageOfPage":{"@id":"https:\/\/lospoliticosveracruz.com\/?p=76156#primaryimage"},"image":{"@id":"https:\/\/lospoliticosveracruz.com\/?p=76156#primaryimage"},"thumbnailUrl":"http:\/\/www.lospoliticosveracruz.com.mx\/wp-content\/uploads\/2021\/06\/Musicos.png","datePublished":"2021-06-30T15:25:11+00:00","dateModified":"2021-06-30T15:25:17+00:00","breadcrumb":{"@id":"https:\/\/lospoliticosveracruz.com\/?p=76156#breadcrumb"},"inLanguage":"es","potentialAction":[{"@type":"ReadAction","target":["https:\/\/lospoliticosveracruz.com\/?p=76156"]}]},{"@type":"ImageObject","inLanguage":"es","@id":"https:\/\/lospoliticosveracruz.com\/?p=76156#primaryimage","url":"http:\/\/www.lospoliticosveracruz.com.mx\/wp-content\/uploads\/2021\/06\/Musicos.png","contentUrl":"http:\/\/www.lospoliticosveracruz.com.mx\/wp-content\/uploads\/2021\/06\/Musicos.png"},{"@type":"BreadcrumbList","@id":"https:\/\/lospoliticosveracruz.com\/?p=76156#breadcrumb","itemListElement":[{"@type":"ListItem","position":1,"name":"Portada","item":"https:\/\/lospoliticosveracruz.com\/"},{"@type":"ListItem","position":2,"name":"Atenci\u00f3n a la salud mental de ni\u00f1os, desde escuelas!"}]},{"@type":"WebSite","@id":"https:\/\/lospoliticosveracruz.com\/#website","url":"https:\/\/lospoliticosveracruz.com\/","name":"Los pol\u00edticos Veracruz","description":"","publisher":{"@id":"https:\/\/lospoliticosveracruz.com\/#organization"},"potentialAction":[{"@type":"SearchAction","target":{"@type":"EntryPoint","urlTemplate":"https:\/\/lospoliticosveracruz.com\/?s={search_term_string}"},"query-input":{"@type":"PropertyValueSpecification","valueRequired":true,"valueName":"search_term_string"}}],"inLanguage":"es"},{"@type":"Organization","@id":"https:\/\/lospoliticosveracruz.com\/#organization","name":"Los pol\u00edticos Veracruz","url":"https:\/\/lospoliticosveracruz.com\/","logo":{"@type":"ImageObject","inLanguage":"es","@id":"https:\/\/lospoliticosveracruz.com\/#\/schema\/logo\/image\/","url":"https:\/\/lospoliticosveracruz.com\/wp-content\/uploads\/2025\/12\/Logo-Nuevo-LOS-POLITICOS-1.jpg","contentUrl":"https:\/\/lospoliticosveracruz.com\/wp-content\/uploads\/2025\/12\/Logo-Nuevo-LOS-POLITICOS-1.jpg","width":260,"height":70,"caption":"Los pol\u00edticos Veracruz"},"image":{"@id":"https:\/\/lospoliticosveracruz.com\/#\/schema\/logo\/image\/"},"sameAs":["https:\/\/www.facebook.com\/people\/Notimemes-de-los-Polticos\/61565672886568\/","https:\/\/x.com\/LosPoliticosVer"]},{"@type":"Person","@id":"https:\/\/lospoliticosveracruz.com\/#\/schema\/person\/b8702bb0e538456e6efd07080bf2a4a2","name":"Lo viste en Los Pol\u00edticos","image":{"@type":"ImageObject","inLanguage":"es","@id":"https:\/\/secure.gravatar.com\/avatar\/3a8de04a2656d44082be478bd6c086daa447c4651605818287b9532d3d0bd435?s=96&d=mm&r=g","url":"https:\/\/secure.gravatar.com\/avatar\/3a8de04a2656d44082be478bd6c086daa447c4651605818287b9532d3d0bd435?s=96&d=mm&r=g","contentUrl":"https:\/\/secure.gravatar.com\/avatar\/3a8de04a2656d44082be478bd6c086daa447c4651605818287b9532d3d0bd435?s=96&d=mm&r=g","caption":"Lo viste en Los Pol\u00edticos"},"url":"https:\/\/lospoliticosveracruz.com\/?author=2"}]}},"_links":{"self":[{"href":"https:\/\/lospoliticosveracruz.com\/index.php?rest_route=\/wp\/v2\/posts\/76156","targetHints":{"allow":["GET"]}}],"collection":[{"href":"https:\/\/lospoliticosveracruz.com\/index.php?rest_route=\/wp\/v2\/posts"}],"about":[{"href":"https:\/\/lospoliticosveracruz.com\/index.php?rest_route=\/wp\/v2\/types\/post"}],"author":[{"embeddable":true,"href":"https:\/\/lospoliticosveracruz.com\/index.php?rest_route=\/wp\/v2\/users\/2"}],"replies":[{"embeddable":true,"href":"https:\/\/lospoliticosveracruz.com\/index.php?rest_route=%2Fwp%2Fv2%2Fcomments&post=76156"}],"version-history":[{"count":1,"href":"https:\/\/lospoliticosveracruz.com\/index.php?rest_route=\/wp\/v2\/posts\/76156\/revisions"}],"predecessor-version":[{"id":76158,"href":"https:\/\/lospoliticosveracruz.com\/index.php?rest_route=\/wp\/v2\/posts\/76156\/revisions\/76158"}],"wp:attachment":[{"href":"https:\/\/lospoliticosveracruz.com\/index.php?rest_route=%2Fwp%2Fv2%2Fmedia&parent=76156"}],"wp:term":[{"taxonomy":"category","embeddable":true,"href":"https:\/\/lospoliticosveracruz.com\/index.php?rest_route=%2Fwp%2Fv2%2Fcategories&post=76156"},{"taxonomy":"post_tag","embeddable":true,"href":"https:\/\/lospoliticosveracruz.com\/index.php?rest_route=%2Fwp%2Fv2%2Ftags&post=76156"}],"curies":[{"name":"wp","href":"https:\/\/api.w.org\/{rel}","templated":true}]}}