{"id":76164,"date":"2021-06-30T12:24:25","date_gmt":"2021-06-30T17:24:25","guid":{"rendered":"http:\/\/www.lospoliticosveracruz.com.mx\/?p=76164"},"modified":"2021-06-30T12:24:30","modified_gmt":"2021-06-30T17:24:30","slug":"ejercer-el-poder-esto-es-lo-que-sigue","status":"publish","type":"post","link":"https:\/\/lospoliticosveracruz.com\/?p=76164","title":{"rendered":"Ejercer el poder: esto es lo que sigue"},"content":{"rendered":"\n<p><\/p>\n\n\n\n<p><strong>M\u00f3nica Mendoza Madrigal<\/strong><\/p>\n\n\n\n<p><em>LaAgendaDeLasMujeres<\/em><\/p>\n\n\n\n<p><\/p>\n\n\n\n<p>A casi un mes de ocurridas las elecciones, las lecturas que se derivan de los resultados exigen ir mucho m\u00e1s all\u00e1 del vaiv\u00e9n de las cifras generadas y del simple juego del vencedor y los vencidos.<br>Hay lecciones que las urnas env\u00edan para que sean procesadas y ejecutadas, como el supremo mandamiento de un electorado que va marcando el rumbo.<\/p>\n\n\n\n<div class=\"wp-block-image\"><figure class=\"alignleft size-large is-resized\"><a href=\"http:\/\/www.lospoliticosveracruz.com.mx\/wp-content\/uploads\/2021\/06\/Musicos.png\"><img loading=\"lazy\" decoding=\"async\" src=\"http:\/\/www.lospoliticosveracruz.com.mx\/wp-content\/uploads\/2021\/06\/Musicos.png\" alt=\"\" class=\"wp-image-76033\" width=\"389\" height=\"233\"\/><\/a><\/figure><\/div>\n\n\n\n<p><br>Si bien no podemos afirmar que el resultado de la elecci\u00f3n se deba \u00fanicamente a la participaci\u00f3n ciudadana -porque es imposible voltear para otro lado y no mirar la m\u00faltiple comisi\u00f3n de pr\u00e1cticas a\u00f1ejas que a todos los vientos se grit\u00f3 que hab\u00edan sido desterradas y que hoy operaron para un nuevo patr\u00f3n con los mismos de siempre-, s\u00ed es necesario saber interpretar los mensajes que cada resultado significa.<br>El poder lo ejerce quien lo tiene. Y cuando lo tiene todo, pues lo ejerce absolutamente y eso fue lo que sucedi\u00f3. Es un viejo fen\u00f3meno que en teor\u00eda pol\u00edtica se llama Elecci\u00f3n de Estado y que consiste en que quien tiene las fichas las juega a su favor, como lo hemos vivido antes y como lo vivimos ahora.<br>El tema es que cuando se concentra tanto poder no queda demasiado lugar para los equilibrios. Lo que se vivi\u00f3 en este caso fue la clara resultante de la falta de una oposici\u00f3n s\u00f3lida que hiciera contrapesos y que, cuando finalmente logr\u00f3 sumar fuerzas para constituirse en una alianza, no hubo tiempo para comunicar en qu\u00e9 consist\u00eda y en la pr\u00e1ctica gener\u00f3 m\u00e1s confusi\u00f3n que certezas.<br>As\u00ed que la primera lecci\u00f3n del 6 de junio es recordar aquello que Paul Lazarsfeld nos ense\u00f1\u00f3 desde 1940: \u201clas campa\u00f1as se ganan en los per\u00edodos intercampa\u00f1as\u201d. As\u00ed que desde este momento cada acci\u00f3n pol\u00edtica, p\u00fablica y de gobierno deber\u00e1 ser comunicada para incidir en la psique colectiva e ir construyendo un andamiaje de memoria que alcance para el siguiente proceso electoral, que est\u00e1 ya a la vuelta de la esquina.<br>Sobre c\u00f3mo comunicar creo que de plano deber\u00e9 escribir una columna espec\u00edfica, porque en la campa\u00f1a las y los candidatos nos dejaron ver lo poco o nada que entienden sobre la comunicaci\u00f3n pol\u00edtica y especialmente sobre las redes sociales; sin embargo, solo dir\u00e9 que la forma como comunicaron en la mayor\u00eda de los casos, es proporcional al resultado que obtuvieron.<\/p>\n\n\n\n<div class=\"wp-block-image\"><figure class=\"alignleft size-large is-resized\"><a href=\"http:\/\/www.lospoliticosveracruz.com.mx\/wp-content\/uploads\/2021\/06\/Rostros.png\"><img loading=\"lazy\" decoding=\"async\" src=\"http:\/\/www.lospoliticosveracruz.com.mx\/wp-content\/uploads\/2021\/06\/Rostros.png\" alt=\"\" class=\"wp-image-76034\" width=\"389\" height=\"233\"\/><\/a><\/figure><\/div>\n\n\n\n<p><br>Hay otro aspecto que s\u00ed signific\u00f3 un cambio espec\u00edfico y definitivo en esta campa\u00f1a y que quedar\u00e1 para lo subsecuente: la paridad.<br>Aun cuando no podemos decir que la llegada de m\u00e1s mujeres a las posiciones de poder sea un triunfo de todas ni que sea una inclusi\u00f3n que nos beneficie per se, es indudable que el hecho de haber tenido a tantas mujeres, participando como candidatas por la mitad de los cargos en disputa, fue en s\u00ed mismo un logro que hace que el largo camino recorrido hasta llegar a la paridad total haya valido la pena.<br>En el \u00e1mbito legislativo federal las leyes que garantizan la paridad permitieron nivelar la integraci\u00f3n, porque luego de que m\u00e1s hombres obtuvieran esca\u00f1os por el principio de mayor\u00eda relativa, se equilibr\u00f3 esa desproporci\u00f3n con las posiciones plurinominales, lo que permitir\u00e1 que finalmente la siguiente C\u00e1mara de Diputados tenga 246 mujeres, lo que significa el 1% de incremento respecto del n\u00famero que hay en la presente Legislatura federal.<br>Por lo que respecta a los congresos locales, en 10 de 32 habr\u00e1 m\u00e1s mujeres diputadas que hombres. En el caso de Veracruz, las leyes locales establecen la facultad para que el \u00f3rgano electoral nivele la integraci\u00f3n para garantizar la paridad, por lo que a\u00fan estamos a la espera de conocer c\u00f3mo se har\u00e1 el ajuste una vez que los conteos distritales que est\u00e1n en proceso concluyan.<br>Pero una cosa es que los tiempos postelectorales deban seguir su curso de desahogo y otra es que las activistas de la sociedad civil no estemos atentas y d\u00e1ndole el puntual seguimiento al estricto apego legal que deber\u00e1 seguirse en este caso, porque la paridad no es una concesi\u00f3n ni una moneda de cambio. Es la ley, y la ley se cumple.<br>En cuanto a las gubernaturas, habr\u00e1 seis nuevas mandatarias estatales, lo que es m\u00e1s de la mitad de las que hasta ahora ha habido en toda la historia de este pa\u00eds, as\u00ed que solo por el n\u00famero hemos de reconocer que el impulso a la paridad arroj\u00f3 resultados significativos.<br>Pero no en todos los casos la paridad en candidaturas se tradujo en una mayor representaci\u00f3n pol\u00edtica de las mujeres.<br>Aunque todav\u00eda no hay cifras globales finales por los procesos de impugnaci\u00f3n y c\u00f3mputo que a nivel local se realizan en los \u00f3rganos electorales, es posible observar que el \u00e1mbito en donde lamentablemente no hubo un avance en la participaci\u00f3n pol\u00edtica de las mujeres es en el municipal, espec\u00edficamente en lo que a la elecci\u00f3n de presidentas municipales se refiere, porque para sus cabildos, al ser integrados por representaci\u00f3n proporcional, se aplican los criterios de garant\u00eda paritaria antes descritos.<br>Una muestra de este retroceso es lo ocurrido en Veracruz, en donde obtuvieron el triunfo mujeres en 48 de los 212 municipios veracruzanos, disminuyendo en 11 el n\u00famero de las que actualmente gobiernan. Vale aqu\u00ed la pena se\u00f1alar que estos municipios que ser\u00e1n gobernados por mujeres \u2013salvo en tres casos\u2013 reproducen una constante que expertas de la talla de Alejandra Massolo y Dalia Barrera Bassols (+) se\u00f1alaron en su amplio trabajo documental al respecto: no es posible medir la incidencia de la acci\u00f3n pol\u00edtica de las mujeres gobernando municipios, porque lo hacen en municipios peque\u00f1os, con escaso presupuesto.<br>As\u00ed que en lo local no hay avances en materia de paridad que registrar y m\u00e1s bien habr\u00eda que indagar porqu\u00e9 la ciudadan\u00eda no vota por mujeres para estar al frente de sus municipios.<br>En este punto radica lo que claramente debe ser la segunda gran lecci\u00f3n a aprender luego de la elecci\u00f3n: hay que fortalecer los liderazgos locales.<br>Creo profundamente que el momento actual no tiene marcha atr\u00e1s, as\u00ed que cada mujer que milite en un partido pol\u00edtico debe exigir el otorgamiento del 3 por ciento de presupuesto etiquetado para capacitaci\u00f3n, y las que no lo hacen pero tienen una representaci\u00f3n local deben tender puentes s\u00f3lidos con las organizaciones de mujeres que han logrado empujar una agenda y hacerse presentes ah\u00ed a donde el gobierno no llega.<br>Las redes de apoyo, las escuelas de cuadros, la formaci\u00f3n comunitaria deben ser ya la hoja de ruta para que mujeres reales accedan al poder y no lo hagan muchas de las que hoy contendieron e incluso ganaron como las esposas, las hijas, las hermanas de los hombres que las impulsaron, cuyos puestos deber\u00edan ser ocupados por mujeres con trayectoria y m\u00e9ritos propios.<br>Es momento de ser estrat\u00e9gicas y unir esfuerzos.<br>Hace tiempo escuch\u00e9 a una diputada federal decir que si en este Congreso no se hubiera conformado el Grupo Plural por la Igualdad Sustantiva, reformas fundamentales como las de paridad y violencia pol\u00edtica -entre otras- simplemente jam\u00e1s habr\u00edan sido aprobadas. Se requiri\u00f3 superar los separatismos partidistas y entender que dentro de los poderes las mujeres siguen siendo relegadas en la toma de decisiones por sus pares de partido. As\u00ed que la \u00fanica forma de defender sus iniciativas e impulsar una agenda es consolidando un bloque de mujeres al interior de los \u00f3rganos que pueda realmente ser contrapeso de las inercias mis\u00f3ginas de los poderes pol\u00edticos.<br>Esto, por ejemplo, en Veracruz no pudo lograrse.<br>Es tiempo de que las nuevas diputadas, las nuevas presidentas municipales, las nuevas s\u00edndicas, las nuevas regidoras, asuman que solo ser\u00e1n fuertes en la medida en la que se mantengan unidas. Desde ya hay que ir constituyendo una agenda de Congresos Violeta, Cabildos Violeta, Ediles violeta. Vaya reto, cuando el mito patriarcal de \u201cjuntas, ni difuntas\u201d las hace sucumbir ante una estratagema que lo que busca es romper lazos para su conveniencia.<br>Ah\u00ed es indispensable entender la tercera y \u00faltima lecci\u00f3n de la elecci\u00f3n: el poder real no puede seguir siendo de los hombres.<br>Hay que impulsar la igualdad sustantiva para que tambi\u00e9n sea paritaria la integraci\u00f3n tanto de las mesas directivas de los \u00f3rganos legislativos, como las juntas de Coordinaci\u00f3n Pol\u00edtica, que son los verdaderos epicentros donde se toman las decisiones y que a nivel federal y local fueron encabezados por hombres durante toda la Legislatura, pese a haber tenido por primera vez congresos paritarios.<br>Pero no con mujeres de ornato, sino por mujeres que ejerzan el poder. Ah\u00ed es donde hay que incidir, porque son esas instancias las que definen qu\u00e9 iniciativas pasan y cu\u00e1les son las que se aprueban, rengl\u00f3n que merece una revisi\u00f3n puntual m\u00e1s all\u00e1 de las apariencias, porque ah\u00ed es en donde persisten los mayores rezagos patriarcales.<br>Al respecto, quiero insistir en un aspecto que es medular y que puede llegar a ser la \u00fanica alternativa real de las mujeres en cargos de representaci\u00f3n: mantenerse unidas.<br>Esto es lo que sigue.<\/p>\n\n\n\n<p>@MonicaMendozaM<\/p>\n","protected":false},"excerpt":{"rendered":"<p>M\u00f3nica Mendoza Madrigal LaAgendaDeLasMujeres A casi un mes de ocurridas las elecciones, las lecturas que se derivan de los resultados exigen ir mucho m\u00e1s all\u00e1 del vaiv\u00e9n de las cifras generadas y del simple juego del vencedor y los vencidos.Hay lecciones que las urnas env\u00edan para que sean procesadas y ejecutadas, como el supremo mandamiento [&hellip;]<\/p>\n","protected":false},"author":2,"featured_media":0,"comment_status":"closed","ping_status":"closed","sticky":false,"template":"","format":"standard","meta":{"tdm_status":"","tdm_grid_status":"","footnotes":""},"categories":[70],"tags":[2661,29150,721,29151,13921,4842,1817,25280,29152],"class_list":{"0":"post-76164","1":"post","2":"type-post","3":"status-publish","4":"format-standard","6":"category-de-opinion","7":"tag-camara-de-diputados","8":"tag-eleccion-de-estado","9":"tag-elecciones","10":"tag-legislatura-federal","11":"tag-monica-mendoza-madrigal","12":"tag-paridad","13":"tag-plurinominales","14":"tag-representacion-politica","15":"tag-tiempos-postelectorales"},"yoast_head":"<!-- This site is optimized with the Yoast SEO plugin v27.4 - https:\/\/yoast.com\/product\/yoast-seo-wordpress\/ -->\n<title>Ejercer el poder: esto es lo que sigue - Los pol\u00edticos Veracruz<\/title>\n<meta name=\"robots\" content=\"index, follow, max-snippet:-1, max-image-preview:large, max-video-preview:-1\" \/>\n<link rel=\"canonical\" href=\"https:\/\/lospoliticosveracruz.com\/?p=76164\" \/>\n<meta property=\"og:locale\" content=\"es_ES\" \/>\n<meta property=\"og:type\" content=\"article\" \/>\n<meta property=\"og:title\" content=\"Ejercer el poder: esto es lo que sigue - Los pol\u00edticos Veracruz\" \/>\n<meta property=\"og:description\" content=\"M\u00f3nica Mendoza Madrigal LaAgendaDeLasMujeres A casi un mes de ocurridas las elecciones, las lecturas que se derivan de los resultados exigen ir mucho m\u00e1s all\u00e1 del vaiv\u00e9n de las cifras generadas y del simple juego del vencedor y los vencidos.Hay lecciones que las urnas env\u00edan para que sean procesadas y ejecutadas, como el supremo mandamiento [&hellip;]\" \/>\n<meta property=\"og:url\" content=\"https:\/\/lospoliticosveracruz.com\/?p=76164\" \/>\n<meta property=\"og:site_name\" content=\"Los pol\u00edticos Veracruz\" \/>\n<meta property=\"article:publisher\" content=\"https:\/\/www.facebook.com\/people\/Notimemes-de-los-Polticos\/61565672886568\/\" \/>\n<meta property=\"article:published_time\" content=\"2021-06-30T17:24:25+00:00\" \/>\n<meta property=\"article:modified_time\" content=\"2021-06-30T17:24:30+00:00\" \/>\n<meta property=\"og:image\" content=\"http:\/\/www.lospoliticosveracruz.com.mx\/wp-content\/uploads\/2021\/06\/Musicos.png\" \/>\n<meta name=\"author\" content=\"Lo viste en Los Pol\u00edticos\" \/>\n<meta name=\"twitter:card\" content=\"summary_large_image\" \/>\n<meta name=\"twitter:creator\" content=\"@LosPoliticosVer\" \/>\n<meta name=\"twitter:site\" content=\"@LosPoliticosVer\" \/>\n<meta name=\"twitter:label1\" content=\"Escrito por\" \/>\n\t<meta name=\"twitter:data1\" content=\"Lo viste en Los Pol\u00edticos\" \/>\n\t<meta name=\"twitter:label2\" content=\"Tiempo de lectura\" \/>\n\t<meta name=\"twitter:data2\" content=\"8 minutos\" \/>\n<script type=\"application\/ld+json\" class=\"yoast-schema-graph\">{\"@context\":\"https:\\\/\\\/schema.org\",\"@graph\":[{\"@type\":\"Article\",\"@id\":\"https:\\\/\\\/lospoliticosveracruz.com\\\/?p=76164#article\",\"isPartOf\":{\"@id\":\"https:\\\/\\\/lospoliticosveracruz.com\\\/?p=76164\"},\"author\":{\"name\":\"Lo viste en Los Pol\u00edticos\",\"@id\":\"https:\\\/\\\/lospoliticosveracruz.com\\\/#\\\/schema\\\/person\\\/b8702bb0e538456e6efd07080bf2a4a2\"},\"headline\":\"Ejercer el poder: esto es lo que sigue\",\"datePublished\":\"2021-06-30T17:24:25+00:00\",\"dateModified\":\"2021-06-30T17:24:30+00:00\",\"mainEntityOfPage\":{\"@id\":\"https:\\\/\\\/lospoliticosveracruz.com\\\/?p=76164\"},\"wordCount\":1592,\"publisher\":{\"@id\":\"https:\\\/\\\/lospoliticosveracruz.com\\\/#organization\"},\"image\":{\"@id\":\"https:\\\/\\\/lospoliticosveracruz.com\\\/?p=76164#primaryimage\"},\"thumbnailUrl\":\"http:\\\/\\\/www.lospoliticosveracruz.com.mx\\\/wp-content\\\/uploads\\\/2021\\\/06\\\/Musicos.png\",\"keywords\":[\"C\u00e1mara de Diputados\",\"Elecci\u00f3n de Estado\",\"elecciones\",\"Legislatura federal\",\"M\u00f3nica Mendoza Madrigal\",\"paridad\",\"plurinominales\",\"representaci\u00f3n pol\u00edtica\",\"tiempos postelectorales\"],\"articleSection\":[\"De Opini\u00f3n\"],\"inLanguage\":\"es\"},{\"@type\":\"WebPage\",\"@id\":\"https:\\\/\\\/lospoliticosveracruz.com\\\/?p=76164\",\"url\":\"https:\\\/\\\/lospoliticosveracruz.com\\\/?p=76164\",\"name\":\"Ejercer el poder: esto es lo que sigue - Los pol\u00edticos Veracruz\",\"isPartOf\":{\"@id\":\"https:\\\/\\\/lospoliticosveracruz.com\\\/#website\"},\"primaryImageOfPage\":{\"@id\":\"https:\\\/\\\/lospoliticosveracruz.com\\\/?p=76164#primaryimage\"},\"image\":{\"@id\":\"https:\\\/\\\/lospoliticosveracruz.com\\\/?p=76164#primaryimage\"},\"thumbnailUrl\":\"http:\\\/\\\/www.lospoliticosveracruz.com.mx\\\/wp-content\\\/uploads\\\/2021\\\/06\\\/Musicos.png\",\"datePublished\":\"2021-06-30T17:24:25+00:00\",\"dateModified\":\"2021-06-30T17:24:30+00:00\",\"breadcrumb\":{\"@id\":\"https:\\\/\\\/lospoliticosveracruz.com\\\/?p=76164#breadcrumb\"},\"inLanguage\":\"es\",\"potentialAction\":[{\"@type\":\"ReadAction\",\"target\":[\"https:\\\/\\\/lospoliticosveracruz.com\\\/?p=76164\"]}]},{\"@type\":\"ImageObject\",\"inLanguage\":\"es\",\"@id\":\"https:\\\/\\\/lospoliticosveracruz.com\\\/?p=76164#primaryimage\",\"url\":\"http:\\\/\\\/www.lospoliticosveracruz.com.mx\\\/wp-content\\\/uploads\\\/2021\\\/06\\\/Musicos.png\",\"contentUrl\":\"http:\\\/\\\/www.lospoliticosveracruz.com.mx\\\/wp-content\\\/uploads\\\/2021\\\/06\\\/Musicos.png\"},{\"@type\":\"BreadcrumbList\",\"@id\":\"https:\\\/\\\/lospoliticosveracruz.com\\\/?p=76164#breadcrumb\",\"itemListElement\":[{\"@type\":\"ListItem\",\"position\":1,\"name\":\"Portada\",\"item\":\"https:\\\/\\\/lospoliticosveracruz.com\\\/\"},{\"@type\":\"ListItem\",\"position\":2,\"name\":\"Ejercer el poder: esto es lo que sigue\"}]},{\"@type\":\"WebSite\",\"@id\":\"https:\\\/\\\/lospoliticosveracruz.com\\\/#website\",\"url\":\"https:\\\/\\\/lospoliticosveracruz.com\\\/\",\"name\":\"Los pol\u00edticos Veracruz\",\"description\":\"\",\"publisher\":{\"@id\":\"https:\\\/\\\/lospoliticosveracruz.com\\\/#organization\"},\"potentialAction\":[{\"@type\":\"SearchAction\",\"target\":{\"@type\":\"EntryPoint\",\"urlTemplate\":\"https:\\\/\\\/lospoliticosveracruz.com\\\/?s={search_term_string}\"},\"query-input\":{\"@type\":\"PropertyValueSpecification\",\"valueRequired\":true,\"valueName\":\"search_term_string\"}}],\"inLanguage\":\"es\"},{\"@type\":\"Organization\",\"@id\":\"https:\\\/\\\/lospoliticosveracruz.com\\\/#organization\",\"name\":\"Los pol\u00edticos Veracruz\",\"url\":\"https:\\\/\\\/lospoliticosveracruz.com\\\/\",\"logo\":{\"@type\":\"ImageObject\",\"inLanguage\":\"es\",\"@id\":\"https:\\\/\\\/lospoliticosveracruz.com\\\/#\\\/schema\\\/logo\\\/image\\\/\",\"url\":\"https:\\\/\\\/lospoliticosveracruz.com\\\/wp-content\\\/uploads\\\/2025\\\/12\\\/Logo-Nuevo-LOS-POLITICOS-1.jpg\",\"contentUrl\":\"https:\\\/\\\/lospoliticosveracruz.com\\\/wp-content\\\/uploads\\\/2025\\\/12\\\/Logo-Nuevo-LOS-POLITICOS-1.jpg\",\"width\":260,\"height\":70,\"caption\":\"Los pol\u00edticos Veracruz\"},\"image\":{\"@id\":\"https:\\\/\\\/lospoliticosveracruz.com\\\/#\\\/schema\\\/logo\\\/image\\\/\"},\"sameAs\":[\"https:\\\/\\\/www.facebook.com\\\/people\\\/Notimemes-de-los-Polticos\\\/61565672886568\\\/\",\"https:\\\/\\\/x.com\\\/LosPoliticosVer\"]},{\"@type\":\"Person\",\"@id\":\"https:\\\/\\\/lospoliticosveracruz.com\\\/#\\\/schema\\\/person\\\/b8702bb0e538456e6efd07080bf2a4a2\",\"name\":\"Lo viste en Los Pol\u00edticos\",\"image\":{\"@type\":\"ImageObject\",\"inLanguage\":\"es\",\"@id\":\"https:\\\/\\\/secure.gravatar.com\\\/avatar\\\/3a8de04a2656d44082be478bd6c086daa447c4651605818287b9532d3d0bd435?s=96&d=mm&r=g\",\"url\":\"https:\\\/\\\/secure.gravatar.com\\\/avatar\\\/3a8de04a2656d44082be478bd6c086daa447c4651605818287b9532d3d0bd435?s=96&d=mm&r=g\",\"contentUrl\":\"https:\\\/\\\/secure.gravatar.com\\\/avatar\\\/3a8de04a2656d44082be478bd6c086daa447c4651605818287b9532d3d0bd435?s=96&d=mm&r=g\",\"caption\":\"Lo viste en Los Pol\u00edticos\"},\"url\":\"https:\\\/\\\/lospoliticosveracruz.com\\\/?author=2\"}]}<\/script>\n<!-- \/ Yoast SEO plugin. -->","yoast_head_json":{"title":"Ejercer el poder: esto es lo que sigue - Los pol\u00edticos Veracruz","robots":{"index":"index","follow":"follow","max-snippet":"max-snippet:-1","max-image-preview":"max-image-preview:large","max-video-preview":"max-video-preview:-1"},"canonical":"https:\/\/lospoliticosveracruz.com\/?p=76164","og_locale":"es_ES","og_type":"article","og_title":"Ejercer el poder: esto es lo que sigue - Los pol\u00edticos Veracruz","og_description":"M\u00f3nica Mendoza Madrigal LaAgendaDeLasMujeres A casi un mes de ocurridas las elecciones, las lecturas que se derivan de los resultados exigen ir mucho m\u00e1s all\u00e1 del vaiv\u00e9n de las cifras generadas y del simple juego del vencedor y los vencidos.Hay lecciones que las urnas env\u00edan para que sean procesadas y ejecutadas, como el supremo mandamiento [&hellip;]","og_url":"https:\/\/lospoliticosveracruz.com\/?p=76164","og_site_name":"Los pol\u00edticos Veracruz","article_publisher":"https:\/\/www.facebook.com\/people\/Notimemes-de-los-Polticos\/61565672886568\/","article_published_time":"2021-06-30T17:24:25+00:00","article_modified_time":"2021-06-30T17:24:30+00:00","og_image":[{"url":"http:\/\/www.lospoliticosveracruz.com.mx\/wp-content\/uploads\/2021\/06\/Musicos.png","type":"","width":"","height":""}],"author":"Lo viste en Los Pol\u00edticos","twitter_card":"summary_large_image","twitter_creator":"@LosPoliticosVer","twitter_site":"@LosPoliticosVer","twitter_misc":{"Escrito por":"Lo viste en Los Pol\u00edticos","Tiempo de lectura":"8 minutos"},"schema":{"@context":"https:\/\/schema.org","@graph":[{"@type":"Article","@id":"https:\/\/lospoliticosveracruz.com\/?p=76164#article","isPartOf":{"@id":"https:\/\/lospoliticosveracruz.com\/?p=76164"},"author":{"name":"Lo viste en Los Pol\u00edticos","@id":"https:\/\/lospoliticosveracruz.com\/#\/schema\/person\/b8702bb0e538456e6efd07080bf2a4a2"},"headline":"Ejercer el poder: esto es lo que sigue","datePublished":"2021-06-30T17:24:25+00:00","dateModified":"2021-06-30T17:24:30+00:00","mainEntityOfPage":{"@id":"https:\/\/lospoliticosveracruz.com\/?p=76164"},"wordCount":1592,"publisher":{"@id":"https:\/\/lospoliticosveracruz.com\/#organization"},"image":{"@id":"https:\/\/lospoliticosveracruz.com\/?p=76164#primaryimage"},"thumbnailUrl":"http:\/\/www.lospoliticosveracruz.com.mx\/wp-content\/uploads\/2021\/06\/Musicos.png","keywords":["C\u00e1mara de Diputados","Elecci\u00f3n de Estado","elecciones","Legislatura federal","M\u00f3nica Mendoza Madrigal","paridad","plurinominales","representaci\u00f3n pol\u00edtica","tiempos postelectorales"],"articleSection":["De Opini\u00f3n"],"inLanguage":"es"},{"@type":"WebPage","@id":"https:\/\/lospoliticosveracruz.com\/?p=76164","url":"https:\/\/lospoliticosveracruz.com\/?p=76164","name":"Ejercer el poder: esto es lo que sigue - Los pol\u00edticos Veracruz","isPartOf":{"@id":"https:\/\/lospoliticosveracruz.com\/#website"},"primaryImageOfPage":{"@id":"https:\/\/lospoliticosveracruz.com\/?p=76164#primaryimage"},"image":{"@id":"https:\/\/lospoliticosveracruz.com\/?p=76164#primaryimage"},"thumbnailUrl":"http:\/\/www.lospoliticosveracruz.com.mx\/wp-content\/uploads\/2021\/06\/Musicos.png","datePublished":"2021-06-30T17:24:25+00:00","dateModified":"2021-06-30T17:24:30+00:00","breadcrumb":{"@id":"https:\/\/lospoliticosveracruz.com\/?p=76164#breadcrumb"},"inLanguage":"es","potentialAction":[{"@type":"ReadAction","target":["https:\/\/lospoliticosveracruz.com\/?p=76164"]}]},{"@type":"ImageObject","inLanguage":"es","@id":"https:\/\/lospoliticosveracruz.com\/?p=76164#primaryimage","url":"http:\/\/www.lospoliticosveracruz.com.mx\/wp-content\/uploads\/2021\/06\/Musicos.png","contentUrl":"http:\/\/www.lospoliticosveracruz.com.mx\/wp-content\/uploads\/2021\/06\/Musicos.png"},{"@type":"BreadcrumbList","@id":"https:\/\/lospoliticosveracruz.com\/?p=76164#breadcrumb","itemListElement":[{"@type":"ListItem","position":1,"name":"Portada","item":"https:\/\/lospoliticosveracruz.com\/"},{"@type":"ListItem","position":2,"name":"Ejercer el poder: esto es lo que sigue"}]},{"@type":"WebSite","@id":"https:\/\/lospoliticosveracruz.com\/#website","url":"https:\/\/lospoliticosveracruz.com\/","name":"Los pol\u00edticos Veracruz","description":"","publisher":{"@id":"https:\/\/lospoliticosveracruz.com\/#organization"},"potentialAction":[{"@type":"SearchAction","target":{"@type":"EntryPoint","urlTemplate":"https:\/\/lospoliticosveracruz.com\/?s={search_term_string}"},"query-input":{"@type":"PropertyValueSpecification","valueRequired":true,"valueName":"search_term_string"}}],"inLanguage":"es"},{"@type":"Organization","@id":"https:\/\/lospoliticosveracruz.com\/#organization","name":"Los pol\u00edticos Veracruz","url":"https:\/\/lospoliticosveracruz.com\/","logo":{"@type":"ImageObject","inLanguage":"es","@id":"https:\/\/lospoliticosveracruz.com\/#\/schema\/logo\/image\/","url":"https:\/\/lospoliticosveracruz.com\/wp-content\/uploads\/2025\/12\/Logo-Nuevo-LOS-POLITICOS-1.jpg","contentUrl":"https:\/\/lospoliticosveracruz.com\/wp-content\/uploads\/2025\/12\/Logo-Nuevo-LOS-POLITICOS-1.jpg","width":260,"height":70,"caption":"Los pol\u00edticos Veracruz"},"image":{"@id":"https:\/\/lospoliticosveracruz.com\/#\/schema\/logo\/image\/"},"sameAs":["https:\/\/www.facebook.com\/people\/Notimemes-de-los-Polticos\/61565672886568\/","https:\/\/x.com\/LosPoliticosVer"]},{"@type":"Person","@id":"https:\/\/lospoliticosveracruz.com\/#\/schema\/person\/b8702bb0e538456e6efd07080bf2a4a2","name":"Lo viste en Los Pol\u00edticos","image":{"@type":"ImageObject","inLanguage":"es","@id":"https:\/\/secure.gravatar.com\/avatar\/3a8de04a2656d44082be478bd6c086daa447c4651605818287b9532d3d0bd435?s=96&d=mm&r=g","url":"https:\/\/secure.gravatar.com\/avatar\/3a8de04a2656d44082be478bd6c086daa447c4651605818287b9532d3d0bd435?s=96&d=mm&r=g","contentUrl":"https:\/\/secure.gravatar.com\/avatar\/3a8de04a2656d44082be478bd6c086daa447c4651605818287b9532d3d0bd435?s=96&d=mm&r=g","caption":"Lo viste en Los Pol\u00edticos"},"url":"https:\/\/lospoliticosveracruz.com\/?author=2"}]}},"_links":{"self":[{"href":"https:\/\/lospoliticosveracruz.com\/index.php?rest_route=\/wp\/v2\/posts\/76164","targetHints":{"allow":["GET"]}}],"collection":[{"href":"https:\/\/lospoliticosveracruz.com\/index.php?rest_route=\/wp\/v2\/posts"}],"about":[{"href":"https:\/\/lospoliticosveracruz.com\/index.php?rest_route=\/wp\/v2\/types\/post"}],"author":[{"embeddable":true,"href":"https:\/\/lospoliticosveracruz.com\/index.php?rest_route=\/wp\/v2\/users\/2"}],"replies":[{"embeddable":true,"href":"https:\/\/lospoliticosveracruz.com\/index.php?rest_route=%2Fwp%2Fv2%2Fcomments&post=76164"}],"version-history":[{"count":1,"href":"https:\/\/lospoliticosveracruz.com\/index.php?rest_route=\/wp\/v2\/posts\/76164\/revisions"}],"predecessor-version":[{"id":76165,"href":"https:\/\/lospoliticosveracruz.com\/index.php?rest_route=\/wp\/v2\/posts\/76164\/revisions\/76165"}],"wp:attachment":[{"href":"https:\/\/lospoliticosveracruz.com\/index.php?rest_route=%2Fwp%2Fv2%2Fmedia&parent=76164"}],"wp:term":[{"taxonomy":"category","embeddable":true,"href":"https:\/\/lospoliticosveracruz.com\/index.php?rest_route=%2Fwp%2Fv2%2Fcategories&post=76164"},{"taxonomy":"post_tag","embeddable":true,"href":"https:\/\/lospoliticosveracruz.com\/index.php?rest_route=%2Fwp%2Fv2%2Ftags&post=76164"}],"curies":[{"name":"wp","href":"https:\/\/api.w.org\/{rel}","templated":true}]}}