{"id":76174,"date":"2021-06-30T16:09:31","date_gmt":"2021-06-30T21:09:31","guid":{"rendered":"http:\/\/www.lospoliticosveracruz.com.mx\/?p=76174"},"modified":"2021-06-30T16:13:53","modified_gmt":"2021-06-30T21:13:53","slug":"el-poder-y-la-responsabilidad-social","status":"publish","type":"post","link":"https:\/\/lospoliticosveracruz.com\/?p=76174","title":{"rendered":"El poder y la responsabilidad social"},"content":{"rendered":"\n<p><strong>Yair Ademar Dom\u00ednguez<\/strong><\/p>\n\n\n\n<p><em>Punto y Coma<\/em><\/p>\n\n\n\n<p>\u201cUn gran poder conlleva una gran responsabilidad\u201d. La frase, que hizo famosa Stan Lee en voz del t\u00edo del joven Peter Parker, El hombre ara\u00f1a, se puede aplicar muy bien a los grandes logros electorales obtenidos recientemente por el Movimiento de Regeneraci\u00f3n Nacional en Veracruz y en todo el pa\u00eds.<br>La idea de esta frase se atribuye tambi\u00e9n al primer ministro del Reino Unido, Wiston Churchill, quien seg\u00fan los registros hist\u00f3ricos dijo en un gran discurso que \u201cdonde hay un gran poder, hay una gran responsabilidad\u201d, al referirse a la participaci\u00f3n de su pa\u00eds en la Segunda Guerra Mundial.<br>As\u00ed, el famoso \u201cPrincipio de Peter Parker\u201d, como ha sido denominada esta frase, nos ilustra perfectamente para se\u00f1alar la gran responsabilidad que lleva en manos MORENA para continuar con la transformaci\u00f3n que inici\u00f3 el presidente Andr\u00e9s Manuel L\u00f3pez Obrador y que cada d\u00eda se va consolidando.<br>La fuerza de este movimiento social hist\u00f3rico se encuentra en un parteaguas por el inter\u00e9s de quienes pretenden regresar a m\u00e1s de lo mismo o por quienes creemos que este pa\u00eds necesita ir hacia adelante, dando vuelta a la hoja de la historia que tanto da\u00f1o ha causado a los mexicanos.<br>Junto a las definiciones del mapa pol\u00edtico cameral, desde donde los legisladores de MORENA seguir\u00e1n impulsando las transformaciones de nuestro Presidente, poco a poco se va cocinando tambi\u00e9n la consulta popular para implementar el juicio a los expresidentes, para castigar el agravio hist\u00f3rico que ha sufrido nuestro pa\u00eds.<br>Esa consulta, como lo se\u00f1alamos recientemente, llevar\u00e1 a juicio a los ex mandatarios Carlos Salinas de Gortari (1988-1994), Ernesto Zedillo (1994-2000), Vicente Fox (2000-2006), Felipe Calder\u00f3n (2006-2012) y Enrique Pe\u00f1a Nieto (2012-2018), y se trata de un acto de justicia para los mexicanos.<br>Si queremos cerrar ciclos y que este pa\u00eds avance con justicia, debemos sumarnos a esta iniciativa. Se requiere la participaci\u00f3n del 40 por ciento de la lista nominal para que la determinaci\u00f3n de llevar o no a juicio a los ex presidentes mexicanos tenga efectos. Si queremos que este pa\u00eds avance y se haga justicia a los m\u00e1s desprotegidos, debemos de sumarnos a esta iniciativa para alcanzar la meta.<br>Esta es la nueva misi\u00f3n de MORENA. Debemos lograr que millones de mexicanos regresen a las urnas el primero de agosto y digan \u201cS\u00cd\u201d al juicio a expresidentes, porque s\u00f3lo sanando heridas y haciendo justicia logremos cerrar estas lesiones hist\u00f3ricas.<br>Si el lector recuerda, Eduardo Galeano, en Las venas abiertas de Am\u00e9rica Latina, hace una vehemente y dolora exposici\u00f3n del saqueo del que nuestro continente fue objeto durante la Conquista, que bien podr\u00eda compararse con el saqueo de estos expresidentes, por lo que deben llevarse a juicio.<br>\u201c\u00bfPor qu\u00e9 juzgar a Salinas? Porque entreg\u00f3 todos los bienes de la naci\u00f3n y del pueblo de M\u00e9xico a sus allegados. As\u00ed de sencillo\u201d, dijo hace algunos d\u00edas el presidente L\u00f3pez Obrador. Para seguir su marcha de transformaci\u00f3n este pa\u00eds necesita sanar, cerrar heridas y recibir justicia.<\/p>\n\n\n\n<p>Renovaci\u00f3n morenista<br>Corren aires de cambio en MORENA-Veracruz. El viejo adagio sigue vigente: renovarse o morir. En nuestras filas hay talentos y trayectorias, hombres y mujeres dedicados y trabajadores. A todos nos une un inter\u00e9s com\u00fan: Veracruz. Levantaremos la mano, porque no hay compromiso en la pasividad. Si el destino es Veracruz, seguiremos trabajando incansablemente para que la transformaci\u00f3n cuaje en nuestro estado.<\/p>\n\n\n\n<p>Comentarios: Facebook Yair Ademar Dominguez Twitter @YairAdemar<\/p>\n","protected":false},"excerpt":{"rendered":"<p>Yair Ademar Dom\u00ednguez Punto y Coma \u201cUn gran poder conlleva una gran responsabilidad\u201d. La frase, que hizo famosa Stan Lee en voz del t\u00edo del joven Peter Parker, El hombre ara\u00f1a, se puede aplicar muy bien a los grandes logros electorales obtenidos recientemente por el Movimiento de Regeneraci\u00f3n Nacional en Veracruz y en todo el [&hellip;]<\/p>\n","protected":false},"author":2,"featured_media":0,"comment_status":"closed","ping_status":"closed","sticky":false,"template":"","format":"standard","meta":{"tdm_status":"","tdm_grid_status":"","footnotes":""},"categories":[70],"tags":[618,14239,29156,1026,2212,776,195,20652],"class_list":{"0":"post-76174","1":"post","2":"type-post","3":"status-publish","4":"format-standard","6":"category-de-opinion","7":"tag-andres-manuel-lopez-obrador","8":"tag-consulta-popular","9":"tag-logros-electorales","10":"tag-morena","11":"tag-movimiento-de-regeneracion-nacional","12":"tag-stan-lee","13":"tag-veracruz","14":"tag-yair-ademar-dominguez"},"yoast_head":"<!-- This site is optimized with the Yoast SEO plugin v27.4 - https:\/\/yoast.com\/product\/yoast-seo-wordpress\/ -->\n<title>El poder y la responsabilidad social - Los pol\u00edticos Veracruz<\/title>\n<meta name=\"robots\" content=\"index, follow, max-snippet:-1, max-image-preview:large, max-video-preview:-1\" \/>\n<link rel=\"canonical\" href=\"https:\/\/lospoliticosveracruz.com\/?p=76174\" \/>\n<meta property=\"og:locale\" content=\"es_ES\" \/>\n<meta property=\"og:type\" content=\"article\" \/>\n<meta property=\"og:title\" content=\"El poder y la responsabilidad social - Los pol\u00edticos Veracruz\" \/>\n<meta property=\"og:description\" content=\"Yair Ademar Dom\u00ednguez Punto y Coma \u201cUn gran poder conlleva una gran responsabilidad\u201d. La frase, que hizo famosa Stan Lee en voz del t\u00edo del joven Peter Parker, El hombre ara\u00f1a, se puede aplicar muy bien a los grandes logros electorales obtenidos recientemente por el Movimiento de Regeneraci\u00f3n Nacional en Veracruz y en todo el [&hellip;]\" \/>\n<meta property=\"og:url\" content=\"https:\/\/lospoliticosveracruz.com\/?p=76174\" \/>\n<meta property=\"og:site_name\" content=\"Los pol\u00edticos Veracruz\" \/>\n<meta property=\"article:publisher\" content=\"https:\/\/www.facebook.com\/people\/Notimemes-de-los-Polticos\/61565672886568\/\" \/>\n<meta property=\"article:published_time\" content=\"2021-06-30T21:09:31+00:00\" \/>\n<meta property=\"article:modified_time\" content=\"2021-06-30T21:13:53+00:00\" \/>\n<meta property=\"og:image\" content=\"https:\/\/lospoliticosveracruz.com\/wp-content\/uploads\/2016\/07\/Logo-Dor.jpg\" \/>\n\t<meta property=\"og:image:width\" content=\"200\" \/>\n\t<meta property=\"og:image:height\" content=\"200\" \/>\n\t<meta property=\"og:image:type\" content=\"image\/jpeg\" \/>\n<meta name=\"author\" content=\"Lo viste en Los Pol\u00edticos\" \/>\n<meta name=\"twitter:card\" content=\"summary_large_image\" \/>\n<meta name=\"twitter:creator\" content=\"@LosPoliticosVer\" \/>\n<meta name=\"twitter:site\" content=\"@LosPoliticosVer\" \/>\n<meta name=\"twitter:label1\" content=\"Escrito por\" \/>\n\t<meta name=\"twitter:data1\" content=\"Lo viste en Los Pol\u00edticos\" \/>\n\t<meta name=\"twitter:label2\" content=\"Tiempo de lectura\" \/>\n\t<meta name=\"twitter:data2\" content=\"3 minutos\" \/>\n<script type=\"application\/ld+json\" class=\"yoast-schema-graph\">{\"@context\":\"https:\\\/\\\/schema.org\",\"@graph\":[{\"@type\":\"Article\",\"@id\":\"https:\\\/\\\/lospoliticosveracruz.com\\\/?p=76174#article\",\"isPartOf\":{\"@id\":\"https:\\\/\\\/lospoliticosveracruz.com\\\/?p=76174\"},\"author\":{\"name\":\"Lo viste en Los Pol\u00edticos\",\"@id\":\"https:\\\/\\\/lospoliticosveracruz.com\\\/#\\\/schema\\\/person\\\/b8702bb0e538456e6efd07080bf2a4a2\"},\"headline\":\"El poder y la responsabilidad social\",\"datePublished\":\"2021-06-30T21:09:31+00:00\",\"dateModified\":\"2021-06-30T21:13:53+00:00\",\"mainEntityOfPage\":{\"@id\":\"https:\\\/\\\/lospoliticosveracruz.com\\\/?p=76174\"},\"wordCount\":619,\"publisher\":{\"@id\":\"https:\\\/\\\/lospoliticosveracruz.com\\\/#organization\"},\"keywords\":[\"Andr\u00e9s Manuel L\u00f3pez Obrador\",\"Consulta Popular\",\"Logros electorales\",\"Morena\",\"Movimiento de Regeneraci\u00f3n Nacional\",\"Stan Lee\",\"Veracruz\",\"Yair Ademar Dom\u00ednguez\"],\"articleSection\":[\"De Opini\u00f3n\"],\"inLanguage\":\"es\"},{\"@type\":\"WebPage\",\"@id\":\"https:\\\/\\\/lospoliticosveracruz.com\\\/?p=76174\",\"url\":\"https:\\\/\\\/lospoliticosveracruz.com\\\/?p=76174\",\"name\":\"El poder y la responsabilidad social - Los pol\u00edticos Veracruz\",\"isPartOf\":{\"@id\":\"https:\\\/\\\/lospoliticosveracruz.com\\\/#website\"},\"datePublished\":\"2021-06-30T21:09:31+00:00\",\"dateModified\":\"2021-06-30T21:13:53+00:00\",\"breadcrumb\":{\"@id\":\"https:\\\/\\\/lospoliticosveracruz.com\\\/?p=76174#breadcrumb\"},\"inLanguage\":\"es\",\"potentialAction\":[{\"@type\":\"ReadAction\",\"target\":[\"https:\\\/\\\/lospoliticosveracruz.com\\\/?p=76174\"]}]},{\"@type\":\"BreadcrumbList\",\"@id\":\"https:\\\/\\\/lospoliticosveracruz.com\\\/?p=76174#breadcrumb\",\"itemListElement\":[{\"@type\":\"ListItem\",\"position\":1,\"name\":\"Portada\",\"item\":\"https:\\\/\\\/lospoliticosveracruz.com\\\/\"},{\"@type\":\"ListItem\",\"position\":2,\"name\":\"El poder y la responsabilidad social\"}]},{\"@type\":\"WebSite\",\"@id\":\"https:\\\/\\\/lospoliticosveracruz.com\\\/#website\",\"url\":\"https:\\\/\\\/lospoliticosveracruz.com\\\/\",\"name\":\"Los pol\u00edticos Veracruz\",\"description\":\"\",\"publisher\":{\"@id\":\"https:\\\/\\\/lospoliticosveracruz.com\\\/#organization\"},\"potentialAction\":[{\"@type\":\"SearchAction\",\"target\":{\"@type\":\"EntryPoint\",\"urlTemplate\":\"https:\\\/\\\/lospoliticosveracruz.com\\\/?s={search_term_string}\"},\"query-input\":{\"@type\":\"PropertyValueSpecification\",\"valueRequired\":true,\"valueName\":\"search_term_string\"}}],\"inLanguage\":\"es\"},{\"@type\":\"Organization\",\"@id\":\"https:\\\/\\\/lospoliticosveracruz.com\\\/#organization\",\"name\":\"Los pol\u00edticos Veracruz\",\"url\":\"https:\\\/\\\/lospoliticosveracruz.com\\\/\",\"logo\":{\"@type\":\"ImageObject\",\"inLanguage\":\"es\",\"@id\":\"https:\\\/\\\/lospoliticosveracruz.com\\\/#\\\/schema\\\/logo\\\/image\\\/\",\"url\":\"https:\\\/\\\/lospoliticosveracruz.com\\\/wp-content\\\/uploads\\\/2025\\\/12\\\/Logo-Nuevo-LOS-POLITICOS-1.jpg\",\"contentUrl\":\"https:\\\/\\\/lospoliticosveracruz.com\\\/wp-content\\\/uploads\\\/2025\\\/12\\\/Logo-Nuevo-LOS-POLITICOS-1.jpg\",\"width\":260,\"height\":70,\"caption\":\"Los pol\u00edticos Veracruz\"},\"image\":{\"@id\":\"https:\\\/\\\/lospoliticosveracruz.com\\\/#\\\/schema\\\/logo\\\/image\\\/\"},\"sameAs\":[\"https:\\\/\\\/www.facebook.com\\\/people\\\/Notimemes-de-los-Polticos\\\/61565672886568\\\/\",\"https:\\\/\\\/x.com\\\/LosPoliticosVer\"]},{\"@type\":\"Person\",\"@id\":\"https:\\\/\\\/lospoliticosveracruz.com\\\/#\\\/schema\\\/person\\\/b8702bb0e538456e6efd07080bf2a4a2\",\"name\":\"Lo viste en Los Pol\u00edticos\",\"image\":{\"@type\":\"ImageObject\",\"inLanguage\":\"es\",\"@id\":\"https:\\\/\\\/secure.gravatar.com\\\/avatar\\\/3a8de04a2656d44082be478bd6c086daa447c4651605818287b9532d3d0bd435?s=96&d=mm&r=g\",\"url\":\"https:\\\/\\\/secure.gravatar.com\\\/avatar\\\/3a8de04a2656d44082be478bd6c086daa447c4651605818287b9532d3d0bd435?s=96&d=mm&r=g\",\"contentUrl\":\"https:\\\/\\\/secure.gravatar.com\\\/avatar\\\/3a8de04a2656d44082be478bd6c086daa447c4651605818287b9532d3d0bd435?s=96&d=mm&r=g\",\"caption\":\"Lo viste en Los Pol\u00edticos\"},\"url\":\"https:\\\/\\\/lospoliticosveracruz.com\\\/?author=2\"}]}<\/script>\n<!-- \/ Yoast SEO plugin. -->","yoast_head_json":{"title":"El poder y la responsabilidad social - Los pol\u00edticos Veracruz","robots":{"index":"index","follow":"follow","max-snippet":"max-snippet:-1","max-image-preview":"max-image-preview:large","max-video-preview":"max-video-preview:-1"},"canonical":"https:\/\/lospoliticosveracruz.com\/?p=76174","og_locale":"es_ES","og_type":"article","og_title":"El poder y la responsabilidad social - Los pol\u00edticos Veracruz","og_description":"Yair Ademar Dom\u00ednguez Punto y Coma \u201cUn gran poder conlleva una gran responsabilidad\u201d. La frase, que hizo famosa Stan Lee en voz del t\u00edo del joven Peter Parker, El hombre ara\u00f1a, se puede aplicar muy bien a los grandes logros electorales obtenidos recientemente por el Movimiento de Regeneraci\u00f3n Nacional en Veracruz y en todo el [&hellip;]","og_url":"https:\/\/lospoliticosveracruz.com\/?p=76174","og_site_name":"Los pol\u00edticos Veracruz","article_publisher":"https:\/\/www.facebook.com\/people\/Notimemes-de-los-Polticos\/61565672886568\/","article_published_time":"2021-06-30T21:09:31+00:00","article_modified_time":"2021-06-30T21:13:53+00:00","og_image":[{"width":200,"height":200,"url":"https:\/\/lospoliticosveracruz.com\/wp-content\/uploads\/2016\/07\/Logo-Dor.jpg","type":"image\/jpeg"}],"author":"Lo viste en Los Pol\u00edticos","twitter_card":"summary_large_image","twitter_creator":"@LosPoliticosVer","twitter_site":"@LosPoliticosVer","twitter_misc":{"Escrito por":"Lo viste en Los Pol\u00edticos","Tiempo de lectura":"3 minutos"},"schema":{"@context":"https:\/\/schema.org","@graph":[{"@type":"Article","@id":"https:\/\/lospoliticosveracruz.com\/?p=76174#article","isPartOf":{"@id":"https:\/\/lospoliticosveracruz.com\/?p=76174"},"author":{"name":"Lo viste en Los Pol\u00edticos","@id":"https:\/\/lospoliticosveracruz.com\/#\/schema\/person\/b8702bb0e538456e6efd07080bf2a4a2"},"headline":"El poder y la responsabilidad social","datePublished":"2021-06-30T21:09:31+00:00","dateModified":"2021-06-30T21:13:53+00:00","mainEntityOfPage":{"@id":"https:\/\/lospoliticosveracruz.com\/?p=76174"},"wordCount":619,"publisher":{"@id":"https:\/\/lospoliticosveracruz.com\/#organization"},"keywords":["Andr\u00e9s Manuel L\u00f3pez Obrador","Consulta Popular","Logros electorales","Morena","Movimiento de Regeneraci\u00f3n Nacional","Stan Lee","Veracruz","Yair Ademar Dom\u00ednguez"],"articleSection":["De Opini\u00f3n"],"inLanguage":"es"},{"@type":"WebPage","@id":"https:\/\/lospoliticosveracruz.com\/?p=76174","url":"https:\/\/lospoliticosveracruz.com\/?p=76174","name":"El poder y la responsabilidad social - Los pol\u00edticos Veracruz","isPartOf":{"@id":"https:\/\/lospoliticosveracruz.com\/#website"},"datePublished":"2021-06-30T21:09:31+00:00","dateModified":"2021-06-30T21:13:53+00:00","breadcrumb":{"@id":"https:\/\/lospoliticosveracruz.com\/?p=76174#breadcrumb"},"inLanguage":"es","potentialAction":[{"@type":"ReadAction","target":["https:\/\/lospoliticosveracruz.com\/?p=76174"]}]},{"@type":"BreadcrumbList","@id":"https:\/\/lospoliticosveracruz.com\/?p=76174#breadcrumb","itemListElement":[{"@type":"ListItem","position":1,"name":"Portada","item":"https:\/\/lospoliticosveracruz.com\/"},{"@type":"ListItem","position":2,"name":"El poder y la responsabilidad social"}]},{"@type":"WebSite","@id":"https:\/\/lospoliticosveracruz.com\/#website","url":"https:\/\/lospoliticosveracruz.com\/","name":"Los pol\u00edticos Veracruz","description":"","publisher":{"@id":"https:\/\/lospoliticosveracruz.com\/#organization"},"potentialAction":[{"@type":"SearchAction","target":{"@type":"EntryPoint","urlTemplate":"https:\/\/lospoliticosveracruz.com\/?s={search_term_string}"},"query-input":{"@type":"PropertyValueSpecification","valueRequired":true,"valueName":"search_term_string"}}],"inLanguage":"es"},{"@type":"Organization","@id":"https:\/\/lospoliticosveracruz.com\/#organization","name":"Los pol\u00edticos Veracruz","url":"https:\/\/lospoliticosveracruz.com\/","logo":{"@type":"ImageObject","inLanguage":"es","@id":"https:\/\/lospoliticosveracruz.com\/#\/schema\/logo\/image\/","url":"https:\/\/lospoliticosveracruz.com\/wp-content\/uploads\/2025\/12\/Logo-Nuevo-LOS-POLITICOS-1.jpg","contentUrl":"https:\/\/lospoliticosveracruz.com\/wp-content\/uploads\/2025\/12\/Logo-Nuevo-LOS-POLITICOS-1.jpg","width":260,"height":70,"caption":"Los pol\u00edticos Veracruz"},"image":{"@id":"https:\/\/lospoliticosveracruz.com\/#\/schema\/logo\/image\/"},"sameAs":["https:\/\/www.facebook.com\/people\/Notimemes-de-los-Polticos\/61565672886568\/","https:\/\/x.com\/LosPoliticosVer"]},{"@type":"Person","@id":"https:\/\/lospoliticosveracruz.com\/#\/schema\/person\/b8702bb0e538456e6efd07080bf2a4a2","name":"Lo viste en Los Pol\u00edticos","image":{"@type":"ImageObject","inLanguage":"es","@id":"https:\/\/secure.gravatar.com\/avatar\/3a8de04a2656d44082be478bd6c086daa447c4651605818287b9532d3d0bd435?s=96&d=mm&r=g","url":"https:\/\/secure.gravatar.com\/avatar\/3a8de04a2656d44082be478bd6c086daa447c4651605818287b9532d3d0bd435?s=96&d=mm&r=g","contentUrl":"https:\/\/secure.gravatar.com\/avatar\/3a8de04a2656d44082be478bd6c086daa447c4651605818287b9532d3d0bd435?s=96&d=mm&r=g","caption":"Lo viste en Los Pol\u00edticos"},"url":"https:\/\/lospoliticosveracruz.com\/?author=2"}]}},"_links":{"self":[{"href":"https:\/\/lospoliticosveracruz.com\/index.php?rest_route=\/wp\/v2\/posts\/76174","targetHints":{"allow":["GET"]}}],"collection":[{"href":"https:\/\/lospoliticosveracruz.com\/index.php?rest_route=\/wp\/v2\/posts"}],"about":[{"href":"https:\/\/lospoliticosveracruz.com\/index.php?rest_route=\/wp\/v2\/types\/post"}],"author":[{"embeddable":true,"href":"https:\/\/lospoliticosveracruz.com\/index.php?rest_route=\/wp\/v2\/users\/2"}],"replies":[{"embeddable":true,"href":"https:\/\/lospoliticosveracruz.com\/index.php?rest_route=%2Fwp%2Fv2%2Fcomments&post=76174"}],"version-history":[{"count":1,"href":"https:\/\/lospoliticosveracruz.com\/index.php?rest_route=\/wp\/v2\/posts\/76174\/revisions"}],"predecessor-version":[{"id":76176,"href":"https:\/\/lospoliticosveracruz.com\/index.php?rest_route=\/wp\/v2\/posts\/76174\/revisions\/76176"}],"wp:attachment":[{"href":"https:\/\/lospoliticosveracruz.com\/index.php?rest_route=%2Fwp%2Fv2%2Fmedia&parent=76174"}],"wp:term":[{"taxonomy":"category","embeddable":true,"href":"https:\/\/lospoliticosveracruz.com\/index.php?rest_route=%2Fwp%2Fv2%2Fcategories&post=76174"},{"taxonomy":"post_tag","embeddable":true,"href":"https:\/\/lospoliticosveracruz.com\/index.php?rest_route=%2Fwp%2Fv2%2Ftags&post=76174"}],"curies":[{"name":"wp","href":"https:\/\/api.w.org\/{rel}","templated":true}]}}