{"id":76177,"date":"2021-06-30T16:58:04","date_gmt":"2021-06-30T21:58:04","guid":{"rendered":"http:\/\/www.lospoliticosveracruz.com.mx\/?p=76177"},"modified":"2021-06-30T16:58:07","modified_gmt":"2021-06-30T21:58:07","slug":"los-aprietan-en-el-centro","status":"publish","type":"post","link":"https:\/\/lospoliticosveracruz.com\/?p=76177","title":{"rendered":"Los aprietan en el centro!"},"content":{"rendered":"\n<p><strong>Cordoba<\/strong><br>En atenci\u00f3n a la situaci\u00f3n epidemiol\u00f3gica, y en cumplimiento a las disposiciones de la Mesa COVID municipal, la Unidad Municipal de Protecci\u00f3n Civil (UMPC) del Ayuntamiento de C\u00f3rdoba realiz\u00f3 un operativo preventivo en la zona comercial del centro del municipio.<br>Luis Alfredo Ch\u00e1vez Ochoa, coordinador de la UMPC, indic\u00f3 que la intervenci\u00f3n realizada consisti\u00f3 en reforzar las medidas preventivas, en particular, el uso de cubreboca de forma permanente en cualquier espacio p\u00fablico, en particular, donde se dificulte mantener una distancia f\u00edsica m\u00ednima con otras personas.<br>Dijo que de manera particular, el operativo se enfoc\u00f3 en la zona de bancos del centro de la ciudad, y la zona comercial circundante: \u201cSolicitamos a quienes realizan tr\u00e1mites en bancos usar cubreboca. Seguimos en sem\u00e1foro amarillo y debemos aplicar las indicaciones de las autoridades de salud\u201d.<br>El Coordinador de la UMPC se\u00f1al\u00f3 que ante la situaci\u00f3n epidemiol\u00f3gica, se requiere que la ciudadan\u00eda retome las pr\u00e1cticas preventivas que incluyen mantener distancia f\u00edsica m\u00ednima de metro y medio, evitar acudir a lugares poco ventilados o cerrados, y seguir aplicando los protocolos sanitarios.<br>\u201cSi queremos regresar a color verde debemos hacer equipo y trabajar coordinadamente autoridades y ciudadan\u00eda\u201d, indic\u00f3 el servidor p\u00fablico municipal.<br>Ch\u00e1vez Ochoa dijo que se realiz\u00f3 esta intervenci\u00f3n para concientizar a la poblaci\u00f3n ante el alza en contagios, por lo que es necesario que las y los ciudadanos participen y atiendan las recomendaciones sanitarias.<br>Convoc\u00f3 a empresarios y comerciantes a mantener las recomendaciones de salud en sus establecimientos para contribuir a evitar una nueva ola de contagios en el municipio.<\/p>\n","protected":false},"excerpt":{"rendered":"<p>CordobaEn atenci\u00f3n a la situaci\u00f3n epidemiol\u00f3gica, y en cumplimiento a las disposiciones de la Mesa COVID municipal, la Unidad Municipal de Protecci\u00f3n Civil (UMPC) del Ayuntamiento de C\u00f3rdoba realiz\u00f3 un operativo preventivo en la zona comercial del centro del municipio.Luis Alfredo Ch\u00e1vez Ochoa, coordinador de la UMPC, indic\u00f3 que la intervenci\u00f3n realizada consisti\u00f3 en reforzar [&hellip;]<\/p>\n","protected":false},"author":2,"featured_media":0,"comment_status":"closed","ping_status":"closed","sticky":false,"template":"","format":"standard","meta":{"tdm_status":"","tdm_grid_status":"","footnotes":""},"categories":[73],"tags":[7641,25502,27773,19433,17387],"class_list":{"0":"post-76177","1":"post","2":"type-post","3":"status-publish","4":"format-standard","6":"category-de-boleto","7":"tag-leticia-lopez-landero","8":"tag-luis-alfredo-chavez-ochoa","9":"tag-mesa-covid","10":"tag-umpc","11":"tag-unidad-municipal-de-proteccion-civil"},"yoast_head":"<!-- This site is optimized with the Yoast SEO plugin v27.4 - https:\/\/yoast.com\/product\/yoast-seo-wordpress\/ -->\n<title>Los aprietan en el centro! - Los pol\u00edticos Veracruz<\/title>\n<meta name=\"robots\" content=\"index, follow, max-snippet:-1, max-image-preview:large, max-video-preview:-1\" \/>\n<link rel=\"canonical\" href=\"https:\/\/lospoliticosveracruz.com\/?p=76177\" \/>\n<meta property=\"og:locale\" content=\"es_ES\" \/>\n<meta property=\"og:type\" content=\"article\" \/>\n<meta property=\"og:title\" content=\"Los aprietan en el centro! - Los pol\u00edticos Veracruz\" \/>\n<meta property=\"og:description\" content=\"CordobaEn atenci\u00f3n a la situaci\u00f3n epidemiol\u00f3gica, y en cumplimiento a las disposiciones de la Mesa COVID municipal, la Unidad Municipal de Protecci\u00f3n Civil (UMPC) del Ayuntamiento de C\u00f3rdoba realiz\u00f3 un operativo preventivo en la zona comercial del centro del municipio.Luis Alfredo Ch\u00e1vez Ochoa, coordinador de la UMPC, indic\u00f3 que la intervenci\u00f3n realizada consisti\u00f3 en reforzar [&hellip;]\" \/>\n<meta property=\"og:url\" content=\"https:\/\/lospoliticosveracruz.com\/?p=76177\" \/>\n<meta property=\"og:site_name\" content=\"Los pol\u00edticos Veracruz\" \/>\n<meta property=\"article:publisher\" content=\"https:\/\/www.facebook.com\/people\/Notimemes-de-los-Polticos\/61565672886568\/\" \/>\n<meta property=\"article:published_time\" content=\"2021-06-30T21:58:04+00:00\" \/>\n<meta property=\"article:modified_time\" content=\"2021-06-30T21:58:07+00:00\" \/>\n<meta property=\"og:image\" content=\"https:\/\/lospoliticosveracruz.com\/wp-content\/uploads\/2016\/07\/Logo-Dor.jpg\" \/>\n\t<meta property=\"og:image:width\" content=\"200\" \/>\n\t<meta property=\"og:image:height\" content=\"200\" \/>\n\t<meta property=\"og:image:type\" content=\"image\/jpeg\" \/>\n<meta name=\"author\" content=\"Lo viste en Los Pol\u00edticos\" \/>\n<meta name=\"twitter:card\" content=\"summary_large_image\" \/>\n<meta name=\"twitter:creator\" content=\"@LosPoliticosVer\" \/>\n<meta name=\"twitter:site\" content=\"@LosPoliticosVer\" \/>\n<meta name=\"twitter:label1\" content=\"Escrito por\" \/>\n\t<meta name=\"twitter:data1\" content=\"Lo viste en Los Pol\u00edticos\" \/>\n\t<meta name=\"twitter:label2\" content=\"Tiempo de lectura\" \/>\n\t<meta name=\"twitter:data2\" content=\"1 minuto\" \/>\n<script type=\"application\/ld+json\" class=\"yoast-schema-graph\">{\"@context\":\"https:\\\/\\\/schema.org\",\"@graph\":[{\"@type\":\"Article\",\"@id\":\"https:\\\/\\\/lospoliticosveracruz.com\\\/?p=76177#article\",\"isPartOf\":{\"@id\":\"https:\\\/\\\/lospoliticosveracruz.com\\\/?p=76177\"},\"author\":{\"name\":\"Lo viste en Los Pol\u00edticos\",\"@id\":\"https:\\\/\\\/lospoliticosveracruz.com\\\/#\\\/schema\\\/person\\\/b8702bb0e538456e6efd07080bf2a4a2\"},\"headline\":\"Los aprietan en el centro!\",\"datePublished\":\"2021-06-30T21:58:04+00:00\",\"dateModified\":\"2021-06-30T21:58:07+00:00\",\"mainEntityOfPage\":{\"@id\":\"https:\\\/\\\/lospoliticosveracruz.com\\\/?p=76177\"},\"wordCount\":286,\"publisher\":{\"@id\":\"https:\\\/\\\/lospoliticosveracruz.com\\\/#organization\"},\"keywords\":[\"Leticia L\u00f3pez Landero\",\"Luis Alfredo Ch\u00e1vez Ochoa\",\"Mesa COVID\",\"UMPC\",\"Unidad Municipal de Protecci\u00f3n Civil\"],\"articleSection\":[\"De Boleto\"],\"inLanguage\":\"es\"},{\"@type\":\"WebPage\",\"@id\":\"https:\\\/\\\/lospoliticosveracruz.com\\\/?p=76177\",\"url\":\"https:\\\/\\\/lospoliticosveracruz.com\\\/?p=76177\",\"name\":\"Los aprietan en el centro! - Los pol\u00edticos Veracruz\",\"isPartOf\":{\"@id\":\"https:\\\/\\\/lospoliticosveracruz.com\\\/#website\"},\"datePublished\":\"2021-06-30T21:58:04+00:00\",\"dateModified\":\"2021-06-30T21:58:07+00:00\",\"breadcrumb\":{\"@id\":\"https:\\\/\\\/lospoliticosveracruz.com\\\/?p=76177#breadcrumb\"},\"inLanguage\":\"es\",\"potentialAction\":[{\"@type\":\"ReadAction\",\"target\":[\"https:\\\/\\\/lospoliticosveracruz.com\\\/?p=76177\"]}]},{\"@type\":\"BreadcrumbList\",\"@id\":\"https:\\\/\\\/lospoliticosveracruz.com\\\/?p=76177#breadcrumb\",\"itemListElement\":[{\"@type\":\"ListItem\",\"position\":1,\"name\":\"Portada\",\"item\":\"https:\\\/\\\/lospoliticosveracruz.com\\\/\"},{\"@type\":\"ListItem\",\"position\":2,\"name\":\"Los aprietan en el centro!\"}]},{\"@type\":\"WebSite\",\"@id\":\"https:\\\/\\\/lospoliticosveracruz.com\\\/#website\",\"url\":\"https:\\\/\\\/lospoliticosveracruz.com\\\/\",\"name\":\"Los pol\u00edticos Veracruz\",\"description\":\"\",\"publisher\":{\"@id\":\"https:\\\/\\\/lospoliticosveracruz.com\\\/#organization\"},\"potentialAction\":[{\"@type\":\"SearchAction\",\"target\":{\"@type\":\"EntryPoint\",\"urlTemplate\":\"https:\\\/\\\/lospoliticosveracruz.com\\\/?s={search_term_string}\"},\"query-input\":{\"@type\":\"PropertyValueSpecification\",\"valueRequired\":true,\"valueName\":\"search_term_string\"}}],\"inLanguage\":\"es\"},{\"@type\":\"Organization\",\"@id\":\"https:\\\/\\\/lospoliticosveracruz.com\\\/#organization\",\"name\":\"Los pol\u00edticos Veracruz\",\"url\":\"https:\\\/\\\/lospoliticosveracruz.com\\\/\",\"logo\":{\"@type\":\"ImageObject\",\"inLanguage\":\"es\",\"@id\":\"https:\\\/\\\/lospoliticosveracruz.com\\\/#\\\/schema\\\/logo\\\/image\\\/\",\"url\":\"https:\\\/\\\/lospoliticosveracruz.com\\\/wp-content\\\/uploads\\\/2025\\\/12\\\/Logo-Nuevo-LOS-POLITICOS-1.jpg\",\"contentUrl\":\"https:\\\/\\\/lospoliticosveracruz.com\\\/wp-content\\\/uploads\\\/2025\\\/12\\\/Logo-Nuevo-LOS-POLITICOS-1.jpg\",\"width\":260,\"height\":70,\"caption\":\"Los pol\u00edticos Veracruz\"},\"image\":{\"@id\":\"https:\\\/\\\/lospoliticosveracruz.com\\\/#\\\/schema\\\/logo\\\/image\\\/\"},\"sameAs\":[\"https:\\\/\\\/www.facebook.com\\\/people\\\/Notimemes-de-los-Polticos\\\/61565672886568\\\/\",\"https:\\\/\\\/x.com\\\/LosPoliticosVer\"]},{\"@type\":\"Person\",\"@id\":\"https:\\\/\\\/lospoliticosveracruz.com\\\/#\\\/schema\\\/person\\\/b8702bb0e538456e6efd07080bf2a4a2\",\"name\":\"Lo viste en Los Pol\u00edticos\",\"image\":{\"@type\":\"ImageObject\",\"inLanguage\":\"es\",\"@id\":\"https:\\\/\\\/secure.gravatar.com\\\/avatar\\\/3a8de04a2656d44082be478bd6c086daa447c4651605818287b9532d3d0bd435?s=96&d=mm&r=g\",\"url\":\"https:\\\/\\\/secure.gravatar.com\\\/avatar\\\/3a8de04a2656d44082be478bd6c086daa447c4651605818287b9532d3d0bd435?s=96&d=mm&r=g\",\"contentUrl\":\"https:\\\/\\\/secure.gravatar.com\\\/avatar\\\/3a8de04a2656d44082be478bd6c086daa447c4651605818287b9532d3d0bd435?s=96&d=mm&r=g\",\"caption\":\"Lo viste en Los Pol\u00edticos\"},\"url\":\"https:\\\/\\\/lospoliticosveracruz.com\\\/?author=2\"}]}<\/script>\n<!-- \/ Yoast SEO plugin. -->","yoast_head_json":{"title":"Los aprietan en el centro! - Los pol\u00edticos Veracruz","robots":{"index":"index","follow":"follow","max-snippet":"max-snippet:-1","max-image-preview":"max-image-preview:large","max-video-preview":"max-video-preview:-1"},"canonical":"https:\/\/lospoliticosveracruz.com\/?p=76177","og_locale":"es_ES","og_type":"article","og_title":"Los aprietan en el centro! - Los pol\u00edticos Veracruz","og_description":"CordobaEn atenci\u00f3n a la situaci\u00f3n epidemiol\u00f3gica, y en cumplimiento a las disposiciones de la Mesa COVID municipal, la Unidad Municipal de Protecci\u00f3n Civil (UMPC) del Ayuntamiento de C\u00f3rdoba realiz\u00f3 un operativo preventivo en la zona comercial del centro del municipio.Luis Alfredo Ch\u00e1vez Ochoa, coordinador de la UMPC, indic\u00f3 que la intervenci\u00f3n realizada consisti\u00f3 en reforzar [&hellip;]","og_url":"https:\/\/lospoliticosveracruz.com\/?p=76177","og_site_name":"Los pol\u00edticos Veracruz","article_publisher":"https:\/\/www.facebook.com\/people\/Notimemes-de-los-Polticos\/61565672886568\/","article_published_time":"2021-06-30T21:58:04+00:00","article_modified_time":"2021-06-30T21:58:07+00:00","og_image":[{"width":200,"height":200,"url":"https:\/\/lospoliticosveracruz.com\/wp-content\/uploads\/2016\/07\/Logo-Dor.jpg","type":"image\/jpeg"}],"author":"Lo viste en Los Pol\u00edticos","twitter_card":"summary_large_image","twitter_creator":"@LosPoliticosVer","twitter_site":"@LosPoliticosVer","twitter_misc":{"Escrito por":"Lo viste en Los Pol\u00edticos","Tiempo de lectura":"1 minuto"},"schema":{"@context":"https:\/\/schema.org","@graph":[{"@type":"Article","@id":"https:\/\/lospoliticosveracruz.com\/?p=76177#article","isPartOf":{"@id":"https:\/\/lospoliticosveracruz.com\/?p=76177"},"author":{"name":"Lo viste en Los Pol\u00edticos","@id":"https:\/\/lospoliticosveracruz.com\/#\/schema\/person\/b8702bb0e538456e6efd07080bf2a4a2"},"headline":"Los aprietan en el centro!","datePublished":"2021-06-30T21:58:04+00:00","dateModified":"2021-06-30T21:58:07+00:00","mainEntityOfPage":{"@id":"https:\/\/lospoliticosveracruz.com\/?p=76177"},"wordCount":286,"publisher":{"@id":"https:\/\/lospoliticosveracruz.com\/#organization"},"keywords":["Leticia L\u00f3pez Landero","Luis Alfredo Ch\u00e1vez Ochoa","Mesa COVID","UMPC","Unidad Municipal de Protecci\u00f3n Civil"],"articleSection":["De Boleto"],"inLanguage":"es"},{"@type":"WebPage","@id":"https:\/\/lospoliticosveracruz.com\/?p=76177","url":"https:\/\/lospoliticosveracruz.com\/?p=76177","name":"Los aprietan en el centro! - Los pol\u00edticos Veracruz","isPartOf":{"@id":"https:\/\/lospoliticosveracruz.com\/#website"},"datePublished":"2021-06-30T21:58:04+00:00","dateModified":"2021-06-30T21:58:07+00:00","breadcrumb":{"@id":"https:\/\/lospoliticosveracruz.com\/?p=76177#breadcrumb"},"inLanguage":"es","potentialAction":[{"@type":"ReadAction","target":["https:\/\/lospoliticosveracruz.com\/?p=76177"]}]},{"@type":"BreadcrumbList","@id":"https:\/\/lospoliticosveracruz.com\/?p=76177#breadcrumb","itemListElement":[{"@type":"ListItem","position":1,"name":"Portada","item":"https:\/\/lospoliticosveracruz.com\/"},{"@type":"ListItem","position":2,"name":"Los aprietan en el centro!"}]},{"@type":"WebSite","@id":"https:\/\/lospoliticosveracruz.com\/#website","url":"https:\/\/lospoliticosveracruz.com\/","name":"Los pol\u00edticos Veracruz","description":"","publisher":{"@id":"https:\/\/lospoliticosveracruz.com\/#organization"},"potentialAction":[{"@type":"SearchAction","target":{"@type":"EntryPoint","urlTemplate":"https:\/\/lospoliticosveracruz.com\/?s={search_term_string}"},"query-input":{"@type":"PropertyValueSpecification","valueRequired":true,"valueName":"search_term_string"}}],"inLanguage":"es"},{"@type":"Organization","@id":"https:\/\/lospoliticosveracruz.com\/#organization","name":"Los pol\u00edticos Veracruz","url":"https:\/\/lospoliticosveracruz.com\/","logo":{"@type":"ImageObject","inLanguage":"es","@id":"https:\/\/lospoliticosveracruz.com\/#\/schema\/logo\/image\/","url":"https:\/\/lospoliticosveracruz.com\/wp-content\/uploads\/2025\/12\/Logo-Nuevo-LOS-POLITICOS-1.jpg","contentUrl":"https:\/\/lospoliticosveracruz.com\/wp-content\/uploads\/2025\/12\/Logo-Nuevo-LOS-POLITICOS-1.jpg","width":260,"height":70,"caption":"Los pol\u00edticos Veracruz"},"image":{"@id":"https:\/\/lospoliticosveracruz.com\/#\/schema\/logo\/image\/"},"sameAs":["https:\/\/www.facebook.com\/people\/Notimemes-de-los-Polticos\/61565672886568\/","https:\/\/x.com\/LosPoliticosVer"]},{"@type":"Person","@id":"https:\/\/lospoliticosveracruz.com\/#\/schema\/person\/b8702bb0e538456e6efd07080bf2a4a2","name":"Lo viste en Los Pol\u00edticos","image":{"@type":"ImageObject","inLanguage":"es","@id":"https:\/\/secure.gravatar.com\/avatar\/3a8de04a2656d44082be478bd6c086daa447c4651605818287b9532d3d0bd435?s=96&d=mm&r=g","url":"https:\/\/secure.gravatar.com\/avatar\/3a8de04a2656d44082be478bd6c086daa447c4651605818287b9532d3d0bd435?s=96&d=mm&r=g","contentUrl":"https:\/\/secure.gravatar.com\/avatar\/3a8de04a2656d44082be478bd6c086daa447c4651605818287b9532d3d0bd435?s=96&d=mm&r=g","caption":"Lo viste en Los Pol\u00edticos"},"url":"https:\/\/lospoliticosveracruz.com\/?author=2"}]}},"_links":{"self":[{"href":"https:\/\/lospoliticosveracruz.com\/index.php?rest_route=\/wp\/v2\/posts\/76177","targetHints":{"allow":["GET"]}}],"collection":[{"href":"https:\/\/lospoliticosveracruz.com\/index.php?rest_route=\/wp\/v2\/posts"}],"about":[{"href":"https:\/\/lospoliticosveracruz.com\/index.php?rest_route=\/wp\/v2\/types\/post"}],"author":[{"embeddable":true,"href":"https:\/\/lospoliticosveracruz.com\/index.php?rest_route=\/wp\/v2\/users\/2"}],"replies":[{"embeddable":true,"href":"https:\/\/lospoliticosveracruz.com\/index.php?rest_route=%2Fwp%2Fv2%2Fcomments&post=76177"}],"version-history":[{"count":1,"href":"https:\/\/lospoliticosveracruz.com\/index.php?rest_route=\/wp\/v2\/posts\/76177\/revisions"}],"predecessor-version":[{"id":76179,"href":"https:\/\/lospoliticosveracruz.com\/index.php?rest_route=\/wp\/v2\/posts\/76177\/revisions\/76179"}],"wp:attachment":[{"href":"https:\/\/lospoliticosveracruz.com\/index.php?rest_route=%2Fwp%2Fv2%2Fmedia&parent=76177"}],"wp:term":[{"taxonomy":"category","embeddable":true,"href":"https:\/\/lospoliticosveracruz.com\/index.php?rest_route=%2Fwp%2Fv2%2Fcategories&post=76177"},{"taxonomy":"post_tag","embeddable":true,"href":"https:\/\/lospoliticosveracruz.com\/index.php?rest_route=%2Fwp%2Fv2%2Ftags&post=76177"}],"curies":[{"name":"wp","href":"https:\/\/api.w.org\/{rel}","templated":true}]}}