{"id":76180,"date":"2021-06-30T18:48:41","date_gmt":"2021-06-30T23:48:41","guid":{"rendered":"http:\/\/www.lospoliticosveracruz.com.mx\/?p=76180"},"modified":"2021-06-30T18:48:46","modified_gmt":"2021-06-30T23:48:46","slug":"se-ponen-al-corriente-en-construcciones-carreteras","status":"publish","type":"post","link":"https:\/\/lospoliticosveracruz.com\/?p=76180","title":{"rendered":"Se ponen al corriente en Construcciones Carreteras!"},"content":{"rendered":"\n<p><\/p>\n\n\n\n<p><strong>Boca del R\u00edo<br><\/strong>Con gran convocatoria, la Delegaci\u00f3n Veracruz Puerto de la CMIC, en coordinaci\u00f3n con el Centro SCT Veracruz, realiz\u00f3 los trabajos del Foro \u201cConstrucciones Carreteras\u201d cuya finalidad fue presentar las \u00faltimas actualizaciones en el tema de construcciones de v\u00edas terrestres para los especialistas en el ramo de la construcci\u00f3n.<br>Con la presencia del director del Centro SCT Veracruz, Mart\u00edn Ram\u00f3n \u00c1lvarez Font\u00e1n, se abrieron los trabajos de este importante foro -que es pionero en la industria de la construcci\u00f3n-, el cual estuvo dirigido a constructores, contratistas, estudiantes y personal del sector.<br>Marcos Ordu\u00f1a Alcocer, presidente de la CMIC Veracruz-Puerto, explic\u00f3 que dicho foro estuvo enfocado a difundir las innovaciones tecnol\u00f3gicas aplicadas a la construcci\u00f3n de carreteras y para la elaboraci\u00f3n y ejecuci\u00f3n de proyectos ejecutivos con calidad.<br>Dentro de las conferencias a cargo de reconocidos expertos en la materia, se impartieron las siguientes tem\u00e1ticas:<\/p>\n\n\n\n<div class=\"wp-block-image\"><figure class=\"alignleft size-large is-resized\"><a href=\"http:\/\/www.lospoliticosveracruz.com.mx\/wp-content\/uploads\/2021\/06\/Musicos.png\"><img loading=\"lazy\" decoding=\"async\" src=\"http:\/\/www.lospoliticosveracruz.com.mx\/wp-content\/uploads\/2021\/06\/Musicos.png\" alt=\"\" class=\"wp-image-76033\" width=\"389\" height=\"233\"\/><\/a><\/figure><\/div>\n\n\n\n<ul class=\"wp-block-list\"><li>Aspectos t\u00e9cnicos y normativos en la construcci\u00f3n de carreteras.<\/li><li>Innovaciones en el proceso de pavimentaci\u00f3n<\/li><li>Supervisi\u00f3n en la producci\u00f3n en planta, tendido y compactaci\u00f3n de mezclas asf\u00e1lticas.<\/li><li>Metodolog\u00eda RAMCODES en la fabricaci\u00f3n de bases y sub bases para carreteras.<\/li><li>Principios b\u00e1sicos del dise\u00f1o en mezclas de concreto.<\/li><li>Sobrecarga de veh\u00edculos en el mantenimiento de carreteras.<\/li><li>Aditivos en el concreto utilizado en carreteras<br>En la ceremonia de inicio de los trabajos, Marcos Ordu\u00f1a Alcocer agradeci\u00f3 la participaci\u00f3n de los m\u00e1s de 500 asistentes y destac\u00f3 la importancia de seguir capacit\u00e1ndose en la CMIC pues esto representa garant\u00eda de calidad en estudios profesionales.<br>Durante tres d\u00edas de trabajo del citado foro, los participantes de varios puntos del estado de Veracruz, del pa\u00eds y del extranjero -EEUU, Venezuela, Colombia, Guatemala, Bolivia, Per\u00fa- intercambiaron puntos de vista y reconocieron los conocimientos actualizados en este sector, adem\u00e1s de recalcar la importancia de seguir capacit\u00e1ndose.<\/li><\/ul>\n\n\n\n<div class=\"wp-block-image\"><figure class=\"alignleft size-large is-resized\"><a href=\"http:\/\/www.lospoliticosveracruz.com.mx\/wp-content\/uploads\/2021\/06\/Rostros.png\"><img loading=\"lazy\" decoding=\"async\" src=\"http:\/\/www.lospoliticosveracruz.com.mx\/wp-content\/uploads\/2021\/06\/Rostros.png\" alt=\"\" class=\"wp-image-76034\" width=\"389\" height=\"233\"\/><\/a><\/figure><\/div>\n\n\n\n<p><strong>Constructoras veracruzanas, las m\u00e1s beneficiadas con obras de la SCT<\/strong><\/p>\n\n\n\n<p>En su intervenci\u00f3n, el director del Centro SCT Veracruz, Ram\u00f3n \u00c1lvarez Font\u00e1n, sostuvo que las cifras de la dependencia en el estado de Veracruz indican que el 98 por ciento de las obras realizadas en infraestructura para el estado, son ejecutadas por constructoras veracruzanas.<br>\u201cVeracruz enfrenta nuevos tiempos en la realizaci\u00f3n de obra publica que beneficia a todos. Es por ello que desde la Secretar\u00eda de Comunicaciones y Transportes, Veracruz es objeto de importantes inversiones en el giro de infraestructura de carreteras y conservaci\u00f3n de las mismas\u201d.<br>En ese tenor, el funcionario federal agreg\u00f3 que Veracruz es un estado muy extenso -con 2 mil 548 kil\u00f3metros-, y si bien es cierto que cuenta con una red carretera muy antigua, se le seguir\u00e1 dando mantenimiento a lo largo de este a\u00f1o \u201cy sin duda para 2022 vienen cosas muy buenas para Veracruz en este sentido de conservaci\u00f3n de carreteras\u201d.<br>Record\u00f3 que las constantes visitas del Presidente Andr\u00e9s Manuel L\u00f3pez Obrador han dejado resultados muy buenos para Veracruz, entre ellos el destrabe de la obra en la localidad de Paso Largo -en el municipio de Mart\u00ednez de la Torre-, cuya obra de m\u00e1s de 4 mil 700 millones de pesos -con 128 kil\u00f3metros de longitud- permitir\u00e1 unir los estados de Veracruz, Tamaulipas y Nuevo Le\u00f3n.<br>\u201cGracias a la intervenci\u00f3n del Presidente la obra ya se retom\u00f3 y estar\u00e1 lista en seis meses\u201d, asegur\u00f3 para finalizar.<br>Cabe mencionar que el foro registr\u00f3 una excelente respuesta dentro de los protocolos de sana distancia y de seguridad en tiempos de pandemia.<\/p>\n","protected":false},"excerpt":{"rendered":"<p>Boca del R\u00edoCon gran convocatoria, la Delegaci\u00f3n Veracruz Puerto de la CMIC, en coordinaci\u00f3n con el Centro SCT Veracruz, realiz\u00f3 los trabajos del Foro \u201cConstrucciones Carreteras\u201d cuya finalidad fue presentar las \u00faltimas actualizaciones en el tema de construcciones de v\u00edas terrestres para los especialistas en el ramo de la construcci\u00f3n.Con la presencia del director del [&hellip;]<\/p>\n","protected":false},"author":2,"featured_media":0,"comment_status":"closed","ping_status":"closed","sticky":false,"template":"","format":"standard","meta":{"tdm_status":"","tdm_grid_status":"","footnotes":""},"categories":[73],"tags":[1216,29157,3456,29158,6450],"class_list":{"0":"post-76180","1":"post","2":"type-post","3":"status-publish","4":"format-standard","6":"category-de-boleto","7":"tag-cmic","8":"tag-foro-construcciones-carreteras","9":"tag-marcos-orduna-alcocer","10":"tag-martin-ramon-alvarez-fontan","11":"tag-sct-veracruz"},"yoast_head":"<!-- This site is optimized with the Yoast SEO plugin v27.4 - https:\/\/yoast.com\/product\/yoast-seo-wordpress\/ -->\n<title>Se ponen al corriente en Construcciones Carreteras! - Los pol\u00edticos Veracruz<\/title>\n<meta name=\"robots\" content=\"index, follow, max-snippet:-1, max-image-preview:large, max-video-preview:-1\" \/>\n<link rel=\"canonical\" href=\"https:\/\/lospoliticosveracruz.com\/?p=76180\" \/>\n<meta property=\"og:locale\" content=\"es_ES\" \/>\n<meta property=\"og:type\" content=\"article\" \/>\n<meta property=\"og:title\" content=\"Se ponen al corriente en Construcciones Carreteras! - Los pol\u00edticos Veracruz\" \/>\n<meta property=\"og:description\" content=\"Boca del R\u00edoCon gran convocatoria, la Delegaci\u00f3n Veracruz Puerto de la CMIC, en coordinaci\u00f3n con el Centro SCT Veracruz, realiz\u00f3 los trabajos del Foro \u201cConstrucciones Carreteras\u201d cuya finalidad fue presentar las \u00faltimas actualizaciones en el tema de construcciones de v\u00edas terrestres para los especialistas en el ramo de la construcci\u00f3n.Con la presencia del director del [&hellip;]\" \/>\n<meta property=\"og:url\" content=\"https:\/\/lospoliticosveracruz.com\/?p=76180\" \/>\n<meta property=\"og:site_name\" content=\"Los pol\u00edticos Veracruz\" \/>\n<meta property=\"article:publisher\" content=\"https:\/\/www.facebook.com\/people\/Notimemes-de-los-Polticos\/61565672886568\/\" \/>\n<meta property=\"article:published_time\" content=\"2021-06-30T23:48:41+00:00\" \/>\n<meta property=\"article:modified_time\" content=\"2021-06-30T23:48:46+00:00\" \/>\n<meta property=\"og:image\" content=\"http:\/\/www.lospoliticosveracruz.com.mx\/wp-content\/uploads\/2021\/06\/Musicos.png\" \/>\n<meta name=\"author\" content=\"Lo viste en Los Pol\u00edticos\" \/>\n<meta name=\"twitter:card\" content=\"summary_large_image\" \/>\n<meta name=\"twitter:creator\" content=\"@LosPoliticosVer\" \/>\n<meta name=\"twitter:site\" content=\"@LosPoliticosVer\" \/>\n<meta name=\"twitter:label1\" content=\"Escrito por\" \/>\n\t<meta name=\"twitter:data1\" content=\"Lo viste en Los Pol\u00edticos\" \/>\n\t<meta name=\"twitter:label2\" content=\"Tiempo de lectura\" \/>\n\t<meta name=\"twitter:data2\" content=\"3 minutos\" \/>\n<script type=\"application\/ld+json\" class=\"yoast-schema-graph\">{\"@context\":\"https:\\\/\\\/schema.org\",\"@graph\":[{\"@type\":\"Article\",\"@id\":\"https:\\\/\\\/lospoliticosveracruz.com\\\/?p=76180#article\",\"isPartOf\":{\"@id\":\"https:\\\/\\\/lospoliticosveracruz.com\\\/?p=76180\"},\"author\":{\"name\":\"Lo viste en Los Pol\u00edticos\",\"@id\":\"https:\\\/\\\/lospoliticosveracruz.com\\\/#\\\/schema\\\/person\\\/b8702bb0e538456e6efd07080bf2a4a2\"},\"headline\":\"Se ponen al corriente en Construcciones Carreteras!\",\"datePublished\":\"2021-06-30T23:48:41+00:00\",\"dateModified\":\"2021-06-30T23:48:46+00:00\",\"mainEntityOfPage\":{\"@id\":\"https:\\\/\\\/lospoliticosveracruz.com\\\/?p=76180\"},\"wordCount\":613,\"publisher\":{\"@id\":\"https:\\\/\\\/lospoliticosveracruz.com\\\/#organization\"},\"image\":{\"@id\":\"https:\\\/\\\/lospoliticosveracruz.com\\\/?p=76180#primaryimage\"},\"thumbnailUrl\":\"http:\\\/\\\/www.lospoliticosveracruz.com.mx\\\/wp-content\\\/uploads\\\/2021\\\/06\\\/Musicos.png\",\"keywords\":[\"CMIC\",\"Foro \u201cConstrucciones Carreteras\u201d\",\"Marcos Ordu\u00f1a Alcocer\",\"Mart\u00edn Ram\u00f3n \u00c1lvarez Font\u00e1n\",\"SCT Veracruz\"],\"articleSection\":[\"De Boleto\"],\"inLanguage\":\"es\"},{\"@type\":\"WebPage\",\"@id\":\"https:\\\/\\\/lospoliticosveracruz.com\\\/?p=76180\",\"url\":\"https:\\\/\\\/lospoliticosveracruz.com\\\/?p=76180\",\"name\":\"Se ponen al corriente en Construcciones Carreteras! - Los pol\u00edticos Veracruz\",\"isPartOf\":{\"@id\":\"https:\\\/\\\/lospoliticosveracruz.com\\\/#website\"},\"primaryImageOfPage\":{\"@id\":\"https:\\\/\\\/lospoliticosveracruz.com\\\/?p=76180#primaryimage\"},\"image\":{\"@id\":\"https:\\\/\\\/lospoliticosveracruz.com\\\/?p=76180#primaryimage\"},\"thumbnailUrl\":\"http:\\\/\\\/www.lospoliticosveracruz.com.mx\\\/wp-content\\\/uploads\\\/2021\\\/06\\\/Musicos.png\",\"datePublished\":\"2021-06-30T23:48:41+00:00\",\"dateModified\":\"2021-06-30T23:48:46+00:00\",\"breadcrumb\":{\"@id\":\"https:\\\/\\\/lospoliticosveracruz.com\\\/?p=76180#breadcrumb\"},\"inLanguage\":\"es\",\"potentialAction\":[{\"@type\":\"ReadAction\",\"target\":[\"https:\\\/\\\/lospoliticosveracruz.com\\\/?p=76180\"]}]},{\"@type\":\"ImageObject\",\"inLanguage\":\"es\",\"@id\":\"https:\\\/\\\/lospoliticosveracruz.com\\\/?p=76180#primaryimage\",\"url\":\"http:\\\/\\\/www.lospoliticosveracruz.com.mx\\\/wp-content\\\/uploads\\\/2021\\\/06\\\/Musicos.png\",\"contentUrl\":\"http:\\\/\\\/www.lospoliticosveracruz.com.mx\\\/wp-content\\\/uploads\\\/2021\\\/06\\\/Musicos.png\"},{\"@type\":\"BreadcrumbList\",\"@id\":\"https:\\\/\\\/lospoliticosveracruz.com\\\/?p=76180#breadcrumb\",\"itemListElement\":[{\"@type\":\"ListItem\",\"position\":1,\"name\":\"Portada\",\"item\":\"https:\\\/\\\/lospoliticosveracruz.com\\\/\"},{\"@type\":\"ListItem\",\"position\":2,\"name\":\"Se ponen al corriente en Construcciones Carreteras!\"}]},{\"@type\":\"WebSite\",\"@id\":\"https:\\\/\\\/lospoliticosveracruz.com\\\/#website\",\"url\":\"https:\\\/\\\/lospoliticosveracruz.com\\\/\",\"name\":\"Los pol\u00edticos Veracruz\",\"description\":\"\",\"publisher\":{\"@id\":\"https:\\\/\\\/lospoliticosveracruz.com\\\/#organization\"},\"potentialAction\":[{\"@type\":\"SearchAction\",\"target\":{\"@type\":\"EntryPoint\",\"urlTemplate\":\"https:\\\/\\\/lospoliticosveracruz.com\\\/?s={search_term_string}\"},\"query-input\":{\"@type\":\"PropertyValueSpecification\",\"valueRequired\":true,\"valueName\":\"search_term_string\"}}],\"inLanguage\":\"es\"},{\"@type\":\"Organization\",\"@id\":\"https:\\\/\\\/lospoliticosveracruz.com\\\/#organization\",\"name\":\"Los pol\u00edticos Veracruz\",\"url\":\"https:\\\/\\\/lospoliticosveracruz.com\\\/\",\"logo\":{\"@type\":\"ImageObject\",\"inLanguage\":\"es\",\"@id\":\"https:\\\/\\\/lospoliticosveracruz.com\\\/#\\\/schema\\\/logo\\\/image\\\/\",\"url\":\"https:\\\/\\\/lospoliticosveracruz.com\\\/wp-content\\\/uploads\\\/2025\\\/12\\\/Logo-Nuevo-LOS-POLITICOS-1.jpg\",\"contentUrl\":\"https:\\\/\\\/lospoliticosveracruz.com\\\/wp-content\\\/uploads\\\/2025\\\/12\\\/Logo-Nuevo-LOS-POLITICOS-1.jpg\",\"width\":260,\"height\":70,\"caption\":\"Los pol\u00edticos Veracruz\"},\"image\":{\"@id\":\"https:\\\/\\\/lospoliticosveracruz.com\\\/#\\\/schema\\\/logo\\\/image\\\/\"},\"sameAs\":[\"https:\\\/\\\/www.facebook.com\\\/people\\\/Notimemes-de-los-Polticos\\\/61565672886568\\\/\",\"https:\\\/\\\/x.com\\\/LosPoliticosVer\"]},{\"@type\":\"Person\",\"@id\":\"https:\\\/\\\/lospoliticosveracruz.com\\\/#\\\/schema\\\/person\\\/b8702bb0e538456e6efd07080bf2a4a2\",\"name\":\"Lo viste en Los Pol\u00edticos\",\"image\":{\"@type\":\"ImageObject\",\"inLanguage\":\"es\",\"@id\":\"https:\\\/\\\/secure.gravatar.com\\\/avatar\\\/3a8de04a2656d44082be478bd6c086daa447c4651605818287b9532d3d0bd435?s=96&d=mm&r=g\",\"url\":\"https:\\\/\\\/secure.gravatar.com\\\/avatar\\\/3a8de04a2656d44082be478bd6c086daa447c4651605818287b9532d3d0bd435?s=96&d=mm&r=g\",\"contentUrl\":\"https:\\\/\\\/secure.gravatar.com\\\/avatar\\\/3a8de04a2656d44082be478bd6c086daa447c4651605818287b9532d3d0bd435?s=96&d=mm&r=g\",\"caption\":\"Lo viste en Los Pol\u00edticos\"},\"url\":\"https:\\\/\\\/lospoliticosveracruz.com\\\/?author=2\"}]}<\/script>\n<!-- \/ Yoast SEO plugin. -->","yoast_head_json":{"title":"Se ponen al corriente en Construcciones Carreteras! - Los pol\u00edticos Veracruz","robots":{"index":"index","follow":"follow","max-snippet":"max-snippet:-1","max-image-preview":"max-image-preview:large","max-video-preview":"max-video-preview:-1"},"canonical":"https:\/\/lospoliticosveracruz.com\/?p=76180","og_locale":"es_ES","og_type":"article","og_title":"Se ponen al corriente en Construcciones Carreteras! - Los pol\u00edticos Veracruz","og_description":"Boca del R\u00edoCon gran convocatoria, la Delegaci\u00f3n Veracruz Puerto de la CMIC, en coordinaci\u00f3n con el Centro SCT Veracruz, realiz\u00f3 los trabajos del Foro \u201cConstrucciones Carreteras\u201d cuya finalidad fue presentar las \u00faltimas actualizaciones en el tema de construcciones de v\u00edas terrestres para los especialistas en el ramo de la construcci\u00f3n.Con la presencia del director del [&hellip;]","og_url":"https:\/\/lospoliticosveracruz.com\/?p=76180","og_site_name":"Los pol\u00edticos Veracruz","article_publisher":"https:\/\/www.facebook.com\/people\/Notimemes-de-los-Polticos\/61565672886568\/","article_published_time":"2021-06-30T23:48:41+00:00","article_modified_time":"2021-06-30T23:48:46+00:00","og_image":[{"url":"http:\/\/www.lospoliticosveracruz.com.mx\/wp-content\/uploads\/2021\/06\/Musicos.png","type":"","width":"","height":""}],"author":"Lo viste en Los Pol\u00edticos","twitter_card":"summary_large_image","twitter_creator":"@LosPoliticosVer","twitter_site":"@LosPoliticosVer","twitter_misc":{"Escrito por":"Lo viste en Los Pol\u00edticos","Tiempo de lectura":"3 minutos"},"schema":{"@context":"https:\/\/schema.org","@graph":[{"@type":"Article","@id":"https:\/\/lospoliticosveracruz.com\/?p=76180#article","isPartOf":{"@id":"https:\/\/lospoliticosveracruz.com\/?p=76180"},"author":{"name":"Lo viste en Los Pol\u00edticos","@id":"https:\/\/lospoliticosveracruz.com\/#\/schema\/person\/b8702bb0e538456e6efd07080bf2a4a2"},"headline":"Se ponen al corriente en Construcciones Carreteras!","datePublished":"2021-06-30T23:48:41+00:00","dateModified":"2021-06-30T23:48:46+00:00","mainEntityOfPage":{"@id":"https:\/\/lospoliticosveracruz.com\/?p=76180"},"wordCount":613,"publisher":{"@id":"https:\/\/lospoliticosveracruz.com\/#organization"},"image":{"@id":"https:\/\/lospoliticosveracruz.com\/?p=76180#primaryimage"},"thumbnailUrl":"http:\/\/www.lospoliticosveracruz.com.mx\/wp-content\/uploads\/2021\/06\/Musicos.png","keywords":["CMIC","Foro \u201cConstrucciones Carreteras\u201d","Marcos Ordu\u00f1a Alcocer","Mart\u00edn Ram\u00f3n \u00c1lvarez Font\u00e1n","SCT Veracruz"],"articleSection":["De Boleto"],"inLanguage":"es"},{"@type":"WebPage","@id":"https:\/\/lospoliticosveracruz.com\/?p=76180","url":"https:\/\/lospoliticosveracruz.com\/?p=76180","name":"Se ponen al corriente en Construcciones Carreteras! - Los pol\u00edticos Veracruz","isPartOf":{"@id":"https:\/\/lospoliticosveracruz.com\/#website"},"primaryImageOfPage":{"@id":"https:\/\/lospoliticosveracruz.com\/?p=76180#primaryimage"},"image":{"@id":"https:\/\/lospoliticosveracruz.com\/?p=76180#primaryimage"},"thumbnailUrl":"http:\/\/www.lospoliticosveracruz.com.mx\/wp-content\/uploads\/2021\/06\/Musicos.png","datePublished":"2021-06-30T23:48:41+00:00","dateModified":"2021-06-30T23:48:46+00:00","breadcrumb":{"@id":"https:\/\/lospoliticosveracruz.com\/?p=76180#breadcrumb"},"inLanguage":"es","potentialAction":[{"@type":"ReadAction","target":["https:\/\/lospoliticosveracruz.com\/?p=76180"]}]},{"@type":"ImageObject","inLanguage":"es","@id":"https:\/\/lospoliticosveracruz.com\/?p=76180#primaryimage","url":"http:\/\/www.lospoliticosveracruz.com.mx\/wp-content\/uploads\/2021\/06\/Musicos.png","contentUrl":"http:\/\/www.lospoliticosveracruz.com.mx\/wp-content\/uploads\/2021\/06\/Musicos.png"},{"@type":"BreadcrumbList","@id":"https:\/\/lospoliticosveracruz.com\/?p=76180#breadcrumb","itemListElement":[{"@type":"ListItem","position":1,"name":"Portada","item":"https:\/\/lospoliticosveracruz.com\/"},{"@type":"ListItem","position":2,"name":"Se ponen al corriente en Construcciones Carreteras!"}]},{"@type":"WebSite","@id":"https:\/\/lospoliticosveracruz.com\/#website","url":"https:\/\/lospoliticosveracruz.com\/","name":"Los pol\u00edticos Veracruz","description":"","publisher":{"@id":"https:\/\/lospoliticosveracruz.com\/#organization"},"potentialAction":[{"@type":"SearchAction","target":{"@type":"EntryPoint","urlTemplate":"https:\/\/lospoliticosveracruz.com\/?s={search_term_string}"},"query-input":{"@type":"PropertyValueSpecification","valueRequired":true,"valueName":"search_term_string"}}],"inLanguage":"es"},{"@type":"Organization","@id":"https:\/\/lospoliticosveracruz.com\/#organization","name":"Los pol\u00edticos Veracruz","url":"https:\/\/lospoliticosveracruz.com\/","logo":{"@type":"ImageObject","inLanguage":"es","@id":"https:\/\/lospoliticosveracruz.com\/#\/schema\/logo\/image\/","url":"https:\/\/lospoliticosveracruz.com\/wp-content\/uploads\/2025\/12\/Logo-Nuevo-LOS-POLITICOS-1.jpg","contentUrl":"https:\/\/lospoliticosveracruz.com\/wp-content\/uploads\/2025\/12\/Logo-Nuevo-LOS-POLITICOS-1.jpg","width":260,"height":70,"caption":"Los pol\u00edticos Veracruz"},"image":{"@id":"https:\/\/lospoliticosveracruz.com\/#\/schema\/logo\/image\/"},"sameAs":["https:\/\/www.facebook.com\/people\/Notimemes-de-los-Polticos\/61565672886568\/","https:\/\/x.com\/LosPoliticosVer"]},{"@type":"Person","@id":"https:\/\/lospoliticosveracruz.com\/#\/schema\/person\/b8702bb0e538456e6efd07080bf2a4a2","name":"Lo viste en Los Pol\u00edticos","image":{"@type":"ImageObject","inLanguage":"es","@id":"https:\/\/secure.gravatar.com\/avatar\/3a8de04a2656d44082be478bd6c086daa447c4651605818287b9532d3d0bd435?s=96&d=mm&r=g","url":"https:\/\/secure.gravatar.com\/avatar\/3a8de04a2656d44082be478bd6c086daa447c4651605818287b9532d3d0bd435?s=96&d=mm&r=g","contentUrl":"https:\/\/secure.gravatar.com\/avatar\/3a8de04a2656d44082be478bd6c086daa447c4651605818287b9532d3d0bd435?s=96&d=mm&r=g","caption":"Lo viste en Los Pol\u00edticos"},"url":"https:\/\/lospoliticosveracruz.com\/?author=2"}]}},"_links":{"self":[{"href":"https:\/\/lospoliticosveracruz.com\/index.php?rest_route=\/wp\/v2\/posts\/76180","targetHints":{"allow":["GET"]}}],"collection":[{"href":"https:\/\/lospoliticosveracruz.com\/index.php?rest_route=\/wp\/v2\/posts"}],"about":[{"href":"https:\/\/lospoliticosveracruz.com\/index.php?rest_route=\/wp\/v2\/types\/post"}],"author":[{"embeddable":true,"href":"https:\/\/lospoliticosveracruz.com\/index.php?rest_route=\/wp\/v2\/users\/2"}],"replies":[{"embeddable":true,"href":"https:\/\/lospoliticosveracruz.com\/index.php?rest_route=%2Fwp%2Fv2%2Fcomments&post=76180"}],"version-history":[{"count":1,"href":"https:\/\/lospoliticosveracruz.com\/index.php?rest_route=\/wp\/v2\/posts\/76180\/revisions"}],"predecessor-version":[{"id":76182,"href":"https:\/\/lospoliticosveracruz.com\/index.php?rest_route=\/wp\/v2\/posts\/76180\/revisions\/76182"}],"wp:attachment":[{"href":"https:\/\/lospoliticosveracruz.com\/index.php?rest_route=%2Fwp%2Fv2%2Fmedia&parent=76180"}],"wp:term":[{"taxonomy":"category","embeddable":true,"href":"https:\/\/lospoliticosveracruz.com\/index.php?rest_route=%2Fwp%2Fv2%2Fcategories&post=76180"},{"taxonomy":"post_tag","embeddable":true,"href":"https:\/\/lospoliticosveracruz.com\/index.php?rest_route=%2Fwp%2Fv2%2Ftags&post=76180"}],"curies":[{"name":"wp","href":"https:\/\/api.w.org\/{rel}","templated":true}]}}