{"id":76238,"date":"2021-07-02T08:26:13","date_gmt":"2021-07-02T13:26:13","guid":{"rendered":"http:\/\/www.lospoliticosveracruz.com.mx\/?p=76238"},"modified":"2021-07-02T08:26:17","modified_gmt":"2021-07-02T13:26:17","slug":"canibalismo-moreno-2","status":"publish","type":"post","link":"https:\/\/lospoliticosveracruz.com\/?p=76238","title":{"rendered":"Canibalismo moreno"},"content":{"rendered":"\n<p><strong>Ricardo Ch\u00faa<br><\/strong><em>Sale y Vale<\/em><\/p>\n\n\n\n<p>EL \u00abCANIBALISMO\u00bb MORENO\u2026 A pesar de que a\u00fan muchos dentro de MORENA contin\u00faan con la idea de que Juan Javier G\u00f3mez Cazarin, se va a quedar como diputado local en el nuevo Congreso del Estado\u2026 Ya que podr\u00eda alcanzar una curul aunque eso se ve imposible por el tema de equidad y g\u00e9nero\u2026 Ya dentro del gobierno estatal y sus altos funcionarios junto con algunos diputados locales electos Morenos\u2026 Andan viendo que de no llegar\u2026 Qui\u00e9n se podr\u00eda quedar en el sitio de Cazar\u00edn\u2026<br>Es decir, ya andan \u00abzopiloteando\u00bb al de Hueyapan de Ocampo desde este momento\u2026 Previendo que no le alcanzar\u00e1 para lograr su reelecci\u00f3n plurinominal\u2026 Y \u00abmuerto El Rey\u2026 Viva El Rey\u00bb\u2026 A pesar de que dicen que Cuitl\u00e1huac Garc\u00eda est\u00e1 \u00abaguantando\u00bb el tema para esperar si es que el OPLE le puede hacer \u00abcirco, maroma y teatro\u00bb para lograr que Cazar\u00edn entre aunque sea con \u00abcalzador\u00bb\u2026 Pero la presi\u00f3n dentro de su gabinete y MORENA por el nuevo pastor es inmensa\u2026 Y quien sabe cuanto puedan resistir\u2026<br>Es un \u00absecreto a voces\u00bb dentro del gobierno estatal\u2026 Que Cazar\u00edn tiene muchos grupos pol\u00edticos antagonistas en MORENA y fuera de ellos\u2026 Algunos con cercan\u00eda y ascendencia con Cuitl\u00e1huac\u2026. Por ello, es que este \u00abcanibalismo\u00bb Moreno es real y palpable en contra de su figura.. M\u00e1s que lo ven \u00abdiezmado\u00bb pol\u00edticamente porque independientemente que podr\u00eda no entrar en el pr\u00f3ximo Congreso Local\u2026 M\u00e1s de la mayor\u00eda de los diputados locales electos\u2026 Son afines a Manuel Huerta y a otros grupos locales\u2026 No la tendr\u00e1 f\u00e1cil, si se queda\u2026 AMEN\u2026<\/p>\n\n\n\n<div class=\"wp-block-image\"><figure class=\"alignleft size-large is-resized\"><a href=\"http:\/\/www.lospoliticosveracruz.com.mx\/wp-content\/uploads\/2021\/06\/Musicos.png\"><img loading=\"lazy\" decoding=\"async\" src=\"http:\/\/www.lospoliticosveracruz.com.mx\/wp-content\/uploads\/2021\/06\/Musicos.png\" alt=\"\" class=\"wp-image-76033\" width=\"389\" height=\"233\"\/><\/a><\/figure><\/div>\n\n\n\n<p>DOMINGO BAHENA, \u00bfBYE?\u2026 Dentro del mismo Congreso del Estado se ha empezado a soltar un \u00abfuerte rumor\u00bb que los d\u00edas del secretario General de la Legislatura Local, el ex panista, Domingo Bahena Corbala, est\u00e1n CONTADOS\u2026 Los que comentan esta versi\u00f3n, cercanos a Palacio de Gobierno, se\u00f1alan que esto se debe a que si Cazar\u00edn, no alcanza la diputaci\u00f3n local pluri\u2026. Desde el gobierno estatal podr\u00edan empezar a PROMOVERLO a quedarse en ese cargo en el recinto legislativo\u2026 AS\u00cd COMO LO LEEN\u2026 NO MMN\u2026<br>Hasta esta posibilidad est\u00e1n \u00abfiltrando\u00bb con tal de encontrarle acomodo a Cazar\u00edn y no llevarlo al gobierno estatal\u2026 Ahora si nos vamos a los hechos\u2026 Quitar a Bahena de la Secretar\u00eda General del Congreso del Estado, no es una gran p\u00e9rdida para los procesos legislativos en este sitio\u2026 As\u00ed como la llegada de Juan Javier G\u00f3mez Cazar\u00edn tampoco significa que la Legislatura Local gane un gran conocedor de la leyes que de ah\u00ed se emanan\u2026 Esto es puro PAN CON LO MISMO\u2026<br>Obvio que de llegar Cazar\u00edn tendr\u00eda el control casi por completo del manejo del Congreso Local\u2026 Manejar\u00eda un gran n\u00famero de n\u00f3mina con lo cual su gente y sus aliados pol\u00edticos, no perder\u00edan canonj\u00edas y desde el legislativo, se constituir\u00e1 como un grupo de poder dentro de MORENA y que podr\u00eda negociar posiciones y hacer crecer cuadros pol\u00edticos para el pr\u00f3ximo proceso electoral local del 2024\u2026 Claro si lo dejan llegar y le da la cabeza para eso\u2026 Finalmente es porque no encuentran a donde acomodarlo\u2026 JES\u00daS NOS AMPARE..<\/p>\n\n\n\n<div class=\"wp-block-image\"><figure class=\"alignleft size-large is-resized\"><a href=\"http:\/\/www.lospoliticosveracruz.com.mx\/wp-content\/uploads\/2021\/06\/Rostros.png\"><img loading=\"lazy\" decoding=\"async\" src=\"http:\/\/www.lospoliticosveracruz.com.mx\/wp-content\/uploads\/2021\/06\/Rostros.png\" alt=\"\" class=\"wp-image-76034\" width=\"389\" height=\"233\"\/><\/a><\/figure><\/div>\n\n\n\n<p>LOS NUEVOS \u00abPASTORES\u00bb\u2026 Mucho se habla de los que ser\u00e1n los nuevos coordinadores legislativos en el pr\u00f3ximo Congreso de la Uni\u00f3n en su c\u00e1mara de diputados federales\u2026 As\u00ed como se habla de Jorge Romero para ser el coordinador del PAN\u2026 Un personaje muy cercano a Marko Cort\u00e9s y a los que ahora tienen en su poder el CEN panista\u2026. Y despu\u00e9s de haber elegido a Rub\u00e9n Moreira como el \u00abpastor\u00bb del PRI y que es cercano a Alejandro Moreno, el presidente del CEN priista\u2026 Hay ojos que voltean sobre un veracruzano para otro partido\u2026<br>Fuentes cercanas a este recinto federal legislativo\u2026 Se\u00f1alan que posiblemente el diputado federal electo por el PVEM, Javier Herrera Borunda, hijo del ex gobernador, Fidel Herrera Beltr\u00e1n, sea el pr\u00f3ximo coordinador de esta bancada de los \u00abverdes\u00bb en el Congreso de la Uni\u00f3n\u2026. Hay que recordar que este veracruzano, es muy cercano al senador, Manuel Velasco Coello, que es el verdadero \u00abjefe\u00bb del PVEM en el pa\u00eds\u2026 Y desde el 2013 trae colaborando a Javier Herrera desde que era gobernador de Chiapas\u2026<br>Era uno de sus asesores cercanos en el gobierno de aquella entidad\u2026 Logr\u00f3 hacerlo diputado federal en 2015\u2026 Luego cuando Manuel Velasco lleg\u00f3 al Senado\u2026 Este nombr\u00f3 a Javier Herrera como el coordinador Jur\u00eddico del Senado de la Rep\u00fablica\u2026 Nombramiento que estuvo \u00abpalomeado\u00bb por Ricardo Monreal\u2026 Ahora se dice que en este 2021\u2026. Tiene todas las cartas credenciales necesarias para convertir a Herrera Borunda, como el nuevo coordinador del PVEM de sus diputados federales\u2026 En unos d\u00edas m\u00e1s, se sabr\u00e1 de esta decisi\u00f3n.. AMEN\u2026<\/p>\n\n\n\n<p>OJO\u2026 Lo que debe preocupar m\u00e1s al gobierno estatal de MORENA\u2026 Que andar promoviendo consultas o seguir diciendo que ellos son la soluci\u00f3n de todos los males en Veracruz\u2026 Es que los productos de la canasta b\u00e1sica empezaron a subir de precio\u2026. El kilo de tortilla cuesta en cualquier establecimiento 20 pesos\u2026 Y muy pronto, habr\u00e1 aumento al cobro de pasaje del servicio p\u00fablico urbano porque el costo de los insumos tambi\u00e9n subi\u00f3\u2026 Esto ser\u00e1 detonante para la econom\u00eda de las familias veracruzanas y ser\u00e1 algo que no podr\u00e1n aguantar\u2026<br>Una cosa muy distinta es crear \u00abescenarios\u00bb o \u00abcortinas de humo\u00bb para seguir con la propaganda pol\u00edtica a favor de un gobierno o partido\u2026 Y otra muy distinta, que los ciudadanos empiecen a sentir los estragos en sus bolsillos y en sus hogares\u2026 Por los incrementos que vienen en este segundo semestre del a\u00f1o y que se ven, son inminentes\u2026 Esas son las cosas que el pueblo no perdona y siempre se le recuerda\u2026 As\u00ed que podr\u00e1n anunciar consultas, inversiones o mejoras sociales en el Estado\u2026 Pero cuando el bolsillo reciente estos \u00abcambios\u00bb\u2026 Viene todo en contra\u2026<br>Si la escalada de precios viene de manera fuerte y el gobierno estatal no crea una barrera o subsidios para que esto no suceda\u2026 La administraci\u00f3n de Cuitl\u00e1huac Garc\u00eda la va a pasar muy mal porque esto ser\u00e1 \u00abcaldo de cultivo\u00bb para las protestas sociales\u2026 Estos meses venideros, ser\u00e1 un \u00abviacrucis\u00bb para el gobierno, que pese a haberlo ganado casi todo electoralmente, los reclamos estar\u00e1n a la orden del d\u00eda\u2026 Tocar el bolsillo de la gente es la pol\u00edtica m\u00e1s peligrosa que sigue un gobierno en turno\u2026 AMEN\u2026<\/p>\n","protected":false},"excerpt":{"rendered":"<p>Ricardo Ch\u00faaSale y Vale EL \u00abCANIBALISMO\u00bb MORENO\u2026 A pesar de que a\u00fan muchos dentro de MORENA contin\u00faan con la idea de que Juan Javier G\u00f3mez Cazarin, se va a quedar como diputado local en el nuevo Congreso del Estado\u2026 Ya que podr\u00eda alcanzar una curul aunque eso se ve imposible por el tema de equidad [&hellip;]<\/p>\n","protected":false},"author":2,"featured_media":0,"comment_status":"closed","ping_status":"closed","sticky":false,"template":"","format":"standard","meta":{"tdm_status":"","tdm_grid_status":"","footnotes":""},"categories":[70],"tags":[14170,29184,1681,1124,29122,10317,1889,12562,1026,3272,264],"class_list":{"0":"post-76238","1":"post","2":"type-post","3":"status-publish","4":"format-standard","6":"category-de-opinion","7":"tag-alejandro-moreno","8":"tag-cen-panista","9":"tag-cuitlahuac-garcia","10":"tag-javier-herrera-borunda","11":"tag-juan-javier-gomez-cazarin-2","12":"tag-manuel-huerta","13":"tag-manuel-velasco","14":"tag-marko-cortes","15":"tag-morena","16":"tag-ople","17":"tag-pvem"},"yoast_head":"<!-- This site is optimized with the Yoast SEO plugin v27.4 - https:\/\/yoast.com\/product\/yoast-seo-wordpress\/ -->\n<title>Canibalismo moreno - Los pol\u00edticos Veracruz<\/title>\n<meta name=\"robots\" content=\"index, follow, max-snippet:-1, max-image-preview:large, max-video-preview:-1\" \/>\n<link rel=\"canonical\" href=\"https:\/\/lospoliticosveracruz.com\/?p=76238\" \/>\n<meta property=\"og:locale\" content=\"es_ES\" \/>\n<meta property=\"og:type\" content=\"article\" \/>\n<meta property=\"og:title\" content=\"Canibalismo moreno - Los pol\u00edticos Veracruz\" \/>\n<meta property=\"og:description\" content=\"Ricardo Ch\u00faaSale y Vale EL \u00abCANIBALISMO\u00bb MORENO\u2026 A pesar de que a\u00fan muchos dentro de MORENA contin\u00faan con la idea de que Juan Javier G\u00f3mez Cazarin, se va a quedar como diputado local en el nuevo Congreso del Estado\u2026 Ya que podr\u00eda alcanzar una curul aunque eso se ve imposible por el tema de equidad [&hellip;]\" \/>\n<meta property=\"og:url\" content=\"https:\/\/lospoliticosveracruz.com\/?p=76238\" \/>\n<meta property=\"og:site_name\" content=\"Los pol\u00edticos Veracruz\" \/>\n<meta property=\"article:publisher\" content=\"https:\/\/www.facebook.com\/people\/Notimemes-de-los-Polticos\/61565672886568\/\" \/>\n<meta property=\"article:published_time\" content=\"2021-07-02T13:26:13+00:00\" \/>\n<meta property=\"article:modified_time\" content=\"2021-07-02T13:26:17+00:00\" \/>\n<meta property=\"og:image\" content=\"http:\/\/www.lospoliticosveracruz.com.mx\/wp-content\/uploads\/2021\/06\/Musicos.png\" \/>\n<meta name=\"author\" content=\"Lo viste en Los Pol\u00edticos\" \/>\n<meta name=\"twitter:card\" content=\"summary_large_image\" \/>\n<meta name=\"twitter:creator\" content=\"@LosPoliticosVer\" \/>\n<meta name=\"twitter:site\" content=\"@LosPoliticosVer\" \/>\n<meta name=\"twitter:label1\" content=\"Escrito por\" \/>\n\t<meta name=\"twitter:data1\" content=\"Lo viste en Los Pol\u00edticos\" \/>\n\t<meta name=\"twitter:label2\" content=\"Tiempo de lectura\" \/>\n\t<meta name=\"twitter:data2\" content=\"6 minutos\" \/>\n<script type=\"application\/ld+json\" class=\"yoast-schema-graph\">{\"@context\":\"https:\\\/\\\/schema.org\",\"@graph\":[{\"@type\":\"Article\",\"@id\":\"https:\\\/\\\/lospoliticosveracruz.com\\\/?p=76238#article\",\"isPartOf\":{\"@id\":\"https:\\\/\\\/lospoliticosveracruz.com\\\/?p=76238\"},\"author\":{\"name\":\"Lo viste en Los Pol\u00edticos\",\"@id\":\"https:\\\/\\\/lospoliticosveracruz.com\\\/#\\\/schema\\\/person\\\/b8702bb0e538456e6efd07080bf2a4a2\"},\"headline\":\"Canibalismo moreno\",\"datePublished\":\"2021-07-02T13:26:13+00:00\",\"dateModified\":\"2021-07-02T13:26:17+00:00\",\"mainEntityOfPage\":{\"@id\":\"https:\\\/\\\/lospoliticosveracruz.com\\\/?p=76238\"},\"wordCount\":1134,\"publisher\":{\"@id\":\"https:\\\/\\\/lospoliticosveracruz.com\\\/#organization\"},\"image\":{\"@id\":\"https:\\\/\\\/lospoliticosveracruz.com\\\/?p=76238#primaryimage\"},\"thumbnailUrl\":\"http:\\\/\\\/www.lospoliticosveracruz.com.mx\\\/wp-content\\\/uploads\\\/2021\\\/06\\\/Musicos.png\",\"keywords\":[\"Alejandro Moreno\",\"CEN panista\",\"Cuitl\u00e1huac Garc\u00eda\",\"Javier Herrera Borunda\",\"Juan Javier G\u00f3mez Cazarin\",\"Manuel Huerta\",\"Manuel Velasco\",\"Marko Cort\u00e9s\",\"Morena\",\"OPLE\",\"PVEM\"],\"articleSection\":[\"De Opini\u00f3n\"],\"inLanguage\":\"es\"},{\"@type\":\"WebPage\",\"@id\":\"https:\\\/\\\/lospoliticosveracruz.com\\\/?p=76238\",\"url\":\"https:\\\/\\\/lospoliticosveracruz.com\\\/?p=76238\",\"name\":\"Canibalismo moreno - Los pol\u00edticos Veracruz\",\"isPartOf\":{\"@id\":\"https:\\\/\\\/lospoliticosveracruz.com\\\/#website\"},\"primaryImageOfPage\":{\"@id\":\"https:\\\/\\\/lospoliticosveracruz.com\\\/?p=76238#primaryimage\"},\"image\":{\"@id\":\"https:\\\/\\\/lospoliticosveracruz.com\\\/?p=76238#primaryimage\"},\"thumbnailUrl\":\"http:\\\/\\\/www.lospoliticosveracruz.com.mx\\\/wp-content\\\/uploads\\\/2021\\\/06\\\/Musicos.png\",\"datePublished\":\"2021-07-02T13:26:13+00:00\",\"dateModified\":\"2021-07-02T13:26:17+00:00\",\"breadcrumb\":{\"@id\":\"https:\\\/\\\/lospoliticosveracruz.com\\\/?p=76238#breadcrumb\"},\"inLanguage\":\"es\",\"potentialAction\":[{\"@type\":\"ReadAction\",\"target\":[\"https:\\\/\\\/lospoliticosveracruz.com\\\/?p=76238\"]}]},{\"@type\":\"ImageObject\",\"inLanguage\":\"es\",\"@id\":\"https:\\\/\\\/lospoliticosveracruz.com\\\/?p=76238#primaryimage\",\"url\":\"http:\\\/\\\/www.lospoliticosveracruz.com.mx\\\/wp-content\\\/uploads\\\/2021\\\/06\\\/Musicos.png\",\"contentUrl\":\"http:\\\/\\\/www.lospoliticosveracruz.com.mx\\\/wp-content\\\/uploads\\\/2021\\\/06\\\/Musicos.png\"},{\"@type\":\"BreadcrumbList\",\"@id\":\"https:\\\/\\\/lospoliticosveracruz.com\\\/?p=76238#breadcrumb\",\"itemListElement\":[{\"@type\":\"ListItem\",\"position\":1,\"name\":\"Portada\",\"item\":\"https:\\\/\\\/lospoliticosveracruz.com\\\/\"},{\"@type\":\"ListItem\",\"position\":2,\"name\":\"Canibalismo moreno\"}]},{\"@type\":\"WebSite\",\"@id\":\"https:\\\/\\\/lospoliticosveracruz.com\\\/#website\",\"url\":\"https:\\\/\\\/lospoliticosveracruz.com\\\/\",\"name\":\"Los pol\u00edticos Veracruz\",\"description\":\"\",\"publisher\":{\"@id\":\"https:\\\/\\\/lospoliticosveracruz.com\\\/#organization\"},\"potentialAction\":[{\"@type\":\"SearchAction\",\"target\":{\"@type\":\"EntryPoint\",\"urlTemplate\":\"https:\\\/\\\/lospoliticosveracruz.com\\\/?s={search_term_string}\"},\"query-input\":{\"@type\":\"PropertyValueSpecification\",\"valueRequired\":true,\"valueName\":\"search_term_string\"}}],\"inLanguage\":\"es\"},{\"@type\":\"Organization\",\"@id\":\"https:\\\/\\\/lospoliticosveracruz.com\\\/#organization\",\"name\":\"Los pol\u00edticos Veracruz\",\"url\":\"https:\\\/\\\/lospoliticosveracruz.com\\\/\",\"logo\":{\"@type\":\"ImageObject\",\"inLanguage\":\"es\",\"@id\":\"https:\\\/\\\/lospoliticosveracruz.com\\\/#\\\/schema\\\/logo\\\/image\\\/\",\"url\":\"https:\\\/\\\/lospoliticosveracruz.com\\\/wp-content\\\/uploads\\\/2025\\\/12\\\/Logo-Nuevo-LOS-POLITICOS-1.jpg\",\"contentUrl\":\"https:\\\/\\\/lospoliticosveracruz.com\\\/wp-content\\\/uploads\\\/2025\\\/12\\\/Logo-Nuevo-LOS-POLITICOS-1.jpg\",\"width\":260,\"height\":70,\"caption\":\"Los pol\u00edticos Veracruz\"},\"image\":{\"@id\":\"https:\\\/\\\/lospoliticosveracruz.com\\\/#\\\/schema\\\/logo\\\/image\\\/\"},\"sameAs\":[\"https:\\\/\\\/www.facebook.com\\\/people\\\/Notimemes-de-los-Polticos\\\/61565672886568\\\/\",\"https:\\\/\\\/x.com\\\/LosPoliticosVer\"]},{\"@type\":\"Person\",\"@id\":\"https:\\\/\\\/lospoliticosveracruz.com\\\/#\\\/schema\\\/person\\\/b8702bb0e538456e6efd07080bf2a4a2\",\"name\":\"Lo viste en Los Pol\u00edticos\",\"image\":{\"@type\":\"ImageObject\",\"inLanguage\":\"es\",\"@id\":\"https:\\\/\\\/secure.gravatar.com\\\/avatar\\\/3a8de04a2656d44082be478bd6c086daa447c4651605818287b9532d3d0bd435?s=96&d=mm&r=g\",\"url\":\"https:\\\/\\\/secure.gravatar.com\\\/avatar\\\/3a8de04a2656d44082be478bd6c086daa447c4651605818287b9532d3d0bd435?s=96&d=mm&r=g\",\"contentUrl\":\"https:\\\/\\\/secure.gravatar.com\\\/avatar\\\/3a8de04a2656d44082be478bd6c086daa447c4651605818287b9532d3d0bd435?s=96&d=mm&r=g\",\"caption\":\"Lo viste en Los Pol\u00edticos\"},\"url\":\"https:\\\/\\\/lospoliticosveracruz.com\\\/?author=2\"}]}<\/script>\n<!-- \/ Yoast SEO plugin. -->","yoast_head_json":{"title":"Canibalismo moreno - Los pol\u00edticos Veracruz","robots":{"index":"index","follow":"follow","max-snippet":"max-snippet:-1","max-image-preview":"max-image-preview:large","max-video-preview":"max-video-preview:-1"},"canonical":"https:\/\/lospoliticosveracruz.com\/?p=76238","og_locale":"es_ES","og_type":"article","og_title":"Canibalismo moreno - Los pol\u00edticos Veracruz","og_description":"Ricardo Ch\u00faaSale y Vale EL \u00abCANIBALISMO\u00bb MORENO\u2026 A pesar de que a\u00fan muchos dentro de MORENA contin\u00faan con la idea de que Juan Javier G\u00f3mez Cazarin, se va a quedar como diputado local en el nuevo Congreso del Estado\u2026 Ya que podr\u00eda alcanzar una curul aunque eso se ve imposible por el tema de equidad [&hellip;]","og_url":"https:\/\/lospoliticosveracruz.com\/?p=76238","og_site_name":"Los pol\u00edticos Veracruz","article_publisher":"https:\/\/www.facebook.com\/people\/Notimemes-de-los-Polticos\/61565672886568\/","article_published_time":"2021-07-02T13:26:13+00:00","article_modified_time":"2021-07-02T13:26:17+00:00","og_image":[{"url":"http:\/\/www.lospoliticosveracruz.com.mx\/wp-content\/uploads\/2021\/06\/Musicos.png","type":"","width":"","height":""}],"author":"Lo viste en Los Pol\u00edticos","twitter_card":"summary_large_image","twitter_creator":"@LosPoliticosVer","twitter_site":"@LosPoliticosVer","twitter_misc":{"Escrito por":"Lo viste en Los Pol\u00edticos","Tiempo de lectura":"6 minutos"},"schema":{"@context":"https:\/\/schema.org","@graph":[{"@type":"Article","@id":"https:\/\/lospoliticosveracruz.com\/?p=76238#article","isPartOf":{"@id":"https:\/\/lospoliticosveracruz.com\/?p=76238"},"author":{"name":"Lo viste en Los Pol\u00edticos","@id":"https:\/\/lospoliticosveracruz.com\/#\/schema\/person\/b8702bb0e538456e6efd07080bf2a4a2"},"headline":"Canibalismo moreno","datePublished":"2021-07-02T13:26:13+00:00","dateModified":"2021-07-02T13:26:17+00:00","mainEntityOfPage":{"@id":"https:\/\/lospoliticosveracruz.com\/?p=76238"},"wordCount":1134,"publisher":{"@id":"https:\/\/lospoliticosveracruz.com\/#organization"},"image":{"@id":"https:\/\/lospoliticosveracruz.com\/?p=76238#primaryimage"},"thumbnailUrl":"http:\/\/www.lospoliticosveracruz.com.mx\/wp-content\/uploads\/2021\/06\/Musicos.png","keywords":["Alejandro Moreno","CEN panista","Cuitl\u00e1huac Garc\u00eda","Javier Herrera Borunda","Juan Javier G\u00f3mez Cazarin","Manuel Huerta","Manuel Velasco","Marko Cort\u00e9s","Morena","OPLE","PVEM"],"articleSection":["De Opini\u00f3n"],"inLanguage":"es"},{"@type":"WebPage","@id":"https:\/\/lospoliticosveracruz.com\/?p=76238","url":"https:\/\/lospoliticosveracruz.com\/?p=76238","name":"Canibalismo moreno - Los pol\u00edticos Veracruz","isPartOf":{"@id":"https:\/\/lospoliticosveracruz.com\/#website"},"primaryImageOfPage":{"@id":"https:\/\/lospoliticosveracruz.com\/?p=76238#primaryimage"},"image":{"@id":"https:\/\/lospoliticosveracruz.com\/?p=76238#primaryimage"},"thumbnailUrl":"http:\/\/www.lospoliticosveracruz.com.mx\/wp-content\/uploads\/2021\/06\/Musicos.png","datePublished":"2021-07-02T13:26:13+00:00","dateModified":"2021-07-02T13:26:17+00:00","breadcrumb":{"@id":"https:\/\/lospoliticosveracruz.com\/?p=76238#breadcrumb"},"inLanguage":"es","potentialAction":[{"@type":"ReadAction","target":["https:\/\/lospoliticosveracruz.com\/?p=76238"]}]},{"@type":"ImageObject","inLanguage":"es","@id":"https:\/\/lospoliticosveracruz.com\/?p=76238#primaryimage","url":"http:\/\/www.lospoliticosveracruz.com.mx\/wp-content\/uploads\/2021\/06\/Musicos.png","contentUrl":"http:\/\/www.lospoliticosveracruz.com.mx\/wp-content\/uploads\/2021\/06\/Musicos.png"},{"@type":"BreadcrumbList","@id":"https:\/\/lospoliticosveracruz.com\/?p=76238#breadcrumb","itemListElement":[{"@type":"ListItem","position":1,"name":"Portada","item":"https:\/\/lospoliticosveracruz.com\/"},{"@type":"ListItem","position":2,"name":"Canibalismo moreno"}]},{"@type":"WebSite","@id":"https:\/\/lospoliticosveracruz.com\/#website","url":"https:\/\/lospoliticosveracruz.com\/","name":"Los pol\u00edticos Veracruz","description":"","publisher":{"@id":"https:\/\/lospoliticosveracruz.com\/#organization"},"potentialAction":[{"@type":"SearchAction","target":{"@type":"EntryPoint","urlTemplate":"https:\/\/lospoliticosveracruz.com\/?s={search_term_string}"},"query-input":{"@type":"PropertyValueSpecification","valueRequired":true,"valueName":"search_term_string"}}],"inLanguage":"es"},{"@type":"Organization","@id":"https:\/\/lospoliticosveracruz.com\/#organization","name":"Los pol\u00edticos Veracruz","url":"https:\/\/lospoliticosveracruz.com\/","logo":{"@type":"ImageObject","inLanguage":"es","@id":"https:\/\/lospoliticosveracruz.com\/#\/schema\/logo\/image\/","url":"https:\/\/lospoliticosveracruz.com\/wp-content\/uploads\/2025\/12\/Logo-Nuevo-LOS-POLITICOS-1.jpg","contentUrl":"https:\/\/lospoliticosveracruz.com\/wp-content\/uploads\/2025\/12\/Logo-Nuevo-LOS-POLITICOS-1.jpg","width":260,"height":70,"caption":"Los pol\u00edticos Veracruz"},"image":{"@id":"https:\/\/lospoliticosveracruz.com\/#\/schema\/logo\/image\/"},"sameAs":["https:\/\/www.facebook.com\/people\/Notimemes-de-los-Polticos\/61565672886568\/","https:\/\/x.com\/LosPoliticosVer"]},{"@type":"Person","@id":"https:\/\/lospoliticosveracruz.com\/#\/schema\/person\/b8702bb0e538456e6efd07080bf2a4a2","name":"Lo viste en Los Pol\u00edticos","image":{"@type":"ImageObject","inLanguage":"es","@id":"https:\/\/secure.gravatar.com\/avatar\/3a8de04a2656d44082be478bd6c086daa447c4651605818287b9532d3d0bd435?s=96&d=mm&r=g","url":"https:\/\/secure.gravatar.com\/avatar\/3a8de04a2656d44082be478bd6c086daa447c4651605818287b9532d3d0bd435?s=96&d=mm&r=g","contentUrl":"https:\/\/secure.gravatar.com\/avatar\/3a8de04a2656d44082be478bd6c086daa447c4651605818287b9532d3d0bd435?s=96&d=mm&r=g","caption":"Lo viste en Los Pol\u00edticos"},"url":"https:\/\/lospoliticosveracruz.com\/?author=2"}]}},"_links":{"self":[{"href":"https:\/\/lospoliticosveracruz.com\/index.php?rest_route=\/wp\/v2\/posts\/76238","targetHints":{"allow":["GET"]}}],"collection":[{"href":"https:\/\/lospoliticosveracruz.com\/index.php?rest_route=\/wp\/v2\/posts"}],"about":[{"href":"https:\/\/lospoliticosveracruz.com\/index.php?rest_route=\/wp\/v2\/types\/post"}],"author":[{"embeddable":true,"href":"https:\/\/lospoliticosveracruz.com\/index.php?rest_route=\/wp\/v2\/users\/2"}],"replies":[{"embeddable":true,"href":"https:\/\/lospoliticosveracruz.com\/index.php?rest_route=%2Fwp%2Fv2%2Fcomments&post=76238"}],"version-history":[{"count":1,"href":"https:\/\/lospoliticosveracruz.com\/index.php?rest_route=\/wp\/v2\/posts\/76238\/revisions"}],"predecessor-version":[{"id":76240,"href":"https:\/\/lospoliticosveracruz.com\/index.php?rest_route=\/wp\/v2\/posts\/76238\/revisions\/76240"}],"wp:attachment":[{"href":"https:\/\/lospoliticosveracruz.com\/index.php?rest_route=%2Fwp%2Fv2%2Fmedia&parent=76238"}],"wp:term":[{"taxonomy":"category","embeddable":true,"href":"https:\/\/lospoliticosveracruz.com\/index.php?rest_route=%2Fwp%2Fv2%2Fcategories&post=76238"},{"taxonomy":"post_tag","embeddable":true,"href":"https:\/\/lospoliticosveracruz.com\/index.php?rest_route=%2Fwp%2Fv2%2Ftags&post=76238"}],"curies":[{"name":"wp","href":"https:\/\/api.w.org\/{rel}","templated":true}]}}